{"id":5362,"date":"2023-04-12T18:10:47","date_gmt":"2023-04-12T21:10:47","guid":{"rendered":"https:\/\/brasilnoticias.org\/site\/?p=5362"},"modified":"2023-04-12T17:14:17","modified_gmt":"2023-04-12T20:14:17","slug":"venezuelano-acusado-de-queimar-mulher-viva-no-peru-e-preso-na-colombia","status":"publish","type":"post","link":"https:\/\/brasilnoticias.org\/site\/venezuelano-acusado-de-queimar-mulher-viva-no-peru-e-preso-na-colombia\/","title":{"rendered":"Venezuelano acusado de queimar mulher viva no Peru \u00e9 preso na Col\u00f4mbia"},"content":{"rendered":"<p>O governo peruano anunciou nesta quarta-feira, 12, a pris\u00e3o, na Col\u00f4mbia, de um venezuelano procurado por queimar viva sua ex-companheira, uma mulher de 18 anos, em uma pra\u00e7a central de Lima, o mais recente feminic\u00eddio que comoveu o Peru.<\/p>\n<p>&#8220;Sergio Tarache Parra, sujeito acusado de queimar viva sua ex-companheira, Katherine G\u00f3mez, foi detido na Col\u00f4mbia&#8221;, informou o Minist\u00e9rio do Interior no Twitter. &#8220;Em algumas horas ser\u00e1 transportado ao Peru para ser julgado&#8221;, acrescentou a autoridade peruana.<\/p>\n<p>Tarache, de 19 anos e nacionalidade venezuelana, \u00e9 acusado pelo Minist\u00e9rio P\u00fablico do Peru de jogar gasolina e atear fogo em sua ex-companheira peruana, logo ap\u00f3s uma discuss\u00e3o p\u00fablica na Pra\u00e7a Dois de Maio, em Lima, em 18 de mar\u00e7o.<\/p>\n<p>A mulher agonizou durante seis dias e morreu em 24 de mar\u00e7o no Hospital Arcebispo Loayza, na capital peruana. Tinha queimaduras em mais de 60% do corpo.<\/p>\n<p>Em Lima, o chefe da pol\u00edcia, o general Jorge Luis Angulo, se reuniu com o coronel Ra\u00fal Vera Moreno, adido da embaixada da Col\u00f4mbia na capital, para &#8220;agilizar a transfer\u00eancia&#8221;.<\/p>\n<p>C\u00e2maras de seguran\u00e7a captaram o momento no qual o suposto feminicida fugiu. A pol\u00edcia peruana oferecia 50 mil s\u00f3is, equivalente a cerca de 12.500 d\u00f3lares (cerca de 61 mil reais em valores atuais), por informa\u00e7\u00f5es que permitissem sua pris\u00e3o. <\/p>\n<p>O Consulado-Geral do Peru em Bogot\u00e1 tuitou que o homem estava sob aviso de &#8220;alerta vermelho da Interpol&#8221;.<\/p>\n<p>A presidente do Peru, Dina Boluarte, expressou seu &#8220;total rep\u00fadio&#8221; ao crime. <\/p>\n<p>&#8220;Creio que essa viol\u00eancia contra a mulher deve parar. (&#8230;) Mulheres n\u00e3o s\u00e3o propriedade dos companheiros&#8221;, afirmou.<\/p>\n<p>O Peru registrou 136 feminic\u00eddios em 2022, contra 146 em 2021 e 138 em 2020, segundo dados oficiais.<\/p>\n<p>Um caso similar ao de Katherine G\u00f3mez ocorreu em abril de 2018 em Lima, quando um homem encapuzado entrou em um \u00f4nibus e jogou gasolina em sua ex-namorada Eva Agreda, que morreu dias depois.<\/p>\n<p>Foto: Reprodu\u00e7\u00e3o<br \/>\nA Tarde<\/p>\n","protected":false},"excerpt":{"rendered":"<p>O governo peruano anunciou nesta quarta-feira, 12, a pris\u00e3o, na Col\u00f4mbia, de um venezuelano procurado por queimar viva sua ex-companheira,<\/p>\n","protected":false},"author":1,"featured_media":5363,"comment_status":"open","ping_status":"open","sticky":false,"template":"","format":"standard","meta":{"colormag_page_container_layout":"default_layout","colormag_page_sidebar_layout":"default_layout","_FSMCFIC_featured_image_caption":"","_FSMCFIC_featured_image_nocaption":"","_FSMCFIC_featured_image_hide":"","footnotes":""},"categories":[3,1],"tags":[],"class_list":["post-5362","post","type-post","status-publish","format-standard","has-post-thumbnail","hentry","category-policia","category-ultimas"],"yoast_head":"<!-- This site is optimized with the Yoast SEO plugin v27.1.1 - https:\/\/yoast.com\/product\/yoast-seo-wordpress\/ -->\n<title>Venezuelano acusado de queimar mulher viva no Peru \u00e9 preso na Col\u00f4mbia - Brasil not\u00edcias<\/title>\n<meta name=\"robots\" content=\"index, follow, max-snippet:-1, max-image-preview:large, max-video-preview:-1\" \/>\n<link rel=\"canonical\" href=\"https:\/\/brasilnoticias.org\/site\/venezuelano-acusado-de-queimar-mulher-viva-no-peru-e-preso-na-colombia\/\" \/>\n<meta property=\"og:locale\" content=\"pt_PT\" \/>\n<meta property=\"og:type\" content=\"article\" \/>\n<meta property=\"og:title\" content=\"Venezuelano acusado de queimar mulher viva no Peru \u00e9 preso na Col\u00f4mbia - Brasil not\u00edcias\" \/>\n<meta property=\"og:description\" content=\"O governo peruano anunciou nesta quarta-feira, 12, a pris\u00e3o, na Col\u00f4mbia, de um venezuelano procurado por queimar viva sua ex-companheira,\" \/>\n<meta property=\"og:url\" content=\"https:\/\/brasilnoticias.org\/site\/venezuelano-acusado-de-queimar-mulher-viva-no-peru-e-preso-na-colombia\/\" \/>\n<meta property=\"og:site_name\" content=\"Brasil not\u00edcias\" \/>\n<meta property=\"article:published_time\" content=\"2023-04-12T21:10:47+00:00\" \/>\n<meta property=\"og:image\" content=\"https:\/\/brasilnoticias.org\/site\/wp-content\/uploads\/2023\/04\/Artigo-Destaque_01225606_00.jpg\" \/>\n\t<meta property=\"og:image:width\" content=\"950\" \/>\n\t<meta property=\"og:image:height\" content=\"518\" \/>\n\t<meta property=\"og:image:type\" content=\"image\/jpeg\" \/>\n<meta name=\"author\" content=\"Reda\u00e7\u00e3o\" \/>\n<meta name=\"twitter:card\" content=\"summary_large_image\" \/>\n<meta name=\"twitter:label1\" content=\"Escrito por\" \/>\n\t<meta name=\"twitter:data1\" content=\"Reda\u00e7\u00e3o\" \/>\n<script type=\"application\/ld+json\" class=\"yoast-schema-graph\">{\"@context\":\"https:\/\/schema.org\",\"@graph\":[{\"@type\":\"Article\",\"@id\":\"https:\/\/brasilnoticias.org\/site\/venezuelano-acusado-de-queimar-mulher-viva-no-peru-e-preso-na-colombia\/#article\",\"isPartOf\":{\"@id\":\"https:\/\/brasilnoticias.org\/site\/venezuelano-acusado-de-queimar-mulher-viva-no-peru-e-preso-na-colombia\/\"},\"author\":{\"name\":\"Reda\u00e7\u00e3o\",\"@id\":\"https:\/\/brasilnoticias.org\/site\/#\/schema\/person\/a0e05b973ec4d15c658d51911e53507b\"},\"headline\":\"Venezuelano acusado de queimar mulher viva no Peru \u00e9 preso na Col\u00f4mbia\",\"datePublished\":\"2023-04-12T21:10:47+00:00\",\"mainEntityOfPage\":{\"@id\":\"https:\/\/brasilnoticias.org\/site\/venezuelano-acusado-de-queimar-mulher-viva-no-peru-e-preso-na-colombia\/\"},\"wordCount\":342,\"commentCount\":0,\"publisher\":{\"@id\":\"https:\/\/brasilnoticias.org\/site\/#organization\"},\"image\":{\"@id\":\"https:\/\/brasilnoticias.org\/site\/venezuelano-acusado-de-queimar-mulher-viva-no-peru-e-preso-na-colombia\/#primaryimage\"},\"thumbnailUrl\":\"https:\/\/brasilnoticias.org\/site\/wp-content\/uploads\/2023\/04\/Artigo-Destaque_01225606_00.jpg\",\"articleSection\":[\"Pol\u00edcia\",\"\u00daltimas\"],\"inLanguage\":\"pt-PT\",\"potentialAction\":[{\"@type\":\"CommentAction\",\"name\":\"Comment\",\"target\":[\"https:\/\/brasilnoticias.org\/site\/venezuelano-acusado-de-queimar-mulher-viva-no-peru-e-preso-na-colombia\/#respond\"]}]},{\"@type\":\"WebPage\",\"@id\":\"https:\/\/brasilnoticias.org\/site\/venezuelano-acusado-de-queimar-mulher-viva-no-peru-e-preso-na-colombia\/\",\"url\":\"https:\/\/brasilnoticias.org\/site\/venezuelano-acusado-de-queimar-mulher-viva-no-peru-e-preso-na-colombia\/\",\"name\":\"Venezuelano acusado de queimar mulher viva no Peru \u00e9 preso na Col\u00f4mbia - Brasil not\u00edcias\",\"isPartOf\":{\"@id\":\"https:\/\/brasilnoticias.org\/site\/#website\"},\"primaryImageOfPage\":{\"@id\":\"https:\/\/brasilnoticias.org\/site\/venezuelano-acusado-de-queimar-mulher-viva-no-peru-e-preso-na-colombia\/#primaryimage\"},\"image\":{\"@id\":\"https:\/\/brasilnoticias.org\/site\/venezuelano-acusado-de-queimar-mulher-viva-no-peru-e-preso-na-colombia\/#primaryimage\"},\"thumbnailUrl\":\"https:\/\/brasilnoticias.org\/site\/wp-content\/uploads\/2023\/04\/Artigo-Destaque_01225606_00.jpg\",\"datePublished\":\"2023-04-12T21:10:47+00:00\",\"breadcrumb\":{\"@id\":\"https:\/\/brasilnoticias.org\/site\/venezuelano-acusado-de-queimar-mulher-viva-no-peru-e-preso-na-colombia\/#breadcrumb\"},\"inLanguage\":\"pt-PT\",\"potentialAction\":[{\"@type\":\"ReadAction\",\"target\":[\"https:\/\/brasilnoticias.org\/site\/venezuelano-acusado-de-queimar-mulher-viva-no-peru-e-preso-na-colombia\/\"]}]},{\"@type\":\"ImageObject\",\"inLanguage\":\"pt-PT\",\"@id\":\"https:\/\/brasilnoticias.org\/site\/venezuelano-acusado-de-queimar-mulher-viva-no-peru-e-preso-na-colombia\/#primaryimage\",\"url\":\"https:\/\/brasilnoticias.org\/site\/wp-content\/uploads\/2023\/04\/Artigo-Destaque_01225606_00.jpg\",\"contentUrl\":\"https:\/\/brasilnoticias.org\/site\/wp-content\/uploads\/2023\/04\/Artigo-Destaque_01225606_00.jpg\",\"width\":950,\"height\":518},{\"@type\":\"BreadcrumbList\",\"@id\":\"https:\/\/brasilnoticias.org\/site\/venezuelano-acusado-de-queimar-mulher-viva-no-peru-e-preso-na-colombia\/#breadcrumb\",\"itemListElement\":[{\"@type\":\"ListItem\",\"position\":1,\"name\":\"In\u00edcio\",\"item\":\"https:\/\/brasilnoticias.org\/site\/\"},{\"@type\":\"ListItem\",\"position\":2,\"name\":\"Venezuelano acusado de queimar mulher viva no Peru \u00e9 preso na Col\u00f4mbia\"}]},{\"@type\":\"WebSite\",\"@id\":\"https:\/\/brasilnoticias.org\/site\/#website\",\"url\":\"https:\/\/brasilnoticias.org\/site\/\",\"name\":\"Brasil not\u00edcias\",\"description\":\"Brasil not\u00edcias\",\"publisher\":{\"@id\":\"https:\/\/brasilnoticias.org\/site\/#organization\"},\"potentialAction\":[{\"@type\":\"SearchAction\",\"target\":{\"@type\":\"EntryPoint\",\"urlTemplate\":\"https:\/\/brasilnoticias.org\/site\/?s={search_term_string}\"},\"query-input\":{\"@type\":\"PropertyValueSpecification\",\"valueRequired\":true,\"valueName\":\"search_term_string\"}}],\"inLanguage\":\"pt-PT\"},{\"@type\":\"Organization\",\"@id\":\"https:\/\/brasilnoticias.org\/site\/#organization\",\"name\":\"Brasil not\u00edcias\",\"url\":\"https:\/\/brasilnoticias.org\/site\/\",\"logo\":{\"@type\":\"ImageObject\",\"inLanguage\":\"pt-PT\",\"@id\":\"https:\/\/brasilnoticias.org\/site\/#\/schema\/logo\/image\/\",\"url\":\"https:\/\/brasilnoticias.org\/site\/wp-content\/uploads\/2022\/05\/cropped-brasilnoticias-mini.jpg\",\"contentUrl\":\"https:\/\/brasilnoticias.org\/site\/wp-content\/uploads\/2022\/05\/cropped-brasilnoticias-mini.jpg\",\"width\":314,\"height\":86,\"caption\":\"Brasil not\u00edcias\"},\"image\":{\"@id\":\"https:\/\/brasilnoticias.org\/site\/#\/schema\/logo\/image\/\"}},{\"@type\":\"Person\",\"@id\":\"https:\/\/brasilnoticias.org\/site\/#\/schema\/person\/a0e05b973ec4d15c658d51911e53507b\",\"name\":\"Reda\u00e7\u00e3o\",\"image\":{\"@type\":\"ImageObject\",\"inLanguage\":\"pt-PT\",\"@id\":\"https:\/\/brasilnoticias.org\/site\/#\/schema\/person\/image\/\",\"url\":\"https:\/\/secure.gravatar.com\/avatar\/75d8b050df2de108b08ae78dfb8e374892df24a383c67db9c46a9c604f6aee9c?s=96&d=mm&r=g\",\"contentUrl\":\"https:\/\/secure.gravatar.com\/avatar\/75d8b050df2de108b08ae78dfb8e374892df24a383c67db9c46a9c604f6aee9c?s=96&d=mm&r=g\",\"caption\":\"Reda\u00e7\u00e3o\"},\"sameAs\":[\"https:\/\/brasilnoticias.org\/site\"],\"url\":\"https:\/\/brasilnoticias.org\/site\/author\/fernandozsngmail-com\/\"}]}<\/script>\n<!-- \/ Yoast SEO plugin. -->","yoast_head_json":{"title":"Venezuelano acusado de queimar mulher viva no Peru \u00e9 preso na Col\u00f4mbia - Brasil not\u00edcias","robots":{"index":"index","follow":"follow","max-snippet":"max-snippet:-1","max-image-preview":"max-image-preview:large","max-video-preview":"max-video-preview:-1"},"canonical":"https:\/\/brasilnoticias.org\/site\/venezuelano-acusado-de-queimar-mulher-viva-no-peru-e-preso-na-colombia\/","og_locale":"pt_PT","og_type":"article","og_title":"Venezuelano acusado de queimar mulher viva no Peru \u00e9 preso na Col\u00f4mbia - Brasil not\u00edcias","og_description":"O governo peruano anunciou nesta quarta-feira, 12, a pris\u00e3o, na Col\u00f4mbia, de um venezuelano procurado por queimar viva sua ex-companheira,","og_url":"https:\/\/brasilnoticias.org\/site\/venezuelano-acusado-de-queimar-mulher-viva-no-peru-e-preso-na-colombia\/","og_site_name":"Brasil not\u00edcias","article_published_time":"2023-04-12T21:10:47+00:00","og_image":[{"width":950,"height":518,"url":"https:\/\/brasilnoticias.org\/site\/wp-content\/uploads\/2023\/04\/Artigo-Destaque_01225606_00.jpg","type":"image\/jpeg"}],"author":"Reda\u00e7\u00e3o","twitter_card":"summary_large_image","twitter_misc":{"Escrito por":"Reda\u00e7\u00e3o"},"schema":{"@context":"https:\/\/schema.org","@graph":[{"@type":"Article","@id":"https:\/\/brasilnoticias.org\/site\/venezuelano-acusado-de-queimar-mulher-viva-no-peru-e-preso-na-colombia\/#article","isPartOf":{"@id":"https:\/\/brasilnoticias.org\/site\/venezuelano-acusado-de-queimar-mulher-viva-no-peru-e-preso-na-colombia\/"},"author":{"name":"Reda\u00e7\u00e3o","@id":"https:\/\/brasilnoticias.org\/site\/#\/schema\/person\/a0e05b973ec4d15c658d51911e53507b"},"headline":"Venezuelano acusado de queimar mulher viva no Peru \u00e9 preso na Col\u00f4mbia","datePublished":"2023-04-12T21:10:47+00:00","mainEntityOfPage":{"@id":"https:\/\/brasilnoticias.org\/site\/venezuelano-acusado-de-queimar-mulher-viva-no-peru-e-preso-na-colombia\/"},"wordCount":342,"commentCount":0,"publisher":{"@id":"https:\/\/brasilnoticias.org\/site\/#organization"},"image":{"@id":"https:\/\/brasilnoticias.org\/site\/venezuelano-acusado-de-queimar-mulher-viva-no-peru-e-preso-na-colombia\/#primaryimage"},"thumbnailUrl":"https:\/\/brasilnoticias.org\/site\/wp-content\/uploads\/2023\/04\/Artigo-Destaque_01225606_00.jpg","articleSection":["Pol\u00edcia","\u00daltimas"],"inLanguage":"pt-PT","potentialAction":[{"@type":"CommentAction","name":"Comment","target":["https:\/\/brasilnoticias.org\/site\/venezuelano-acusado-de-queimar-mulher-viva-no-peru-e-preso-na-colombia\/#respond"]}]},{"@type":"WebPage","@id":"https:\/\/brasilnoticias.org\/site\/venezuelano-acusado-de-queimar-mulher-viva-no-peru-e-preso-na-colombia\/","url":"https:\/\/brasilnoticias.org\/site\/venezuelano-acusado-de-queimar-mulher-viva-no-peru-e-preso-na-colombia\/","name":"Venezuelano acusado de queimar mulher viva no Peru \u00e9 preso na Col\u00f4mbia - Brasil not\u00edcias","isPartOf":{"@id":"https:\/\/brasilnoticias.org\/site\/#website"},"primaryImageOfPage":{"@id":"https:\/\/brasilnoticias.org\/site\/venezuelano-acusado-de-queimar-mulher-viva-no-peru-e-preso-na-colombia\/#primaryimage"},"image":{"@id":"https:\/\/brasilnoticias.org\/site\/venezuelano-acusado-de-queimar-mulher-viva-no-peru-e-preso-na-colombia\/#primaryimage"},"thumbnailUrl":"https:\/\/brasilnoticias.org\/site\/wp-content\/uploads\/2023\/04\/Artigo-Destaque_01225606_00.jpg","datePublished":"2023-04-12T21:10:47+00:00","breadcrumb":{"@id":"https:\/\/brasilnoticias.org\/site\/venezuelano-acusado-de-queimar-mulher-viva-no-peru-e-preso-na-colombia\/#breadcrumb"},"inLanguage":"pt-PT","potentialAction":[{"@type":"ReadAction","target":["https:\/\/brasilnoticias.org\/site\/venezuelano-acusado-de-queimar-mulher-viva-no-peru-e-preso-na-colombia\/"]}]},{"@type":"ImageObject","inLanguage":"pt-PT","@id":"https:\/\/brasilnoticias.org\/site\/venezuelano-acusado-de-queimar-mulher-viva-no-peru-e-preso-na-colombia\/#primaryimage","url":"https:\/\/brasilnoticias.org\/site\/wp-content\/uploads\/2023\/04\/Artigo-Destaque_01225606_00.jpg","contentUrl":"https:\/\/brasilnoticias.org\/site\/wp-content\/uploads\/2023\/04\/Artigo-Destaque_01225606_00.jpg","width":950,"height":518},{"@type":"BreadcrumbList","@id":"https:\/\/brasilnoticias.org\/site\/venezuelano-acusado-de-queimar-mulher-viva-no-peru-e-preso-na-colombia\/#breadcrumb","itemListElement":[{"@type":"ListItem","position":1,"name":"In\u00edcio","item":"https:\/\/brasilnoticias.org\/site\/"},{"@type":"ListItem","position":2,"name":"Venezuelano acusado de queimar mulher viva no Peru \u00e9 preso na Col\u00f4mbia"}]},{"@type":"WebSite","@id":"https:\/\/brasilnoticias.org\/site\/#website","url":"https:\/\/brasilnoticias.org\/site\/","name":"Brasil not\u00edcias","description":"Brasil not\u00edcias","publisher":{"@id":"https:\/\/brasilnoticias.org\/site\/#organization"},"potentialAction":[{"@type":"SearchAction","target":{"@type":"EntryPoint","urlTemplate":"https:\/\/brasilnoticias.org\/site\/?s={search_term_string}"},"query-input":{"@type":"PropertyValueSpecification","valueRequired":true,"valueName":"search_term_string"}}],"inLanguage":"pt-PT"},{"@type":"Organization","@id":"https:\/\/brasilnoticias.org\/site\/#organization","name":"Brasil not\u00edcias","url":"https:\/\/brasilnoticias.org\/site\/","logo":{"@type":"ImageObject","inLanguage":"pt-PT","@id":"https:\/\/brasilnoticias.org\/site\/#\/schema\/logo\/image\/","url":"https:\/\/brasilnoticias.org\/site\/wp-content\/uploads\/2022\/05\/cropped-brasilnoticias-mini.jpg","contentUrl":"https:\/\/brasilnoticias.org\/site\/wp-content\/uploads\/2022\/05\/cropped-brasilnoticias-mini.jpg","width":314,"height":86,"caption":"Brasil not\u00edcias"},"image":{"@id":"https:\/\/brasilnoticias.org\/site\/#\/schema\/logo\/image\/"}},{"@type":"Person","@id":"https:\/\/brasilnoticias.org\/site\/#\/schema\/person\/a0e05b973ec4d15c658d51911e53507b","name":"Reda\u00e7\u00e3o","image":{"@type":"ImageObject","inLanguage":"pt-PT","@id":"https:\/\/brasilnoticias.org\/site\/#\/schema\/person\/image\/","url":"https:\/\/secure.gravatar.com\/avatar\/75d8b050df2de108b08ae78dfb8e374892df24a383c67db9c46a9c604f6aee9c?s=96&d=mm&r=g","contentUrl":"https:\/\/secure.gravatar.com\/avatar\/75d8b050df2de108b08ae78dfb8e374892df24a383c67db9c46a9c604f6aee9c?s=96&d=mm&r=g","caption":"Reda\u00e7\u00e3o"},"sameAs":["https:\/\/brasilnoticias.org\/site"],"url":"https:\/\/brasilnoticias.org\/site\/author\/fernandozsngmail-com\/"}]}},"_links":{"self":[{"href":"https:\/\/brasilnoticias.org\/site\/wp-json\/wp\/v2\/posts\/5362","targetHints":{"allow":["GET"]}}],"collection":[{"href":"https:\/\/brasilnoticias.org\/site\/wp-json\/wp\/v2\/posts"}],"about":[{"href":"https:\/\/brasilnoticias.org\/site\/wp-json\/wp\/v2\/types\/post"}],"author":[{"embeddable":true,"href":"https:\/\/brasilnoticias.org\/site\/wp-json\/wp\/v2\/users\/1"}],"replies":[{"embeddable":true,"href":"https:\/\/brasilnoticias.org\/site\/wp-json\/wp\/v2\/comments?post=5362"}],"version-history":[{"count":1,"href":"https:\/\/brasilnoticias.org\/site\/wp-json\/wp\/v2\/posts\/5362\/revisions"}],"predecessor-version":[{"id":5364,"href":"https:\/\/brasilnoticias.org\/site\/wp-json\/wp\/v2\/posts\/5362\/revisions\/5364"}],"wp:featuredmedia":[{"embeddable":true,"href":"https:\/\/brasilnoticias.org\/site\/wp-json\/wp\/v2\/media\/5363"}],"wp:attachment":[{"href":"https:\/\/brasilnoticias.org\/site\/wp-json\/wp\/v2\/media?parent=5362"}],"wp:term":[{"taxonomy":"category","embeddable":true,"href":"https:\/\/brasilnoticias.org\/site\/wp-json\/wp\/v2\/categories?post=5362"},{"taxonomy":"post_tag","embeddable":true,"href":"https:\/\/brasilnoticias.org\/site\/wp-json\/wp\/v2\/tags?post=5362"}],"curies":[{"name":"wp","href":"https:\/\/api.w.org\/{rel}","templated":true}]}}