{"id":5368,"date":"2023-04-12T18:30:04","date_gmt":"2023-04-12T21:30:04","guid":{"rendered":"https:\/\/brasilnoticias.org\/site\/?p=5368"},"modified":"2023-04-12T17:19:48","modified_gmt":"2023-04-12T20:19:48","slug":"adolescente-invade-escola-e-deixa-duas-estudantes-feridas-no-ceara","status":"publish","type":"post","link":"https:\/\/brasilnoticias.org\/site\/adolescente-invade-escola-e-deixa-duas-estudantes-feridas-no-ceara\/","title":{"rendered":"Adolescente invade escola e deixa duas estudantes feridas no Cear\u00e1"},"content":{"rendered":"<p>Duas estudantes de nove anos foram atacadas nesta quarta-feira, 12, por um adolescente que invadiu uma sala da Escola Municipal Isaac de Alc\u00e2ntara, localizada em S\u00edtio Caras, na Zona Rural de Farias Brito, no Cear\u00e1.<\/p>\n<p>O agressor tem 13 anos, estuda no 9\u00ba ano e invadiu a sala do 4\u00ba ano com uma machadinha, onde atacou as garotas. Em seguida, ele foi neutralizado e levado a uma sala, onde ficou sozinho at\u00e9 a chegada de policiais militares. As v\u00edtimas foram encaminhadas a uma unidade de sa\u00fade para tratar os ferimentos.<\/p>\n<p>Uma das crian\u00e7as teve uma les\u00e3o superficial na parte de tr\u00e1s da cabe\u00e7a, enquanto a outra teve uma les\u00e3o profunda em uma regi\u00e3o frontal, com exposi\u00e7\u00e3o do cr\u00e2nio.<\/p>\n<p>Em nota, a prefeitura afirmou que trabalha para garantir ambiente seguro e acolhedor em todas as escolas municipais. &#8220;Reiteramos nosso compromisso com a transpar\u00eancia e a responsabilidade, mantendo a popula\u00e7\u00e3o informada sobre as investiga\u00e7\u00f5es e provid\u00eancias tomadas&#8221;.<\/p>\n<p>Foto Reprodu\u00e7\u00e3o<br \/>\nA Tarde<\/p>\n","protected":false},"excerpt":{"rendered":"<p>Duas estudantes de nove anos foram atacadas nesta quarta-feira, 12, por um adolescente que invadiu uma sala da Escola Municipal<\/p>\n","protected":false},"author":1,"featured_media":5369,"comment_status":"open","ping_status":"open","sticky":false,"template":"","format":"standard","meta":{"colormag_page_container_layout":"default_layout","colormag_page_sidebar_layout":"default_layout","_FSMCFIC_featured_image_caption":"","_FSMCFIC_featured_image_nocaption":"","_FSMCFIC_featured_image_hide":"","footnotes":""},"categories":[3,1],"tags":[],"class_list":["post-5368","post","type-post","status-publish","format-standard","has-post-thumbnail","hentry","category-policia","category-ultimas"],"yoast_head":"<!-- This site is optimized with the Yoast SEO plugin v27.1.1 - https:\/\/yoast.com\/product\/yoast-seo-wordpress\/ -->\n<title>Adolescente invade escola e deixa duas estudantes feridas no Cear\u00e1 - Brasil not\u00edcias<\/title>\n<meta name=\"robots\" content=\"index, follow, max-snippet:-1, max-image-preview:large, max-video-preview:-1\" \/>\n<link rel=\"canonical\" href=\"https:\/\/brasilnoticias.org\/site\/adolescente-invade-escola-e-deixa-duas-estudantes-feridas-no-ceara\/\" \/>\n<meta property=\"og:locale\" content=\"pt_PT\" \/>\n<meta property=\"og:type\" content=\"article\" \/>\n<meta property=\"og:title\" content=\"Adolescente invade escola e deixa duas estudantes feridas no Cear\u00e1 - Brasil not\u00edcias\" \/>\n<meta property=\"og:description\" content=\"Duas estudantes de nove anos foram atacadas nesta quarta-feira, 12, por um adolescente que invadiu uma sala da Escola Municipal\" \/>\n<meta property=\"og:url\" content=\"https:\/\/brasilnoticias.org\/site\/adolescente-invade-escola-e-deixa-duas-estudantes-feridas-no-ceara\/\" \/>\n<meta property=\"og:site_name\" content=\"Brasil not\u00edcias\" \/>\n<meta property=\"article:published_time\" content=\"2023-04-12T21:30:04+00:00\" \/>\n<meta property=\"og:image\" content=\"https:\/\/brasilnoticias.org\/site\/wp-content\/uploads\/2023\/04\/Artigo-Destaque_01225607_00.jpg\" \/>\n\t<meta property=\"og:image:width\" content=\"818\" \/>\n\t<meta property=\"og:image:height\" content=\"459\" \/>\n\t<meta property=\"og:image:type\" content=\"image\/jpeg\" \/>\n<meta name=\"author\" content=\"Reda\u00e7\u00e3o\" \/>\n<meta name=\"twitter:card\" content=\"summary_large_image\" \/>\n<meta name=\"twitter:label1\" content=\"Escrito por\" \/>\n\t<meta name=\"twitter:data1\" content=\"Reda\u00e7\u00e3o\" \/>\n<script type=\"application\/ld+json\" class=\"yoast-schema-graph\">{\"@context\":\"https:\/\/schema.org\",\"@graph\":[{\"@type\":\"Article\",\"@id\":\"https:\/\/brasilnoticias.org\/site\/adolescente-invade-escola-e-deixa-duas-estudantes-feridas-no-ceara\/#article\",\"isPartOf\":{\"@id\":\"https:\/\/brasilnoticias.org\/site\/adolescente-invade-escola-e-deixa-duas-estudantes-feridas-no-ceara\/\"},\"author\":{\"name\":\"Reda\u00e7\u00e3o\",\"@id\":\"https:\/\/brasilnoticias.org\/site\/#\/schema\/person\/a0e05b973ec4d15c658d51911e53507b\"},\"headline\":\"Adolescente invade escola e deixa duas estudantes feridas no Cear\u00e1\",\"datePublished\":\"2023-04-12T21:30:04+00:00\",\"mainEntityOfPage\":{\"@id\":\"https:\/\/brasilnoticias.org\/site\/adolescente-invade-escola-e-deixa-duas-estudantes-feridas-no-ceara\/\"},\"wordCount\":182,\"commentCount\":0,\"publisher\":{\"@id\":\"https:\/\/brasilnoticias.org\/site\/#organization\"},\"image\":{\"@id\":\"https:\/\/brasilnoticias.org\/site\/adolescente-invade-escola-e-deixa-duas-estudantes-feridas-no-ceara\/#primaryimage\"},\"thumbnailUrl\":\"https:\/\/brasilnoticias.org\/site\/wp-content\/uploads\/2023\/04\/Artigo-Destaque_01225607_00.jpg\",\"articleSection\":[\"Pol\u00edcia\",\"\u00daltimas\"],\"inLanguage\":\"pt-PT\",\"potentialAction\":[{\"@type\":\"CommentAction\",\"name\":\"Comment\",\"target\":[\"https:\/\/brasilnoticias.org\/site\/adolescente-invade-escola-e-deixa-duas-estudantes-feridas-no-ceara\/#respond\"]}]},{\"@type\":\"WebPage\",\"@id\":\"https:\/\/brasilnoticias.org\/site\/adolescente-invade-escola-e-deixa-duas-estudantes-feridas-no-ceara\/\",\"url\":\"https:\/\/brasilnoticias.org\/site\/adolescente-invade-escola-e-deixa-duas-estudantes-feridas-no-ceara\/\",\"name\":\"Adolescente invade escola e deixa duas estudantes feridas no Cear\u00e1 - Brasil not\u00edcias\",\"isPartOf\":{\"@id\":\"https:\/\/brasilnoticias.org\/site\/#website\"},\"primaryImageOfPage\":{\"@id\":\"https:\/\/brasilnoticias.org\/site\/adolescente-invade-escola-e-deixa-duas-estudantes-feridas-no-ceara\/#primaryimage\"},\"image\":{\"@id\":\"https:\/\/brasilnoticias.org\/site\/adolescente-invade-escola-e-deixa-duas-estudantes-feridas-no-ceara\/#primaryimage\"},\"thumbnailUrl\":\"https:\/\/brasilnoticias.org\/site\/wp-content\/uploads\/2023\/04\/Artigo-Destaque_01225607_00.jpg\",\"datePublished\":\"2023-04-12T21:30:04+00:00\",\"breadcrumb\":{\"@id\":\"https:\/\/brasilnoticias.org\/site\/adolescente-invade-escola-e-deixa-duas-estudantes-feridas-no-ceara\/#breadcrumb\"},\"inLanguage\":\"pt-PT\",\"potentialAction\":[{\"@type\":\"ReadAction\",\"target\":[\"https:\/\/brasilnoticias.org\/site\/adolescente-invade-escola-e-deixa-duas-estudantes-feridas-no-ceara\/\"]}]},{\"@type\":\"ImageObject\",\"inLanguage\":\"pt-PT\",\"@id\":\"https:\/\/brasilnoticias.org\/site\/adolescente-invade-escola-e-deixa-duas-estudantes-feridas-no-ceara\/#primaryimage\",\"url\":\"https:\/\/brasilnoticias.org\/site\/wp-content\/uploads\/2023\/04\/Artigo-Destaque_01225607_00.jpg\",\"contentUrl\":\"https:\/\/brasilnoticias.org\/site\/wp-content\/uploads\/2023\/04\/Artigo-Destaque_01225607_00.jpg\",\"width\":818,\"height\":459},{\"@type\":\"BreadcrumbList\",\"@id\":\"https:\/\/brasilnoticias.org\/site\/adolescente-invade-escola-e-deixa-duas-estudantes-feridas-no-ceara\/#breadcrumb\",\"itemListElement\":[{\"@type\":\"ListItem\",\"position\":1,\"name\":\"In\u00edcio\",\"item\":\"https:\/\/brasilnoticias.org\/site\/\"},{\"@type\":\"ListItem\",\"position\":2,\"name\":\"Adolescente invade escola e deixa duas estudantes feridas no Cear\u00e1\"}]},{\"@type\":\"WebSite\",\"@id\":\"https:\/\/brasilnoticias.org\/site\/#website\",\"url\":\"https:\/\/brasilnoticias.org\/site\/\",\"name\":\"Brasil not\u00edcias\",\"description\":\"Brasil not\u00edcias\",\"publisher\":{\"@id\":\"https:\/\/brasilnoticias.org\/site\/#organization\"},\"potentialAction\":[{\"@type\":\"SearchAction\",\"target\":{\"@type\":\"EntryPoint\",\"urlTemplate\":\"https:\/\/brasilnoticias.org\/site\/?s={search_term_string}\"},\"query-input\":{\"@type\":\"PropertyValueSpecification\",\"valueRequired\":true,\"valueName\":\"search_term_string\"}}],\"inLanguage\":\"pt-PT\"},{\"@type\":\"Organization\",\"@id\":\"https:\/\/brasilnoticias.org\/site\/#organization\",\"name\":\"Brasil not\u00edcias\",\"url\":\"https:\/\/brasilnoticias.org\/site\/\",\"logo\":{\"@type\":\"ImageObject\",\"inLanguage\":\"pt-PT\",\"@id\":\"https:\/\/brasilnoticias.org\/site\/#\/schema\/logo\/image\/\",\"url\":\"https:\/\/brasilnoticias.org\/site\/wp-content\/uploads\/2022\/05\/cropped-brasilnoticias-mini.jpg\",\"contentUrl\":\"https:\/\/brasilnoticias.org\/site\/wp-content\/uploads\/2022\/05\/cropped-brasilnoticias-mini.jpg\",\"width\":314,\"height\":86,\"caption\":\"Brasil not\u00edcias\"},\"image\":{\"@id\":\"https:\/\/brasilnoticias.org\/site\/#\/schema\/logo\/image\/\"}},{\"@type\":\"Person\",\"@id\":\"https:\/\/brasilnoticias.org\/site\/#\/schema\/person\/a0e05b973ec4d15c658d51911e53507b\",\"name\":\"Reda\u00e7\u00e3o\",\"image\":{\"@type\":\"ImageObject\",\"inLanguage\":\"pt-PT\",\"@id\":\"https:\/\/brasilnoticias.org\/site\/#\/schema\/person\/image\/\",\"url\":\"https:\/\/secure.gravatar.com\/avatar\/75d8b050df2de108b08ae78dfb8e374892df24a383c67db9c46a9c604f6aee9c?s=96&d=mm&r=g\",\"contentUrl\":\"https:\/\/secure.gravatar.com\/avatar\/75d8b050df2de108b08ae78dfb8e374892df24a383c67db9c46a9c604f6aee9c?s=96&d=mm&r=g\",\"caption\":\"Reda\u00e7\u00e3o\"},\"sameAs\":[\"https:\/\/brasilnoticias.org\/site\"],\"url\":\"https:\/\/brasilnoticias.org\/site\/author\/fernandozsngmail-com\/\"}]}<\/script>\n<!-- \/ Yoast SEO plugin. -->","yoast_head_json":{"title":"Adolescente invade escola e deixa duas estudantes feridas no Cear\u00e1 - Brasil not\u00edcias","robots":{"index":"index","follow":"follow","max-snippet":"max-snippet:-1","max-image-preview":"max-image-preview:large","max-video-preview":"max-video-preview:-1"},"canonical":"https:\/\/brasilnoticias.org\/site\/adolescente-invade-escola-e-deixa-duas-estudantes-feridas-no-ceara\/","og_locale":"pt_PT","og_type":"article","og_title":"Adolescente invade escola e deixa duas estudantes feridas no Cear\u00e1 - Brasil not\u00edcias","og_description":"Duas estudantes de nove anos foram atacadas nesta quarta-feira, 12, por um adolescente que invadiu uma sala da Escola Municipal","og_url":"https:\/\/brasilnoticias.org\/site\/adolescente-invade-escola-e-deixa-duas-estudantes-feridas-no-ceara\/","og_site_name":"Brasil not\u00edcias","article_published_time":"2023-04-12T21:30:04+00:00","og_image":[{"width":818,"height":459,"url":"https:\/\/brasilnoticias.org\/site\/wp-content\/uploads\/2023\/04\/Artigo-Destaque_01225607_00.jpg","type":"image\/jpeg"}],"author":"Reda\u00e7\u00e3o","twitter_card":"summary_large_image","twitter_misc":{"Escrito por":"Reda\u00e7\u00e3o"},"schema":{"@context":"https:\/\/schema.org","@graph":[{"@type":"Article","@id":"https:\/\/brasilnoticias.org\/site\/adolescente-invade-escola-e-deixa-duas-estudantes-feridas-no-ceara\/#article","isPartOf":{"@id":"https:\/\/brasilnoticias.org\/site\/adolescente-invade-escola-e-deixa-duas-estudantes-feridas-no-ceara\/"},"author":{"name":"Reda\u00e7\u00e3o","@id":"https:\/\/brasilnoticias.org\/site\/#\/schema\/person\/a0e05b973ec4d15c658d51911e53507b"},"headline":"Adolescente invade escola e deixa duas estudantes feridas no Cear\u00e1","datePublished":"2023-04-12T21:30:04+00:00","mainEntityOfPage":{"@id":"https:\/\/brasilnoticias.org\/site\/adolescente-invade-escola-e-deixa-duas-estudantes-feridas-no-ceara\/"},"wordCount":182,"commentCount":0,"publisher":{"@id":"https:\/\/brasilnoticias.org\/site\/#organization"},"image":{"@id":"https:\/\/brasilnoticias.org\/site\/adolescente-invade-escola-e-deixa-duas-estudantes-feridas-no-ceara\/#primaryimage"},"thumbnailUrl":"https:\/\/brasilnoticias.org\/site\/wp-content\/uploads\/2023\/04\/Artigo-Destaque_01225607_00.jpg","articleSection":["Pol\u00edcia","\u00daltimas"],"inLanguage":"pt-PT","potentialAction":[{"@type":"CommentAction","name":"Comment","target":["https:\/\/brasilnoticias.org\/site\/adolescente-invade-escola-e-deixa-duas-estudantes-feridas-no-ceara\/#respond"]}]},{"@type":"WebPage","@id":"https:\/\/brasilnoticias.org\/site\/adolescente-invade-escola-e-deixa-duas-estudantes-feridas-no-ceara\/","url":"https:\/\/brasilnoticias.org\/site\/adolescente-invade-escola-e-deixa-duas-estudantes-feridas-no-ceara\/","name":"Adolescente invade escola e deixa duas estudantes feridas no Cear\u00e1 - Brasil not\u00edcias","isPartOf":{"@id":"https:\/\/brasilnoticias.org\/site\/#website"},"primaryImageOfPage":{"@id":"https:\/\/brasilnoticias.org\/site\/adolescente-invade-escola-e-deixa-duas-estudantes-feridas-no-ceara\/#primaryimage"},"image":{"@id":"https:\/\/brasilnoticias.org\/site\/adolescente-invade-escola-e-deixa-duas-estudantes-feridas-no-ceara\/#primaryimage"},"thumbnailUrl":"https:\/\/brasilnoticias.org\/site\/wp-content\/uploads\/2023\/04\/Artigo-Destaque_01225607_00.jpg","datePublished":"2023-04-12T21:30:04+00:00","breadcrumb":{"@id":"https:\/\/brasilnoticias.org\/site\/adolescente-invade-escola-e-deixa-duas-estudantes-feridas-no-ceara\/#breadcrumb"},"inLanguage":"pt-PT","potentialAction":[{"@type":"ReadAction","target":["https:\/\/brasilnoticias.org\/site\/adolescente-invade-escola-e-deixa-duas-estudantes-feridas-no-ceara\/"]}]},{"@type":"ImageObject","inLanguage":"pt-PT","@id":"https:\/\/brasilnoticias.org\/site\/adolescente-invade-escola-e-deixa-duas-estudantes-feridas-no-ceara\/#primaryimage","url":"https:\/\/brasilnoticias.org\/site\/wp-content\/uploads\/2023\/04\/Artigo-Destaque_01225607_00.jpg","contentUrl":"https:\/\/brasilnoticias.org\/site\/wp-content\/uploads\/2023\/04\/Artigo-Destaque_01225607_00.jpg","width":818,"height":459},{"@type":"BreadcrumbList","@id":"https:\/\/brasilnoticias.org\/site\/adolescente-invade-escola-e-deixa-duas-estudantes-feridas-no-ceara\/#breadcrumb","itemListElement":[{"@type":"ListItem","position":1,"name":"In\u00edcio","item":"https:\/\/brasilnoticias.org\/site\/"},{"@type":"ListItem","position":2,"name":"Adolescente invade escola e deixa duas estudantes feridas no Cear\u00e1"}]},{"@type":"WebSite","@id":"https:\/\/brasilnoticias.org\/site\/#website","url":"https:\/\/brasilnoticias.org\/site\/","name":"Brasil not\u00edcias","description":"Brasil not\u00edcias","publisher":{"@id":"https:\/\/brasilnoticias.org\/site\/#organization"},"potentialAction":[{"@type":"SearchAction","target":{"@type":"EntryPoint","urlTemplate":"https:\/\/brasilnoticias.org\/site\/?s={search_term_string}"},"query-input":{"@type":"PropertyValueSpecification","valueRequired":true,"valueName":"search_term_string"}}],"inLanguage":"pt-PT"},{"@type":"Organization","@id":"https:\/\/brasilnoticias.org\/site\/#organization","name":"Brasil not\u00edcias","url":"https:\/\/brasilnoticias.org\/site\/","logo":{"@type":"ImageObject","inLanguage":"pt-PT","@id":"https:\/\/brasilnoticias.org\/site\/#\/schema\/logo\/image\/","url":"https:\/\/brasilnoticias.org\/site\/wp-content\/uploads\/2022\/05\/cropped-brasilnoticias-mini.jpg","contentUrl":"https:\/\/brasilnoticias.org\/site\/wp-content\/uploads\/2022\/05\/cropped-brasilnoticias-mini.jpg","width":314,"height":86,"caption":"Brasil not\u00edcias"},"image":{"@id":"https:\/\/brasilnoticias.org\/site\/#\/schema\/logo\/image\/"}},{"@type":"Person","@id":"https:\/\/brasilnoticias.org\/site\/#\/schema\/person\/a0e05b973ec4d15c658d51911e53507b","name":"Reda\u00e7\u00e3o","image":{"@type":"ImageObject","inLanguage":"pt-PT","@id":"https:\/\/brasilnoticias.org\/site\/#\/schema\/person\/image\/","url":"https:\/\/secure.gravatar.com\/avatar\/75d8b050df2de108b08ae78dfb8e374892df24a383c67db9c46a9c604f6aee9c?s=96&d=mm&r=g","contentUrl":"https:\/\/secure.gravatar.com\/avatar\/75d8b050df2de108b08ae78dfb8e374892df24a383c67db9c46a9c604f6aee9c?s=96&d=mm&r=g","caption":"Reda\u00e7\u00e3o"},"sameAs":["https:\/\/brasilnoticias.org\/site"],"url":"https:\/\/brasilnoticias.org\/site\/author\/fernandozsngmail-com\/"}]}},"_links":{"self":[{"href":"https:\/\/brasilnoticias.org\/site\/wp-json\/wp\/v2\/posts\/5368","targetHints":{"allow":["GET"]}}],"collection":[{"href":"https:\/\/brasilnoticias.org\/site\/wp-json\/wp\/v2\/posts"}],"about":[{"href":"https:\/\/brasilnoticias.org\/site\/wp-json\/wp\/v2\/types\/post"}],"author":[{"embeddable":true,"href":"https:\/\/brasilnoticias.org\/site\/wp-json\/wp\/v2\/users\/1"}],"replies":[{"embeddable":true,"href":"https:\/\/brasilnoticias.org\/site\/wp-json\/wp\/v2\/comments?post=5368"}],"version-history":[{"count":1,"href":"https:\/\/brasilnoticias.org\/site\/wp-json\/wp\/v2\/posts\/5368\/revisions"}],"predecessor-version":[{"id":5370,"href":"https:\/\/brasilnoticias.org\/site\/wp-json\/wp\/v2\/posts\/5368\/revisions\/5370"}],"wp:featuredmedia":[{"embeddable":true,"href":"https:\/\/brasilnoticias.org\/site\/wp-json\/wp\/v2\/media\/5369"}],"wp:attachment":[{"href":"https:\/\/brasilnoticias.org\/site\/wp-json\/wp\/v2\/media?parent=5368"}],"wp:term":[{"taxonomy":"category","embeddable":true,"href":"https:\/\/brasilnoticias.org\/site\/wp-json\/wp\/v2\/categories?post=5368"},{"taxonomy":"post_tag","embeddable":true,"href":"https:\/\/brasilnoticias.org\/site\/wp-json\/wp\/v2\/tags?post=5368"}],"curies":[{"name":"wp","href":"https:\/\/api.w.org\/{rel}","templated":true}]}}