{"id":5389,"date":"2023-04-13T18:10:14","date_gmt":"2023-04-13T21:10:14","guid":{"rendered":"https:\/\/brasilnoticias.org\/site\/?p=5389"},"modified":"2023-04-13T11:50:12","modified_gmt":"2023-04-13T14:50:12","slug":"jovem-que-causou-panico-em-escola-de-salvador-conta-por-que-entrou-armado-no-local","status":"publish","type":"post","link":"https:\/\/brasilnoticias.org\/site\/jovem-que-causou-panico-em-escola-de-salvador-conta-por-que-entrou-armado-no-local\/","title":{"rendered":"Jovem que causou p\u00e2nico em escola de Salvador conta por que entrou armado no local"},"content":{"rendered":"<p>O jovem de 20 anos que entrou na manh\u00e3 desta quinta-feira (13) com uma faca na Escola Estadual Luiz Jos\u00e9 de Oliveira, no bairro de Fazenda Grande I, em Salvador, afirmou em depoimento que levou a arma com o objetivo de causar p\u00e2nico na comunidade escolar.<\/p>\n<p>De acordo com a Secretaria de Seguran\u00e7a P\u00fablica (SSP), o rapaz alegou ter sido orientado e instigado por traficantes a amea\u00e7ar colegas e professores. Os criminosos teriam come\u00e7ado as chantagens por meio de um aplicativo ap\u00f3s terem acesso a dados do jovem e de seus familiares. \u201cA SSP vem acompanhando as m\u00eddias sociais para se antecipar a esses casos, al\u00e9m de identificar e responsabilizar os respons\u00e1veis por estes delitos\u201d, disse a pasta por meio de nota.<\/p>\n<p>O rapaz entrou na unidade escolar com uma faca e um capuz preto, deixando seus colegas e professores assustados. Houve correria e alguns alunos se machucaram na fuga. Tanto a Secretaria Estadual de Educa\u00e7\u00e3o quanto a Pol\u00edcia Militar afirmam que o jovem n\u00e3o feriu ningu\u00e9m.<br \/>\nEm um v\u00eddeo, que optamos por n\u00e3o divulgar, \u00e9 poss\u00edvel ver o estudante contido por colegas e um agente de uma empresa de seguran\u00e7a. Ao redor dele h\u00e1 pessoas o amea\u00e7ando com peda\u00e7os de madeiras.<\/p>\n<p>A PM diz que foi acionada para atender a ocorr\u00eancia e que ao chegar na escola, que fica na Avenida Zez\u00e9u de Oliveira, encontrou o jovem e a arma. O suspeito foi encaminhado por agentes para a 13\u00ba Delegacia Territorial onde foi ouvido. As aulas na unidade de ensino foram temporariamente suspensas.<\/p>\n<p>Foto Reprodu\u00e7\u00e3o\/SSP-BA<br \/>\nBNews<\/p>\n","protected":false},"excerpt":{"rendered":"<p>O jovem de 20 anos que entrou na manh\u00e3 desta quinta-feira (13) com uma faca na Escola Estadual Luiz Jos\u00e9<\/p>\n","protected":false},"author":1,"featured_media":5390,"comment_status":"open","ping_status":"open","sticky":false,"template":"","format":"standard","meta":{"colormag_page_container_layout":"default_layout","colormag_page_sidebar_layout":"default_layout","_FSMCFIC_featured_image_caption":"","_FSMCFIC_featured_image_nocaption":"","_FSMCFIC_featured_image_hide":"","footnotes":""},"categories":[3,1],"tags":[],"class_list":["post-5389","post","type-post","status-publish","format-standard","has-post-thumbnail","hentry","category-policia","category-ultimas"],"yoast_head":"<!-- This site is optimized with the Yoast SEO plugin v27.1.1 - https:\/\/yoast.com\/product\/yoast-seo-wordpress\/ -->\n<title>Jovem que causou p\u00e2nico em escola de Salvador conta por que entrou armado no local - Brasil not\u00edcias<\/title>\n<meta name=\"robots\" content=\"index, follow, max-snippet:-1, max-image-preview:large, max-video-preview:-1\" \/>\n<link rel=\"canonical\" href=\"https:\/\/brasilnoticias.org\/site\/jovem-que-causou-panico-em-escola-de-salvador-conta-por-que-entrou-armado-no-local\/\" \/>\n<meta property=\"og:locale\" content=\"pt_PT\" \/>\n<meta property=\"og:type\" content=\"article\" \/>\n<meta property=\"og:title\" content=\"Jovem que causou p\u00e2nico em escola de Salvador conta por que entrou armado no local - Brasil not\u00edcias\" \/>\n<meta property=\"og:description\" content=\"O jovem de 20 anos que entrou na manh\u00e3 desta quinta-feira (13) com uma faca na Escola Estadual Luiz Jos\u00e9\" \/>\n<meta property=\"og:url\" content=\"https:\/\/brasilnoticias.org\/site\/jovem-que-causou-panico-em-escola-de-salvador-conta-por-que-entrou-armado-no-local\/\" \/>\n<meta property=\"og:site_name\" content=\"Brasil not\u00edcias\" \/>\n<meta property=\"article:published_time\" content=\"2023-04-13T21:10:14+00:00\" \/>\n<meta property=\"og:image\" content=\"https:\/\/brasilnoticias.org\/site\/wp-content\/uploads\/2023\/04\/tentativa_ataque_salvador_widelg.jpeg\" \/>\n\t<meta property=\"og:image:width\" content=\"800\" \/>\n\t<meta property=\"og:image:height\" content=\"450\" \/>\n\t<meta property=\"og:image:type\" content=\"image\/jpeg\" \/>\n<meta name=\"author\" content=\"Reda\u00e7\u00e3o\" \/>\n<meta name=\"twitter:card\" content=\"summary_large_image\" \/>\n<meta name=\"twitter:label1\" content=\"Escrito por\" \/>\n\t<meta name=\"twitter:data1\" content=\"Reda\u00e7\u00e3o\" \/>\n<script type=\"application\/ld+json\" class=\"yoast-schema-graph\">{\"@context\":\"https:\/\/schema.org\",\"@graph\":[{\"@type\":\"Article\",\"@id\":\"https:\/\/brasilnoticias.org\/site\/jovem-que-causou-panico-em-escola-de-salvador-conta-por-que-entrou-armado-no-local\/#article\",\"isPartOf\":{\"@id\":\"https:\/\/brasilnoticias.org\/site\/jovem-que-causou-panico-em-escola-de-salvador-conta-por-que-entrou-armado-no-local\/\"},\"author\":{\"name\":\"Reda\u00e7\u00e3o\",\"@id\":\"https:\/\/brasilnoticias.org\/site\/#\/schema\/person\/a0e05b973ec4d15c658d51911e53507b\"},\"headline\":\"Jovem que causou p\u00e2nico em escola de Salvador conta por que entrou armado no local\",\"datePublished\":\"2023-04-13T21:10:14+00:00\",\"mainEntityOfPage\":{\"@id\":\"https:\/\/brasilnoticias.org\/site\/jovem-que-causou-panico-em-escola-de-salvador-conta-por-que-entrou-armado-no-local\/\"},\"wordCount\":292,\"commentCount\":0,\"publisher\":{\"@id\":\"https:\/\/brasilnoticias.org\/site\/#organization\"},\"image\":{\"@id\":\"https:\/\/brasilnoticias.org\/site\/jovem-que-causou-panico-em-escola-de-salvador-conta-por-que-entrou-armado-no-local\/#primaryimage\"},\"thumbnailUrl\":\"https:\/\/brasilnoticias.org\/site\/wp-content\/uploads\/2023\/04\/tentativa_ataque_salvador_widelg.jpeg\",\"articleSection\":[\"Pol\u00edcia\",\"\u00daltimas\"],\"inLanguage\":\"pt-PT\",\"potentialAction\":[{\"@type\":\"CommentAction\",\"name\":\"Comment\",\"target\":[\"https:\/\/brasilnoticias.org\/site\/jovem-que-causou-panico-em-escola-de-salvador-conta-por-que-entrou-armado-no-local\/#respond\"]}]},{\"@type\":\"WebPage\",\"@id\":\"https:\/\/brasilnoticias.org\/site\/jovem-que-causou-panico-em-escola-de-salvador-conta-por-que-entrou-armado-no-local\/\",\"url\":\"https:\/\/brasilnoticias.org\/site\/jovem-que-causou-panico-em-escola-de-salvador-conta-por-que-entrou-armado-no-local\/\",\"name\":\"Jovem que causou p\u00e2nico em escola de Salvador conta por que entrou armado no local - Brasil not\u00edcias\",\"isPartOf\":{\"@id\":\"https:\/\/brasilnoticias.org\/site\/#website\"},\"primaryImageOfPage\":{\"@id\":\"https:\/\/brasilnoticias.org\/site\/jovem-que-causou-panico-em-escola-de-salvador-conta-por-que-entrou-armado-no-local\/#primaryimage\"},\"image\":{\"@id\":\"https:\/\/brasilnoticias.org\/site\/jovem-que-causou-panico-em-escola-de-salvador-conta-por-que-entrou-armado-no-local\/#primaryimage\"},\"thumbnailUrl\":\"https:\/\/brasilnoticias.org\/site\/wp-content\/uploads\/2023\/04\/tentativa_ataque_salvador_widelg.jpeg\",\"datePublished\":\"2023-04-13T21:10:14+00:00\",\"breadcrumb\":{\"@id\":\"https:\/\/brasilnoticias.org\/site\/jovem-que-causou-panico-em-escola-de-salvador-conta-por-que-entrou-armado-no-local\/#breadcrumb\"},\"inLanguage\":\"pt-PT\",\"potentialAction\":[{\"@type\":\"ReadAction\",\"target\":[\"https:\/\/brasilnoticias.org\/site\/jovem-que-causou-panico-em-escola-de-salvador-conta-por-que-entrou-armado-no-local\/\"]}]},{\"@type\":\"ImageObject\",\"inLanguage\":\"pt-PT\",\"@id\":\"https:\/\/brasilnoticias.org\/site\/jovem-que-causou-panico-em-escola-de-salvador-conta-por-que-entrou-armado-no-local\/#primaryimage\",\"url\":\"https:\/\/brasilnoticias.org\/site\/wp-content\/uploads\/2023\/04\/tentativa_ataque_salvador_widelg.jpeg\",\"contentUrl\":\"https:\/\/brasilnoticias.org\/site\/wp-content\/uploads\/2023\/04\/tentativa_ataque_salvador_widelg.jpeg\",\"width\":800,\"height\":450},{\"@type\":\"BreadcrumbList\",\"@id\":\"https:\/\/brasilnoticias.org\/site\/jovem-que-causou-panico-em-escola-de-salvador-conta-por-que-entrou-armado-no-local\/#breadcrumb\",\"itemListElement\":[{\"@type\":\"ListItem\",\"position\":1,\"name\":\"In\u00edcio\",\"item\":\"https:\/\/brasilnoticias.org\/site\/\"},{\"@type\":\"ListItem\",\"position\":2,\"name\":\"Jovem que causou p\u00e2nico em escola de Salvador conta por que entrou armado no local\"}]},{\"@type\":\"WebSite\",\"@id\":\"https:\/\/brasilnoticias.org\/site\/#website\",\"url\":\"https:\/\/brasilnoticias.org\/site\/\",\"name\":\"Brasil not\u00edcias\",\"description\":\"Brasil not\u00edcias\",\"publisher\":{\"@id\":\"https:\/\/brasilnoticias.org\/site\/#organization\"},\"potentialAction\":[{\"@type\":\"SearchAction\",\"target\":{\"@type\":\"EntryPoint\",\"urlTemplate\":\"https:\/\/brasilnoticias.org\/site\/?s={search_term_string}\"},\"query-input\":{\"@type\":\"PropertyValueSpecification\",\"valueRequired\":true,\"valueName\":\"search_term_string\"}}],\"inLanguage\":\"pt-PT\"},{\"@type\":\"Organization\",\"@id\":\"https:\/\/brasilnoticias.org\/site\/#organization\",\"name\":\"Brasil not\u00edcias\",\"url\":\"https:\/\/brasilnoticias.org\/site\/\",\"logo\":{\"@type\":\"ImageObject\",\"inLanguage\":\"pt-PT\",\"@id\":\"https:\/\/brasilnoticias.org\/site\/#\/schema\/logo\/image\/\",\"url\":\"https:\/\/brasilnoticias.org\/site\/wp-content\/uploads\/2022\/05\/cropped-brasilnoticias-mini.jpg\",\"contentUrl\":\"https:\/\/brasilnoticias.org\/site\/wp-content\/uploads\/2022\/05\/cropped-brasilnoticias-mini.jpg\",\"width\":314,\"height\":86,\"caption\":\"Brasil not\u00edcias\"},\"image\":{\"@id\":\"https:\/\/brasilnoticias.org\/site\/#\/schema\/logo\/image\/\"}},{\"@type\":\"Person\",\"@id\":\"https:\/\/brasilnoticias.org\/site\/#\/schema\/person\/a0e05b973ec4d15c658d51911e53507b\",\"name\":\"Reda\u00e7\u00e3o\",\"image\":{\"@type\":\"ImageObject\",\"inLanguage\":\"pt-PT\",\"@id\":\"https:\/\/brasilnoticias.org\/site\/#\/schema\/person\/image\/\",\"url\":\"https:\/\/secure.gravatar.com\/avatar\/75d8b050df2de108b08ae78dfb8e374892df24a383c67db9c46a9c604f6aee9c?s=96&d=mm&r=g\",\"contentUrl\":\"https:\/\/secure.gravatar.com\/avatar\/75d8b050df2de108b08ae78dfb8e374892df24a383c67db9c46a9c604f6aee9c?s=96&d=mm&r=g\",\"caption\":\"Reda\u00e7\u00e3o\"},\"sameAs\":[\"https:\/\/brasilnoticias.org\/site\"],\"url\":\"https:\/\/brasilnoticias.org\/site\/author\/fernandozsngmail-com\/\"}]}<\/script>\n<!-- \/ Yoast SEO plugin. -->","yoast_head_json":{"title":"Jovem que causou p\u00e2nico em escola de Salvador conta por que entrou armado no local - Brasil not\u00edcias","robots":{"index":"index","follow":"follow","max-snippet":"max-snippet:-1","max-image-preview":"max-image-preview:large","max-video-preview":"max-video-preview:-1"},"canonical":"https:\/\/brasilnoticias.org\/site\/jovem-que-causou-panico-em-escola-de-salvador-conta-por-que-entrou-armado-no-local\/","og_locale":"pt_PT","og_type":"article","og_title":"Jovem que causou p\u00e2nico em escola de Salvador conta por que entrou armado no local - Brasil not\u00edcias","og_description":"O jovem de 20 anos que entrou na manh\u00e3 desta quinta-feira (13) com uma faca na Escola Estadual Luiz Jos\u00e9","og_url":"https:\/\/brasilnoticias.org\/site\/jovem-que-causou-panico-em-escola-de-salvador-conta-por-que-entrou-armado-no-local\/","og_site_name":"Brasil not\u00edcias","article_published_time":"2023-04-13T21:10:14+00:00","og_image":[{"width":800,"height":450,"url":"https:\/\/brasilnoticias.org\/site\/wp-content\/uploads\/2023\/04\/tentativa_ataque_salvador_widelg.jpeg","type":"image\/jpeg"}],"author":"Reda\u00e7\u00e3o","twitter_card":"summary_large_image","twitter_misc":{"Escrito por":"Reda\u00e7\u00e3o"},"schema":{"@context":"https:\/\/schema.org","@graph":[{"@type":"Article","@id":"https:\/\/brasilnoticias.org\/site\/jovem-que-causou-panico-em-escola-de-salvador-conta-por-que-entrou-armado-no-local\/#article","isPartOf":{"@id":"https:\/\/brasilnoticias.org\/site\/jovem-que-causou-panico-em-escola-de-salvador-conta-por-que-entrou-armado-no-local\/"},"author":{"name":"Reda\u00e7\u00e3o","@id":"https:\/\/brasilnoticias.org\/site\/#\/schema\/person\/a0e05b973ec4d15c658d51911e53507b"},"headline":"Jovem que causou p\u00e2nico em escola de Salvador conta por que entrou armado no local","datePublished":"2023-04-13T21:10:14+00:00","mainEntityOfPage":{"@id":"https:\/\/brasilnoticias.org\/site\/jovem-que-causou-panico-em-escola-de-salvador-conta-por-que-entrou-armado-no-local\/"},"wordCount":292,"commentCount":0,"publisher":{"@id":"https:\/\/brasilnoticias.org\/site\/#organization"},"image":{"@id":"https:\/\/brasilnoticias.org\/site\/jovem-que-causou-panico-em-escola-de-salvador-conta-por-que-entrou-armado-no-local\/#primaryimage"},"thumbnailUrl":"https:\/\/brasilnoticias.org\/site\/wp-content\/uploads\/2023\/04\/tentativa_ataque_salvador_widelg.jpeg","articleSection":["Pol\u00edcia","\u00daltimas"],"inLanguage":"pt-PT","potentialAction":[{"@type":"CommentAction","name":"Comment","target":["https:\/\/brasilnoticias.org\/site\/jovem-que-causou-panico-em-escola-de-salvador-conta-por-que-entrou-armado-no-local\/#respond"]}]},{"@type":"WebPage","@id":"https:\/\/brasilnoticias.org\/site\/jovem-que-causou-panico-em-escola-de-salvador-conta-por-que-entrou-armado-no-local\/","url":"https:\/\/brasilnoticias.org\/site\/jovem-que-causou-panico-em-escola-de-salvador-conta-por-que-entrou-armado-no-local\/","name":"Jovem que causou p\u00e2nico em escola de Salvador conta por que entrou armado no local - Brasil not\u00edcias","isPartOf":{"@id":"https:\/\/brasilnoticias.org\/site\/#website"},"primaryImageOfPage":{"@id":"https:\/\/brasilnoticias.org\/site\/jovem-que-causou-panico-em-escola-de-salvador-conta-por-que-entrou-armado-no-local\/#primaryimage"},"image":{"@id":"https:\/\/brasilnoticias.org\/site\/jovem-que-causou-panico-em-escola-de-salvador-conta-por-que-entrou-armado-no-local\/#primaryimage"},"thumbnailUrl":"https:\/\/brasilnoticias.org\/site\/wp-content\/uploads\/2023\/04\/tentativa_ataque_salvador_widelg.jpeg","datePublished":"2023-04-13T21:10:14+00:00","breadcrumb":{"@id":"https:\/\/brasilnoticias.org\/site\/jovem-que-causou-panico-em-escola-de-salvador-conta-por-que-entrou-armado-no-local\/#breadcrumb"},"inLanguage":"pt-PT","potentialAction":[{"@type":"ReadAction","target":["https:\/\/brasilnoticias.org\/site\/jovem-que-causou-panico-em-escola-de-salvador-conta-por-que-entrou-armado-no-local\/"]}]},{"@type":"ImageObject","inLanguage":"pt-PT","@id":"https:\/\/brasilnoticias.org\/site\/jovem-que-causou-panico-em-escola-de-salvador-conta-por-que-entrou-armado-no-local\/#primaryimage","url":"https:\/\/brasilnoticias.org\/site\/wp-content\/uploads\/2023\/04\/tentativa_ataque_salvador_widelg.jpeg","contentUrl":"https:\/\/brasilnoticias.org\/site\/wp-content\/uploads\/2023\/04\/tentativa_ataque_salvador_widelg.jpeg","width":800,"height":450},{"@type":"BreadcrumbList","@id":"https:\/\/brasilnoticias.org\/site\/jovem-que-causou-panico-em-escola-de-salvador-conta-por-que-entrou-armado-no-local\/#breadcrumb","itemListElement":[{"@type":"ListItem","position":1,"name":"In\u00edcio","item":"https:\/\/brasilnoticias.org\/site\/"},{"@type":"ListItem","position":2,"name":"Jovem que causou p\u00e2nico em escola de Salvador conta por que entrou armado no local"}]},{"@type":"WebSite","@id":"https:\/\/brasilnoticias.org\/site\/#website","url":"https:\/\/brasilnoticias.org\/site\/","name":"Brasil not\u00edcias","description":"Brasil not\u00edcias","publisher":{"@id":"https:\/\/brasilnoticias.org\/site\/#organization"},"potentialAction":[{"@type":"SearchAction","target":{"@type":"EntryPoint","urlTemplate":"https:\/\/brasilnoticias.org\/site\/?s={search_term_string}"},"query-input":{"@type":"PropertyValueSpecification","valueRequired":true,"valueName":"search_term_string"}}],"inLanguage":"pt-PT"},{"@type":"Organization","@id":"https:\/\/brasilnoticias.org\/site\/#organization","name":"Brasil not\u00edcias","url":"https:\/\/brasilnoticias.org\/site\/","logo":{"@type":"ImageObject","inLanguage":"pt-PT","@id":"https:\/\/brasilnoticias.org\/site\/#\/schema\/logo\/image\/","url":"https:\/\/brasilnoticias.org\/site\/wp-content\/uploads\/2022\/05\/cropped-brasilnoticias-mini.jpg","contentUrl":"https:\/\/brasilnoticias.org\/site\/wp-content\/uploads\/2022\/05\/cropped-brasilnoticias-mini.jpg","width":314,"height":86,"caption":"Brasil not\u00edcias"},"image":{"@id":"https:\/\/brasilnoticias.org\/site\/#\/schema\/logo\/image\/"}},{"@type":"Person","@id":"https:\/\/brasilnoticias.org\/site\/#\/schema\/person\/a0e05b973ec4d15c658d51911e53507b","name":"Reda\u00e7\u00e3o","image":{"@type":"ImageObject","inLanguage":"pt-PT","@id":"https:\/\/brasilnoticias.org\/site\/#\/schema\/person\/image\/","url":"https:\/\/secure.gravatar.com\/avatar\/75d8b050df2de108b08ae78dfb8e374892df24a383c67db9c46a9c604f6aee9c?s=96&d=mm&r=g","contentUrl":"https:\/\/secure.gravatar.com\/avatar\/75d8b050df2de108b08ae78dfb8e374892df24a383c67db9c46a9c604f6aee9c?s=96&d=mm&r=g","caption":"Reda\u00e7\u00e3o"},"sameAs":["https:\/\/brasilnoticias.org\/site"],"url":"https:\/\/brasilnoticias.org\/site\/author\/fernandozsngmail-com\/"}]}},"_links":{"self":[{"href":"https:\/\/brasilnoticias.org\/site\/wp-json\/wp\/v2\/posts\/5389","targetHints":{"allow":["GET"]}}],"collection":[{"href":"https:\/\/brasilnoticias.org\/site\/wp-json\/wp\/v2\/posts"}],"about":[{"href":"https:\/\/brasilnoticias.org\/site\/wp-json\/wp\/v2\/types\/post"}],"author":[{"embeddable":true,"href":"https:\/\/brasilnoticias.org\/site\/wp-json\/wp\/v2\/users\/1"}],"replies":[{"embeddable":true,"href":"https:\/\/brasilnoticias.org\/site\/wp-json\/wp\/v2\/comments?post=5389"}],"version-history":[{"count":1,"href":"https:\/\/brasilnoticias.org\/site\/wp-json\/wp\/v2\/posts\/5389\/revisions"}],"predecessor-version":[{"id":5391,"href":"https:\/\/brasilnoticias.org\/site\/wp-json\/wp\/v2\/posts\/5389\/revisions\/5391"}],"wp:featuredmedia":[{"embeddable":true,"href":"https:\/\/brasilnoticias.org\/site\/wp-json\/wp\/v2\/media\/5390"}],"wp:attachment":[{"href":"https:\/\/brasilnoticias.org\/site\/wp-json\/wp\/v2\/media?parent=5389"}],"wp:term":[{"taxonomy":"category","embeddable":true,"href":"https:\/\/brasilnoticias.org\/site\/wp-json\/wp\/v2\/categories?post=5389"},{"taxonomy":"post_tag","embeddable":true,"href":"https:\/\/brasilnoticias.org\/site\/wp-json\/wp\/v2\/tags?post=5389"}],"curies":[{"name":"wp","href":"https:\/\/api.w.org\/{rel}","templated":true}]}}