{"id":539,"date":"2022-05-24T13:17:49","date_gmt":"2022-05-24T16:17:49","guid":{"rendered":"https:\/\/brasilnoticias.org\/site\/?p=539"},"modified":"2022-05-24T13:17:49","modified_gmt":"2022-05-24T16:17:49","slug":"coreia-do-norte-diz-que-situacao-da-covid-19-esta-sob-controle","status":"publish","type":"post","link":"https:\/\/brasilnoticias.org\/site\/coreia-do-norte-diz-que-situacao-da-covid-19-esta-sob-controle\/","title":{"rendered":"Coreia do Norte diz que situa\u00e7\u00e3o da covid-19 est\u00e1 \u2018sob controle\u2019"},"content":{"rendered":"<p>A Coreia do Norte disse que est\u00e1 registrando tend\u00eancia de queda em seu primeiro surto confirmado de covid-19, relatando nesta ter\u00e7a-feira (24) menos de 200 mil novos pacientes com sintomas de febre. pelo terceiro dia consecutivo. A onda de covid, declarada em 12 de maio, alimentou preocupa\u00e7\u00f5es com a falta de vacinas, infraestrutura m\u00e9dica inadequada e uma potencial crise alimentar no pa\u00eds, de 25 milh\u00f5es de habitantes.<\/p>\n<p>Pelo menos 134.510 pessoas apresentavam sintomas de febre na noite de ontem, elevando o n\u00famero total de casos para 2,95 milh\u00f5es desde o final de abril, informou a ag\u00eancia de not\u00edcias oficial KCNA. O n\u00famero de mortos chegou a 68. A KCNA disse que o pa\u00eds est\u00e1 registrando \u201csucesso\u201d na luta contra o surto de covid.<\/p>\n<p>\u201cPoucos dias ap\u00f3s a ativa\u00e7\u00e3o do sistema m\u00e1ximo de preven\u00e7\u00e3o de epidemias de emerg\u00eancia, as taxas de morbidade e mortalidade em todo o pa\u00eds diminu\u00edram drasticamente, e o n\u00famero de pessoas recuperadas aumentou, resultando em conter e controlar a propaga\u00e7\u00e3o da doen\u00e7a pand\u00eamica e manter situa\u00e7\u00e3o est\u00e1vel\u201d, afirmou a KCNA.<\/p>\n<p>A Coreia do Norte disse que est\u00e1 expandindo a produ\u00e7\u00e3o de medicamentos essenciais, mas n\u00e3o detalhou exatamente quais tipos est\u00e3o sendo produzidos.<\/p>\n<p>Aparentemente privada de suprimentos de teste, a Coreia do Norte n\u00e3o confirmou o n\u00famero total de pessoas com teste positivo para o coronav\u00edrus. Em vez disso, as autoridades de sa\u00fade relatam o n\u00famero de sintomas de febre, dificultando a avalia\u00e7\u00e3o da escala da onda de Covid, segundo especialistas.<\/p>\n<p>A Coreia do Sul e os Estados Unidos propuseram ajudar a Coreia do Norte a combater a pandemia, inclusive com vacinas, mas Pyongyang n\u00e3o respondeu \u00e0 oferta.<\/p>\n<p>&nbsp;<\/p>\n<p><span class=\"assinatura_exclusiva\">Ag\u00eancia Brasil<\/span><\/p>\n","protected":false},"excerpt":{"rendered":"<p>A Coreia do Norte disse que est\u00e1 registrando tend\u00eancia de queda em seu primeiro surto confirmado de covid-19, relatando nesta<\/p>\n","protected":false},"author":2,"featured_media":540,"comment_status":"open","ping_status":"open","sticky":false,"template":"","format":"standard","meta":{"colormag_page_container_layout":"default_layout","colormag_page_sidebar_layout":"default_layout","_FSMCFIC_featured_image_caption":"","_FSMCFIC_featured_image_nocaption":"","_FSMCFIC_featured_image_hide":"","footnotes":""},"categories":[6,1],"tags":[],"class_list":["post-539","post","type-post","status-publish","format-standard","has-post-thumbnail","hentry","category-mundo","category-ultimas"],"yoast_head":"<!-- This site is optimized with the Yoast SEO plugin v27.1.1 - https:\/\/yoast.com\/product\/yoast-seo-wordpress\/ -->\n<title>Coreia do Norte diz que situa\u00e7\u00e3o da covid-19 est\u00e1 \u2018sob controle\u2019 - Brasil not\u00edcias<\/title>\n<meta name=\"robots\" content=\"index, follow, max-snippet:-1, max-image-preview:large, max-video-preview:-1\" \/>\n<link rel=\"canonical\" href=\"https:\/\/brasilnoticias.org\/site\/coreia-do-norte-diz-que-situacao-da-covid-19-esta-sob-controle\/\" \/>\n<meta property=\"og:locale\" content=\"pt_PT\" \/>\n<meta property=\"og:type\" content=\"article\" \/>\n<meta property=\"og:title\" content=\"Coreia do Norte diz que situa\u00e7\u00e3o da covid-19 est\u00e1 \u2018sob controle\u2019 - Brasil not\u00edcias\" \/>\n<meta property=\"og:description\" content=\"A Coreia do Norte disse que est\u00e1 registrando tend\u00eancia de queda em seu primeiro surto confirmado de covid-19, relatando nesta\" \/>\n<meta property=\"og:url\" content=\"https:\/\/brasilnoticias.org\/site\/coreia-do-norte-diz-que-situacao-da-covid-19-esta-sob-controle\/\" \/>\n<meta property=\"og:site_name\" content=\"Brasil not\u00edcias\" \/>\n<meta property=\"article:published_time\" content=\"2022-05-24T16:17:49+00:00\" \/>\n<meta property=\"og:image\" content=\"https:\/\/brasilnoticias.org\/site\/wp-content\/uploads\/2022\/05\/Screenshot_20220524-131622-107.png\" \/>\n\t<meta property=\"og:image:width\" content=\"720\" \/>\n\t<meta property=\"og:image:height\" content=\"631\" \/>\n\t<meta property=\"og:image:type\" content=\"image\/png\" \/>\n<meta name=\"author\" content=\"Reda\u00e7\u00e3o\" \/>\n<meta name=\"twitter:card\" content=\"summary_large_image\" \/>\n<meta name=\"twitter:label1\" content=\"Escrito por\" \/>\n\t<meta name=\"twitter:data1\" content=\"Reda\u00e7\u00e3o\" \/>\n\t<meta name=\"twitter:label2\" content=\"Tempo estimado de leitura\" \/>\n\t<meta name=\"twitter:data2\" content=\"2 minutos\" \/>\n<script type=\"application\/ld+json\" class=\"yoast-schema-graph\">{\"@context\":\"https:\/\/schema.org\",\"@graph\":[{\"@type\":\"Article\",\"@id\":\"https:\/\/brasilnoticias.org\/site\/coreia-do-norte-diz-que-situacao-da-covid-19-esta-sob-controle\/#article\",\"isPartOf\":{\"@id\":\"https:\/\/brasilnoticias.org\/site\/coreia-do-norte-diz-que-situacao-da-covid-19-esta-sob-controle\/\"},\"author\":{\"name\":\"Reda\u00e7\u00e3o\",\"@id\":\"https:\/\/brasilnoticias.org\/site\/#\/schema\/person\/f609fa847b5314f1c8b983342f34c798\"},\"headline\":\"Coreia do Norte diz que situa\u00e7\u00e3o da covid-19 est\u00e1 \u2018sob controle\u2019\",\"datePublished\":\"2022-05-24T16:17:49+00:00\",\"mainEntityOfPage\":{\"@id\":\"https:\/\/brasilnoticias.org\/site\/coreia-do-norte-diz-que-situacao-da-covid-19-esta-sob-controle\/\"},\"wordCount\":313,\"commentCount\":0,\"publisher\":{\"@id\":\"https:\/\/brasilnoticias.org\/site\/#organization\"},\"image\":{\"@id\":\"https:\/\/brasilnoticias.org\/site\/coreia-do-norte-diz-que-situacao-da-covid-19-esta-sob-controle\/#primaryimage\"},\"thumbnailUrl\":\"https:\/\/brasilnoticias.org\/site\/wp-content\/uploads\/2022\/05\/Screenshot_20220524-131622-107.png\",\"articleSection\":[\"Mundo\",\"\u00daltimas\"],\"inLanguage\":\"pt-PT\",\"potentialAction\":[{\"@type\":\"CommentAction\",\"name\":\"Comment\",\"target\":[\"https:\/\/brasilnoticias.org\/site\/coreia-do-norte-diz-que-situacao-da-covid-19-esta-sob-controle\/#respond\"]}]},{\"@type\":\"WebPage\",\"@id\":\"https:\/\/brasilnoticias.org\/site\/coreia-do-norte-diz-que-situacao-da-covid-19-esta-sob-controle\/\",\"url\":\"https:\/\/brasilnoticias.org\/site\/coreia-do-norte-diz-que-situacao-da-covid-19-esta-sob-controle\/\",\"name\":\"Coreia do Norte diz que situa\u00e7\u00e3o da covid-19 est\u00e1 \u2018sob controle\u2019 - Brasil not\u00edcias\",\"isPartOf\":{\"@id\":\"https:\/\/brasilnoticias.org\/site\/#website\"},\"primaryImageOfPage\":{\"@id\":\"https:\/\/brasilnoticias.org\/site\/coreia-do-norte-diz-que-situacao-da-covid-19-esta-sob-controle\/#primaryimage\"},\"image\":{\"@id\":\"https:\/\/brasilnoticias.org\/site\/coreia-do-norte-diz-que-situacao-da-covid-19-esta-sob-controle\/#primaryimage\"},\"thumbnailUrl\":\"https:\/\/brasilnoticias.org\/site\/wp-content\/uploads\/2022\/05\/Screenshot_20220524-131622-107.png\",\"datePublished\":\"2022-05-24T16:17:49+00:00\",\"breadcrumb\":{\"@id\":\"https:\/\/brasilnoticias.org\/site\/coreia-do-norte-diz-que-situacao-da-covid-19-esta-sob-controle\/#breadcrumb\"},\"inLanguage\":\"pt-PT\",\"potentialAction\":[{\"@type\":\"ReadAction\",\"target\":[\"https:\/\/brasilnoticias.org\/site\/coreia-do-norte-diz-que-situacao-da-covid-19-esta-sob-controle\/\"]}]},{\"@type\":\"ImageObject\",\"inLanguage\":\"pt-PT\",\"@id\":\"https:\/\/brasilnoticias.org\/site\/coreia-do-norte-diz-que-situacao-da-covid-19-esta-sob-controle\/#primaryimage\",\"url\":\"https:\/\/brasilnoticias.org\/site\/wp-content\/uploads\/2022\/05\/Screenshot_20220524-131622-107.png\",\"contentUrl\":\"https:\/\/brasilnoticias.org\/site\/wp-content\/uploads\/2022\/05\/Screenshot_20220524-131622-107.png\",\"width\":720,\"height\":631},{\"@type\":\"BreadcrumbList\",\"@id\":\"https:\/\/brasilnoticias.org\/site\/coreia-do-norte-diz-que-situacao-da-covid-19-esta-sob-controle\/#breadcrumb\",\"itemListElement\":[{\"@type\":\"ListItem\",\"position\":1,\"name\":\"In\u00edcio\",\"item\":\"https:\/\/brasilnoticias.org\/site\/\"},{\"@type\":\"ListItem\",\"position\":2,\"name\":\"Coreia do Norte diz que situa\u00e7\u00e3o da covid-19 est\u00e1 \u2018sob controle\u2019\"}]},{\"@type\":\"WebSite\",\"@id\":\"https:\/\/brasilnoticias.org\/site\/#website\",\"url\":\"https:\/\/brasilnoticias.org\/site\/\",\"name\":\"Brasil not\u00edcias\",\"description\":\"Brasil not\u00edcias\",\"publisher\":{\"@id\":\"https:\/\/brasilnoticias.org\/site\/#organization\"},\"potentialAction\":[{\"@type\":\"SearchAction\",\"target\":{\"@type\":\"EntryPoint\",\"urlTemplate\":\"https:\/\/brasilnoticias.org\/site\/?s={search_term_string}\"},\"query-input\":{\"@type\":\"PropertyValueSpecification\",\"valueRequired\":true,\"valueName\":\"search_term_string\"}}],\"inLanguage\":\"pt-PT\"},{\"@type\":\"Organization\",\"@id\":\"https:\/\/brasilnoticias.org\/site\/#organization\",\"name\":\"Brasil not\u00edcias\",\"url\":\"https:\/\/brasilnoticias.org\/site\/\",\"logo\":{\"@type\":\"ImageObject\",\"inLanguage\":\"pt-PT\",\"@id\":\"https:\/\/brasilnoticias.org\/site\/#\/schema\/logo\/image\/\",\"url\":\"https:\/\/brasilnoticias.org\/site\/wp-content\/uploads\/2022\/05\/cropped-brasilnoticias-mini.jpg\",\"contentUrl\":\"https:\/\/brasilnoticias.org\/site\/wp-content\/uploads\/2022\/05\/cropped-brasilnoticias-mini.jpg\",\"width\":314,\"height\":86,\"caption\":\"Brasil not\u00edcias\"},\"image\":{\"@id\":\"https:\/\/brasilnoticias.org\/site\/#\/schema\/logo\/image\/\"}},{\"@type\":\"Person\",\"@id\":\"https:\/\/brasilnoticias.org\/site\/#\/schema\/person\/f609fa847b5314f1c8b983342f34c798\",\"name\":\"Reda\u00e7\u00e3o\",\"image\":{\"@type\":\"ImageObject\",\"inLanguage\":\"pt-PT\",\"@id\":\"https:\/\/brasilnoticias.org\/site\/#\/schema\/person\/image\/\",\"url\":\"https:\/\/secure.gravatar.com\/avatar\/447284c06c1ad8b46465a36de9cd0d8326b73387a22799b8b1ffb1fbcff2ed0c?s=96&d=mm&r=g\",\"contentUrl\":\"https:\/\/secure.gravatar.com\/avatar\/447284c06c1ad8b46465a36de9cd0d8326b73387a22799b8b1ffb1fbcff2ed0c?s=96&d=mm&r=g\",\"caption\":\"Reda\u00e7\u00e3o\"},\"url\":\"https:\/\/brasilnoticias.org\/site\/author\/redacao\/\"}]}<\/script>\n<!-- \/ Yoast SEO plugin. -->","yoast_head_json":{"title":"Coreia do Norte diz que situa\u00e7\u00e3o da covid-19 est\u00e1 \u2018sob controle\u2019 - Brasil not\u00edcias","robots":{"index":"index","follow":"follow","max-snippet":"max-snippet:-1","max-image-preview":"max-image-preview:large","max-video-preview":"max-video-preview:-1"},"canonical":"https:\/\/brasilnoticias.org\/site\/coreia-do-norte-diz-que-situacao-da-covid-19-esta-sob-controle\/","og_locale":"pt_PT","og_type":"article","og_title":"Coreia do Norte diz que situa\u00e7\u00e3o da covid-19 est\u00e1 \u2018sob controle\u2019 - Brasil not\u00edcias","og_description":"A Coreia do Norte disse que est\u00e1 registrando tend\u00eancia de queda em seu primeiro surto confirmado de covid-19, relatando nesta","og_url":"https:\/\/brasilnoticias.org\/site\/coreia-do-norte-diz-que-situacao-da-covid-19-esta-sob-controle\/","og_site_name":"Brasil not\u00edcias","article_published_time":"2022-05-24T16:17:49+00:00","og_image":[{"width":720,"height":631,"url":"https:\/\/brasilnoticias.org\/site\/wp-content\/uploads\/2022\/05\/Screenshot_20220524-131622-107.png","type":"image\/png"}],"author":"Reda\u00e7\u00e3o","twitter_card":"summary_large_image","twitter_misc":{"Escrito por":"Reda\u00e7\u00e3o","Tempo estimado de leitura":"2 minutos"},"schema":{"@context":"https:\/\/schema.org","@graph":[{"@type":"Article","@id":"https:\/\/brasilnoticias.org\/site\/coreia-do-norte-diz-que-situacao-da-covid-19-esta-sob-controle\/#article","isPartOf":{"@id":"https:\/\/brasilnoticias.org\/site\/coreia-do-norte-diz-que-situacao-da-covid-19-esta-sob-controle\/"},"author":{"name":"Reda\u00e7\u00e3o","@id":"https:\/\/brasilnoticias.org\/site\/#\/schema\/person\/f609fa847b5314f1c8b983342f34c798"},"headline":"Coreia do Norte diz que situa\u00e7\u00e3o da covid-19 est\u00e1 \u2018sob controle\u2019","datePublished":"2022-05-24T16:17:49+00:00","mainEntityOfPage":{"@id":"https:\/\/brasilnoticias.org\/site\/coreia-do-norte-diz-que-situacao-da-covid-19-esta-sob-controle\/"},"wordCount":313,"commentCount":0,"publisher":{"@id":"https:\/\/brasilnoticias.org\/site\/#organization"},"image":{"@id":"https:\/\/brasilnoticias.org\/site\/coreia-do-norte-diz-que-situacao-da-covid-19-esta-sob-controle\/#primaryimage"},"thumbnailUrl":"https:\/\/brasilnoticias.org\/site\/wp-content\/uploads\/2022\/05\/Screenshot_20220524-131622-107.png","articleSection":["Mundo","\u00daltimas"],"inLanguage":"pt-PT","potentialAction":[{"@type":"CommentAction","name":"Comment","target":["https:\/\/brasilnoticias.org\/site\/coreia-do-norte-diz-que-situacao-da-covid-19-esta-sob-controle\/#respond"]}]},{"@type":"WebPage","@id":"https:\/\/brasilnoticias.org\/site\/coreia-do-norte-diz-que-situacao-da-covid-19-esta-sob-controle\/","url":"https:\/\/brasilnoticias.org\/site\/coreia-do-norte-diz-que-situacao-da-covid-19-esta-sob-controle\/","name":"Coreia do Norte diz que situa\u00e7\u00e3o da covid-19 est\u00e1 \u2018sob controle\u2019 - Brasil not\u00edcias","isPartOf":{"@id":"https:\/\/brasilnoticias.org\/site\/#website"},"primaryImageOfPage":{"@id":"https:\/\/brasilnoticias.org\/site\/coreia-do-norte-diz-que-situacao-da-covid-19-esta-sob-controle\/#primaryimage"},"image":{"@id":"https:\/\/brasilnoticias.org\/site\/coreia-do-norte-diz-que-situacao-da-covid-19-esta-sob-controle\/#primaryimage"},"thumbnailUrl":"https:\/\/brasilnoticias.org\/site\/wp-content\/uploads\/2022\/05\/Screenshot_20220524-131622-107.png","datePublished":"2022-05-24T16:17:49+00:00","breadcrumb":{"@id":"https:\/\/brasilnoticias.org\/site\/coreia-do-norte-diz-que-situacao-da-covid-19-esta-sob-controle\/#breadcrumb"},"inLanguage":"pt-PT","potentialAction":[{"@type":"ReadAction","target":["https:\/\/brasilnoticias.org\/site\/coreia-do-norte-diz-que-situacao-da-covid-19-esta-sob-controle\/"]}]},{"@type":"ImageObject","inLanguage":"pt-PT","@id":"https:\/\/brasilnoticias.org\/site\/coreia-do-norte-diz-que-situacao-da-covid-19-esta-sob-controle\/#primaryimage","url":"https:\/\/brasilnoticias.org\/site\/wp-content\/uploads\/2022\/05\/Screenshot_20220524-131622-107.png","contentUrl":"https:\/\/brasilnoticias.org\/site\/wp-content\/uploads\/2022\/05\/Screenshot_20220524-131622-107.png","width":720,"height":631},{"@type":"BreadcrumbList","@id":"https:\/\/brasilnoticias.org\/site\/coreia-do-norte-diz-que-situacao-da-covid-19-esta-sob-controle\/#breadcrumb","itemListElement":[{"@type":"ListItem","position":1,"name":"In\u00edcio","item":"https:\/\/brasilnoticias.org\/site\/"},{"@type":"ListItem","position":2,"name":"Coreia do Norte diz que situa\u00e7\u00e3o da covid-19 est\u00e1 \u2018sob controle\u2019"}]},{"@type":"WebSite","@id":"https:\/\/brasilnoticias.org\/site\/#website","url":"https:\/\/brasilnoticias.org\/site\/","name":"Brasil not\u00edcias","description":"Brasil not\u00edcias","publisher":{"@id":"https:\/\/brasilnoticias.org\/site\/#organization"},"potentialAction":[{"@type":"SearchAction","target":{"@type":"EntryPoint","urlTemplate":"https:\/\/brasilnoticias.org\/site\/?s={search_term_string}"},"query-input":{"@type":"PropertyValueSpecification","valueRequired":true,"valueName":"search_term_string"}}],"inLanguage":"pt-PT"},{"@type":"Organization","@id":"https:\/\/brasilnoticias.org\/site\/#organization","name":"Brasil not\u00edcias","url":"https:\/\/brasilnoticias.org\/site\/","logo":{"@type":"ImageObject","inLanguage":"pt-PT","@id":"https:\/\/brasilnoticias.org\/site\/#\/schema\/logo\/image\/","url":"https:\/\/brasilnoticias.org\/site\/wp-content\/uploads\/2022\/05\/cropped-brasilnoticias-mini.jpg","contentUrl":"https:\/\/brasilnoticias.org\/site\/wp-content\/uploads\/2022\/05\/cropped-brasilnoticias-mini.jpg","width":314,"height":86,"caption":"Brasil not\u00edcias"},"image":{"@id":"https:\/\/brasilnoticias.org\/site\/#\/schema\/logo\/image\/"}},{"@type":"Person","@id":"https:\/\/brasilnoticias.org\/site\/#\/schema\/person\/f609fa847b5314f1c8b983342f34c798","name":"Reda\u00e7\u00e3o","image":{"@type":"ImageObject","inLanguage":"pt-PT","@id":"https:\/\/brasilnoticias.org\/site\/#\/schema\/person\/image\/","url":"https:\/\/secure.gravatar.com\/avatar\/447284c06c1ad8b46465a36de9cd0d8326b73387a22799b8b1ffb1fbcff2ed0c?s=96&d=mm&r=g","contentUrl":"https:\/\/secure.gravatar.com\/avatar\/447284c06c1ad8b46465a36de9cd0d8326b73387a22799b8b1ffb1fbcff2ed0c?s=96&d=mm&r=g","caption":"Reda\u00e7\u00e3o"},"url":"https:\/\/brasilnoticias.org\/site\/author\/redacao\/"}]}},"_links":{"self":[{"href":"https:\/\/brasilnoticias.org\/site\/wp-json\/wp\/v2\/posts\/539","targetHints":{"allow":["GET"]}}],"collection":[{"href":"https:\/\/brasilnoticias.org\/site\/wp-json\/wp\/v2\/posts"}],"about":[{"href":"https:\/\/brasilnoticias.org\/site\/wp-json\/wp\/v2\/types\/post"}],"author":[{"embeddable":true,"href":"https:\/\/brasilnoticias.org\/site\/wp-json\/wp\/v2\/users\/2"}],"replies":[{"embeddable":true,"href":"https:\/\/brasilnoticias.org\/site\/wp-json\/wp\/v2\/comments?post=539"}],"version-history":[{"count":1,"href":"https:\/\/brasilnoticias.org\/site\/wp-json\/wp\/v2\/posts\/539\/revisions"}],"predecessor-version":[{"id":541,"href":"https:\/\/brasilnoticias.org\/site\/wp-json\/wp\/v2\/posts\/539\/revisions\/541"}],"wp:featuredmedia":[{"embeddable":true,"href":"https:\/\/brasilnoticias.org\/site\/wp-json\/wp\/v2\/media\/540"}],"wp:attachment":[{"href":"https:\/\/brasilnoticias.org\/site\/wp-json\/wp\/v2\/media?parent=539"}],"wp:term":[{"taxonomy":"category","embeddable":true,"href":"https:\/\/brasilnoticias.org\/site\/wp-json\/wp\/v2\/categories?post=539"},{"taxonomy":"post_tag","embeddable":true,"href":"https:\/\/brasilnoticias.org\/site\/wp-json\/wp\/v2\/tags?post=539"}],"curies":[{"name":"wp","href":"https:\/\/api.w.org\/{rel}","templated":true}]}}