{"id":5395,"date":"2023-04-13T18:30:21","date_gmt":"2023-04-13T21:30:21","guid":{"rendered":"https:\/\/brasilnoticias.org\/site\/?p=5395"},"modified":"2023-04-13T11:58:47","modified_gmt":"2023-04-13T14:58:47","slug":"zagueiro-do-bahia-e-emprestado-para-o-sampaio-correa","status":"publish","type":"post","link":"https:\/\/brasilnoticias.org\/site\/zagueiro-do-bahia-e-emprestado-para-o-sampaio-correa\/","title":{"rendered":"Zagueiro do Bahia \u00e9 emprestado para o Sampaio Corr\u00eaa"},"content":{"rendered":"<p>O zagueiro Gustavo Henrique, de 23 anos, foi emprestado pelo Bahia para a equipe do Sampaio Corr\u00eaa, que disputar\u00e1 a S\u00e9rie B do Campeonato Brasileiro. O an\u00fancio da negocia\u00e7\u00e3o foi feito pelo Tricolor, nesta quinta-feira, 13. <\/p>\n<p>&#8220;Zagueiro Gustavo Henrique \u00e9 emprestado ao Sampaio Corr\u00eaa at\u00e9 o fim da temporada. Ele, que chegou ao Bahia em janeiro de 2021, inicialmente para o Time de Transi\u00e7\u00e3o, soma 22 jogos pelo Tricolor e desde o ano passado estava cedido ao Botafogo-SP&#8221;, destacou o comunicado do Bahia.<\/p>\n<p>Gustavo Henrique come\u00e7ou sua vida no futebol no interior de S\u00e3o Paulo, com a camisa da S\u00e3ocarlense. Depois, passou por duas temporadas pelo Atl\u00e9tico-MG, antes de ser contratado pelo Bahia.<\/p>\n<p>O jogador perdeu espa\u00e7o na temporada passada e foi emprestado pela primeira vez para ganhar experi\u00eancia. No Botafogo de Ribeir\u00e3o Preto, Gustavo Henrique passou a ter mais chances no time paulista com o t\u00e9cnico Adilson Batista.<\/p>\n<p>Foto Ascom\/Botafogo de Ribeir\u00e3o PReto<br \/>\nBNews<\/p>\n","protected":false},"excerpt":{"rendered":"<p>O zagueiro Gustavo Henrique, de 23 anos, foi emprestado pelo Bahia para a equipe do Sampaio Corr\u00eaa, que disputar\u00e1 a<\/p>\n","protected":false},"author":1,"featured_media":5396,"comment_status":"open","ping_status":"open","sticky":false,"template":"","format":"standard","meta":{"colormag_page_container_layout":"default_layout","colormag_page_sidebar_layout":"default_layout","_FSMCFIC_featured_image_caption":"","_FSMCFIC_featured_image_nocaption":"","_FSMCFIC_featured_image_hide":"","footnotes":""},"categories":[4,1],"tags":[],"class_list":["post-5395","post","type-post","status-publish","format-standard","has-post-thumbnail","hentry","category-esporte","category-ultimas"],"yoast_head":"<!-- This site is optimized with the Yoast SEO plugin v27.1.1 - https:\/\/yoast.com\/product\/yoast-seo-wordpress\/ -->\n<title>Zagueiro do Bahia \u00e9 emprestado para o Sampaio Corr\u00eaa - Brasil not\u00edcias<\/title>\n<meta name=\"robots\" content=\"index, follow, max-snippet:-1, max-image-preview:large, max-video-preview:-1\" \/>\n<link rel=\"canonical\" href=\"https:\/\/brasilnoticias.org\/site\/zagueiro-do-bahia-e-emprestado-para-o-sampaio-correa\/\" \/>\n<meta property=\"og:locale\" content=\"pt_PT\" \/>\n<meta property=\"og:type\" content=\"article\" \/>\n<meta property=\"og:title\" content=\"Zagueiro do Bahia \u00e9 emprestado para o Sampaio Corr\u00eaa - Brasil not\u00edcias\" \/>\n<meta property=\"og:description\" content=\"O zagueiro Gustavo Henrique, de 23 anos, foi emprestado pelo Bahia para a equipe do Sampaio Corr\u00eaa, que disputar\u00e1 a\" \/>\n<meta property=\"og:url\" content=\"https:\/\/brasilnoticias.org\/site\/zagueiro-do-bahia-e-emprestado-para-o-sampaio-correa\/\" \/>\n<meta property=\"og:site_name\" content=\"Brasil not\u00edcias\" \/>\n<meta property=\"article:published_time\" content=\"2023-04-13T21:30:21+00:00\" \/>\n<meta property=\"og:image\" content=\"https:\/\/brasilnoticias.org\/site\/wp-content\/uploads\/2023\/04\/botaofogo_widelg.jpg\" \/>\n\t<meta property=\"og:image:width\" content=\"615\" \/>\n\t<meta property=\"og:image:height\" content=\"334\" \/>\n\t<meta property=\"og:image:type\" content=\"image\/jpeg\" \/>\n<meta name=\"author\" content=\"Reda\u00e7\u00e3o\" \/>\n<meta name=\"twitter:card\" content=\"summary_large_image\" \/>\n<meta name=\"twitter:label1\" content=\"Escrito por\" \/>\n\t<meta name=\"twitter:data1\" content=\"Reda\u00e7\u00e3o\" \/>\n<script type=\"application\/ld+json\" class=\"yoast-schema-graph\">{\"@context\":\"https:\/\/schema.org\",\"@graph\":[{\"@type\":\"Article\",\"@id\":\"https:\/\/brasilnoticias.org\/site\/zagueiro-do-bahia-e-emprestado-para-o-sampaio-correa\/#article\",\"isPartOf\":{\"@id\":\"https:\/\/brasilnoticias.org\/site\/zagueiro-do-bahia-e-emprestado-para-o-sampaio-correa\/\"},\"author\":{\"name\":\"Reda\u00e7\u00e3o\",\"@id\":\"https:\/\/brasilnoticias.org\/site\/#\/schema\/person\/a0e05b973ec4d15c658d51911e53507b\"},\"headline\":\"Zagueiro do Bahia \u00e9 emprestado para o Sampaio Corr\u00eaa\",\"datePublished\":\"2023-04-13T21:30:21+00:00\",\"mainEntityOfPage\":{\"@id\":\"https:\/\/brasilnoticias.org\/site\/zagueiro-do-bahia-e-emprestado-para-o-sampaio-correa\/\"},\"wordCount\":175,\"commentCount\":0,\"publisher\":{\"@id\":\"https:\/\/brasilnoticias.org\/site\/#organization\"},\"image\":{\"@id\":\"https:\/\/brasilnoticias.org\/site\/zagueiro-do-bahia-e-emprestado-para-o-sampaio-correa\/#primaryimage\"},\"thumbnailUrl\":\"https:\/\/brasilnoticias.org\/site\/wp-content\/uploads\/2023\/04\/botaofogo_widelg.jpg\",\"articleSection\":[\"Esporte\",\"\u00daltimas\"],\"inLanguage\":\"pt-PT\",\"potentialAction\":[{\"@type\":\"CommentAction\",\"name\":\"Comment\",\"target\":[\"https:\/\/brasilnoticias.org\/site\/zagueiro-do-bahia-e-emprestado-para-o-sampaio-correa\/#respond\"]}]},{\"@type\":\"WebPage\",\"@id\":\"https:\/\/brasilnoticias.org\/site\/zagueiro-do-bahia-e-emprestado-para-o-sampaio-correa\/\",\"url\":\"https:\/\/brasilnoticias.org\/site\/zagueiro-do-bahia-e-emprestado-para-o-sampaio-correa\/\",\"name\":\"Zagueiro do Bahia \u00e9 emprestado para o Sampaio Corr\u00eaa - Brasil not\u00edcias\",\"isPartOf\":{\"@id\":\"https:\/\/brasilnoticias.org\/site\/#website\"},\"primaryImageOfPage\":{\"@id\":\"https:\/\/brasilnoticias.org\/site\/zagueiro-do-bahia-e-emprestado-para-o-sampaio-correa\/#primaryimage\"},\"image\":{\"@id\":\"https:\/\/brasilnoticias.org\/site\/zagueiro-do-bahia-e-emprestado-para-o-sampaio-correa\/#primaryimage\"},\"thumbnailUrl\":\"https:\/\/brasilnoticias.org\/site\/wp-content\/uploads\/2023\/04\/botaofogo_widelg.jpg\",\"datePublished\":\"2023-04-13T21:30:21+00:00\",\"breadcrumb\":{\"@id\":\"https:\/\/brasilnoticias.org\/site\/zagueiro-do-bahia-e-emprestado-para-o-sampaio-correa\/#breadcrumb\"},\"inLanguage\":\"pt-PT\",\"potentialAction\":[{\"@type\":\"ReadAction\",\"target\":[\"https:\/\/brasilnoticias.org\/site\/zagueiro-do-bahia-e-emprestado-para-o-sampaio-correa\/\"]}]},{\"@type\":\"ImageObject\",\"inLanguage\":\"pt-PT\",\"@id\":\"https:\/\/brasilnoticias.org\/site\/zagueiro-do-bahia-e-emprestado-para-o-sampaio-correa\/#primaryimage\",\"url\":\"https:\/\/brasilnoticias.org\/site\/wp-content\/uploads\/2023\/04\/botaofogo_widelg.jpg\",\"contentUrl\":\"https:\/\/brasilnoticias.org\/site\/wp-content\/uploads\/2023\/04\/botaofogo_widelg.jpg\",\"width\":615,\"height\":334},{\"@type\":\"BreadcrumbList\",\"@id\":\"https:\/\/brasilnoticias.org\/site\/zagueiro-do-bahia-e-emprestado-para-o-sampaio-correa\/#breadcrumb\",\"itemListElement\":[{\"@type\":\"ListItem\",\"position\":1,\"name\":\"In\u00edcio\",\"item\":\"https:\/\/brasilnoticias.org\/site\/\"},{\"@type\":\"ListItem\",\"position\":2,\"name\":\"Zagueiro do Bahia \u00e9 emprestado para o Sampaio Corr\u00eaa\"}]},{\"@type\":\"WebSite\",\"@id\":\"https:\/\/brasilnoticias.org\/site\/#website\",\"url\":\"https:\/\/brasilnoticias.org\/site\/\",\"name\":\"Brasil not\u00edcias\",\"description\":\"Brasil not\u00edcias\",\"publisher\":{\"@id\":\"https:\/\/brasilnoticias.org\/site\/#organization\"},\"potentialAction\":[{\"@type\":\"SearchAction\",\"target\":{\"@type\":\"EntryPoint\",\"urlTemplate\":\"https:\/\/brasilnoticias.org\/site\/?s={search_term_string}\"},\"query-input\":{\"@type\":\"PropertyValueSpecification\",\"valueRequired\":true,\"valueName\":\"search_term_string\"}}],\"inLanguage\":\"pt-PT\"},{\"@type\":\"Organization\",\"@id\":\"https:\/\/brasilnoticias.org\/site\/#organization\",\"name\":\"Brasil not\u00edcias\",\"url\":\"https:\/\/brasilnoticias.org\/site\/\",\"logo\":{\"@type\":\"ImageObject\",\"inLanguage\":\"pt-PT\",\"@id\":\"https:\/\/brasilnoticias.org\/site\/#\/schema\/logo\/image\/\",\"url\":\"https:\/\/brasilnoticias.org\/site\/wp-content\/uploads\/2022\/05\/cropped-brasilnoticias-mini.jpg\",\"contentUrl\":\"https:\/\/brasilnoticias.org\/site\/wp-content\/uploads\/2022\/05\/cropped-brasilnoticias-mini.jpg\",\"width\":314,\"height\":86,\"caption\":\"Brasil not\u00edcias\"},\"image\":{\"@id\":\"https:\/\/brasilnoticias.org\/site\/#\/schema\/logo\/image\/\"}},{\"@type\":\"Person\",\"@id\":\"https:\/\/brasilnoticias.org\/site\/#\/schema\/person\/a0e05b973ec4d15c658d51911e53507b\",\"name\":\"Reda\u00e7\u00e3o\",\"image\":{\"@type\":\"ImageObject\",\"inLanguage\":\"pt-PT\",\"@id\":\"https:\/\/brasilnoticias.org\/site\/#\/schema\/person\/image\/\",\"url\":\"https:\/\/secure.gravatar.com\/avatar\/75d8b050df2de108b08ae78dfb8e374892df24a383c67db9c46a9c604f6aee9c?s=96&d=mm&r=g\",\"contentUrl\":\"https:\/\/secure.gravatar.com\/avatar\/75d8b050df2de108b08ae78dfb8e374892df24a383c67db9c46a9c604f6aee9c?s=96&d=mm&r=g\",\"caption\":\"Reda\u00e7\u00e3o\"},\"sameAs\":[\"https:\/\/brasilnoticias.org\/site\"],\"url\":\"https:\/\/brasilnoticias.org\/site\/author\/fernandozsngmail-com\/\"}]}<\/script>\n<!-- \/ Yoast SEO plugin. -->","yoast_head_json":{"title":"Zagueiro do Bahia \u00e9 emprestado para o Sampaio Corr\u00eaa - Brasil not\u00edcias","robots":{"index":"index","follow":"follow","max-snippet":"max-snippet:-1","max-image-preview":"max-image-preview:large","max-video-preview":"max-video-preview:-1"},"canonical":"https:\/\/brasilnoticias.org\/site\/zagueiro-do-bahia-e-emprestado-para-o-sampaio-correa\/","og_locale":"pt_PT","og_type":"article","og_title":"Zagueiro do Bahia \u00e9 emprestado para o Sampaio Corr\u00eaa - Brasil not\u00edcias","og_description":"O zagueiro Gustavo Henrique, de 23 anos, foi emprestado pelo Bahia para a equipe do Sampaio Corr\u00eaa, que disputar\u00e1 a","og_url":"https:\/\/brasilnoticias.org\/site\/zagueiro-do-bahia-e-emprestado-para-o-sampaio-correa\/","og_site_name":"Brasil not\u00edcias","article_published_time":"2023-04-13T21:30:21+00:00","og_image":[{"width":615,"height":334,"url":"https:\/\/brasilnoticias.org\/site\/wp-content\/uploads\/2023\/04\/botaofogo_widelg.jpg","type":"image\/jpeg"}],"author":"Reda\u00e7\u00e3o","twitter_card":"summary_large_image","twitter_misc":{"Escrito por":"Reda\u00e7\u00e3o"},"schema":{"@context":"https:\/\/schema.org","@graph":[{"@type":"Article","@id":"https:\/\/brasilnoticias.org\/site\/zagueiro-do-bahia-e-emprestado-para-o-sampaio-correa\/#article","isPartOf":{"@id":"https:\/\/brasilnoticias.org\/site\/zagueiro-do-bahia-e-emprestado-para-o-sampaio-correa\/"},"author":{"name":"Reda\u00e7\u00e3o","@id":"https:\/\/brasilnoticias.org\/site\/#\/schema\/person\/a0e05b973ec4d15c658d51911e53507b"},"headline":"Zagueiro do Bahia \u00e9 emprestado para o Sampaio Corr\u00eaa","datePublished":"2023-04-13T21:30:21+00:00","mainEntityOfPage":{"@id":"https:\/\/brasilnoticias.org\/site\/zagueiro-do-bahia-e-emprestado-para-o-sampaio-correa\/"},"wordCount":175,"commentCount":0,"publisher":{"@id":"https:\/\/brasilnoticias.org\/site\/#organization"},"image":{"@id":"https:\/\/brasilnoticias.org\/site\/zagueiro-do-bahia-e-emprestado-para-o-sampaio-correa\/#primaryimage"},"thumbnailUrl":"https:\/\/brasilnoticias.org\/site\/wp-content\/uploads\/2023\/04\/botaofogo_widelg.jpg","articleSection":["Esporte","\u00daltimas"],"inLanguage":"pt-PT","potentialAction":[{"@type":"CommentAction","name":"Comment","target":["https:\/\/brasilnoticias.org\/site\/zagueiro-do-bahia-e-emprestado-para-o-sampaio-correa\/#respond"]}]},{"@type":"WebPage","@id":"https:\/\/brasilnoticias.org\/site\/zagueiro-do-bahia-e-emprestado-para-o-sampaio-correa\/","url":"https:\/\/brasilnoticias.org\/site\/zagueiro-do-bahia-e-emprestado-para-o-sampaio-correa\/","name":"Zagueiro do Bahia \u00e9 emprestado para o Sampaio Corr\u00eaa - Brasil not\u00edcias","isPartOf":{"@id":"https:\/\/brasilnoticias.org\/site\/#website"},"primaryImageOfPage":{"@id":"https:\/\/brasilnoticias.org\/site\/zagueiro-do-bahia-e-emprestado-para-o-sampaio-correa\/#primaryimage"},"image":{"@id":"https:\/\/brasilnoticias.org\/site\/zagueiro-do-bahia-e-emprestado-para-o-sampaio-correa\/#primaryimage"},"thumbnailUrl":"https:\/\/brasilnoticias.org\/site\/wp-content\/uploads\/2023\/04\/botaofogo_widelg.jpg","datePublished":"2023-04-13T21:30:21+00:00","breadcrumb":{"@id":"https:\/\/brasilnoticias.org\/site\/zagueiro-do-bahia-e-emprestado-para-o-sampaio-correa\/#breadcrumb"},"inLanguage":"pt-PT","potentialAction":[{"@type":"ReadAction","target":["https:\/\/brasilnoticias.org\/site\/zagueiro-do-bahia-e-emprestado-para-o-sampaio-correa\/"]}]},{"@type":"ImageObject","inLanguage":"pt-PT","@id":"https:\/\/brasilnoticias.org\/site\/zagueiro-do-bahia-e-emprestado-para-o-sampaio-correa\/#primaryimage","url":"https:\/\/brasilnoticias.org\/site\/wp-content\/uploads\/2023\/04\/botaofogo_widelg.jpg","contentUrl":"https:\/\/brasilnoticias.org\/site\/wp-content\/uploads\/2023\/04\/botaofogo_widelg.jpg","width":615,"height":334},{"@type":"BreadcrumbList","@id":"https:\/\/brasilnoticias.org\/site\/zagueiro-do-bahia-e-emprestado-para-o-sampaio-correa\/#breadcrumb","itemListElement":[{"@type":"ListItem","position":1,"name":"In\u00edcio","item":"https:\/\/brasilnoticias.org\/site\/"},{"@type":"ListItem","position":2,"name":"Zagueiro do Bahia \u00e9 emprestado para o Sampaio Corr\u00eaa"}]},{"@type":"WebSite","@id":"https:\/\/brasilnoticias.org\/site\/#website","url":"https:\/\/brasilnoticias.org\/site\/","name":"Brasil not\u00edcias","description":"Brasil not\u00edcias","publisher":{"@id":"https:\/\/brasilnoticias.org\/site\/#organization"},"potentialAction":[{"@type":"SearchAction","target":{"@type":"EntryPoint","urlTemplate":"https:\/\/brasilnoticias.org\/site\/?s={search_term_string}"},"query-input":{"@type":"PropertyValueSpecification","valueRequired":true,"valueName":"search_term_string"}}],"inLanguage":"pt-PT"},{"@type":"Organization","@id":"https:\/\/brasilnoticias.org\/site\/#organization","name":"Brasil not\u00edcias","url":"https:\/\/brasilnoticias.org\/site\/","logo":{"@type":"ImageObject","inLanguage":"pt-PT","@id":"https:\/\/brasilnoticias.org\/site\/#\/schema\/logo\/image\/","url":"https:\/\/brasilnoticias.org\/site\/wp-content\/uploads\/2022\/05\/cropped-brasilnoticias-mini.jpg","contentUrl":"https:\/\/brasilnoticias.org\/site\/wp-content\/uploads\/2022\/05\/cropped-brasilnoticias-mini.jpg","width":314,"height":86,"caption":"Brasil not\u00edcias"},"image":{"@id":"https:\/\/brasilnoticias.org\/site\/#\/schema\/logo\/image\/"}},{"@type":"Person","@id":"https:\/\/brasilnoticias.org\/site\/#\/schema\/person\/a0e05b973ec4d15c658d51911e53507b","name":"Reda\u00e7\u00e3o","image":{"@type":"ImageObject","inLanguage":"pt-PT","@id":"https:\/\/brasilnoticias.org\/site\/#\/schema\/person\/image\/","url":"https:\/\/secure.gravatar.com\/avatar\/75d8b050df2de108b08ae78dfb8e374892df24a383c67db9c46a9c604f6aee9c?s=96&d=mm&r=g","contentUrl":"https:\/\/secure.gravatar.com\/avatar\/75d8b050df2de108b08ae78dfb8e374892df24a383c67db9c46a9c604f6aee9c?s=96&d=mm&r=g","caption":"Reda\u00e7\u00e3o"},"sameAs":["https:\/\/brasilnoticias.org\/site"],"url":"https:\/\/brasilnoticias.org\/site\/author\/fernandozsngmail-com\/"}]}},"_links":{"self":[{"href":"https:\/\/brasilnoticias.org\/site\/wp-json\/wp\/v2\/posts\/5395","targetHints":{"allow":["GET"]}}],"collection":[{"href":"https:\/\/brasilnoticias.org\/site\/wp-json\/wp\/v2\/posts"}],"about":[{"href":"https:\/\/brasilnoticias.org\/site\/wp-json\/wp\/v2\/types\/post"}],"author":[{"embeddable":true,"href":"https:\/\/brasilnoticias.org\/site\/wp-json\/wp\/v2\/users\/1"}],"replies":[{"embeddable":true,"href":"https:\/\/brasilnoticias.org\/site\/wp-json\/wp\/v2\/comments?post=5395"}],"version-history":[{"count":1,"href":"https:\/\/brasilnoticias.org\/site\/wp-json\/wp\/v2\/posts\/5395\/revisions"}],"predecessor-version":[{"id":5397,"href":"https:\/\/brasilnoticias.org\/site\/wp-json\/wp\/v2\/posts\/5395\/revisions\/5397"}],"wp:featuredmedia":[{"embeddable":true,"href":"https:\/\/brasilnoticias.org\/site\/wp-json\/wp\/v2\/media\/5396"}],"wp:attachment":[{"href":"https:\/\/brasilnoticias.org\/site\/wp-json\/wp\/v2\/media?parent=5395"}],"wp:term":[{"taxonomy":"category","embeddable":true,"href":"https:\/\/brasilnoticias.org\/site\/wp-json\/wp\/v2\/categories?post=5395"},{"taxonomy":"post_tag","embeddable":true,"href":"https:\/\/brasilnoticias.org\/site\/wp-json\/wp\/v2\/tags?post=5395"}],"curies":[{"name":"wp","href":"https:\/\/api.w.org\/{rel}","templated":true}]}}