{"id":5411,"date":"2023-04-14T08:41:40","date_gmt":"2023-04-14T11:41:40","guid":{"rendered":"https:\/\/brasilnoticias.org\/site\/?p=5411"},"modified":"2023-04-14T08:41:40","modified_gmt":"2023-04-14T11:41:40","slug":"leandro-guerrilha-cobra-mais-seguranca-e-propoe-base-fixa-da-pm-e-gcm-no-cabula","status":"publish","type":"post","link":"https:\/\/brasilnoticias.org\/site\/leandro-guerrilha-cobra-mais-seguranca-e-propoe-base-fixa-da-pm-e-gcm-no-cabula\/","title":{"rendered":"Leandro Guerrilha cobra mais seguran\u00e7a e prop\u00f5e base fixa da PM e GCM no Cabula"},"content":{"rendered":"<p>A falta de inseguran\u00e7a em Salvador e os recentes confrontos entre fac\u00e7\u00f5es na regi\u00e3o do Cabula e Tancredo Neves foram discutidos em audi\u00eancia p\u00fablica, nesta \u00faltima quarta-feira (12), na Associa\u00e7\u00e3o dos Moradores do Saboeiro e adjac\u00eancias. Proposto pelo vereador Leandro Guerrilha (PP), o encontro contou com as presen\u00e7as do comandante da 23\u00aa Companhia Independente da Pol\u00edcia Militar (CIPM), major Luciano Jorge Alves da Silva; do inspetor-geral da Guarda Civil Municipal, Marcelo Silva; e do gerente estrat\u00e9gico da GCM, Rodrigo do Carmo.<\/p>\n<p>\u201cOs moradores fizeram propostas para melhorar a seguran\u00e7a nos 16 bairros que comp\u00f5em a regi\u00e3o do Cabula: Saboeiro, S\u00e3o Gon\u00e7alo, Mata Escura, Conjunto ACM, Cabula IV, Cabula V, Recanto do Cabula, Engomadeira, Doron, Narandiba, Arraial do Retiro, Tancredo Neves, Arenoso, Cabula VI, Santo In\u00e1cio e Resgate\u201d, explicou o vereador. No \u00faltimo dia 6, rajadas de metralhadora, explos\u00f5es e gritos levaram uma noite de terror durante um confronto entre fac\u00e7\u00f5es em Arenoso e tudo dava pra ser ouvido at\u00e9 nos bairros do entorno da R\u00f3tula do Abacaxi. No dia seguinte, uma granada encontrada foi desativada pela PM.<\/p>\n<p>Segundo Leandro Guerrilha, ele apresentou um projeto de indica\u00e7\u00e3o \u00e0 prefeitura de Salvador para a constru\u00e7\u00e3o de uma base de sustenta\u00e7\u00e3o e apoio aos policiais e guardas municipais na regi\u00e3o. \u201cA presen\u00e7a da pol\u00edcia e agentes de seguran\u00e7a em uma unidade fixa na regi\u00e3o pode coibir n\u00e3o s\u00f3 a crise que est\u00e1 acontecendo agora, mas refletir nos problemas constantes sofridos pelos moradores no dia-a-dia como assaltos, arrombamentos aos postos de sa\u00fade &#8211; que j\u00e1 aconteceu em Doron e Saboeiro -, furtos de celulares, roubos de carro e motos, al\u00e9m de furtos de fia\u00e7\u00e3o e refletores\u201d.<\/p>\n<p>Foto: Divulga\u00e7\u00e3o<\/p>\n","protected":false},"excerpt":{"rendered":"<p>A falta de inseguran\u00e7a em Salvador e os recentes confrontos entre fac\u00e7\u00f5es na regi\u00e3o do Cabula e Tancredo Neves foram<\/p>\n","protected":false},"author":1,"featured_media":5412,"comment_status":"open","ping_status":"open","sticky":false,"template":"","format":"standard","meta":{"colormag_page_container_layout":"default_layout","colormag_page_sidebar_layout":"default_layout","_FSMCFIC_featured_image_caption":"","_FSMCFIC_featured_image_nocaption":"","_FSMCFIC_featured_image_hide":"","footnotes":""},"categories":[5,1],"tags":[],"class_list":["post-5411","post","type-post","status-publish","format-standard","has-post-thumbnail","hentry","category-politica","category-ultimas"],"yoast_head":"<!-- This site is optimized with the Yoast SEO plugin v27.1.1 - https:\/\/yoast.com\/product\/yoast-seo-wordpress\/ -->\n<title>Leandro Guerrilha cobra mais seguran\u00e7a e prop\u00f5e base fixa da PM e GCM no Cabula - Brasil not\u00edcias<\/title>\n<meta name=\"robots\" content=\"index, follow, max-snippet:-1, max-image-preview:large, max-video-preview:-1\" \/>\n<link rel=\"canonical\" href=\"https:\/\/brasilnoticias.org\/site\/leandro-guerrilha-cobra-mais-seguranca-e-propoe-base-fixa-da-pm-e-gcm-no-cabula\/\" \/>\n<meta property=\"og:locale\" content=\"pt_PT\" \/>\n<meta property=\"og:type\" content=\"article\" \/>\n<meta property=\"og:title\" content=\"Leandro Guerrilha cobra mais seguran\u00e7a e prop\u00f5e base fixa da PM e GCM no Cabula - Brasil not\u00edcias\" \/>\n<meta property=\"og:description\" content=\"A falta de inseguran\u00e7a em Salvador e os recentes confrontos entre fac\u00e7\u00f5es na regi\u00e3o do Cabula e Tancredo Neves foram\" \/>\n<meta property=\"og:url\" content=\"https:\/\/brasilnoticias.org\/site\/leandro-guerrilha-cobra-mais-seguranca-e-propoe-base-fixa-da-pm-e-gcm-no-cabula\/\" \/>\n<meta property=\"og:site_name\" content=\"Brasil not\u00edcias\" \/>\n<meta property=\"article:published_time\" content=\"2023-04-14T11:41:40+00:00\" \/>\n<meta property=\"og:image\" content=\"https:\/\/brasilnoticias.org\/site\/wp-content\/uploads\/2023\/04\/WhatsApp-Image-2023-04-13-at-17.39.54.jpeg\" \/>\n\t<meta property=\"og:image:width\" content=\"1600\" \/>\n\t<meta property=\"og:image:height\" content=\"1200\" \/>\n\t<meta property=\"og:image:type\" content=\"image\/jpeg\" \/>\n<meta name=\"author\" content=\"Reda\u00e7\u00e3o\" \/>\n<meta name=\"twitter:card\" content=\"summary_large_image\" \/>\n<meta name=\"twitter:label1\" content=\"Escrito por\" \/>\n\t<meta name=\"twitter:data1\" content=\"Reda\u00e7\u00e3o\" \/>\n<script type=\"application\/ld+json\" class=\"yoast-schema-graph\">{\"@context\":\"https:\/\/schema.org\",\"@graph\":[{\"@type\":\"Article\",\"@id\":\"https:\/\/brasilnoticias.org\/site\/leandro-guerrilha-cobra-mais-seguranca-e-propoe-base-fixa-da-pm-e-gcm-no-cabula\/#article\",\"isPartOf\":{\"@id\":\"https:\/\/brasilnoticias.org\/site\/leandro-guerrilha-cobra-mais-seguranca-e-propoe-base-fixa-da-pm-e-gcm-no-cabula\/\"},\"author\":{\"name\":\"Reda\u00e7\u00e3o\",\"@id\":\"https:\/\/brasilnoticias.org\/site\/#\/schema\/person\/a0e05b973ec4d15c658d51911e53507b\"},\"headline\":\"Leandro Guerrilha cobra mais seguran\u00e7a e prop\u00f5e base fixa da PM e GCM no Cabula\",\"datePublished\":\"2023-04-14T11:41:40+00:00\",\"mainEntityOfPage\":{\"@id\":\"https:\/\/brasilnoticias.org\/site\/leandro-guerrilha-cobra-mais-seguranca-e-propoe-base-fixa-da-pm-e-gcm-no-cabula\/\"},\"wordCount\":318,\"commentCount\":0,\"publisher\":{\"@id\":\"https:\/\/brasilnoticias.org\/site\/#organization\"},\"image\":{\"@id\":\"https:\/\/brasilnoticias.org\/site\/leandro-guerrilha-cobra-mais-seguranca-e-propoe-base-fixa-da-pm-e-gcm-no-cabula\/#primaryimage\"},\"thumbnailUrl\":\"https:\/\/brasilnoticias.org\/site\/wp-content\/uploads\/2023\/04\/WhatsApp-Image-2023-04-13-at-17.39.54.jpeg\",\"articleSection\":[\"Pol\u00edtica\",\"\u00daltimas\"],\"inLanguage\":\"pt-PT\",\"potentialAction\":[{\"@type\":\"CommentAction\",\"name\":\"Comment\",\"target\":[\"https:\/\/brasilnoticias.org\/site\/leandro-guerrilha-cobra-mais-seguranca-e-propoe-base-fixa-da-pm-e-gcm-no-cabula\/#respond\"]}]},{\"@type\":\"WebPage\",\"@id\":\"https:\/\/brasilnoticias.org\/site\/leandro-guerrilha-cobra-mais-seguranca-e-propoe-base-fixa-da-pm-e-gcm-no-cabula\/\",\"url\":\"https:\/\/brasilnoticias.org\/site\/leandro-guerrilha-cobra-mais-seguranca-e-propoe-base-fixa-da-pm-e-gcm-no-cabula\/\",\"name\":\"Leandro Guerrilha cobra mais seguran\u00e7a e prop\u00f5e base fixa da PM e GCM no Cabula - Brasil not\u00edcias\",\"isPartOf\":{\"@id\":\"https:\/\/brasilnoticias.org\/site\/#website\"},\"primaryImageOfPage\":{\"@id\":\"https:\/\/brasilnoticias.org\/site\/leandro-guerrilha-cobra-mais-seguranca-e-propoe-base-fixa-da-pm-e-gcm-no-cabula\/#primaryimage\"},\"image\":{\"@id\":\"https:\/\/brasilnoticias.org\/site\/leandro-guerrilha-cobra-mais-seguranca-e-propoe-base-fixa-da-pm-e-gcm-no-cabula\/#primaryimage\"},\"thumbnailUrl\":\"https:\/\/brasilnoticias.org\/site\/wp-content\/uploads\/2023\/04\/WhatsApp-Image-2023-04-13-at-17.39.54.jpeg\",\"datePublished\":\"2023-04-14T11:41:40+00:00\",\"breadcrumb\":{\"@id\":\"https:\/\/brasilnoticias.org\/site\/leandro-guerrilha-cobra-mais-seguranca-e-propoe-base-fixa-da-pm-e-gcm-no-cabula\/#breadcrumb\"},\"inLanguage\":\"pt-PT\",\"potentialAction\":[{\"@type\":\"ReadAction\",\"target\":[\"https:\/\/brasilnoticias.org\/site\/leandro-guerrilha-cobra-mais-seguranca-e-propoe-base-fixa-da-pm-e-gcm-no-cabula\/\"]}]},{\"@type\":\"ImageObject\",\"inLanguage\":\"pt-PT\",\"@id\":\"https:\/\/brasilnoticias.org\/site\/leandro-guerrilha-cobra-mais-seguranca-e-propoe-base-fixa-da-pm-e-gcm-no-cabula\/#primaryimage\",\"url\":\"https:\/\/brasilnoticias.org\/site\/wp-content\/uploads\/2023\/04\/WhatsApp-Image-2023-04-13-at-17.39.54.jpeg\",\"contentUrl\":\"https:\/\/brasilnoticias.org\/site\/wp-content\/uploads\/2023\/04\/WhatsApp-Image-2023-04-13-at-17.39.54.jpeg\",\"width\":1600,\"height\":1200},{\"@type\":\"BreadcrumbList\",\"@id\":\"https:\/\/brasilnoticias.org\/site\/leandro-guerrilha-cobra-mais-seguranca-e-propoe-base-fixa-da-pm-e-gcm-no-cabula\/#breadcrumb\",\"itemListElement\":[{\"@type\":\"ListItem\",\"position\":1,\"name\":\"In\u00edcio\",\"item\":\"https:\/\/brasilnoticias.org\/site\/\"},{\"@type\":\"ListItem\",\"position\":2,\"name\":\"Leandro Guerrilha cobra mais seguran\u00e7a e prop\u00f5e base fixa da PM e GCM no Cabula\"}]},{\"@type\":\"WebSite\",\"@id\":\"https:\/\/brasilnoticias.org\/site\/#website\",\"url\":\"https:\/\/brasilnoticias.org\/site\/\",\"name\":\"Brasil not\u00edcias\",\"description\":\"Brasil not\u00edcias\",\"publisher\":{\"@id\":\"https:\/\/brasilnoticias.org\/site\/#organization\"},\"potentialAction\":[{\"@type\":\"SearchAction\",\"target\":{\"@type\":\"EntryPoint\",\"urlTemplate\":\"https:\/\/brasilnoticias.org\/site\/?s={search_term_string}\"},\"query-input\":{\"@type\":\"PropertyValueSpecification\",\"valueRequired\":true,\"valueName\":\"search_term_string\"}}],\"inLanguage\":\"pt-PT\"},{\"@type\":\"Organization\",\"@id\":\"https:\/\/brasilnoticias.org\/site\/#organization\",\"name\":\"Brasil not\u00edcias\",\"url\":\"https:\/\/brasilnoticias.org\/site\/\",\"logo\":{\"@type\":\"ImageObject\",\"inLanguage\":\"pt-PT\",\"@id\":\"https:\/\/brasilnoticias.org\/site\/#\/schema\/logo\/image\/\",\"url\":\"https:\/\/brasilnoticias.org\/site\/wp-content\/uploads\/2022\/05\/cropped-brasilnoticias-mini.jpg\",\"contentUrl\":\"https:\/\/brasilnoticias.org\/site\/wp-content\/uploads\/2022\/05\/cropped-brasilnoticias-mini.jpg\",\"width\":314,\"height\":86,\"caption\":\"Brasil not\u00edcias\"},\"image\":{\"@id\":\"https:\/\/brasilnoticias.org\/site\/#\/schema\/logo\/image\/\"}},{\"@type\":\"Person\",\"@id\":\"https:\/\/brasilnoticias.org\/site\/#\/schema\/person\/a0e05b973ec4d15c658d51911e53507b\",\"name\":\"Reda\u00e7\u00e3o\",\"image\":{\"@type\":\"ImageObject\",\"inLanguage\":\"pt-PT\",\"@id\":\"https:\/\/brasilnoticias.org\/site\/#\/schema\/person\/image\/\",\"url\":\"https:\/\/secure.gravatar.com\/avatar\/75d8b050df2de108b08ae78dfb8e374892df24a383c67db9c46a9c604f6aee9c?s=96&d=mm&r=g\",\"contentUrl\":\"https:\/\/secure.gravatar.com\/avatar\/75d8b050df2de108b08ae78dfb8e374892df24a383c67db9c46a9c604f6aee9c?s=96&d=mm&r=g\",\"caption\":\"Reda\u00e7\u00e3o\"},\"sameAs\":[\"https:\/\/brasilnoticias.org\/site\"],\"url\":\"https:\/\/brasilnoticias.org\/site\/author\/fernandozsngmail-com\/\"}]}<\/script>\n<!-- \/ Yoast SEO plugin. -->","yoast_head_json":{"title":"Leandro Guerrilha cobra mais seguran\u00e7a e prop\u00f5e base fixa da PM e GCM no Cabula - Brasil not\u00edcias","robots":{"index":"index","follow":"follow","max-snippet":"max-snippet:-1","max-image-preview":"max-image-preview:large","max-video-preview":"max-video-preview:-1"},"canonical":"https:\/\/brasilnoticias.org\/site\/leandro-guerrilha-cobra-mais-seguranca-e-propoe-base-fixa-da-pm-e-gcm-no-cabula\/","og_locale":"pt_PT","og_type":"article","og_title":"Leandro Guerrilha cobra mais seguran\u00e7a e prop\u00f5e base fixa da PM e GCM no Cabula - Brasil not\u00edcias","og_description":"A falta de inseguran\u00e7a em Salvador e os recentes confrontos entre fac\u00e7\u00f5es na regi\u00e3o do Cabula e Tancredo Neves foram","og_url":"https:\/\/brasilnoticias.org\/site\/leandro-guerrilha-cobra-mais-seguranca-e-propoe-base-fixa-da-pm-e-gcm-no-cabula\/","og_site_name":"Brasil not\u00edcias","article_published_time":"2023-04-14T11:41:40+00:00","og_image":[{"width":1600,"height":1200,"url":"https:\/\/brasilnoticias.org\/site\/wp-content\/uploads\/2023\/04\/WhatsApp-Image-2023-04-13-at-17.39.54.jpeg","type":"image\/jpeg"}],"author":"Reda\u00e7\u00e3o","twitter_card":"summary_large_image","twitter_misc":{"Escrito por":"Reda\u00e7\u00e3o"},"schema":{"@context":"https:\/\/schema.org","@graph":[{"@type":"Article","@id":"https:\/\/brasilnoticias.org\/site\/leandro-guerrilha-cobra-mais-seguranca-e-propoe-base-fixa-da-pm-e-gcm-no-cabula\/#article","isPartOf":{"@id":"https:\/\/brasilnoticias.org\/site\/leandro-guerrilha-cobra-mais-seguranca-e-propoe-base-fixa-da-pm-e-gcm-no-cabula\/"},"author":{"name":"Reda\u00e7\u00e3o","@id":"https:\/\/brasilnoticias.org\/site\/#\/schema\/person\/a0e05b973ec4d15c658d51911e53507b"},"headline":"Leandro Guerrilha cobra mais seguran\u00e7a e prop\u00f5e base fixa da PM e GCM no Cabula","datePublished":"2023-04-14T11:41:40+00:00","mainEntityOfPage":{"@id":"https:\/\/brasilnoticias.org\/site\/leandro-guerrilha-cobra-mais-seguranca-e-propoe-base-fixa-da-pm-e-gcm-no-cabula\/"},"wordCount":318,"commentCount":0,"publisher":{"@id":"https:\/\/brasilnoticias.org\/site\/#organization"},"image":{"@id":"https:\/\/brasilnoticias.org\/site\/leandro-guerrilha-cobra-mais-seguranca-e-propoe-base-fixa-da-pm-e-gcm-no-cabula\/#primaryimage"},"thumbnailUrl":"https:\/\/brasilnoticias.org\/site\/wp-content\/uploads\/2023\/04\/WhatsApp-Image-2023-04-13-at-17.39.54.jpeg","articleSection":["Pol\u00edtica","\u00daltimas"],"inLanguage":"pt-PT","potentialAction":[{"@type":"CommentAction","name":"Comment","target":["https:\/\/brasilnoticias.org\/site\/leandro-guerrilha-cobra-mais-seguranca-e-propoe-base-fixa-da-pm-e-gcm-no-cabula\/#respond"]}]},{"@type":"WebPage","@id":"https:\/\/brasilnoticias.org\/site\/leandro-guerrilha-cobra-mais-seguranca-e-propoe-base-fixa-da-pm-e-gcm-no-cabula\/","url":"https:\/\/brasilnoticias.org\/site\/leandro-guerrilha-cobra-mais-seguranca-e-propoe-base-fixa-da-pm-e-gcm-no-cabula\/","name":"Leandro Guerrilha cobra mais seguran\u00e7a e prop\u00f5e base fixa da PM e GCM no Cabula - Brasil not\u00edcias","isPartOf":{"@id":"https:\/\/brasilnoticias.org\/site\/#website"},"primaryImageOfPage":{"@id":"https:\/\/brasilnoticias.org\/site\/leandro-guerrilha-cobra-mais-seguranca-e-propoe-base-fixa-da-pm-e-gcm-no-cabula\/#primaryimage"},"image":{"@id":"https:\/\/brasilnoticias.org\/site\/leandro-guerrilha-cobra-mais-seguranca-e-propoe-base-fixa-da-pm-e-gcm-no-cabula\/#primaryimage"},"thumbnailUrl":"https:\/\/brasilnoticias.org\/site\/wp-content\/uploads\/2023\/04\/WhatsApp-Image-2023-04-13-at-17.39.54.jpeg","datePublished":"2023-04-14T11:41:40+00:00","breadcrumb":{"@id":"https:\/\/brasilnoticias.org\/site\/leandro-guerrilha-cobra-mais-seguranca-e-propoe-base-fixa-da-pm-e-gcm-no-cabula\/#breadcrumb"},"inLanguage":"pt-PT","potentialAction":[{"@type":"ReadAction","target":["https:\/\/brasilnoticias.org\/site\/leandro-guerrilha-cobra-mais-seguranca-e-propoe-base-fixa-da-pm-e-gcm-no-cabula\/"]}]},{"@type":"ImageObject","inLanguage":"pt-PT","@id":"https:\/\/brasilnoticias.org\/site\/leandro-guerrilha-cobra-mais-seguranca-e-propoe-base-fixa-da-pm-e-gcm-no-cabula\/#primaryimage","url":"https:\/\/brasilnoticias.org\/site\/wp-content\/uploads\/2023\/04\/WhatsApp-Image-2023-04-13-at-17.39.54.jpeg","contentUrl":"https:\/\/brasilnoticias.org\/site\/wp-content\/uploads\/2023\/04\/WhatsApp-Image-2023-04-13-at-17.39.54.jpeg","width":1600,"height":1200},{"@type":"BreadcrumbList","@id":"https:\/\/brasilnoticias.org\/site\/leandro-guerrilha-cobra-mais-seguranca-e-propoe-base-fixa-da-pm-e-gcm-no-cabula\/#breadcrumb","itemListElement":[{"@type":"ListItem","position":1,"name":"In\u00edcio","item":"https:\/\/brasilnoticias.org\/site\/"},{"@type":"ListItem","position":2,"name":"Leandro Guerrilha cobra mais seguran\u00e7a e prop\u00f5e base fixa da PM e GCM no Cabula"}]},{"@type":"WebSite","@id":"https:\/\/brasilnoticias.org\/site\/#website","url":"https:\/\/brasilnoticias.org\/site\/","name":"Brasil not\u00edcias","description":"Brasil not\u00edcias","publisher":{"@id":"https:\/\/brasilnoticias.org\/site\/#organization"},"potentialAction":[{"@type":"SearchAction","target":{"@type":"EntryPoint","urlTemplate":"https:\/\/brasilnoticias.org\/site\/?s={search_term_string}"},"query-input":{"@type":"PropertyValueSpecification","valueRequired":true,"valueName":"search_term_string"}}],"inLanguage":"pt-PT"},{"@type":"Organization","@id":"https:\/\/brasilnoticias.org\/site\/#organization","name":"Brasil not\u00edcias","url":"https:\/\/brasilnoticias.org\/site\/","logo":{"@type":"ImageObject","inLanguage":"pt-PT","@id":"https:\/\/brasilnoticias.org\/site\/#\/schema\/logo\/image\/","url":"https:\/\/brasilnoticias.org\/site\/wp-content\/uploads\/2022\/05\/cropped-brasilnoticias-mini.jpg","contentUrl":"https:\/\/brasilnoticias.org\/site\/wp-content\/uploads\/2022\/05\/cropped-brasilnoticias-mini.jpg","width":314,"height":86,"caption":"Brasil not\u00edcias"},"image":{"@id":"https:\/\/brasilnoticias.org\/site\/#\/schema\/logo\/image\/"}},{"@type":"Person","@id":"https:\/\/brasilnoticias.org\/site\/#\/schema\/person\/a0e05b973ec4d15c658d51911e53507b","name":"Reda\u00e7\u00e3o","image":{"@type":"ImageObject","inLanguage":"pt-PT","@id":"https:\/\/brasilnoticias.org\/site\/#\/schema\/person\/image\/","url":"https:\/\/secure.gravatar.com\/avatar\/75d8b050df2de108b08ae78dfb8e374892df24a383c67db9c46a9c604f6aee9c?s=96&d=mm&r=g","contentUrl":"https:\/\/secure.gravatar.com\/avatar\/75d8b050df2de108b08ae78dfb8e374892df24a383c67db9c46a9c604f6aee9c?s=96&d=mm&r=g","caption":"Reda\u00e7\u00e3o"},"sameAs":["https:\/\/brasilnoticias.org\/site"],"url":"https:\/\/brasilnoticias.org\/site\/author\/fernandozsngmail-com\/"}]}},"_links":{"self":[{"href":"https:\/\/brasilnoticias.org\/site\/wp-json\/wp\/v2\/posts\/5411","targetHints":{"allow":["GET"]}}],"collection":[{"href":"https:\/\/brasilnoticias.org\/site\/wp-json\/wp\/v2\/posts"}],"about":[{"href":"https:\/\/brasilnoticias.org\/site\/wp-json\/wp\/v2\/types\/post"}],"author":[{"embeddable":true,"href":"https:\/\/brasilnoticias.org\/site\/wp-json\/wp\/v2\/users\/1"}],"replies":[{"embeddable":true,"href":"https:\/\/brasilnoticias.org\/site\/wp-json\/wp\/v2\/comments?post=5411"}],"version-history":[{"count":1,"href":"https:\/\/brasilnoticias.org\/site\/wp-json\/wp\/v2\/posts\/5411\/revisions"}],"predecessor-version":[{"id":5413,"href":"https:\/\/brasilnoticias.org\/site\/wp-json\/wp\/v2\/posts\/5411\/revisions\/5413"}],"wp:featuredmedia":[{"embeddable":true,"href":"https:\/\/brasilnoticias.org\/site\/wp-json\/wp\/v2\/media\/5412"}],"wp:attachment":[{"href":"https:\/\/brasilnoticias.org\/site\/wp-json\/wp\/v2\/media?parent=5411"}],"wp:term":[{"taxonomy":"category","embeddable":true,"href":"https:\/\/brasilnoticias.org\/site\/wp-json\/wp\/v2\/categories?post=5411"},{"taxonomy":"post_tag","embeddable":true,"href":"https:\/\/brasilnoticias.org\/site\/wp-json\/wp\/v2\/tags?post=5411"}],"curies":[{"name":"wp","href":"https:\/\/api.w.org\/{rel}","templated":true}]}}