{"id":5426,"date":"2023-04-15T06:17:30","date_gmt":"2023-04-15T09:17:30","guid":{"rendered":"https:\/\/brasilnoticias.org\/site\/?p=5426"},"modified":"2023-04-15T06:17:30","modified_gmt":"2023-04-15T09:17:30","slug":"operacao-desmonta-barricada-e-apreende-submetralhadora-em-salvador","status":"publish","type":"post","link":"https:\/\/brasilnoticias.org\/site\/operacao-desmonta-barricada-e-apreende-submetralhadora-em-salvador\/","title":{"rendered":"Opera\u00e7\u00e3o desmonta barricada e apreende submetralhadora em Salvador"},"content":{"rendered":"<p>Equipes da 23\u00aa Companhia Independente da Pol\u00edcia Militar (CIPM), que atuam na Opera\u00e7\u00e3o Intensifica\u00e7\u00e3o, que tem sido realizada em Salvador, desmontaram barricadas na localidade de Burac\u00e3o, no bairro de Tancredo Neves, na tarde desta sexta-feira (14). Os militares patrulhavam a regi\u00e3o quando identificaram a estrutura montada pelos criminosos para reduzir o acesso das viaturas, eacabaram utilizando um caminh\u00e3o do tipo munck para remo\u00e7\u00e3o do concreto.<\/p>\n<p>De acordo com o  tenente-coronel Ant\u00f4nio Carlos Silva, comandante do Comando de Polciaimento Regional (CPR) Central, a Opera\u00e7\u00e3o Intensifica\u00e7\u00e3o alcan\u00e7ou tamb\u00e9m um desmanche de motocicletas, no bairro de Engomadeira. Al\u00e9m de pe\u00e7as diversas de ve\u00edculos desmontados, os policiais tamb\u00e9m recuperaram uma motocicleta. J\u00e1 no bairro de Sussuarana, na Rua Mois\u00e9s Mendes, em Sussuarana, os militares localizaram um subtralhadora, calibre 40, com carregador e muni\u00e7\u00f5es<\/p>\n<p>A Opera\u00e7\u00e3o, que come\u00e7ou na noite da \u00faltima quarta-feira (12), j\u00e1 conseguiu localizar e prender 14 suspeitos, sendo, um deles, um detento que havia sido beneficiado com sa\u00edda tempor\u00e1ria pela Justi\u00e7a, mas que n\u00e3o voltou a unidade prisional.  Nesse tempo, militares tamb\u00e9m localizaram um laborat\u00f3rio equipado com prensa hidr\u00e1ulica, mais de 50 quilos de entorpecentes, balan\u00e7as, pistolas, rev\u00f3lver, espingarda semiautom\u00e1tica e carregadores<\/p>\n<p>Foto Divulga\u00e7\u00e3o SSP<br \/>\nBNews<\/p>\n","protected":false},"excerpt":{"rendered":"<p>Equipes da 23\u00aa Companhia Independente da Pol\u00edcia Militar (CIPM), que atuam na Opera\u00e7\u00e3o Intensifica\u00e7\u00e3o, que tem sido realizada em Salvador,<\/p>\n","protected":false},"author":1,"featured_media":5427,"comment_status":"open","ping_status":"open","sticky":false,"template":"","format":"standard","meta":{"colormag_page_container_layout":"default_layout","colormag_page_sidebar_layout":"default_layout","_FSMCFIC_featured_image_caption":"","_FSMCFIC_featured_image_nocaption":"","_FSMCFIC_featured_image_hide":"","footnotes":""},"categories":[3,1],"tags":[],"class_list":["post-5426","post","type-post","status-publish","format-standard","has-post-thumbnail","hentry","category-policia","category-ultimas"],"yoast_head":"<!-- This site is optimized with the Yoast SEO plugin v27.1.1 - https:\/\/yoast.com\/product\/yoast-seo-wordpress\/ -->\n<title>Opera\u00e7\u00e3o desmonta barricada e apreende submetralhadora em Salvador - Brasil not\u00edcias<\/title>\n<meta name=\"robots\" content=\"index, follow, max-snippet:-1, max-image-preview:large, max-video-preview:-1\" \/>\n<link rel=\"canonical\" href=\"https:\/\/brasilnoticias.org\/site\/operacao-desmonta-barricada-e-apreende-submetralhadora-em-salvador\/\" \/>\n<meta property=\"og:locale\" content=\"pt_PT\" \/>\n<meta property=\"og:type\" content=\"article\" \/>\n<meta property=\"og:title\" content=\"Opera\u00e7\u00e3o desmonta barricada e apreende submetralhadora em Salvador - Brasil not\u00edcias\" \/>\n<meta property=\"og:description\" content=\"Equipes da 23\u00aa Companhia Independente da Pol\u00edcia Militar (CIPM), que atuam na Opera\u00e7\u00e3o Intensifica\u00e7\u00e3o, que tem sido realizada em Salvador,\" \/>\n<meta property=\"og:url\" content=\"https:\/\/brasilnoticias.org\/site\/operacao-desmonta-barricada-e-apreende-submetralhadora-em-salvador\/\" \/>\n<meta property=\"og:site_name\" content=\"Brasil not\u00edcias\" \/>\n<meta property=\"article:published_time\" content=\"2023-04-15T09:17:30+00:00\" \/>\n<meta property=\"og:image\" content=\"https:\/\/brasilnoticias.org\/site\/wp-content\/uploads\/2023\/04\/operacao_desmonta_barricada_e_apreende_submetralhadora_em_salvador_widelg.jpeg\" \/>\n\t<meta property=\"og:image:width\" content=\"800\" \/>\n\t<meta property=\"og:image:height\" content=\"450\" \/>\n\t<meta property=\"og:image:type\" content=\"image\/jpeg\" \/>\n<meta name=\"author\" content=\"Reda\u00e7\u00e3o\" \/>\n<meta name=\"twitter:card\" content=\"summary_large_image\" \/>\n<meta name=\"twitter:label1\" content=\"Escrito por\" \/>\n\t<meta name=\"twitter:data1\" content=\"Reda\u00e7\u00e3o\" \/>\n<script type=\"application\/ld+json\" class=\"yoast-schema-graph\">{\"@context\":\"https:\/\/schema.org\",\"@graph\":[{\"@type\":\"Article\",\"@id\":\"https:\/\/brasilnoticias.org\/site\/operacao-desmonta-barricada-e-apreende-submetralhadora-em-salvador\/#article\",\"isPartOf\":{\"@id\":\"https:\/\/brasilnoticias.org\/site\/operacao-desmonta-barricada-e-apreende-submetralhadora-em-salvador\/\"},\"author\":{\"name\":\"Reda\u00e7\u00e3o\",\"@id\":\"https:\/\/brasilnoticias.org\/site\/#\/schema\/person\/a0e05b973ec4d15c658d51911e53507b\"},\"headline\":\"Opera\u00e7\u00e3o desmonta barricada e apreende submetralhadora em Salvador\",\"datePublished\":\"2023-04-15T09:17:30+00:00\",\"mainEntityOfPage\":{\"@id\":\"https:\/\/brasilnoticias.org\/site\/operacao-desmonta-barricada-e-apreende-submetralhadora-em-salvador\/\"},\"wordCount\":229,\"commentCount\":0,\"publisher\":{\"@id\":\"https:\/\/brasilnoticias.org\/site\/#organization\"},\"image\":{\"@id\":\"https:\/\/brasilnoticias.org\/site\/operacao-desmonta-barricada-e-apreende-submetralhadora-em-salvador\/#primaryimage\"},\"thumbnailUrl\":\"https:\/\/brasilnoticias.org\/site\/wp-content\/uploads\/2023\/04\/operacao_desmonta_barricada_e_apreende_submetralhadora_em_salvador_widelg.jpeg\",\"articleSection\":[\"Pol\u00edcia\",\"\u00daltimas\"],\"inLanguage\":\"pt-PT\",\"potentialAction\":[{\"@type\":\"CommentAction\",\"name\":\"Comment\",\"target\":[\"https:\/\/brasilnoticias.org\/site\/operacao-desmonta-barricada-e-apreende-submetralhadora-em-salvador\/#respond\"]}]},{\"@type\":\"WebPage\",\"@id\":\"https:\/\/brasilnoticias.org\/site\/operacao-desmonta-barricada-e-apreende-submetralhadora-em-salvador\/\",\"url\":\"https:\/\/brasilnoticias.org\/site\/operacao-desmonta-barricada-e-apreende-submetralhadora-em-salvador\/\",\"name\":\"Opera\u00e7\u00e3o desmonta barricada e apreende submetralhadora em Salvador - Brasil not\u00edcias\",\"isPartOf\":{\"@id\":\"https:\/\/brasilnoticias.org\/site\/#website\"},\"primaryImageOfPage\":{\"@id\":\"https:\/\/brasilnoticias.org\/site\/operacao-desmonta-barricada-e-apreende-submetralhadora-em-salvador\/#primaryimage\"},\"image\":{\"@id\":\"https:\/\/brasilnoticias.org\/site\/operacao-desmonta-barricada-e-apreende-submetralhadora-em-salvador\/#primaryimage\"},\"thumbnailUrl\":\"https:\/\/brasilnoticias.org\/site\/wp-content\/uploads\/2023\/04\/operacao_desmonta_barricada_e_apreende_submetralhadora_em_salvador_widelg.jpeg\",\"datePublished\":\"2023-04-15T09:17:30+00:00\",\"breadcrumb\":{\"@id\":\"https:\/\/brasilnoticias.org\/site\/operacao-desmonta-barricada-e-apreende-submetralhadora-em-salvador\/#breadcrumb\"},\"inLanguage\":\"pt-PT\",\"potentialAction\":[{\"@type\":\"ReadAction\",\"target\":[\"https:\/\/brasilnoticias.org\/site\/operacao-desmonta-barricada-e-apreende-submetralhadora-em-salvador\/\"]}]},{\"@type\":\"ImageObject\",\"inLanguage\":\"pt-PT\",\"@id\":\"https:\/\/brasilnoticias.org\/site\/operacao-desmonta-barricada-e-apreende-submetralhadora-em-salvador\/#primaryimage\",\"url\":\"https:\/\/brasilnoticias.org\/site\/wp-content\/uploads\/2023\/04\/operacao_desmonta_barricada_e_apreende_submetralhadora_em_salvador_widelg.jpeg\",\"contentUrl\":\"https:\/\/brasilnoticias.org\/site\/wp-content\/uploads\/2023\/04\/operacao_desmonta_barricada_e_apreende_submetralhadora_em_salvador_widelg.jpeg\",\"width\":800,\"height\":450},{\"@type\":\"BreadcrumbList\",\"@id\":\"https:\/\/brasilnoticias.org\/site\/operacao-desmonta-barricada-e-apreende-submetralhadora-em-salvador\/#breadcrumb\",\"itemListElement\":[{\"@type\":\"ListItem\",\"position\":1,\"name\":\"In\u00edcio\",\"item\":\"https:\/\/brasilnoticias.org\/site\/\"},{\"@type\":\"ListItem\",\"position\":2,\"name\":\"Opera\u00e7\u00e3o desmonta barricada e apreende submetralhadora em Salvador\"}]},{\"@type\":\"WebSite\",\"@id\":\"https:\/\/brasilnoticias.org\/site\/#website\",\"url\":\"https:\/\/brasilnoticias.org\/site\/\",\"name\":\"Brasil not\u00edcias\",\"description\":\"Brasil not\u00edcias\",\"publisher\":{\"@id\":\"https:\/\/brasilnoticias.org\/site\/#organization\"},\"potentialAction\":[{\"@type\":\"SearchAction\",\"target\":{\"@type\":\"EntryPoint\",\"urlTemplate\":\"https:\/\/brasilnoticias.org\/site\/?s={search_term_string}\"},\"query-input\":{\"@type\":\"PropertyValueSpecification\",\"valueRequired\":true,\"valueName\":\"search_term_string\"}}],\"inLanguage\":\"pt-PT\"},{\"@type\":\"Organization\",\"@id\":\"https:\/\/brasilnoticias.org\/site\/#organization\",\"name\":\"Brasil not\u00edcias\",\"url\":\"https:\/\/brasilnoticias.org\/site\/\",\"logo\":{\"@type\":\"ImageObject\",\"inLanguage\":\"pt-PT\",\"@id\":\"https:\/\/brasilnoticias.org\/site\/#\/schema\/logo\/image\/\",\"url\":\"https:\/\/brasilnoticias.org\/site\/wp-content\/uploads\/2022\/05\/cropped-brasilnoticias-mini.jpg\",\"contentUrl\":\"https:\/\/brasilnoticias.org\/site\/wp-content\/uploads\/2022\/05\/cropped-brasilnoticias-mini.jpg\",\"width\":314,\"height\":86,\"caption\":\"Brasil not\u00edcias\"},\"image\":{\"@id\":\"https:\/\/brasilnoticias.org\/site\/#\/schema\/logo\/image\/\"}},{\"@type\":\"Person\",\"@id\":\"https:\/\/brasilnoticias.org\/site\/#\/schema\/person\/a0e05b973ec4d15c658d51911e53507b\",\"name\":\"Reda\u00e7\u00e3o\",\"image\":{\"@type\":\"ImageObject\",\"inLanguage\":\"pt-PT\",\"@id\":\"https:\/\/brasilnoticias.org\/site\/#\/schema\/person\/image\/\",\"url\":\"https:\/\/secure.gravatar.com\/avatar\/75d8b050df2de108b08ae78dfb8e374892df24a383c67db9c46a9c604f6aee9c?s=96&d=mm&r=g\",\"contentUrl\":\"https:\/\/secure.gravatar.com\/avatar\/75d8b050df2de108b08ae78dfb8e374892df24a383c67db9c46a9c604f6aee9c?s=96&d=mm&r=g\",\"caption\":\"Reda\u00e7\u00e3o\"},\"sameAs\":[\"https:\/\/brasilnoticias.org\/site\"],\"url\":\"https:\/\/brasilnoticias.org\/site\/author\/fernandozsngmail-com\/\"}]}<\/script>\n<!-- \/ Yoast SEO plugin. -->","yoast_head_json":{"title":"Opera\u00e7\u00e3o desmonta barricada e apreende submetralhadora em Salvador - Brasil not\u00edcias","robots":{"index":"index","follow":"follow","max-snippet":"max-snippet:-1","max-image-preview":"max-image-preview:large","max-video-preview":"max-video-preview:-1"},"canonical":"https:\/\/brasilnoticias.org\/site\/operacao-desmonta-barricada-e-apreende-submetralhadora-em-salvador\/","og_locale":"pt_PT","og_type":"article","og_title":"Opera\u00e7\u00e3o desmonta barricada e apreende submetralhadora em Salvador - Brasil not\u00edcias","og_description":"Equipes da 23\u00aa Companhia Independente da Pol\u00edcia Militar (CIPM), que atuam na Opera\u00e7\u00e3o Intensifica\u00e7\u00e3o, que tem sido realizada em Salvador,","og_url":"https:\/\/brasilnoticias.org\/site\/operacao-desmonta-barricada-e-apreende-submetralhadora-em-salvador\/","og_site_name":"Brasil not\u00edcias","article_published_time":"2023-04-15T09:17:30+00:00","og_image":[{"width":800,"height":450,"url":"https:\/\/brasilnoticias.org\/site\/wp-content\/uploads\/2023\/04\/operacao_desmonta_barricada_e_apreende_submetralhadora_em_salvador_widelg.jpeg","type":"image\/jpeg"}],"author":"Reda\u00e7\u00e3o","twitter_card":"summary_large_image","twitter_misc":{"Escrito por":"Reda\u00e7\u00e3o"},"schema":{"@context":"https:\/\/schema.org","@graph":[{"@type":"Article","@id":"https:\/\/brasilnoticias.org\/site\/operacao-desmonta-barricada-e-apreende-submetralhadora-em-salvador\/#article","isPartOf":{"@id":"https:\/\/brasilnoticias.org\/site\/operacao-desmonta-barricada-e-apreende-submetralhadora-em-salvador\/"},"author":{"name":"Reda\u00e7\u00e3o","@id":"https:\/\/brasilnoticias.org\/site\/#\/schema\/person\/a0e05b973ec4d15c658d51911e53507b"},"headline":"Opera\u00e7\u00e3o desmonta barricada e apreende submetralhadora em Salvador","datePublished":"2023-04-15T09:17:30+00:00","mainEntityOfPage":{"@id":"https:\/\/brasilnoticias.org\/site\/operacao-desmonta-barricada-e-apreende-submetralhadora-em-salvador\/"},"wordCount":229,"commentCount":0,"publisher":{"@id":"https:\/\/brasilnoticias.org\/site\/#organization"},"image":{"@id":"https:\/\/brasilnoticias.org\/site\/operacao-desmonta-barricada-e-apreende-submetralhadora-em-salvador\/#primaryimage"},"thumbnailUrl":"https:\/\/brasilnoticias.org\/site\/wp-content\/uploads\/2023\/04\/operacao_desmonta_barricada_e_apreende_submetralhadora_em_salvador_widelg.jpeg","articleSection":["Pol\u00edcia","\u00daltimas"],"inLanguage":"pt-PT","potentialAction":[{"@type":"CommentAction","name":"Comment","target":["https:\/\/brasilnoticias.org\/site\/operacao-desmonta-barricada-e-apreende-submetralhadora-em-salvador\/#respond"]}]},{"@type":"WebPage","@id":"https:\/\/brasilnoticias.org\/site\/operacao-desmonta-barricada-e-apreende-submetralhadora-em-salvador\/","url":"https:\/\/brasilnoticias.org\/site\/operacao-desmonta-barricada-e-apreende-submetralhadora-em-salvador\/","name":"Opera\u00e7\u00e3o desmonta barricada e apreende submetralhadora em Salvador - Brasil not\u00edcias","isPartOf":{"@id":"https:\/\/brasilnoticias.org\/site\/#website"},"primaryImageOfPage":{"@id":"https:\/\/brasilnoticias.org\/site\/operacao-desmonta-barricada-e-apreende-submetralhadora-em-salvador\/#primaryimage"},"image":{"@id":"https:\/\/brasilnoticias.org\/site\/operacao-desmonta-barricada-e-apreende-submetralhadora-em-salvador\/#primaryimage"},"thumbnailUrl":"https:\/\/brasilnoticias.org\/site\/wp-content\/uploads\/2023\/04\/operacao_desmonta_barricada_e_apreende_submetralhadora_em_salvador_widelg.jpeg","datePublished":"2023-04-15T09:17:30+00:00","breadcrumb":{"@id":"https:\/\/brasilnoticias.org\/site\/operacao-desmonta-barricada-e-apreende-submetralhadora-em-salvador\/#breadcrumb"},"inLanguage":"pt-PT","potentialAction":[{"@type":"ReadAction","target":["https:\/\/brasilnoticias.org\/site\/operacao-desmonta-barricada-e-apreende-submetralhadora-em-salvador\/"]}]},{"@type":"ImageObject","inLanguage":"pt-PT","@id":"https:\/\/brasilnoticias.org\/site\/operacao-desmonta-barricada-e-apreende-submetralhadora-em-salvador\/#primaryimage","url":"https:\/\/brasilnoticias.org\/site\/wp-content\/uploads\/2023\/04\/operacao_desmonta_barricada_e_apreende_submetralhadora_em_salvador_widelg.jpeg","contentUrl":"https:\/\/brasilnoticias.org\/site\/wp-content\/uploads\/2023\/04\/operacao_desmonta_barricada_e_apreende_submetralhadora_em_salvador_widelg.jpeg","width":800,"height":450},{"@type":"BreadcrumbList","@id":"https:\/\/brasilnoticias.org\/site\/operacao-desmonta-barricada-e-apreende-submetralhadora-em-salvador\/#breadcrumb","itemListElement":[{"@type":"ListItem","position":1,"name":"In\u00edcio","item":"https:\/\/brasilnoticias.org\/site\/"},{"@type":"ListItem","position":2,"name":"Opera\u00e7\u00e3o desmonta barricada e apreende submetralhadora em Salvador"}]},{"@type":"WebSite","@id":"https:\/\/brasilnoticias.org\/site\/#website","url":"https:\/\/brasilnoticias.org\/site\/","name":"Brasil not\u00edcias","description":"Brasil not\u00edcias","publisher":{"@id":"https:\/\/brasilnoticias.org\/site\/#organization"},"potentialAction":[{"@type":"SearchAction","target":{"@type":"EntryPoint","urlTemplate":"https:\/\/brasilnoticias.org\/site\/?s={search_term_string}"},"query-input":{"@type":"PropertyValueSpecification","valueRequired":true,"valueName":"search_term_string"}}],"inLanguage":"pt-PT"},{"@type":"Organization","@id":"https:\/\/brasilnoticias.org\/site\/#organization","name":"Brasil not\u00edcias","url":"https:\/\/brasilnoticias.org\/site\/","logo":{"@type":"ImageObject","inLanguage":"pt-PT","@id":"https:\/\/brasilnoticias.org\/site\/#\/schema\/logo\/image\/","url":"https:\/\/brasilnoticias.org\/site\/wp-content\/uploads\/2022\/05\/cropped-brasilnoticias-mini.jpg","contentUrl":"https:\/\/brasilnoticias.org\/site\/wp-content\/uploads\/2022\/05\/cropped-brasilnoticias-mini.jpg","width":314,"height":86,"caption":"Brasil not\u00edcias"},"image":{"@id":"https:\/\/brasilnoticias.org\/site\/#\/schema\/logo\/image\/"}},{"@type":"Person","@id":"https:\/\/brasilnoticias.org\/site\/#\/schema\/person\/a0e05b973ec4d15c658d51911e53507b","name":"Reda\u00e7\u00e3o","image":{"@type":"ImageObject","inLanguage":"pt-PT","@id":"https:\/\/brasilnoticias.org\/site\/#\/schema\/person\/image\/","url":"https:\/\/secure.gravatar.com\/avatar\/75d8b050df2de108b08ae78dfb8e374892df24a383c67db9c46a9c604f6aee9c?s=96&d=mm&r=g","contentUrl":"https:\/\/secure.gravatar.com\/avatar\/75d8b050df2de108b08ae78dfb8e374892df24a383c67db9c46a9c604f6aee9c?s=96&d=mm&r=g","caption":"Reda\u00e7\u00e3o"},"sameAs":["https:\/\/brasilnoticias.org\/site"],"url":"https:\/\/brasilnoticias.org\/site\/author\/fernandozsngmail-com\/"}]}},"_links":{"self":[{"href":"https:\/\/brasilnoticias.org\/site\/wp-json\/wp\/v2\/posts\/5426","targetHints":{"allow":["GET"]}}],"collection":[{"href":"https:\/\/brasilnoticias.org\/site\/wp-json\/wp\/v2\/posts"}],"about":[{"href":"https:\/\/brasilnoticias.org\/site\/wp-json\/wp\/v2\/types\/post"}],"author":[{"embeddable":true,"href":"https:\/\/brasilnoticias.org\/site\/wp-json\/wp\/v2\/users\/1"}],"replies":[{"embeddable":true,"href":"https:\/\/brasilnoticias.org\/site\/wp-json\/wp\/v2\/comments?post=5426"}],"version-history":[{"count":1,"href":"https:\/\/brasilnoticias.org\/site\/wp-json\/wp\/v2\/posts\/5426\/revisions"}],"predecessor-version":[{"id":5428,"href":"https:\/\/brasilnoticias.org\/site\/wp-json\/wp\/v2\/posts\/5426\/revisions\/5428"}],"wp:featuredmedia":[{"embeddable":true,"href":"https:\/\/brasilnoticias.org\/site\/wp-json\/wp\/v2\/media\/5427"}],"wp:attachment":[{"href":"https:\/\/brasilnoticias.org\/site\/wp-json\/wp\/v2\/media?parent=5426"}],"wp:term":[{"taxonomy":"category","embeddable":true,"href":"https:\/\/brasilnoticias.org\/site\/wp-json\/wp\/v2\/categories?post=5426"},{"taxonomy":"post_tag","embeddable":true,"href":"https:\/\/brasilnoticias.org\/site\/wp-json\/wp\/v2\/tags?post=5426"}],"curies":[{"name":"wp","href":"https:\/\/api.w.org\/{rel}","templated":true}]}}