{"id":5429,"date":"2023-04-15T06:26:23","date_gmt":"2023-04-15T09:26:23","guid":{"rendered":"https:\/\/brasilnoticias.org\/site\/?p=5429"},"modified":"2023-04-15T06:26:23","modified_gmt":"2023-04-15T09:26:23","slug":"raimundo-costa-busca-apoio-do-mapa-para-dar-inicio-as-obras-do-mercado-de-peixe-em-valenca","status":"publish","type":"post","link":"https:\/\/brasilnoticias.org\/site\/raimundo-costa-busca-apoio-do-mapa-para-dar-inicio-as-obras-do-mercado-de-peixe-em-valenca\/","title":{"rendered":"Raimundo Costa busca apoio do MAPA para dar in\u00edcio as obras do mercado de peixe em Valen\u00e7a"},"content":{"rendered":"<p>A obra em quest\u00e3o teve a licita\u00e7\u00e3o deserta por abandono da empresa ganhadora e corre o risco de perder o recurso ao final de 2023.<br \/>\nNa \u00faltima quarta-feira (12), deputado federal Raimundo Costa (Pode\/BA) procurou o Minist\u00e9rio da Agricultura para tratar sobre o Mercado do Peixe em Valen\u00e7a (BA). A obra em quest\u00e3o teve a licita\u00e7\u00e3o deserta por abandono da empresa ganhadora e corre o risco de perder o recurso ao final de 2023.<\/p>\n<div style=\"width: 800px;\" class=\"wp-video\"><video class=\"wp-video-shortcode\" id=\"video-5429-1\" width=\"800\" height=\"453\" preload=\"metadata\" controls=\"controls\"><source type=\"video\/mp4\" src=\"https:\/\/brasilnoticias.org\/site\/wp-content\/uploads\/2023\/04\/WhatsApp-Video-2023-04-14-at-10.34.33.mp4?_=1\" \/><a href=\"https:\/\/brasilnoticias.org\/site\/wp-content\/uploads\/2023\/04\/WhatsApp-Video-2023-04-14-at-10.34.33.mp4\">https:\/\/brasilnoticias.org\/site\/wp-content\/uploads\/2023\/04\/WhatsApp-Video-2023-04-14-at-10.34.33.mp4<\/a><\/video><\/div>\n<p>O Mercado do Peixe em Valen\u00e7a (BA) \u00e9 um assunto delicado, tanto para os valencianos, quanto para o deputado da terra que desde 2019 briga pela conclus\u00e3o das obras. Em visita ao Minist\u00e9rio da Agricultura, Raimundo Costa comentou sobre a situa\u00e7\u00e3o. \u201cTeve a licita\u00e7\u00e3o, a empresa ganhadora desertou e a Caixa Econ\u00f4mica est\u00e1 criando dificuldade, por isso vim aqui buscar essa parceria. N\u00e3o \u00e9 poss\u00edvel que a Caixa n\u00e3o entenda que haja a necessidade de uma nova licita\u00e7\u00e3o\u201d. Raimundo ainda lembrou uma poss\u00edvel perda de recurso caso n\u00e3o aplicado at\u00e9 o fim de 2023. Em conversa com Samuel, assessor parlamentar do Ministro da Agricultura, Carlos F\u00e1varo, tranquilizou. \u201cDeputado, vou pegar esse processo em m\u00e3os, vou ao setor de or\u00e7amento, vou sentar com o Secret\u00e1rio respons\u00e1vel e o que a gente puder fazer, n\u00f3s vamos fazer\u201d, garantiu.<\/p>\n<p>Recurso parado desde 2019<br \/>\nAtrav\u00e9s de of\u00edcio encaminhado ao Minist\u00e9rio da Agricultura em outubro de 2019, Raimundo Costa solicitou o encaminhamento de recursos no valor de R$ 3 milh\u00f5es para constru\u00e7\u00e3o de um novo Mercado do Peixe e F\u00e1brica de Gelo em Valen\u00e7a. \u201cOs recursos s\u00e3o de 2019, esse valor j\u00e1 n\u00e3o \u00e9 o mesmo valor de mercado. J\u00e1 n\u00e3o mais faz uma obra como o Mercado de Peixe com esse valor\u201d.<br \/>\nEm janeiro de 2020, o parlamentar assinou o Contrato de Repasse para as obras do Mercado de Peixe e a F\u00e1brica de Gelo juntamente com o Superintendente da Caixa Econ\u00f4mica Federal, Marcos Vin\u00edcius, o Gerente em exerc\u00edcio Anderson Andrade, o Presidente da Bahia Pesca, Marcelo Oliveira, a ent\u00e3o vereadora do munic\u00edpio de Valen\u00e7a, Vane Costa, e a Presidente da Col\u00f4nia de Pescadores Z15, Gra\u00e7a Santos.<br \/>\nO deputado baiano informou em fevereiro de 2021, a contrata\u00e7\u00e3o das empresas respons\u00e1veis pela elabora\u00e7\u00e3o dos projetos executivos, algo que requeria cuidado por ser uma constru\u00e7\u00e3o nova do Mercado de Pescados. No m\u00eas seguinte a contrata\u00e7\u00e3o das empresas, a Caixa autorizou a primeira etapa da obra, dando in\u00edcio a sondagem, topografia e projeto executivo. Entretanto, a empresa desertou. \u201cN\u00e3o \u00e9 poss\u00edvel que um conv\u00eanio com recurso pago, executando, s\u00f3 por uma quest\u00e3o de licita\u00e7\u00e3o que a empresa n\u00e3o quer mais seguir, permanecer nessa situa\u00e7\u00e3o\u201d, disse Raimundo Costa.<\/p>\n","protected":false},"excerpt":{"rendered":"<p>A obra em quest\u00e3o teve a licita\u00e7\u00e3o deserta por abandono da empresa ganhadora e corre o risco de perder o<\/p>\n","protected":false},"author":1,"featured_media":5431,"comment_status":"open","ping_status":"open","sticky":false,"template":"","format":"standard","meta":{"colormag_page_container_layout":"default_layout","colormag_page_sidebar_layout":"default_layout","_FSMCFIC_featured_image_caption":"","_FSMCFIC_featured_image_nocaption":"","_FSMCFIC_featured_image_hide":"","footnotes":""},"categories":[5],"tags":[],"class_list":["post-5429","post","type-post","status-publish","format-standard","has-post-thumbnail","hentry","category-politica"],"yoast_head":"<!-- This site is optimized with the Yoast SEO plugin v27.1.1 - https:\/\/yoast.com\/product\/yoast-seo-wordpress\/ -->\n<title>Raimundo Costa busca apoio do MAPA para dar in\u00edcio as obras do mercado de peixe em Valen\u00e7a - Brasil not\u00edcias<\/title>\n<meta name=\"robots\" content=\"index, follow, max-snippet:-1, max-image-preview:large, max-video-preview:-1\" \/>\n<link rel=\"canonical\" href=\"https:\/\/brasilnoticias.org\/site\/raimundo-costa-busca-apoio-do-mapa-para-dar-inicio-as-obras-do-mercado-de-peixe-em-valenca\/\" \/>\n<meta property=\"og:locale\" content=\"pt_PT\" \/>\n<meta property=\"og:type\" content=\"article\" \/>\n<meta property=\"og:title\" content=\"Raimundo Costa busca apoio do MAPA para dar in\u00edcio as obras do mercado de peixe em Valen\u00e7a - Brasil not\u00edcias\" \/>\n<meta property=\"og:description\" content=\"A obra em quest\u00e3o teve a licita\u00e7\u00e3o deserta por abandono da empresa ganhadora e corre o risco de perder o\" \/>\n<meta property=\"og:url\" content=\"https:\/\/brasilnoticias.org\/site\/raimundo-costa-busca-apoio-do-mapa-para-dar-inicio-as-obras-do-mercado-de-peixe-em-valenca\/\" \/>\n<meta property=\"og:site_name\" content=\"Brasil not\u00edcias\" \/>\n<meta property=\"article:published_time\" content=\"2023-04-15T09:26:23+00:00\" \/>\n<meta property=\"og:image\" content=\"https:\/\/brasilnoticias.org\/site\/wp-content\/uploads\/2023\/04\/Capturar.jpg\" \/>\n\t<meta property=\"og:image:width\" content=\"318\" \/>\n\t<meta property=\"og:image:height\" content=\"305\" \/>\n\t<meta property=\"og:image:type\" content=\"image\/jpeg\" \/>\n<meta name=\"author\" content=\"Reda\u00e7\u00e3o\" \/>\n<meta name=\"twitter:card\" content=\"summary_large_image\" \/>\n<meta name=\"twitter:label1\" content=\"Escrito por\" \/>\n\t<meta name=\"twitter:data1\" content=\"Reda\u00e7\u00e3o\" \/>\n<script type=\"application\/ld+json\" class=\"yoast-schema-graph\">{\"@context\":\"https:\/\/schema.org\",\"@graph\":[{\"@type\":\"Article\",\"@id\":\"https:\/\/brasilnoticias.org\/site\/raimundo-costa-busca-apoio-do-mapa-para-dar-inicio-as-obras-do-mercado-de-peixe-em-valenca\/#article\",\"isPartOf\":{\"@id\":\"https:\/\/brasilnoticias.org\/site\/raimundo-costa-busca-apoio-do-mapa-para-dar-inicio-as-obras-do-mercado-de-peixe-em-valenca\/\"},\"author\":{\"name\":\"Reda\u00e7\u00e3o\",\"@id\":\"https:\/\/brasilnoticias.org\/site\/#\/schema\/person\/a0e05b973ec4d15c658d51911e53507b\"},\"headline\":\"Raimundo Costa busca apoio do MAPA para dar in\u00edcio as obras do mercado de peixe em Valen\u00e7a\",\"datePublished\":\"2023-04-15T09:26:23+00:00\",\"mainEntityOfPage\":{\"@id\":\"https:\/\/brasilnoticias.org\/site\/raimundo-costa-busca-apoio-do-mapa-para-dar-inicio-as-obras-do-mercado-de-peixe-em-valenca\/\"},\"wordCount\":512,\"commentCount\":0,\"publisher\":{\"@id\":\"https:\/\/brasilnoticias.org\/site\/#organization\"},\"image\":{\"@id\":\"https:\/\/brasilnoticias.org\/site\/raimundo-costa-busca-apoio-do-mapa-para-dar-inicio-as-obras-do-mercado-de-peixe-em-valenca\/#primaryimage\"},\"thumbnailUrl\":\"https:\/\/brasilnoticias.org\/site\/wp-content\/uploads\/2023\/04\/Capturar.jpg\",\"articleSection\":[\"Pol\u00edtica\"],\"inLanguage\":\"pt-PT\",\"potentialAction\":[{\"@type\":\"CommentAction\",\"name\":\"Comment\",\"target\":[\"https:\/\/brasilnoticias.org\/site\/raimundo-costa-busca-apoio-do-mapa-para-dar-inicio-as-obras-do-mercado-de-peixe-em-valenca\/#respond\"]}]},{\"@type\":\"WebPage\",\"@id\":\"https:\/\/brasilnoticias.org\/site\/raimundo-costa-busca-apoio-do-mapa-para-dar-inicio-as-obras-do-mercado-de-peixe-em-valenca\/\",\"url\":\"https:\/\/brasilnoticias.org\/site\/raimundo-costa-busca-apoio-do-mapa-para-dar-inicio-as-obras-do-mercado-de-peixe-em-valenca\/\",\"name\":\"Raimundo Costa busca apoio do MAPA para dar in\u00edcio as obras do mercado de peixe em Valen\u00e7a - Brasil not\u00edcias\",\"isPartOf\":{\"@id\":\"https:\/\/brasilnoticias.org\/site\/#website\"},\"primaryImageOfPage\":{\"@id\":\"https:\/\/brasilnoticias.org\/site\/raimundo-costa-busca-apoio-do-mapa-para-dar-inicio-as-obras-do-mercado-de-peixe-em-valenca\/#primaryimage\"},\"image\":{\"@id\":\"https:\/\/brasilnoticias.org\/site\/raimundo-costa-busca-apoio-do-mapa-para-dar-inicio-as-obras-do-mercado-de-peixe-em-valenca\/#primaryimage\"},\"thumbnailUrl\":\"https:\/\/brasilnoticias.org\/site\/wp-content\/uploads\/2023\/04\/Capturar.jpg\",\"datePublished\":\"2023-04-15T09:26:23+00:00\",\"breadcrumb\":{\"@id\":\"https:\/\/brasilnoticias.org\/site\/raimundo-costa-busca-apoio-do-mapa-para-dar-inicio-as-obras-do-mercado-de-peixe-em-valenca\/#breadcrumb\"},\"inLanguage\":\"pt-PT\",\"potentialAction\":[{\"@type\":\"ReadAction\",\"target\":[\"https:\/\/brasilnoticias.org\/site\/raimundo-costa-busca-apoio-do-mapa-para-dar-inicio-as-obras-do-mercado-de-peixe-em-valenca\/\"]}]},{\"@type\":\"ImageObject\",\"inLanguage\":\"pt-PT\",\"@id\":\"https:\/\/brasilnoticias.org\/site\/raimundo-costa-busca-apoio-do-mapa-para-dar-inicio-as-obras-do-mercado-de-peixe-em-valenca\/#primaryimage\",\"url\":\"https:\/\/brasilnoticias.org\/site\/wp-content\/uploads\/2023\/04\/Capturar.jpg\",\"contentUrl\":\"https:\/\/brasilnoticias.org\/site\/wp-content\/uploads\/2023\/04\/Capturar.jpg\",\"width\":318,\"height\":305},{\"@type\":\"BreadcrumbList\",\"@id\":\"https:\/\/brasilnoticias.org\/site\/raimundo-costa-busca-apoio-do-mapa-para-dar-inicio-as-obras-do-mercado-de-peixe-em-valenca\/#breadcrumb\",\"itemListElement\":[{\"@type\":\"ListItem\",\"position\":1,\"name\":\"In\u00edcio\",\"item\":\"https:\/\/brasilnoticias.org\/site\/\"},{\"@type\":\"ListItem\",\"position\":2,\"name\":\"Raimundo Costa busca apoio do MAPA para dar in\u00edcio as obras do mercado de peixe em Valen\u00e7a\"}]},{\"@type\":\"WebSite\",\"@id\":\"https:\/\/brasilnoticias.org\/site\/#website\",\"url\":\"https:\/\/brasilnoticias.org\/site\/\",\"name\":\"Brasil not\u00edcias\",\"description\":\"Brasil not\u00edcias\",\"publisher\":{\"@id\":\"https:\/\/brasilnoticias.org\/site\/#organization\"},\"potentialAction\":[{\"@type\":\"SearchAction\",\"target\":{\"@type\":\"EntryPoint\",\"urlTemplate\":\"https:\/\/brasilnoticias.org\/site\/?s={search_term_string}\"},\"query-input\":{\"@type\":\"PropertyValueSpecification\",\"valueRequired\":true,\"valueName\":\"search_term_string\"}}],\"inLanguage\":\"pt-PT\"},{\"@type\":\"Organization\",\"@id\":\"https:\/\/brasilnoticias.org\/site\/#organization\",\"name\":\"Brasil not\u00edcias\",\"url\":\"https:\/\/brasilnoticias.org\/site\/\",\"logo\":{\"@type\":\"ImageObject\",\"inLanguage\":\"pt-PT\",\"@id\":\"https:\/\/brasilnoticias.org\/site\/#\/schema\/logo\/image\/\",\"url\":\"https:\/\/brasilnoticias.org\/site\/wp-content\/uploads\/2022\/05\/cropped-brasilnoticias-mini.jpg\",\"contentUrl\":\"https:\/\/brasilnoticias.org\/site\/wp-content\/uploads\/2022\/05\/cropped-brasilnoticias-mini.jpg\",\"width\":314,\"height\":86,\"caption\":\"Brasil not\u00edcias\"},\"image\":{\"@id\":\"https:\/\/brasilnoticias.org\/site\/#\/schema\/logo\/image\/\"}},{\"@type\":\"Person\",\"@id\":\"https:\/\/brasilnoticias.org\/site\/#\/schema\/person\/a0e05b973ec4d15c658d51911e53507b\",\"name\":\"Reda\u00e7\u00e3o\",\"image\":{\"@type\":\"ImageObject\",\"inLanguage\":\"pt-PT\",\"@id\":\"https:\/\/brasilnoticias.org\/site\/#\/schema\/person\/image\/\",\"url\":\"https:\/\/secure.gravatar.com\/avatar\/75d8b050df2de108b08ae78dfb8e374892df24a383c67db9c46a9c604f6aee9c?s=96&d=mm&r=g\",\"contentUrl\":\"https:\/\/secure.gravatar.com\/avatar\/75d8b050df2de108b08ae78dfb8e374892df24a383c67db9c46a9c604f6aee9c?s=96&d=mm&r=g\",\"caption\":\"Reda\u00e7\u00e3o\"},\"sameAs\":[\"https:\/\/brasilnoticias.org\/site\"],\"url\":\"https:\/\/brasilnoticias.org\/site\/author\/fernandozsngmail-com\/\"}]}<\/script>\n<!-- \/ Yoast SEO plugin. -->","yoast_head_json":{"title":"Raimundo Costa busca apoio do MAPA para dar in\u00edcio as obras do mercado de peixe em Valen\u00e7a - Brasil not\u00edcias","robots":{"index":"index","follow":"follow","max-snippet":"max-snippet:-1","max-image-preview":"max-image-preview:large","max-video-preview":"max-video-preview:-1"},"canonical":"https:\/\/brasilnoticias.org\/site\/raimundo-costa-busca-apoio-do-mapa-para-dar-inicio-as-obras-do-mercado-de-peixe-em-valenca\/","og_locale":"pt_PT","og_type":"article","og_title":"Raimundo Costa busca apoio do MAPA para dar in\u00edcio as obras do mercado de peixe em Valen\u00e7a - Brasil not\u00edcias","og_description":"A obra em quest\u00e3o teve a licita\u00e7\u00e3o deserta por abandono da empresa ganhadora e corre o risco de perder o","og_url":"https:\/\/brasilnoticias.org\/site\/raimundo-costa-busca-apoio-do-mapa-para-dar-inicio-as-obras-do-mercado-de-peixe-em-valenca\/","og_site_name":"Brasil not\u00edcias","article_published_time":"2023-04-15T09:26:23+00:00","og_image":[{"width":318,"height":305,"url":"https:\/\/brasilnoticias.org\/site\/wp-content\/uploads\/2023\/04\/Capturar.jpg","type":"image\/jpeg"}],"author":"Reda\u00e7\u00e3o","twitter_card":"summary_large_image","twitter_misc":{"Escrito por":"Reda\u00e7\u00e3o"},"schema":{"@context":"https:\/\/schema.org","@graph":[{"@type":"Article","@id":"https:\/\/brasilnoticias.org\/site\/raimundo-costa-busca-apoio-do-mapa-para-dar-inicio-as-obras-do-mercado-de-peixe-em-valenca\/#article","isPartOf":{"@id":"https:\/\/brasilnoticias.org\/site\/raimundo-costa-busca-apoio-do-mapa-para-dar-inicio-as-obras-do-mercado-de-peixe-em-valenca\/"},"author":{"name":"Reda\u00e7\u00e3o","@id":"https:\/\/brasilnoticias.org\/site\/#\/schema\/person\/a0e05b973ec4d15c658d51911e53507b"},"headline":"Raimundo Costa busca apoio do MAPA para dar in\u00edcio as obras do mercado de peixe em Valen\u00e7a","datePublished":"2023-04-15T09:26:23+00:00","mainEntityOfPage":{"@id":"https:\/\/brasilnoticias.org\/site\/raimundo-costa-busca-apoio-do-mapa-para-dar-inicio-as-obras-do-mercado-de-peixe-em-valenca\/"},"wordCount":512,"commentCount":0,"publisher":{"@id":"https:\/\/brasilnoticias.org\/site\/#organization"},"image":{"@id":"https:\/\/brasilnoticias.org\/site\/raimundo-costa-busca-apoio-do-mapa-para-dar-inicio-as-obras-do-mercado-de-peixe-em-valenca\/#primaryimage"},"thumbnailUrl":"https:\/\/brasilnoticias.org\/site\/wp-content\/uploads\/2023\/04\/Capturar.jpg","articleSection":["Pol\u00edtica"],"inLanguage":"pt-PT","potentialAction":[{"@type":"CommentAction","name":"Comment","target":["https:\/\/brasilnoticias.org\/site\/raimundo-costa-busca-apoio-do-mapa-para-dar-inicio-as-obras-do-mercado-de-peixe-em-valenca\/#respond"]}]},{"@type":"WebPage","@id":"https:\/\/brasilnoticias.org\/site\/raimundo-costa-busca-apoio-do-mapa-para-dar-inicio-as-obras-do-mercado-de-peixe-em-valenca\/","url":"https:\/\/brasilnoticias.org\/site\/raimundo-costa-busca-apoio-do-mapa-para-dar-inicio-as-obras-do-mercado-de-peixe-em-valenca\/","name":"Raimundo Costa busca apoio do MAPA para dar in\u00edcio as obras do mercado de peixe em Valen\u00e7a - Brasil not\u00edcias","isPartOf":{"@id":"https:\/\/brasilnoticias.org\/site\/#website"},"primaryImageOfPage":{"@id":"https:\/\/brasilnoticias.org\/site\/raimundo-costa-busca-apoio-do-mapa-para-dar-inicio-as-obras-do-mercado-de-peixe-em-valenca\/#primaryimage"},"image":{"@id":"https:\/\/brasilnoticias.org\/site\/raimundo-costa-busca-apoio-do-mapa-para-dar-inicio-as-obras-do-mercado-de-peixe-em-valenca\/#primaryimage"},"thumbnailUrl":"https:\/\/brasilnoticias.org\/site\/wp-content\/uploads\/2023\/04\/Capturar.jpg","datePublished":"2023-04-15T09:26:23+00:00","breadcrumb":{"@id":"https:\/\/brasilnoticias.org\/site\/raimundo-costa-busca-apoio-do-mapa-para-dar-inicio-as-obras-do-mercado-de-peixe-em-valenca\/#breadcrumb"},"inLanguage":"pt-PT","potentialAction":[{"@type":"ReadAction","target":["https:\/\/brasilnoticias.org\/site\/raimundo-costa-busca-apoio-do-mapa-para-dar-inicio-as-obras-do-mercado-de-peixe-em-valenca\/"]}]},{"@type":"ImageObject","inLanguage":"pt-PT","@id":"https:\/\/brasilnoticias.org\/site\/raimundo-costa-busca-apoio-do-mapa-para-dar-inicio-as-obras-do-mercado-de-peixe-em-valenca\/#primaryimage","url":"https:\/\/brasilnoticias.org\/site\/wp-content\/uploads\/2023\/04\/Capturar.jpg","contentUrl":"https:\/\/brasilnoticias.org\/site\/wp-content\/uploads\/2023\/04\/Capturar.jpg","width":318,"height":305},{"@type":"BreadcrumbList","@id":"https:\/\/brasilnoticias.org\/site\/raimundo-costa-busca-apoio-do-mapa-para-dar-inicio-as-obras-do-mercado-de-peixe-em-valenca\/#breadcrumb","itemListElement":[{"@type":"ListItem","position":1,"name":"In\u00edcio","item":"https:\/\/brasilnoticias.org\/site\/"},{"@type":"ListItem","position":2,"name":"Raimundo Costa busca apoio do MAPA para dar in\u00edcio as obras do mercado de peixe em Valen\u00e7a"}]},{"@type":"WebSite","@id":"https:\/\/brasilnoticias.org\/site\/#website","url":"https:\/\/brasilnoticias.org\/site\/","name":"Brasil not\u00edcias","description":"Brasil not\u00edcias","publisher":{"@id":"https:\/\/brasilnoticias.org\/site\/#organization"},"potentialAction":[{"@type":"SearchAction","target":{"@type":"EntryPoint","urlTemplate":"https:\/\/brasilnoticias.org\/site\/?s={search_term_string}"},"query-input":{"@type":"PropertyValueSpecification","valueRequired":true,"valueName":"search_term_string"}}],"inLanguage":"pt-PT"},{"@type":"Organization","@id":"https:\/\/brasilnoticias.org\/site\/#organization","name":"Brasil not\u00edcias","url":"https:\/\/brasilnoticias.org\/site\/","logo":{"@type":"ImageObject","inLanguage":"pt-PT","@id":"https:\/\/brasilnoticias.org\/site\/#\/schema\/logo\/image\/","url":"https:\/\/brasilnoticias.org\/site\/wp-content\/uploads\/2022\/05\/cropped-brasilnoticias-mini.jpg","contentUrl":"https:\/\/brasilnoticias.org\/site\/wp-content\/uploads\/2022\/05\/cropped-brasilnoticias-mini.jpg","width":314,"height":86,"caption":"Brasil not\u00edcias"},"image":{"@id":"https:\/\/brasilnoticias.org\/site\/#\/schema\/logo\/image\/"}},{"@type":"Person","@id":"https:\/\/brasilnoticias.org\/site\/#\/schema\/person\/a0e05b973ec4d15c658d51911e53507b","name":"Reda\u00e7\u00e3o","image":{"@type":"ImageObject","inLanguage":"pt-PT","@id":"https:\/\/brasilnoticias.org\/site\/#\/schema\/person\/image\/","url":"https:\/\/secure.gravatar.com\/avatar\/75d8b050df2de108b08ae78dfb8e374892df24a383c67db9c46a9c604f6aee9c?s=96&d=mm&r=g","contentUrl":"https:\/\/secure.gravatar.com\/avatar\/75d8b050df2de108b08ae78dfb8e374892df24a383c67db9c46a9c604f6aee9c?s=96&d=mm&r=g","caption":"Reda\u00e7\u00e3o"},"sameAs":["https:\/\/brasilnoticias.org\/site"],"url":"https:\/\/brasilnoticias.org\/site\/author\/fernandozsngmail-com\/"}]}},"_links":{"self":[{"href":"https:\/\/brasilnoticias.org\/site\/wp-json\/wp\/v2\/posts\/5429","targetHints":{"allow":["GET"]}}],"collection":[{"href":"https:\/\/brasilnoticias.org\/site\/wp-json\/wp\/v2\/posts"}],"about":[{"href":"https:\/\/brasilnoticias.org\/site\/wp-json\/wp\/v2\/types\/post"}],"author":[{"embeddable":true,"href":"https:\/\/brasilnoticias.org\/site\/wp-json\/wp\/v2\/users\/1"}],"replies":[{"embeddable":true,"href":"https:\/\/brasilnoticias.org\/site\/wp-json\/wp\/v2\/comments?post=5429"}],"version-history":[{"count":1,"href":"https:\/\/brasilnoticias.org\/site\/wp-json\/wp\/v2\/posts\/5429\/revisions"}],"predecessor-version":[{"id":5432,"href":"https:\/\/brasilnoticias.org\/site\/wp-json\/wp\/v2\/posts\/5429\/revisions\/5432"}],"wp:featuredmedia":[{"embeddable":true,"href":"https:\/\/brasilnoticias.org\/site\/wp-json\/wp\/v2\/media\/5431"}],"wp:attachment":[{"href":"https:\/\/brasilnoticias.org\/site\/wp-json\/wp\/v2\/media?parent=5429"}],"wp:term":[{"taxonomy":"category","embeddable":true,"href":"https:\/\/brasilnoticias.org\/site\/wp-json\/wp\/v2\/categories?post=5429"},{"taxonomy":"post_tag","embeddable":true,"href":"https:\/\/brasilnoticias.org\/site\/wp-json\/wp\/v2\/tags?post=5429"}],"curies":[{"name":"wp","href":"https:\/\/api.w.org\/{rel}","templated":true}]}}