{"id":5433,"date":"2023-04-15T06:32:00","date_gmt":"2023-04-15T09:32:00","guid":{"rendered":"https:\/\/brasilnoticias.org\/site\/?p=5433"},"modified":"2023-04-15T06:32:00","modified_gmt":"2023-04-15T09:32:00","slug":"seminario-celebra-dia-mundial-da-hemofilia-nesta-segunda-17","status":"publish","type":"post","link":"https:\/\/brasilnoticias.org\/site\/seminario-celebra-dia-mundial-da-hemofilia-nesta-segunda-17\/","title":{"rendered":"SEMIN\u00c1RIO CELEBRA DIA MUNDIAL DA HEMOFILIA NESTA SEGUNDA (17)"},"content":{"rendered":"<p>Evento acontece no Centro Empresarial Iguatemi e deve reunir 100 pessoas que vivem com a doen\u00e7a <\/p>\n<p>Como forma de celebrar o Dia Mundial da Hemofilia, nesta segunda-feira (17), acontece o semin\u00e1rio \u201cAcesso para Todos \u2013 Preven\u00e7\u00e3o de Sangramentos como Padr\u00e3o Global de Cuidado\u201d. O evento promovido pela Associa\u00e7\u00e3o Baiana dos Hemof\u00edlicos (ABHE) ser\u00e1 realizado no Audit\u00f3rio do Centro Empresarial Iguatemi, \u00e0s 9h, com entrada franca. <\/p>\n<p>A atividade vai contar com a presen\u00e7a da m\u00e9dica hematologista, diretora de hematologia do Hemoba, Anelisa Streva, da enfermeira Claudia Gon\u00e7alves, membro do corpo t\u00e9cnico do Hemoba, al\u00e9m do presidente da ABHE, Ubiratan Magalh\u00e3es. <\/p>\n<p>Tamb\u00e9m v\u00e3o compor a mesa o deputado federal M\u00e1rcio Marinho, o deputado estadual Jurailton Santos e o vereador licenciado e secret\u00e1rio de Infraestrutura e Obras P\u00fablicas de Salvador, Luiz Carlos. Os parlamentares t\u00eam como bandeira a defesa dos hemof\u00edlicos. <\/p>\n<p>Relatos de caso de pessoas que vivem com hemofilia completam a programa\u00e7\u00e3o.  Aproximadamente 100 hemof\u00edlicos s\u00e3o esperados no evento. <\/p>\n<p> HEMOFILIA <\/p>\n<p>\u00c9 uma doen\u00e7a que compromete a capacidade do corpo de coagular o sangue, que \u00e9 extremamente necess\u00e1ria para interromper as hemorragias. <\/p>\n<p>Em caso de corte, por exemplo, o organismo envia prote\u00ednas para estancar o sangramento. Esse \u00e9 o processo conhecido como coagula\u00e7\u00e3o. As pessoas que t\u00eam hemofilia n\u00e3o possuem essas prote\u00ednas e sangram por mais tempo.<\/p>\n<p> Existem dois tipos da doen\u00e7a. O tipo A e o tipo B. A diferen\u00e7a entre eles se d\u00e1 pelo tipo de fator de coagula\u00e7\u00e3o em falta no organismo.<\/p>\n<p> SERVI\u00c7O <\/p>\n<p>Evento: Semin\u00e1rio \u201cAcesso para Todos \u2013 Preven\u00e7\u00e3o de Sangramentos como Padr\u00e3o Global de Cuidado\u201d.<br \/>\nData: 17 de abril \u2013 Dia Mundial da Hemofilia<br \/>\nHor\u00e1rio: 9h \u00e0s 12h<br \/>\nLocal: Audit\u00f3rio do Centro Empresarial Iguatemi<br \/>\nRealiza\u00e7\u00e3o: Associa\u00e7\u00e3o Baiana dos Hemof\u00edlicos (ABHE)<br \/>\nEntrada franca <\/p>\n<p> Informa\u00e7\u00f5es \u00e0 imprensa:<br \/>\nJord\u00e2nia Freitas (71) 9 9187-2147<br \/>\nAlmir Bastos     (71) 9 8710-8281<\/p>\n","protected":false},"excerpt":{"rendered":"<p>Evento acontece no Centro Empresarial Iguatemi e deve reunir 100 pessoas que vivem com a doen\u00e7a Como forma de celebrar<\/p>\n","protected":false},"author":1,"featured_media":5434,"comment_status":"open","ping_status":"open","sticky":false,"template":"","format":"standard","meta":{"colormag_page_container_layout":"default_layout","colormag_page_sidebar_layout":"default_layout","_FSMCFIC_featured_image_caption":"","_FSMCFIC_featured_image_nocaption":"","_FSMCFIC_featured_image_hide":"","footnotes":""},"categories":[5],"tags":[],"class_list":["post-5433","post","type-post","status-publish","format-standard","has-post-thumbnail","hentry","category-politica"],"yoast_head":"<!-- This site is optimized with the Yoast SEO plugin v27.1.1 - https:\/\/yoast.com\/product\/yoast-seo-wordpress\/ -->\n<title>SEMIN\u00c1RIO CELEBRA DIA MUNDIAL DA HEMOFILIA NESTA SEGUNDA (17) - Brasil not\u00edcias<\/title>\n<meta name=\"robots\" content=\"index, follow, max-snippet:-1, max-image-preview:large, max-video-preview:-1\" \/>\n<link rel=\"canonical\" href=\"https:\/\/brasilnoticias.org\/site\/seminario-celebra-dia-mundial-da-hemofilia-nesta-segunda-17\/\" \/>\n<meta property=\"og:locale\" content=\"pt_PT\" \/>\n<meta property=\"og:type\" content=\"article\" \/>\n<meta property=\"og:title\" content=\"SEMIN\u00c1RIO CELEBRA DIA MUNDIAL DA HEMOFILIA NESTA SEGUNDA (17) - Brasil not\u00edcias\" \/>\n<meta property=\"og:description\" content=\"Evento acontece no Centro Empresarial Iguatemi e deve reunir 100 pessoas que vivem com a doen\u00e7a Como forma de celebrar\" \/>\n<meta property=\"og:url\" content=\"https:\/\/brasilnoticias.org\/site\/seminario-celebra-dia-mundial-da-hemofilia-nesta-segunda-17\/\" \/>\n<meta property=\"og:site_name\" content=\"Brasil not\u00edcias\" \/>\n<meta property=\"article:published_time\" content=\"2023-04-15T09:32:00+00:00\" \/>\n<meta property=\"og:image\" content=\"https:\/\/brasilnoticias.org\/site\/wp-content\/uploads\/2023\/04\/WhatsApp-Image-2023-04-14-at-20.31.14.jpeg\" \/>\n\t<meta property=\"og:image:width\" content=\"1516\" \/>\n\t<meta property=\"og:image:height\" content=\"794\" \/>\n\t<meta property=\"og:image:type\" content=\"image\/jpeg\" \/>\n<meta name=\"author\" content=\"Reda\u00e7\u00e3o\" \/>\n<meta name=\"twitter:card\" content=\"summary_large_image\" \/>\n<meta name=\"twitter:label1\" content=\"Escrito por\" \/>\n\t<meta name=\"twitter:data1\" content=\"Reda\u00e7\u00e3o\" \/>\n<script type=\"application\/ld+json\" class=\"yoast-schema-graph\">{\"@context\":\"https:\/\/schema.org\",\"@graph\":[{\"@type\":\"Article\",\"@id\":\"https:\/\/brasilnoticias.org\/site\/seminario-celebra-dia-mundial-da-hemofilia-nesta-segunda-17\/#article\",\"isPartOf\":{\"@id\":\"https:\/\/brasilnoticias.org\/site\/seminario-celebra-dia-mundial-da-hemofilia-nesta-segunda-17\/\"},\"author\":{\"name\":\"Reda\u00e7\u00e3o\",\"@id\":\"https:\/\/brasilnoticias.org\/site\/#\/schema\/person\/a0e05b973ec4d15c658d51911e53507b\"},\"headline\":\"SEMIN\u00c1RIO CELEBRA DIA MUNDIAL DA HEMOFILIA NESTA SEGUNDA (17)\",\"datePublished\":\"2023-04-15T09:32:00+00:00\",\"mainEntityOfPage\":{\"@id\":\"https:\/\/brasilnoticias.org\/site\/seminario-celebra-dia-mundial-da-hemofilia-nesta-segunda-17\/\"},\"wordCount\":335,\"commentCount\":0,\"publisher\":{\"@id\":\"https:\/\/brasilnoticias.org\/site\/#organization\"},\"image\":{\"@id\":\"https:\/\/brasilnoticias.org\/site\/seminario-celebra-dia-mundial-da-hemofilia-nesta-segunda-17\/#primaryimage\"},\"thumbnailUrl\":\"https:\/\/brasilnoticias.org\/site\/wp-content\/uploads\/2023\/04\/WhatsApp-Image-2023-04-14-at-20.31.14.jpeg\",\"articleSection\":[\"Pol\u00edtica\"],\"inLanguage\":\"pt-PT\",\"potentialAction\":[{\"@type\":\"CommentAction\",\"name\":\"Comment\",\"target\":[\"https:\/\/brasilnoticias.org\/site\/seminario-celebra-dia-mundial-da-hemofilia-nesta-segunda-17\/#respond\"]}]},{\"@type\":\"WebPage\",\"@id\":\"https:\/\/brasilnoticias.org\/site\/seminario-celebra-dia-mundial-da-hemofilia-nesta-segunda-17\/\",\"url\":\"https:\/\/brasilnoticias.org\/site\/seminario-celebra-dia-mundial-da-hemofilia-nesta-segunda-17\/\",\"name\":\"SEMIN\u00c1RIO CELEBRA DIA MUNDIAL DA HEMOFILIA NESTA SEGUNDA (17) - Brasil not\u00edcias\",\"isPartOf\":{\"@id\":\"https:\/\/brasilnoticias.org\/site\/#website\"},\"primaryImageOfPage\":{\"@id\":\"https:\/\/brasilnoticias.org\/site\/seminario-celebra-dia-mundial-da-hemofilia-nesta-segunda-17\/#primaryimage\"},\"image\":{\"@id\":\"https:\/\/brasilnoticias.org\/site\/seminario-celebra-dia-mundial-da-hemofilia-nesta-segunda-17\/#primaryimage\"},\"thumbnailUrl\":\"https:\/\/brasilnoticias.org\/site\/wp-content\/uploads\/2023\/04\/WhatsApp-Image-2023-04-14-at-20.31.14.jpeg\",\"datePublished\":\"2023-04-15T09:32:00+00:00\",\"breadcrumb\":{\"@id\":\"https:\/\/brasilnoticias.org\/site\/seminario-celebra-dia-mundial-da-hemofilia-nesta-segunda-17\/#breadcrumb\"},\"inLanguage\":\"pt-PT\",\"potentialAction\":[{\"@type\":\"ReadAction\",\"target\":[\"https:\/\/brasilnoticias.org\/site\/seminario-celebra-dia-mundial-da-hemofilia-nesta-segunda-17\/\"]}]},{\"@type\":\"ImageObject\",\"inLanguage\":\"pt-PT\",\"@id\":\"https:\/\/brasilnoticias.org\/site\/seminario-celebra-dia-mundial-da-hemofilia-nesta-segunda-17\/#primaryimage\",\"url\":\"https:\/\/brasilnoticias.org\/site\/wp-content\/uploads\/2023\/04\/WhatsApp-Image-2023-04-14-at-20.31.14.jpeg\",\"contentUrl\":\"https:\/\/brasilnoticias.org\/site\/wp-content\/uploads\/2023\/04\/WhatsApp-Image-2023-04-14-at-20.31.14.jpeg\",\"width\":1516,\"height\":794},{\"@type\":\"BreadcrumbList\",\"@id\":\"https:\/\/brasilnoticias.org\/site\/seminario-celebra-dia-mundial-da-hemofilia-nesta-segunda-17\/#breadcrumb\",\"itemListElement\":[{\"@type\":\"ListItem\",\"position\":1,\"name\":\"In\u00edcio\",\"item\":\"https:\/\/brasilnoticias.org\/site\/\"},{\"@type\":\"ListItem\",\"position\":2,\"name\":\"SEMIN\u00c1RIO CELEBRA DIA MUNDIAL DA HEMOFILIA NESTA SEGUNDA (17)\"}]},{\"@type\":\"WebSite\",\"@id\":\"https:\/\/brasilnoticias.org\/site\/#website\",\"url\":\"https:\/\/brasilnoticias.org\/site\/\",\"name\":\"Brasil not\u00edcias\",\"description\":\"Brasil not\u00edcias\",\"publisher\":{\"@id\":\"https:\/\/brasilnoticias.org\/site\/#organization\"},\"potentialAction\":[{\"@type\":\"SearchAction\",\"target\":{\"@type\":\"EntryPoint\",\"urlTemplate\":\"https:\/\/brasilnoticias.org\/site\/?s={search_term_string}\"},\"query-input\":{\"@type\":\"PropertyValueSpecification\",\"valueRequired\":true,\"valueName\":\"search_term_string\"}}],\"inLanguage\":\"pt-PT\"},{\"@type\":\"Organization\",\"@id\":\"https:\/\/brasilnoticias.org\/site\/#organization\",\"name\":\"Brasil not\u00edcias\",\"url\":\"https:\/\/brasilnoticias.org\/site\/\",\"logo\":{\"@type\":\"ImageObject\",\"inLanguage\":\"pt-PT\",\"@id\":\"https:\/\/brasilnoticias.org\/site\/#\/schema\/logo\/image\/\",\"url\":\"https:\/\/brasilnoticias.org\/site\/wp-content\/uploads\/2022\/05\/cropped-brasilnoticias-mini.jpg\",\"contentUrl\":\"https:\/\/brasilnoticias.org\/site\/wp-content\/uploads\/2022\/05\/cropped-brasilnoticias-mini.jpg\",\"width\":314,\"height\":86,\"caption\":\"Brasil not\u00edcias\"},\"image\":{\"@id\":\"https:\/\/brasilnoticias.org\/site\/#\/schema\/logo\/image\/\"}},{\"@type\":\"Person\",\"@id\":\"https:\/\/brasilnoticias.org\/site\/#\/schema\/person\/a0e05b973ec4d15c658d51911e53507b\",\"name\":\"Reda\u00e7\u00e3o\",\"image\":{\"@type\":\"ImageObject\",\"inLanguage\":\"pt-PT\",\"@id\":\"https:\/\/brasilnoticias.org\/site\/#\/schema\/person\/image\/\",\"url\":\"https:\/\/secure.gravatar.com\/avatar\/75d8b050df2de108b08ae78dfb8e374892df24a383c67db9c46a9c604f6aee9c?s=96&d=mm&r=g\",\"contentUrl\":\"https:\/\/secure.gravatar.com\/avatar\/75d8b050df2de108b08ae78dfb8e374892df24a383c67db9c46a9c604f6aee9c?s=96&d=mm&r=g\",\"caption\":\"Reda\u00e7\u00e3o\"},\"sameAs\":[\"https:\/\/brasilnoticias.org\/site\"],\"url\":\"https:\/\/brasilnoticias.org\/site\/author\/fernandozsngmail-com\/\"}]}<\/script>\n<!-- \/ Yoast SEO plugin. -->","yoast_head_json":{"title":"SEMIN\u00c1RIO CELEBRA DIA MUNDIAL DA HEMOFILIA NESTA SEGUNDA (17) - Brasil not\u00edcias","robots":{"index":"index","follow":"follow","max-snippet":"max-snippet:-1","max-image-preview":"max-image-preview:large","max-video-preview":"max-video-preview:-1"},"canonical":"https:\/\/brasilnoticias.org\/site\/seminario-celebra-dia-mundial-da-hemofilia-nesta-segunda-17\/","og_locale":"pt_PT","og_type":"article","og_title":"SEMIN\u00c1RIO CELEBRA DIA MUNDIAL DA HEMOFILIA NESTA SEGUNDA (17) - Brasil not\u00edcias","og_description":"Evento acontece no Centro Empresarial Iguatemi e deve reunir 100 pessoas que vivem com a doen\u00e7a Como forma de celebrar","og_url":"https:\/\/brasilnoticias.org\/site\/seminario-celebra-dia-mundial-da-hemofilia-nesta-segunda-17\/","og_site_name":"Brasil not\u00edcias","article_published_time":"2023-04-15T09:32:00+00:00","og_image":[{"width":1516,"height":794,"url":"https:\/\/brasilnoticias.org\/site\/wp-content\/uploads\/2023\/04\/WhatsApp-Image-2023-04-14-at-20.31.14.jpeg","type":"image\/jpeg"}],"author":"Reda\u00e7\u00e3o","twitter_card":"summary_large_image","twitter_misc":{"Escrito por":"Reda\u00e7\u00e3o"},"schema":{"@context":"https:\/\/schema.org","@graph":[{"@type":"Article","@id":"https:\/\/brasilnoticias.org\/site\/seminario-celebra-dia-mundial-da-hemofilia-nesta-segunda-17\/#article","isPartOf":{"@id":"https:\/\/brasilnoticias.org\/site\/seminario-celebra-dia-mundial-da-hemofilia-nesta-segunda-17\/"},"author":{"name":"Reda\u00e7\u00e3o","@id":"https:\/\/brasilnoticias.org\/site\/#\/schema\/person\/a0e05b973ec4d15c658d51911e53507b"},"headline":"SEMIN\u00c1RIO CELEBRA DIA MUNDIAL DA HEMOFILIA NESTA SEGUNDA (17)","datePublished":"2023-04-15T09:32:00+00:00","mainEntityOfPage":{"@id":"https:\/\/brasilnoticias.org\/site\/seminario-celebra-dia-mundial-da-hemofilia-nesta-segunda-17\/"},"wordCount":335,"commentCount":0,"publisher":{"@id":"https:\/\/brasilnoticias.org\/site\/#organization"},"image":{"@id":"https:\/\/brasilnoticias.org\/site\/seminario-celebra-dia-mundial-da-hemofilia-nesta-segunda-17\/#primaryimage"},"thumbnailUrl":"https:\/\/brasilnoticias.org\/site\/wp-content\/uploads\/2023\/04\/WhatsApp-Image-2023-04-14-at-20.31.14.jpeg","articleSection":["Pol\u00edtica"],"inLanguage":"pt-PT","potentialAction":[{"@type":"CommentAction","name":"Comment","target":["https:\/\/brasilnoticias.org\/site\/seminario-celebra-dia-mundial-da-hemofilia-nesta-segunda-17\/#respond"]}]},{"@type":"WebPage","@id":"https:\/\/brasilnoticias.org\/site\/seminario-celebra-dia-mundial-da-hemofilia-nesta-segunda-17\/","url":"https:\/\/brasilnoticias.org\/site\/seminario-celebra-dia-mundial-da-hemofilia-nesta-segunda-17\/","name":"SEMIN\u00c1RIO CELEBRA DIA MUNDIAL DA HEMOFILIA NESTA SEGUNDA (17) - Brasil not\u00edcias","isPartOf":{"@id":"https:\/\/brasilnoticias.org\/site\/#website"},"primaryImageOfPage":{"@id":"https:\/\/brasilnoticias.org\/site\/seminario-celebra-dia-mundial-da-hemofilia-nesta-segunda-17\/#primaryimage"},"image":{"@id":"https:\/\/brasilnoticias.org\/site\/seminario-celebra-dia-mundial-da-hemofilia-nesta-segunda-17\/#primaryimage"},"thumbnailUrl":"https:\/\/brasilnoticias.org\/site\/wp-content\/uploads\/2023\/04\/WhatsApp-Image-2023-04-14-at-20.31.14.jpeg","datePublished":"2023-04-15T09:32:00+00:00","breadcrumb":{"@id":"https:\/\/brasilnoticias.org\/site\/seminario-celebra-dia-mundial-da-hemofilia-nesta-segunda-17\/#breadcrumb"},"inLanguage":"pt-PT","potentialAction":[{"@type":"ReadAction","target":["https:\/\/brasilnoticias.org\/site\/seminario-celebra-dia-mundial-da-hemofilia-nesta-segunda-17\/"]}]},{"@type":"ImageObject","inLanguage":"pt-PT","@id":"https:\/\/brasilnoticias.org\/site\/seminario-celebra-dia-mundial-da-hemofilia-nesta-segunda-17\/#primaryimage","url":"https:\/\/brasilnoticias.org\/site\/wp-content\/uploads\/2023\/04\/WhatsApp-Image-2023-04-14-at-20.31.14.jpeg","contentUrl":"https:\/\/brasilnoticias.org\/site\/wp-content\/uploads\/2023\/04\/WhatsApp-Image-2023-04-14-at-20.31.14.jpeg","width":1516,"height":794},{"@type":"BreadcrumbList","@id":"https:\/\/brasilnoticias.org\/site\/seminario-celebra-dia-mundial-da-hemofilia-nesta-segunda-17\/#breadcrumb","itemListElement":[{"@type":"ListItem","position":1,"name":"In\u00edcio","item":"https:\/\/brasilnoticias.org\/site\/"},{"@type":"ListItem","position":2,"name":"SEMIN\u00c1RIO CELEBRA DIA MUNDIAL DA HEMOFILIA NESTA SEGUNDA (17)"}]},{"@type":"WebSite","@id":"https:\/\/brasilnoticias.org\/site\/#website","url":"https:\/\/brasilnoticias.org\/site\/","name":"Brasil not\u00edcias","description":"Brasil not\u00edcias","publisher":{"@id":"https:\/\/brasilnoticias.org\/site\/#organization"},"potentialAction":[{"@type":"SearchAction","target":{"@type":"EntryPoint","urlTemplate":"https:\/\/brasilnoticias.org\/site\/?s={search_term_string}"},"query-input":{"@type":"PropertyValueSpecification","valueRequired":true,"valueName":"search_term_string"}}],"inLanguage":"pt-PT"},{"@type":"Organization","@id":"https:\/\/brasilnoticias.org\/site\/#organization","name":"Brasil not\u00edcias","url":"https:\/\/brasilnoticias.org\/site\/","logo":{"@type":"ImageObject","inLanguage":"pt-PT","@id":"https:\/\/brasilnoticias.org\/site\/#\/schema\/logo\/image\/","url":"https:\/\/brasilnoticias.org\/site\/wp-content\/uploads\/2022\/05\/cropped-brasilnoticias-mini.jpg","contentUrl":"https:\/\/brasilnoticias.org\/site\/wp-content\/uploads\/2022\/05\/cropped-brasilnoticias-mini.jpg","width":314,"height":86,"caption":"Brasil not\u00edcias"},"image":{"@id":"https:\/\/brasilnoticias.org\/site\/#\/schema\/logo\/image\/"}},{"@type":"Person","@id":"https:\/\/brasilnoticias.org\/site\/#\/schema\/person\/a0e05b973ec4d15c658d51911e53507b","name":"Reda\u00e7\u00e3o","image":{"@type":"ImageObject","inLanguage":"pt-PT","@id":"https:\/\/brasilnoticias.org\/site\/#\/schema\/person\/image\/","url":"https:\/\/secure.gravatar.com\/avatar\/75d8b050df2de108b08ae78dfb8e374892df24a383c67db9c46a9c604f6aee9c?s=96&d=mm&r=g","contentUrl":"https:\/\/secure.gravatar.com\/avatar\/75d8b050df2de108b08ae78dfb8e374892df24a383c67db9c46a9c604f6aee9c?s=96&d=mm&r=g","caption":"Reda\u00e7\u00e3o"},"sameAs":["https:\/\/brasilnoticias.org\/site"],"url":"https:\/\/brasilnoticias.org\/site\/author\/fernandozsngmail-com\/"}]}},"_links":{"self":[{"href":"https:\/\/brasilnoticias.org\/site\/wp-json\/wp\/v2\/posts\/5433","targetHints":{"allow":["GET"]}}],"collection":[{"href":"https:\/\/brasilnoticias.org\/site\/wp-json\/wp\/v2\/posts"}],"about":[{"href":"https:\/\/brasilnoticias.org\/site\/wp-json\/wp\/v2\/types\/post"}],"author":[{"embeddable":true,"href":"https:\/\/brasilnoticias.org\/site\/wp-json\/wp\/v2\/users\/1"}],"replies":[{"embeddable":true,"href":"https:\/\/brasilnoticias.org\/site\/wp-json\/wp\/v2\/comments?post=5433"}],"version-history":[{"count":1,"href":"https:\/\/brasilnoticias.org\/site\/wp-json\/wp\/v2\/posts\/5433\/revisions"}],"predecessor-version":[{"id":5435,"href":"https:\/\/brasilnoticias.org\/site\/wp-json\/wp\/v2\/posts\/5433\/revisions\/5435"}],"wp:featuredmedia":[{"embeddable":true,"href":"https:\/\/brasilnoticias.org\/site\/wp-json\/wp\/v2\/media\/5434"}],"wp:attachment":[{"href":"https:\/\/brasilnoticias.org\/site\/wp-json\/wp\/v2\/media?parent=5433"}],"wp:term":[{"taxonomy":"category","embeddable":true,"href":"https:\/\/brasilnoticias.org\/site\/wp-json\/wp\/v2\/categories?post=5433"},{"taxonomy":"post_tag","embeddable":true,"href":"https:\/\/brasilnoticias.org\/site\/wp-json\/wp\/v2\/tags?post=5433"}],"curies":[{"name":"wp","href":"https:\/\/api.w.org\/{rel}","templated":true}]}}