{"id":5436,"date":"2023-04-15T18:43:56","date_gmt":"2023-04-15T21:43:56","guid":{"rendered":"https:\/\/brasilnoticias.org\/site\/?p=5436"},"modified":"2023-04-15T18:43:56","modified_gmt":"2023-04-15T21:43:56","slug":"crianca-de-3-anos-morre-apos-ser-atropelada-por-carro-de-funeraria","status":"publish","type":"post","link":"https:\/\/brasilnoticias.org\/site\/crianca-de-3-anos-morre-apos-ser-atropelada-por-carro-de-funeraria\/","title":{"rendered":"Crian\u00e7a de 3 anos morre ap\u00f3s ser atropelada por carro de funer\u00e1ria"},"content":{"rendered":"<p>Uma crian\u00e7a de apenas 3 anos morreu ap\u00f3s ser atropelada por um carro de uma funer\u00e1ria, na tarde deste s\u00e1bado (15), na cidade de Itamaraju, no extremo sul baiano.<\/p>\n<p>De acordo com a Pol\u00edcia Militar, equipes da 43\u00aa Companhia Independente da Pol\u00edcia Militar (CIPM) foram acionadas e encontraram a menina na rua Salinas das Margaridas, no bairro Furlan. Foi constatado o \u00f3bito e o Departamento de Pol\u00edcia T\u00e9cnica (DPT) foi acionado para a realiza\u00e7\u00e3o da per\u00edcia e remo\u00e7\u00e3o do corpo.<\/p>\n<p>Ainda conforme a PM, o motorista passou mal e foi levado ao Hospital Municipal de Itamaraju por moradores, enquanto a Pol\u00edcia Civil afirmou que o condutor do ve\u00edculo saiu do local ap\u00f3s o ocorrido.<\/p>\n<p>Ele ser\u00e1 ouvido na Delegacia Territorial (DT) de Teixeira de Freitas e as circunst\u00e2ncias do acidente ser\u00e3o apuradas pela unidade.<\/p>\n<p>Foto Reprodu\u00e7\u00e3o\/Google Street View<br \/>\nBnews<\/p>\n","protected":false},"excerpt":{"rendered":"<p>Uma crian\u00e7a de apenas 3 anos morreu ap\u00f3s ser atropelada por um carro de uma funer\u00e1ria, na tarde deste s\u00e1bado<\/p>\n","protected":false},"author":1,"featured_media":5437,"comment_status":"open","ping_status":"open","sticky":false,"template":"","format":"standard","meta":{"colormag_page_container_layout":"default_layout","colormag_page_sidebar_layout":"default_layout","_FSMCFIC_featured_image_caption":"","_FSMCFIC_featured_image_nocaption":"","_FSMCFIC_featured_image_hide":"","footnotes":""},"categories":[2,1],"tags":[],"class_list":["post-5436","post","type-post","status-publish","format-standard","has-post-thumbnail","hentry","category-noticias","category-ultimas"],"yoast_head":"<!-- This site is optimized with the Yoast SEO plugin v27.1.1 - https:\/\/yoast.com\/product\/yoast-seo-wordpress\/ -->\n<title>Crian\u00e7a de 3 anos morre ap\u00f3s ser atropelada por carro de funer\u00e1ria - Brasil not\u00edcias<\/title>\n<meta name=\"robots\" content=\"index, follow, max-snippet:-1, max-image-preview:large, max-video-preview:-1\" \/>\n<link rel=\"canonical\" href=\"https:\/\/brasilnoticias.org\/site\/crianca-de-3-anos-morre-apos-ser-atropelada-por-carro-de-funeraria\/\" \/>\n<meta property=\"og:locale\" content=\"pt_PT\" \/>\n<meta property=\"og:type\" content=\"article\" \/>\n<meta property=\"og:title\" content=\"Crian\u00e7a de 3 anos morre ap\u00f3s ser atropelada por carro de funer\u00e1ria - Brasil not\u00edcias\" \/>\n<meta property=\"og:description\" content=\"Uma crian\u00e7a de apenas 3 anos morreu ap\u00f3s ser atropelada por um carro de uma funer\u00e1ria, na tarde deste s\u00e1bado\" \/>\n<meta property=\"og:url\" content=\"https:\/\/brasilnoticias.org\/site\/crianca-de-3-anos-morre-apos-ser-atropelada-por-carro-de-funeraria\/\" \/>\n<meta property=\"og:site_name\" content=\"Brasil not\u00edcias\" \/>\n<meta property=\"article:published_time\" content=\"2023-04-15T21:43:56+00:00\" \/>\n<meta property=\"og:image\" content=\"https:\/\/brasilnoticias.org\/site\/wp-content\/uploads\/2023\/04\/whatsapp_image_2023-04-15_at_14.12.11_hr2aaKc_widelg.jpeg\" \/>\n\t<meta property=\"og:image:width\" content=\"800\" \/>\n\t<meta property=\"og:image:height\" content=\"450\" \/>\n\t<meta property=\"og:image:type\" content=\"image\/jpeg\" \/>\n<meta name=\"author\" content=\"Reda\u00e7\u00e3o\" \/>\n<meta name=\"twitter:card\" content=\"summary_large_image\" \/>\n<meta name=\"twitter:label1\" content=\"Escrito por\" \/>\n\t<meta name=\"twitter:data1\" content=\"Reda\u00e7\u00e3o\" \/>\n<script type=\"application\/ld+json\" class=\"yoast-schema-graph\">{\"@context\":\"https:\/\/schema.org\",\"@graph\":[{\"@type\":\"Article\",\"@id\":\"https:\/\/brasilnoticias.org\/site\/crianca-de-3-anos-morre-apos-ser-atropelada-por-carro-de-funeraria\/#article\",\"isPartOf\":{\"@id\":\"https:\/\/brasilnoticias.org\/site\/crianca-de-3-anos-morre-apos-ser-atropelada-por-carro-de-funeraria\/\"},\"author\":{\"name\":\"Reda\u00e7\u00e3o\",\"@id\":\"https:\/\/brasilnoticias.org\/site\/#\/schema\/person\/a0e05b973ec4d15c658d51911e53507b\"},\"headline\":\"Crian\u00e7a de 3 anos morre ap\u00f3s ser atropelada por carro de funer\u00e1ria\",\"datePublished\":\"2023-04-15T21:43:56+00:00\",\"mainEntityOfPage\":{\"@id\":\"https:\/\/brasilnoticias.org\/site\/crianca-de-3-anos-morre-apos-ser-atropelada-por-carro-de-funeraria\/\"},\"wordCount\":168,\"commentCount\":0,\"publisher\":{\"@id\":\"https:\/\/brasilnoticias.org\/site\/#organization\"},\"image\":{\"@id\":\"https:\/\/brasilnoticias.org\/site\/crianca-de-3-anos-morre-apos-ser-atropelada-por-carro-de-funeraria\/#primaryimage\"},\"thumbnailUrl\":\"https:\/\/brasilnoticias.org\/site\/wp-content\/uploads\/2023\/04\/whatsapp_image_2023-04-15_at_14.12.11_hr2aaKc_widelg.jpeg\",\"articleSection\":[\"Not\u00edcias\",\"\u00daltimas\"],\"inLanguage\":\"pt-PT\",\"potentialAction\":[{\"@type\":\"CommentAction\",\"name\":\"Comment\",\"target\":[\"https:\/\/brasilnoticias.org\/site\/crianca-de-3-anos-morre-apos-ser-atropelada-por-carro-de-funeraria\/#respond\"]}]},{\"@type\":\"WebPage\",\"@id\":\"https:\/\/brasilnoticias.org\/site\/crianca-de-3-anos-morre-apos-ser-atropelada-por-carro-de-funeraria\/\",\"url\":\"https:\/\/brasilnoticias.org\/site\/crianca-de-3-anos-morre-apos-ser-atropelada-por-carro-de-funeraria\/\",\"name\":\"Crian\u00e7a de 3 anos morre ap\u00f3s ser atropelada por carro de funer\u00e1ria - Brasil not\u00edcias\",\"isPartOf\":{\"@id\":\"https:\/\/brasilnoticias.org\/site\/#website\"},\"primaryImageOfPage\":{\"@id\":\"https:\/\/brasilnoticias.org\/site\/crianca-de-3-anos-morre-apos-ser-atropelada-por-carro-de-funeraria\/#primaryimage\"},\"image\":{\"@id\":\"https:\/\/brasilnoticias.org\/site\/crianca-de-3-anos-morre-apos-ser-atropelada-por-carro-de-funeraria\/#primaryimage\"},\"thumbnailUrl\":\"https:\/\/brasilnoticias.org\/site\/wp-content\/uploads\/2023\/04\/whatsapp_image_2023-04-15_at_14.12.11_hr2aaKc_widelg.jpeg\",\"datePublished\":\"2023-04-15T21:43:56+00:00\",\"breadcrumb\":{\"@id\":\"https:\/\/brasilnoticias.org\/site\/crianca-de-3-anos-morre-apos-ser-atropelada-por-carro-de-funeraria\/#breadcrumb\"},\"inLanguage\":\"pt-PT\",\"potentialAction\":[{\"@type\":\"ReadAction\",\"target\":[\"https:\/\/brasilnoticias.org\/site\/crianca-de-3-anos-morre-apos-ser-atropelada-por-carro-de-funeraria\/\"]}]},{\"@type\":\"ImageObject\",\"inLanguage\":\"pt-PT\",\"@id\":\"https:\/\/brasilnoticias.org\/site\/crianca-de-3-anos-morre-apos-ser-atropelada-por-carro-de-funeraria\/#primaryimage\",\"url\":\"https:\/\/brasilnoticias.org\/site\/wp-content\/uploads\/2023\/04\/whatsapp_image_2023-04-15_at_14.12.11_hr2aaKc_widelg.jpeg\",\"contentUrl\":\"https:\/\/brasilnoticias.org\/site\/wp-content\/uploads\/2023\/04\/whatsapp_image_2023-04-15_at_14.12.11_hr2aaKc_widelg.jpeg\",\"width\":800,\"height\":450},{\"@type\":\"BreadcrumbList\",\"@id\":\"https:\/\/brasilnoticias.org\/site\/crianca-de-3-anos-morre-apos-ser-atropelada-por-carro-de-funeraria\/#breadcrumb\",\"itemListElement\":[{\"@type\":\"ListItem\",\"position\":1,\"name\":\"In\u00edcio\",\"item\":\"https:\/\/brasilnoticias.org\/site\/\"},{\"@type\":\"ListItem\",\"position\":2,\"name\":\"Crian\u00e7a de 3 anos morre ap\u00f3s ser atropelada por carro de funer\u00e1ria\"}]},{\"@type\":\"WebSite\",\"@id\":\"https:\/\/brasilnoticias.org\/site\/#website\",\"url\":\"https:\/\/brasilnoticias.org\/site\/\",\"name\":\"Brasil not\u00edcias\",\"description\":\"Brasil not\u00edcias\",\"publisher\":{\"@id\":\"https:\/\/brasilnoticias.org\/site\/#organization\"},\"potentialAction\":[{\"@type\":\"SearchAction\",\"target\":{\"@type\":\"EntryPoint\",\"urlTemplate\":\"https:\/\/brasilnoticias.org\/site\/?s={search_term_string}\"},\"query-input\":{\"@type\":\"PropertyValueSpecification\",\"valueRequired\":true,\"valueName\":\"search_term_string\"}}],\"inLanguage\":\"pt-PT\"},{\"@type\":\"Organization\",\"@id\":\"https:\/\/brasilnoticias.org\/site\/#organization\",\"name\":\"Brasil not\u00edcias\",\"url\":\"https:\/\/brasilnoticias.org\/site\/\",\"logo\":{\"@type\":\"ImageObject\",\"inLanguage\":\"pt-PT\",\"@id\":\"https:\/\/brasilnoticias.org\/site\/#\/schema\/logo\/image\/\",\"url\":\"https:\/\/brasilnoticias.org\/site\/wp-content\/uploads\/2022\/05\/cropped-brasilnoticias-mini.jpg\",\"contentUrl\":\"https:\/\/brasilnoticias.org\/site\/wp-content\/uploads\/2022\/05\/cropped-brasilnoticias-mini.jpg\",\"width\":314,\"height\":86,\"caption\":\"Brasil not\u00edcias\"},\"image\":{\"@id\":\"https:\/\/brasilnoticias.org\/site\/#\/schema\/logo\/image\/\"}},{\"@type\":\"Person\",\"@id\":\"https:\/\/brasilnoticias.org\/site\/#\/schema\/person\/a0e05b973ec4d15c658d51911e53507b\",\"name\":\"Reda\u00e7\u00e3o\",\"image\":{\"@type\":\"ImageObject\",\"inLanguage\":\"pt-PT\",\"@id\":\"https:\/\/brasilnoticias.org\/site\/#\/schema\/person\/image\/\",\"url\":\"https:\/\/secure.gravatar.com\/avatar\/75d8b050df2de108b08ae78dfb8e374892df24a383c67db9c46a9c604f6aee9c?s=96&d=mm&r=g\",\"contentUrl\":\"https:\/\/secure.gravatar.com\/avatar\/75d8b050df2de108b08ae78dfb8e374892df24a383c67db9c46a9c604f6aee9c?s=96&d=mm&r=g\",\"caption\":\"Reda\u00e7\u00e3o\"},\"sameAs\":[\"https:\/\/brasilnoticias.org\/site\"],\"url\":\"https:\/\/brasilnoticias.org\/site\/author\/fernandozsngmail-com\/\"}]}<\/script>\n<!-- \/ Yoast SEO plugin. -->","yoast_head_json":{"title":"Crian\u00e7a de 3 anos morre ap\u00f3s ser atropelada por carro de funer\u00e1ria - Brasil not\u00edcias","robots":{"index":"index","follow":"follow","max-snippet":"max-snippet:-1","max-image-preview":"max-image-preview:large","max-video-preview":"max-video-preview:-1"},"canonical":"https:\/\/brasilnoticias.org\/site\/crianca-de-3-anos-morre-apos-ser-atropelada-por-carro-de-funeraria\/","og_locale":"pt_PT","og_type":"article","og_title":"Crian\u00e7a de 3 anos morre ap\u00f3s ser atropelada por carro de funer\u00e1ria - Brasil not\u00edcias","og_description":"Uma crian\u00e7a de apenas 3 anos morreu ap\u00f3s ser atropelada por um carro de uma funer\u00e1ria, na tarde deste s\u00e1bado","og_url":"https:\/\/brasilnoticias.org\/site\/crianca-de-3-anos-morre-apos-ser-atropelada-por-carro-de-funeraria\/","og_site_name":"Brasil not\u00edcias","article_published_time":"2023-04-15T21:43:56+00:00","og_image":[{"width":800,"height":450,"url":"https:\/\/brasilnoticias.org\/site\/wp-content\/uploads\/2023\/04\/whatsapp_image_2023-04-15_at_14.12.11_hr2aaKc_widelg.jpeg","type":"image\/jpeg"}],"author":"Reda\u00e7\u00e3o","twitter_card":"summary_large_image","twitter_misc":{"Escrito por":"Reda\u00e7\u00e3o"},"schema":{"@context":"https:\/\/schema.org","@graph":[{"@type":"Article","@id":"https:\/\/brasilnoticias.org\/site\/crianca-de-3-anos-morre-apos-ser-atropelada-por-carro-de-funeraria\/#article","isPartOf":{"@id":"https:\/\/brasilnoticias.org\/site\/crianca-de-3-anos-morre-apos-ser-atropelada-por-carro-de-funeraria\/"},"author":{"name":"Reda\u00e7\u00e3o","@id":"https:\/\/brasilnoticias.org\/site\/#\/schema\/person\/a0e05b973ec4d15c658d51911e53507b"},"headline":"Crian\u00e7a de 3 anos morre ap\u00f3s ser atropelada por carro de funer\u00e1ria","datePublished":"2023-04-15T21:43:56+00:00","mainEntityOfPage":{"@id":"https:\/\/brasilnoticias.org\/site\/crianca-de-3-anos-morre-apos-ser-atropelada-por-carro-de-funeraria\/"},"wordCount":168,"commentCount":0,"publisher":{"@id":"https:\/\/brasilnoticias.org\/site\/#organization"},"image":{"@id":"https:\/\/brasilnoticias.org\/site\/crianca-de-3-anos-morre-apos-ser-atropelada-por-carro-de-funeraria\/#primaryimage"},"thumbnailUrl":"https:\/\/brasilnoticias.org\/site\/wp-content\/uploads\/2023\/04\/whatsapp_image_2023-04-15_at_14.12.11_hr2aaKc_widelg.jpeg","articleSection":["Not\u00edcias","\u00daltimas"],"inLanguage":"pt-PT","potentialAction":[{"@type":"CommentAction","name":"Comment","target":["https:\/\/brasilnoticias.org\/site\/crianca-de-3-anos-morre-apos-ser-atropelada-por-carro-de-funeraria\/#respond"]}]},{"@type":"WebPage","@id":"https:\/\/brasilnoticias.org\/site\/crianca-de-3-anos-morre-apos-ser-atropelada-por-carro-de-funeraria\/","url":"https:\/\/brasilnoticias.org\/site\/crianca-de-3-anos-morre-apos-ser-atropelada-por-carro-de-funeraria\/","name":"Crian\u00e7a de 3 anos morre ap\u00f3s ser atropelada por carro de funer\u00e1ria - Brasil not\u00edcias","isPartOf":{"@id":"https:\/\/brasilnoticias.org\/site\/#website"},"primaryImageOfPage":{"@id":"https:\/\/brasilnoticias.org\/site\/crianca-de-3-anos-morre-apos-ser-atropelada-por-carro-de-funeraria\/#primaryimage"},"image":{"@id":"https:\/\/brasilnoticias.org\/site\/crianca-de-3-anos-morre-apos-ser-atropelada-por-carro-de-funeraria\/#primaryimage"},"thumbnailUrl":"https:\/\/brasilnoticias.org\/site\/wp-content\/uploads\/2023\/04\/whatsapp_image_2023-04-15_at_14.12.11_hr2aaKc_widelg.jpeg","datePublished":"2023-04-15T21:43:56+00:00","breadcrumb":{"@id":"https:\/\/brasilnoticias.org\/site\/crianca-de-3-anos-morre-apos-ser-atropelada-por-carro-de-funeraria\/#breadcrumb"},"inLanguage":"pt-PT","potentialAction":[{"@type":"ReadAction","target":["https:\/\/brasilnoticias.org\/site\/crianca-de-3-anos-morre-apos-ser-atropelada-por-carro-de-funeraria\/"]}]},{"@type":"ImageObject","inLanguage":"pt-PT","@id":"https:\/\/brasilnoticias.org\/site\/crianca-de-3-anos-morre-apos-ser-atropelada-por-carro-de-funeraria\/#primaryimage","url":"https:\/\/brasilnoticias.org\/site\/wp-content\/uploads\/2023\/04\/whatsapp_image_2023-04-15_at_14.12.11_hr2aaKc_widelg.jpeg","contentUrl":"https:\/\/brasilnoticias.org\/site\/wp-content\/uploads\/2023\/04\/whatsapp_image_2023-04-15_at_14.12.11_hr2aaKc_widelg.jpeg","width":800,"height":450},{"@type":"BreadcrumbList","@id":"https:\/\/brasilnoticias.org\/site\/crianca-de-3-anos-morre-apos-ser-atropelada-por-carro-de-funeraria\/#breadcrumb","itemListElement":[{"@type":"ListItem","position":1,"name":"In\u00edcio","item":"https:\/\/brasilnoticias.org\/site\/"},{"@type":"ListItem","position":2,"name":"Crian\u00e7a de 3 anos morre ap\u00f3s ser atropelada por carro de funer\u00e1ria"}]},{"@type":"WebSite","@id":"https:\/\/brasilnoticias.org\/site\/#website","url":"https:\/\/brasilnoticias.org\/site\/","name":"Brasil not\u00edcias","description":"Brasil not\u00edcias","publisher":{"@id":"https:\/\/brasilnoticias.org\/site\/#organization"},"potentialAction":[{"@type":"SearchAction","target":{"@type":"EntryPoint","urlTemplate":"https:\/\/brasilnoticias.org\/site\/?s={search_term_string}"},"query-input":{"@type":"PropertyValueSpecification","valueRequired":true,"valueName":"search_term_string"}}],"inLanguage":"pt-PT"},{"@type":"Organization","@id":"https:\/\/brasilnoticias.org\/site\/#organization","name":"Brasil not\u00edcias","url":"https:\/\/brasilnoticias.org\/site\/","logo":{"@type":"ImageObject","inLanguage":"pt-PT","@id":"https:\/\/brasilnoticias.org\/site\/#\/schema\/logo\/image\/","url":"https:\/\/brasilnoticias.org\/site\/wp-content\/uploads\/2022\/05\/cropped-brasilnoticias-mini.jpg","contentUrl":"https:\/\/brasilnoticias.org\/site\/wp-content\/uploads\/2022\/05\/cropped-brasilnoticias-mini.jpg","width":314,"height":86,"caption":"Brasil not\u00edcias"},"image":{"@id":"https:\/\/brasilnoticias.org\/site\/#\/schema\/logo\/image\/"}},{"@type":"Person","@id":"https:\/\/brasilnoticias.org\/site\/#\/schema\/person\/a0e05b973ec4d15c658d51911e53507b","name":"Reda\u00e7\u00e3o","image":{"@type":"ImageObject","inLanguage":"pt-PT","@id":"https:\/\/brasilnoticias.org\/site\/#\/schema\/person\/image\/","url":"https:\/\/secure.gravatar.com\/avatar\/75d8b050df2de108b08ae78dfb8e374892df24a383c67db9c46a9c604f6aee9c?s=96&d=mm&r=g","contentUrl":"https:\/\/secure.gravatar.com\/avatar\/75d8b050df2de108b08ae78dfb8e374892df24a383c67db9c46a9c604f6aee9c?s=96&d=mm&r=g","caption":"Reda\u00e7\u00e3o"},"sameAs":["https:\/\/brasilnoticias.org\/site"],"url":"https:\/\/brasilnoticias.org\/site\/author\/fernandozsngmail-com\/"}]}},"_links":{"self":[{"href":"https:\/\/brasilnoticias.org\/site\/wp-json\/wp\/v2\/posts\/5436","targetHints":{"allow":["GET"]}}],"collection":[{"href":"https:\/\/brasilnoticias.org\/site\/wp-json\/wp\/v2\/posts"}],"about":[{"href":"https:\/\/brasilnoticias.org\/site\/wp-json\/wp\/v2\/types\/post"}],"author":[{"embeddable":true,"href":"https:\/\/brasilnoticias.org\/site\/wp-json\/wp\/v2\/users\/1"}],"replies":[{"embeddable":true,"href":"https:\/\/brasilnoticias.org\/site\/wp-json\/wp\/v2\/comments?post=5436"}],"version-history":[{"count":1,"href":"https:\/\/brasilnoticias.org\/site\/wp-json\/wp\/v2\/posts\/5436\/revisions"}],"predecessor-version":[{"id":5438,"href":"https:\/\/brasilnoticias.org\/site\/wp-json\/wp\/v2\/posts\/5436\/revisions\/5438"}],"wp:featuredmedia":[{"embeddable":true,"href":"https:\/\/brasilnoticias.org\/site\/wp-json\/wp\/v2\/media\/5437"}],"wp:attachment":[{"href":"https:\/\/brasilnoticias.org\/site\/wp-json\/wp\/v2\/media?parent=5436"}],"wp:term":[{"taxonomy":"category","embeddable":true,"href":"https:\/\/brasilnoticias.org\/site\/wp-json\/wp\/v2\/categories?post=5436"},{"taxonomy":"post_tag","embeddable":true,"href":"https:\/\/brasilnoticias.org\/site\/wp-json\/wp\/v2\/tags?post=5436"}],"curies":[{"name":"wp","href":"https:\/\/api.w.org\/{rel}","templated":true}]}}