{"id":5449,"date":"2023-04-16T07:00:23","date_gmt":"2023-04-16T10:00:23","guid":{"rendered":"https:\/\/brasilnoticias.org\/site\/?p=5449"},"modified":"2023-04-15T19:01:34","modified_gmt":"2023-04-15T22:01:34","slug":"homem-e-detido-pela-guarda-civil-apos-crime-de-importunacao-sexual","status":"publish","type":"post","link":"https:\/\/brasilnoticias.org\/site\/homem-e-detido-pela-guarda-civil-apos-crime-de-importunacao-sexual\/","title":{"rendered":"Homem \u00e9 detido pela Guarda Civil ap\u00f3s crime de importuna\u00e7\u00e3o sexual"},"content":{"rendered":"<p>Na tarde deste s\u00e1bado, 15, uma equipe do Grupamento de Rondas da Capital (Rondac), da Guarda Civil Municipal de Salvador, realizava patrulhamento preventivo na regi\u00e3o da Barra, quando foi acionada por uma mulher que informou ter sido importunada por um homem, e que teria sido tocada em suas partes \u00edntimas, em um bar localizado naquela \u00e1rea. <\/p>\n<p>De imediato os agentes adentraram ao estabelecimento e identificaram o suspeito, que foi detido e encaminhado para a Central de Flagrantes nos Barris, onde foram adotadas as medidas cab\u00edveis.<\/p>\n<p>A legisla\u00e7\u00e3o brasileira prev\u00ea que passar a m\u00e3o no corpo, tocar ou encostar partes \u00edntimas para satisfa\u00e7\u00e3o, \u201croubar\u201d ou beijar algu\u00e9m \u00e0 for\u00e7a, s\u00e3o consideradas crime de importuna\u00e7\u00e3o sexual pelo C\u00f3digo Penal Brasileiro, refor\u00e7ado pela Lei n\u00ba 13.718\/2018, com pena de um a cinco anos de pris\u00e3o.<\/p>\n<p>Foto: Guarda Municipal de Salvador<br \/>\nA Tarde<\/p>\n","protected":false},"excerpt":{"rendered":"<p>Na tarde deste s\u00e1bado, 15, uma equipe do Grupamento de Rondas da Capital (Rondac), da Guarda Civil Municipal de Salvador,<\/p>\n","protected":false},"author":1,"featured_media":5450,"comment_status":"open","ping_status":"open","sticky":false,"template":"","format":"standard","meta":{"colormag_page_container_layout":"default_layout","colormag_page_sidebar_layout":"default_layout","_FSMCFIC_featured_image_caption":"","_FSMCFIC_featured_image_nocaption":"","_FSMCFIC_featured_image_hide":"","footnotes":""},"categories":[3,1],"tags":[],"class_list":["post-5449","post","type-post","status-publish","format-standard","has-post-thumbnail","hentry","category-policia","category-ultimas"],"yoast_head":"<!-- This site is optimized with the Yoast SEO plugin v27.1.1 - https:\/\/yoast.com\/product\/yoast-seo-wordpress\/ -->\n<title>Homem \u00e9 detido pela Guarda Civil ap\u00f3s crime de importuna\u00e7\u00e3o sexual - Brasil not\u00edcias<\/title>\n<meta name=\"robots\" content=\"index, follow, max-snippet:-1, max-image-preview:large, max-video-preview:-1\" \/>\n<link rel=\"canonical\" href=\"https:\/\/brasilnoticias.org\/site\/homem-e-detido-pela-guarda-civil-apos-crime-de-importunacao-sexual\/\" \/>\n<meta property=\"og:locale\" content=\"pt_PT\" \/>\n<meta property=\"og:type\" content=\"article\" \/>\n<meta property=\"og:title\" content=\"Homem \u00e9 detido pela Guarda Civil ap\u00f3s crime de importuna\u00e7\u00e3o sexual - Brasil not\u00edcias\" \/>\n<meta property=\"og:description\" content=\"Na tarde deste s\u00e1bado, 15, uma equipe do Grupamento de Rondas da Capital (Rondac), da Guarda Civil Municipal de Salvador,\" \/>\n<meta property=\"og:url\" content=\"https:\/\/brasilnoticias.org\/site\/homem-e-detido-pela-guarda-civil-apos-crime-de-importunacao-sexual\/\" \/>\n<meta property=\"og:site_name\" content=\"Brasil not\u00edcias\" \/>\n<meta property=\"article:published_time\" content=\"2023-04-16T10:00:23+00:00\" \/>\n<meta property=\"og:image\" content=\"https:\/\/brasilnoticias.org\/site\/wp-content\/uploads\/2023\/04\/Artigo-Destaque_01225968_00.jpg\" \/>\n\t<meta property=\"og:image:width\" content=\"1920\" \/>\n\t<meta property=\"og:image:height\" content=\"1080\" \/>\n\t<meta property=\"og:image:type\" content=\"image\/jpeg\" \/>\n<meta name=\"author\" content=\"Reda\u00e7\u00e3o\" \/>\n<meta name=\"twitter:card\" content=\"summary_large_image\" \/>\n<meta name=\"twitter:label1\" content=\"Escrito por\" \/>\n\t<meta name=\"twitter:data1\" content=\"Reda\u00e7\u00e3o\" \/>\n<script type=\"application\/ld+json\" class=\"yoast-schema-graph\">{\"@context\":\"https:\/\/schema.org\",\"@graph\":[{\"@type\":\"Article\",\"@id\":\"https:\/\/brasilnoticias.org\/site\/homem-e-detido-pela-guarda-civil-apos-crime-de-importunacao-sexual\/#article\",\"isPartOf\":{\"@id\":\"https:\/\/brasilnoticias.org\/site\/homem-e-detido-pela-guarda-civil-apos-crime-de-importunacao-sexual\/\"},\"author\":{\"name\":\"Reda\u00e7\u00e3o\",\"@id\":\"https:\/\/brasilnoticias.org\/site\/#\/schema\/person\/a0e05b973ec4d15c658d51911e53507b\"},\"headline\":\"Homem \u00e9 detido pela Guarda Civil ap\u00f3s crime de importuna\u00e7\u00e3o sexual\",\"datePublished\":\"2023-04-16T10:00:23+00:00\",\"mainEntityOfPage\":{\"@id\":\"https:\/\/brasilnoticias.org\/site\/homem-e-detido-pela-guarda-civil-apos-crime-de-importunacao-sexual\/\"},\"wordCount\":161,\"commentCount\":0,\"publisher\":{\"@id\":\"https:\/\/brasilnoticias.org\/site\/#organization\"},\"image\":{\"@id\":\"https:\/\/brasilnoticias.org\/site\/homem-e-detido-pela-guarda-civil-apos-crime-de-importunacao-sexual\/#primaryimage\"},\"thumbnailUrl\":\"https:\/\/brasilnoticias.org\/site\/wp-content\/uploads\/2023\/04\/Artigo-Destaque_01225968_00.jpg\",\"articleSection\":[\"Pol\u00edcia\",\"\u00daltimas\"],\"inLanguage\":\"pt-PT\",\"potentialAction\":[{\"@type\":\"CommentAction\",\"name\":\"Comment\",\"target\":[\"https:\/\/brasilnoticias.org\/site\/homem-e-detido-pela-guarda-civil-apos-crime-de-importunacao-sexual\/#respond\"]}]},{\"@type\":\"WebPage\",\"@id\":\"https:\/\/brasilnoticias.org\/site\/homem-e-detido-pela-guarda-civil-apos-crime-de-importunacao-sexual\/\",\"url\":\"https:\/\/brasilnoticias.org\/site\/homem-e-detido-pela-guarda-civil-apos-crime-de-importunacao-sexual\/\",\"name\":\"Homem \u00e9 detido pela Guarda Civil ap\u00f3s crime de importuna\u00e7\u00e3o sexual - Brasil not\u00edcias\",\"isPartOf\":{\"@id\":\"https:\/\/brasilnoticias.org\/site\/#website\"},\"primaryImageOfPage\":{\"@id\":\"https:\/\/brasilnoticias.org\/site\/homem-e-detido-pela-guarda-civil-apos-crime-de-importunacao-sexual\/#primaryimage\"},\"image\":{\"@id\":\"https:\/\/brasilnoticias.org\/site\/homem-e-detido-pela-guarda-civil-apos-crime-de-importunacao-sexual\/#primaryimage\"},\"thumbnailUrl\":\"https:\/\/brasilnoticias.org\/site\/wp-content\/uploads\/2023\/04\/Artigo-Destaque_01225968_00.jpg\",\"datePublished\":\"2023-04-16T10:00:23+00:00\",\"breadcrumb\":{\"@id\":\"https:\/\/brasilnoticias.org\/site\/homem-e-detido-pela-guarda-civil-apos-crime-de-importunacao-sexual\/#breadcrumb\"},\"inLanguage\":\"pt-PT\",\"potentialAction\":[{\"@type\":\"ReadAction\",\"target\":[\"https:\/\/brasilnoticias.org\/site\/homem-e-detido-pela-guarda-civil-apos-crime-de-importunacao-sexual\/\"]}]},{\"@type\":\"ImageObject\",\"inLanguage\":\"pt-PT\",\"@id\":\"https:\/\/brasilnoticias.org\/site\/homem-e-detido-pela-guarda-civil-apos-crime-de-importunacao-sexual\/#primaryimage\",\"url\":\"https:\/\/brasilnoticias.org\/site\/wp-content\/uploads\/2023\/04\/Artigo-Destaque_01225968_00.jpg\",\"contentUrl\":\"https:\/\/brasilnoticias.org\/site\/wp-content\/uploads\/2023\/04\/Artigo-Destaque_01225968_00.jpg\",\"width\":1920,\"height\":1080},{\"@type\":\"BreadcrumbList\",\"@id\":\"https:\/\/brasilnoticias.org\/site\/homem-e-detido-pela-guarda-civil-apos-crime-de-importunacao-sexual\/#breadcrumb\",\"itemListElement\":[{\"@type\":\"ListItem\",\"position\":1,\"name\":\"In\u00edcio\",\"item\":\"https:\/\/brasilnoticias.org\/site\/\"},{\"@type\":\"ListItem\",\"position\":2,\"name\":\"Homem \u00e9 detido pela Guarda Civil ap\u00f3s crime de importuna\u00e7\u00e3o sexual\"}]},{\"@type\":\"WebSite\",\"@id\":\"https:\/\/brasilnoticias.org\/site\/#website\",\"url\":\"https:\/\/brasilnoticias.org\/site\/\",\"name\":\"Brasil not\u00edcias\",\"description\":\"Brasil not\u00edcias\",\"publisher\":{\"@id\":\"https:\/\/brasilnoticias.org\/site\/#organization\"},\"potentialAction\":[{\"@type\":\"SearchAction\",\"target\":{\"@type\":\"EntryPoint\",\"urlTemplate\":\"https:\/\/brasilnoticias.org\/site\/?s={search_term_string}\"},\"query-input\":{\"@type\":\"PropertyValueSpecification\",\"valueRequired\":true,\"valueName\":\"search_term_string\"}}],\"inLanguage\":\"pt-PT\"},{\"@type\":\"Organization\",\"@id\":\"https:\/\/brasilnoticias.org\/site\/#organization\",\"name\":\"Brasil not\u00edcias\",\"url\":\"https:\/\/brasilnoticias.org\/site\/\",\"logo\":{\"@type\":\"ImageObject\",\"inLanguage\":\"pt-PT\",\"@id\":\"https:\/\/brasilnoticias.org\/site\/#\/schema\/logo\/image\/\",\"url\":\"https:\/\/brasilnoticias.org\/site\/wp-content\/uploads\/2022\/05\/cropped-brasilnoticias-mini.jpg\",\"contentUrl\":\"https:\/\/brasilnoticias.org\/site\/wp-content\/uploads\/2022\/05\/cropped-brasilnoticias-mini.jpg\",\"width\":314,\"height\":86,\"caption\":\"Brasil not\u00edcias\"},\"image\":{\"@id\":\"https:\/\/brasilnoticias.org\/site\/#\/schema\/logo\/image\/\"}},{\"@type\":\"Person\",\"@id\":\"https:\/\/brasilnoticias.org\/site\/#\/schema\/person\/a0e05b973ec4d15c658d51911e53507b\",\"name\":\"Reda\u00e7\u00e3o\",\"image\":{\"@type\":\"ImageObject\",\"inLanguage\":\"pt-PT\",\"@id\":\"https:\/\/brasilnoticias.org\/site\/#\/schema\/person\/image\/\",\"url\":\"https:\/\/secure.gravatar.com\/avatar\/75d8b050df2de108b08ae78dfb8e374892df24a383c67db9c46a9c604f6aee9c?s=96&d=mm&r=g\",\"contentUrl\":\"https:\/\/secure.gravatar.com\/avatar\/75d8b050df2de108b08ae78dfb8e374892df24a383c67db9c46a9c604f6aee9c?s=96&d=mm&r=g\",\"caption\":\"Reda\u00e7\u00e3o\"},\"sameAs\":[\"https:\/\/brasilnoticias.org\/site\"],\"url\":\"https:\/\/brasilnoticias.org\/site\/author\/fernandozsngmail-com\/\"}]}<\/script>\n<!-- \/ Yoast SEO plugin. -->","yoast_head_json":{"title":"Homem \u00e9 detido pela Guarda Civil ap\u00f3s crime de importuna\u00e7\u00e3o sexual - Brasil not\u00edcias","robots":{"index":"index","follow":"follow","max-snippet":"max-snippet:-1","max-image-preview":"max-image-preview:large","max-video-preview":"max-video-preview:-1"},"canonical":"https:\/\/brasilnoticias.org\/site\/homem-e-detido-pela-guarda-civil-apos-crime-de-importunacao-sexual\/","og_locale":"pt_PT","og_type":"article","og_title":"Homem \u00e9 detido pela Guarda Civil ap\u00f3s crime de importuna\u00e7\u00e3o sexual - Brasil not\u00edcias","og_description":"Na tarde deste s\u00e1bado, 15, uma equipe do Grupamento de Rondas da Capital (Rondac), da Guarda Civil Municipal de Salvador,","og_url":"https:\/\/brasilnoticias.org\/site\/homem-e-detido-pela-guarda-civil-apos-crime-de-importunacao-sexual\/","og_site_name":"Brasil not\u00edcias","article_published_time":"2023-04-16T10:00:23+00:00","og_image":[{"width":1920,"height":1080,"url":"https:\/\/brasilnoticias.org\/site\/wp-content\/uploads\/2023\/04\/Artigo-Destaque_01225968_00.jpg","type":"image\/jpeg"}],"author":"Reda\u00e7\u00e3o","twitter_card":"summary_large_image","twitter_misc":{"Escrito por":"Reda\u00e7\u00e3o"},"schema":{"@context":"https:\/\/schema.org","@graph":[{"@type":"Article","@id":"https:\/\/brasilnoticias.org\/site\/homem-e-detido-pela-guarda-civil-apos-crime-de-importunacao-sexual\/#article","isPartOf":{"@id":"https:\/\/brasilnoticias.org\/site\/homem-e-detido-pela-guarda-civil-apos-crime-de-importunacao-sexual\/"},"author":{"name":"Reda\u00e7\u00e3o","@id":"https:\/\/brasilnoticias.org\/site\/#\/schema\/person\/a0e05b973ec4d15c658d51911e53507b"},"headline":"Homem \u00e9 detido pela Guarda Civil ap\u00f3s crime de importuna\u00e7\u00e3o sexual","datePublished":"2023-04-16T10:00:23+00:00","mainEntityOfPage":{"@id":"https:\/\/brasilnoticias.org\/site\/homem-e-detido-pela-guarda-civil-apos-crime-de-importunacao-sexual\/"},"wordCount":161,"commentCount":0,"publisher":{"@id":"https:\/\/brasilnoticias.org\/site\/#organization"},"image":{"@id":"https:\/\/brasilnoticias.org\/site\/homem-e-detido-pela-guarda-civil-apos-crime-de-importunacao-sexual\/#primaryimage"},"thumbnailUrl":"https:\/\/brasilnoticias.org\/site\/wp-content\/uploads\/2023\/04\/Artigo-Destaque_01225968_00.jpg","articleSection":["Pol\u00edcia","\u00daltimas"],"inLanguage":"pt-PT","potentialAction":[{"@type":"CommentAction","name":"Comment","target":["https:\/\/brasilnoticias.org\/site\/homem-e-detido-pela-guarda-civil-apos-crime-de-importunacao-sexual\/#respond"]}]},{"@type":"WebPage","@id":"https:\/\/brasilnoticias.org\/site\/homem-e-detido-pela-guarda-civil-apos-crime-de-importunacao-sexual\/","url":"https:\/\/brasilnoticias.org\/site\/homem-e-detido-pela-guarda-civil-apos-crime-de-importunacao-sexual\/","name":"Homem \u00e9 detido pela Guarda Civil ap\u00f3s crime de importuna\u00e7\u00e3o sexual - Brasil not\u00edcias","isPartOf":{"@id":"https:\/\/brasilnoticias.org\/site\/#website"},"primaryImageOfPage":{"@id":"https:\/\/brasilnoticias.org\/site\/homem-e-detido-pela-guarda-civil-apos-crime-de-importunacao-sexual\/#primaryimage"},"image":{"@id":"https:\/\/brasilnoticias.org\/site\/homem-e-detido-pela-guarda-civil-apos-crime-de-importunacao-sexual\/#primaryimage"},"thumbnailUrl":"https:\/\/brasilnoticias.org\/site\/wp-content\/uploads\/2023\/04\/Artigo-Destaque_01225968_00.jpg","datePublished":"2023-04-16T10:00:23+00:00","breadcrumb":{"@id":"https:\/\/brasilnoticias.org\/site\/homem-e-detido-pela-guarda-civil-apos-crime-de-importunacao-sexual\/#breadcrumb"},"inLanguage":"pt-PT","potentialAction":[{"@type":"ReadAction","target":["https:\/\/brasilnoticias.org\/site\/homem-e-detido-pela-guarda-civil-apos-crime-de-importunacao-sexual\/"]}]},{"@type":"ImageObject","inLanguage":"pt-PT","@id":"https:\/\/brasilnoticias.org\/site\/homem-e-detido-pela-guarda-civil-apos-crime-de-importunacao-sexual\/#primaryimage","url":"https:\/\/brasilnoticias.org\/site\/wp-content\/uploads\/2023\/04\/Artigo-Destaque_01225968_00.jpg","contentUrl":"https:\/\/brasilnoticias.org\/site\/wp-content\/uploads\/2023\/04\/Artigo-Destaque_01225968_00.jpg","width":1920,"height":1080},{"@type":"BreadcrumbList","@id":"https:\/\/brasilnoticias.org\/site\/homem-e-detido-pela-guarda-civil-apos-crime-de-importunacao-sexual\/#breadcrumb","itemListElement":[{"@type":"ListItem","position":1,"name":"In\u00edcio","item":"https:\/\/brasilnoticias.org\/site\/"},{"@type":"ListItem","position":2,"name":"Homem \u00e9 detido pela Guarda Civil ap\u00f3s crime de importuna\u00e7\u00e3o sexual"}]},{"@type":"WebSite","@id":"https:\/\/brasilnoticias.org\/site\/#website","url":"https:\/\/brasilnoticias.org\/site\/","name":"Brasil not\u00edcias","description":"Brasil not\u00edcias","publisher":{"@id":"https:\/\/brasilnoticias.org\/site\/#organization"},"potentialAction":[{"@type":"SearchAction","target":{"@type":"EntryPoint","urlTemplate":"https:\/\/brasilnoticias.org\/site\/?s={search_term_string}"},"query-input":{"@type":"PropertyValueSpecification","valueRequired":true,"valueName":"search_term_string"}}],"inLanguage":"pt-PT"},{"@type":"Organization","@id":"https:\/\/brasilnoticias.org\/site\/#organization","name":"Brasil not\u00edcias","url":"https:\/\/brasilnoticias.org\/site\/","logo":{"@type":"ImageObject","inLanguage":"pt-PT","@id":"https:\/\/brasilnoticias.org\/site\/#\/schema\/logo\/image\/","url":"https:\/\/brasilnoticias.org\/site\/wp-content\/uploads\/2022\/05\/cropped-brasilnoticias-mini.jpg","contentUrl":"https:\/\/brasilnoticias.org\/site\/wp-content\/uploads\/2022\/05\/cropped-brasilnoticias-mini.jpg","width":314,"height":86,"caption":"Brasil not\u00edcias"},"image":{"@id":"https:\/\/brasilnoticias.org\/site\/#\/schema\/logo\/image\/"}},{"@type":"Person","@id":"https:\/\/brasilnoticias.org\/site\/#\/schema\/person\/a0e05b973ec4d15c658d51911e53507b","name":"Reda\u00e7\u00e3o","image":{"@type":"ImageObject","inLanguage":"pt-PT","@id":"https:\/\/brasilnoticias.org\/site\/#\/schema\/person\/image\/","url":"https:\/\/secure.gravatar.com\/avatar\/75d8b050df2de108b08ae78dfb8e374892df24a383c67db9c46a9c604f6aee9c?s=96&d=mm&r=g","contentUrl":"https:\/\/secure.gravatar.com\/avatar\/75d8b050df2de108b08ae78dfb8e374892df24a383c67db9c46a9c604f6aee9c?s=96&d=mm&r=g","caption":"Reda\u00e7\u00e3o"},"sameAs":["https:\/\/brasilnoticias.org\/site"],"url":"https:\/\/brasilnoticias.org\/site\/author\/fernandozsngmail-com\/"}]}},"_links":{"self":[{"href":"https:\/\/brasilnoticias.org\/site\/wp-json\/wp\/v2\/posts\/5449","targetHints":{"allow":["GET"]}}],"collection":[{"href":"https:\/\/brasilnoticias.org\/site\/wp-json\/wp\/v2\/posts"}],"about":[{"href":"https:\/\/brasilnoticias.org\/site\/wp-json\/wp\/v2\/types\/post"}],"author":[{"embeddable":true,"href":"https:\/\/brasilnoticias.org\/site\/wp-json\/wp\/v2\/users\/1"}],"replies":[{"embeddable":true,"href":"https:\/\/brasilnoticias.org\/site\/wp-json\/wp\/v2\/comments?post=5449"}],"version-history":[{"count":2,"href":"https:\/\/brasilnoticias.org\/site\/wp-json\/wp\/v2\/posts\/5449\/revisions"}],"predecessor-version":[{"id":5452,"href":"https:\/\/brasilnoticias.org\/site\/wp-json\/wp\/v2\/posts\/5449\/revisions\/5452"}],"wp:featuredmedia":[{"embeddable":true,"href":"https:\/\/brasilnoticias.org\/site\/wp-json\/wp\/v2\/media\/5450"}],"wp:attachment":[{"href":"https:\/\/brasilnoticias.org\/site\/wp-json\/wp\/v2\/media?parent=5449"}],"wp:term":[{"taxonomy":"category","embeddable":true,"href":"https:\/\/brasilnoticias.org\/site\/wp-json\/wp\/v2\/categories?post=5449"},{"taxonomy":"post_tag","embeddable":true,"href":"https:\/\/brasilnoticias.org\/site\/wp-json\/wp\/v2\/tags?post=5449"}],"curies":[{"name":"wp","href":"https:\/\/api.w.org\/{rel}","templated":true}]}}