{"id":5453,"date":"2023-04-16T07:10:42","date_gmt":"2023-04-16T10:10:42","guid":{"rendered":"https:\/\/brasilnoticias.org\/site\/?p=5453"},"modified":"2023-04-15T19:03:39","modified_gmt":"2023-04-15T22:03:39","slug":"brasil-mostra-preocupacao-com-tentativa-de-tomada-do-poder-no-sudao","status":"publish","type":"post","link":"https:\/\/brasilnoticias.org\/site\/brasil-mostra-preocupacao-com-tentativa-de-tomada-do-poder-no-sudao\/","title":{"rendered":"Brasil mostra preocupa\u00e7\u00e3o com tentativa de tomada do poder no Sud\u00e3o"},"content":{"rendered":"<p>O Minist\u00e9rio das Rela\u00e7\u00f5es Exteriores (MRE) informou neste s\u00e1bado, 15, que o governo brasileiro acompanha com preocupa\u00e7\u00e3o a eclos\u00e3o de epis\u00f3dios de viol\u00eancia no Sud\u00e3o, pa\u00eds africano que passa por uma tentativa de tomada de poder por grupo paramilitar.<\/p>\n<p>A ofensiva partiu do grupo chamado For\u00e7as de Apoio R\u00e1pido (RSF, na sigla em ingl\u00eas) que afirma ter assumido o controle, neste s\u00e1bado, do pal\u00e1cio presidencial, da resid\u00eancia do chefe do Ex\u00e9rcito, do aeroporto internacional de Cartum (capital do pa\u00eds), al\u00e9m de aeroportos nas cidades de Merowe e El Obeid.<\/p>\n<p>Na nota, o governo brasileiro expressou que reitera seu apoio \u00e0s negocia\u00e7\u00f5es pol\u00edticas entre as lideran\u00e7as sudanesas, com o objetivo de restabelecer governo civil de transi\u00e7\u00e3o.<\/p>\n<p>\u201cO governo brasileiro exorta as partes \u00e0 conten\u00e7\u00e3o e \u00e0 cessa\u00e7\u00e3o imediata dos combates. Reiteramos apoio aos esfor\u00e7os do Conselho de Seguran\u00e7a das Na\u00e7\u00f5es Unidas nesse sentido\u201d, diz trecho da nota.<\/p>\n<p>O Itamaraty disse ainda que o governo brasileiro acompanha com preocupa\u00e7\u00e3o a eclos\u00e3o de epis\u00f3dios de viol\u00eancia no pa\u00eds e que reitera seu apoio \u00e0s negocia\u00e7\u00f5es pol\u00edticas entre as lideran\u00e7as sudanesas, com o objetivo de restabelecer governo civil de transi\u00e7\u00e3o.<\/p>\n<p>O Itamaraty acrescentou que abriu um canal para atendimento aos brasileiros que est\u00e3o no pa\u00eds. A comunidade brasileira no Sud\u00e3o \u00e9 composta por cerca de 15 nacionais, com os quais a Embaixada do Brasil em Cartum vem mantendo contato.<\/p>\n<p>\u201cO n\u00famero de telefone\/Whatsapp do plant\u00e3o consular do Itamaraty permanece \u00e0 disposi\u00e7\u00e3o para cidad\u00e3os que necessitem de apoio naquele pa\u00eds: +55 61 98260-0610\u201d, disse o Itamaraty.<\/p>\n<p>Foto: AFP<br \/>\nA Tarde<\/p>\n","protected":false},"excerpt":{"rendered":"<p>O Minist\u00e9rio das Rela\u00e7\u00f5es Exteriores (MRE) informou neste s\u00e1bado, 15, que o governo brasileiro acompanha com preocupa\u00e7\u00e3o a eclos\u00e3o de<\/p>\n","protected":false},"author":1,"featured_media":5454,"comment_status":"open","ping_status":"open","sticky":false,"template":"","format":"standard","meta":{"colormag_page_container_layout":"default_layout","colormag_page_sidebar_layout":"default_layout","_FSMCFIC_featured_image_caption":"","_FSMCFIC_featured_image_nocaption":"","_FSMCFIC_featured_image_hide":"","footnotes":""},"categories":[6,1],"tags":[],"class_list":["post-5453","post","type-post","status-publish","format-standard","has-post-thumbnail","hentry","category-mundo","category-ultimas"],"yoast_head":"<!-- This site is optimized with the Yoast SEO plugin v27.1.1 - https:\/\/yoast.com\/product\/yoast-seo-wordpress\/ -->\n<title>Brasil mostra preocupa\u00e7\u00e3o com tentativa de tomada do poder no Sud\u00e3o - Brasil not\u00edcias<\/title>\n<meta name=\"robots\" content=\"index, follow, max-snippet:-1, max-image-preview:large, max-video-preview:-1\" \/>\n<link rel=\"canonical\" href=\"https:\/\/brasilnoticias.org\/site\/brasil-mostra-preocupacao-com-tentativa-de-tomada-do-poder-no-sudao\/\" \/>\n<meta property=\"og:locale\" content=\"pt_PT\" \/>\n<meta property=\"og:type\" content=\"article\" \/>\n<meta property=\"og:title\" content=\"Brasil mostra preocupa\u00e7\u00e3o com tentativa de tomada do poder no Sud\u00e3o - Brasil not\u00edcias\" \/>\n<meta property=\"og:description\" content=\"O Minist\u00e9rio das Rela\u00e7\u00f5es Exteriores (MRE) informou neste s\u00e1bado, 15, que o governo brasileiro acompanha com preocupa\u00e7\u00e3o a eclos\u00e3o de\" \/>\n<meta property=\"og:url\" content=\"https:\/\/brasilnoticias.org\/site\/brasil-mostra-preocupacao-com-tentativa-de-tomada-do-poder-no-sudao\/\" \/>\n<meta property=\"og:site_name\" content=\"Brasil not\u00edcias\" \/>\n<meta property=\"article:published_time\" content=\"2023-04-16T10:10:42+00:00\" \/>\n<meta property=\"og:image\" content=\"https:\/\/brasilnoticias.org\/site\/wp-content\/uploads\/2023\/04\/Artigo-Destaque_01225965_00.jpg\" \/>\n\t<meta property=\"og:image:width\" content=\"1100\" \/>\n\t<meta property=\"og:image:height\" content=\"734\" \/>\n\t<meta property=\"og:image:type\" content=\"image\/jpeg\" \/>\n<meta name=\"author\" content=\"Reda\u00e7\u00e3o\" \/>\n<meta name=\"twitter:card\" content=\"summary_large_image\" \/>\n<meta name=\"twitter:label1\" content=\"Escrito por\" \/>\n\t<meta name=\"twitter:data1\" content=\"Reda\u00e7\u00e3o\" \/>\n<script type=\"application\/ld+json\" class=\"yoast-schema-graph\">{\"@context\":\"https:\/\/schema.org\",\"@graph\":[{\"@type\":\"Article\",\"@id\":\"https:\/\/brasilnoticias.org\/site\/brasil-mostra-preocupacao-com-tentativa-de-tomada-do-poder-no-sudao\/#article\",\"isPartOf\":{\"@id\":\"https:\/\/brasilnoticias.org\/site\/brasil-mostra-preocupacao-com-tentativa-de-tomada-do-poder-no-sudao\/\"},\"author\":{\"name\":\"Reda\u00e7\u00e3o\",\"@id\":\"https:\/\/brasilnoticias.org\/site\/#\/schema\/person\/a0e05b973ec4d15c658d51911e53507b\"},\"headline\":\"Brasil mostra preocupa\u00e7\u00e3o com tentativa de tomada do poder no Sud\u00e3o\",\"datePublished\":\"2023-04-16T10:10:42+00:00\",\"mainEntityOfPage\":{\"@id\":\"https:\/\/brasilnoticias.org\/site\/brasil-mostra-preocupacao-com-tentativa-de-tomada-do-poder-no-sudao\/\"},\"wordCount\":305,\"commentCount\":0,\"publisher\":{\"@id\":\"https:\/\/brasilnoticias.org\/site\/#organization\"},\"image\":{\"@id\":\"https:\/\/brasilnoticias.org\/site\/brasil-mostra-preocupacao-com-tentativa-de-tomada-do-poder-no-sudao\/#primaryimage\"},\"thumbnailUrl\":\"https:\/\/brasilnoticias.org\/site\/wp-content\/uploads\/2023\/04\/Artigo-Destaque_01225965_00.jpg\",\"articleSection\":[\"Mundo\",\"\u00daltimas\"],\"inLanguage\":\"pt-PT\",\"potentialAction\":[{\"@type\":\"CommentAction\",\"name\":\"Comment\",\"target\":[\"https:\/\/brasilnoticias.org\/site\/brasil-mostra-preocupacao-com-tentativa-de-tomada-do-poder-no-sudao\/#respond\"]}]},{\"@type\":\"WebPage\",\"@id\":\"https:\/\/brasilnoticias.org\/site\/brasil-mostra-preocupacao-com-tentativa-de-tomada-do-poder-no-sudao\/\",\"url\":\"https:\/\/brasilnoticias.org\/site\/brasil-mostra-preocupacao-com-tentativa-de-tomada-do-poder-no-sudao\/\",\"name\":\"Brasil mostra preocupa\u00e7\u00e3o com tentativa de tomada do poder no Sud\u00e3o - Brasil not\u00edcias\",\"isPartOf\":{\"@id\":\"https:\/\/brasilnoticias.org\/site\/#website\"},\"primaryImageOfPage\":{\"@id\":\"https:\/\/brasilnoticias.org\/site\/brasil-mostra-preocupacao-com-tentativa-de-tomada-do-poder-no-sudao\/#primaryimage\"},\"image\":{\"@id\":\"https:\/\/brasilnoticias.org\/site\/brasil-mostra-preocupacao-com-tentativa-de-tomada-do-poder-no-sudao\/#primaryimage\"},\"thumbnailUrl\":\"https:\/\/brasilnoticias.org\/site\/wp-content\/uploads\/2023\/04\/Artigo-Destaque_01225965_00.jpg\",\"datePublished\":\"2023-04-16T10:10:42+00:00\",\"breadcrumb\":{\"@id\":\"https:\/\/brasilnoticias.org\/site\/brasil-mostra-preocupacao-com-tentativa-de-tomada-do-poder-no-sudao\/#breadcrumb\"},\"inLanguage\":\"pt-PT\",\"potentialAction\":[{\"@type\":\"ReadAction\",\"target\":[\"https:\/\/brasilnoticias.org\/site\/brasil-mostra-preocupacao-com-tentativa-de-tomada-do-poder-no-sudao\/\"]}]},{\"@type\":\"ImageObject\",\"inLanguage\":\"pt-PT\",\"@id\":\"https:\/\/brasilnoticias.org\/site\/brasil-mostra-preocupacao-com-tentativa-de-tomada-do-poder-no-sudao\/#primaryimage\",\"url\":\"https:\/\/brasilnoticias.org\/site\/wp-content\/uploads\/2023\/04\/Artigo-Destaque_01225965_00.jpg\",\"contentUrl\":\"https:\/\/brasilnoticias.org\/site\/wp-content\/uploads\/2023\/04\/Artigo-Destaque_01225965_00.jpg\",\"width\":1100,\"height\":734},{\"@type\":\"BreadcrumbList\",\"@id\":\"https:\/\/brasilnoticias.org\/site\/brasil-mostra-preocupacao-com-tentativa-de-tomada-do-poder-no-sudao\/#breadcrumb\",\"itemListElement\":[{\"@type\":\"ListItem\",\"position\":1,\"name\":\"In\u00edcio\",\"item\":\"https:\/\/brasilnoticias.org\/site\/\"},{\"@type\":\"ListItem\",\"position\":2,\"name\":\"Brasil mostra preocupa\u00e7\u00e3o com tentativa de tomada do poder no Sud\u00e3o\"}]},{\"@type\":\"WebSite\",\"@id\":\"https:\/\/brasilnoticias.org\/site\/#website\",\"url\":\"https:\/\/brasilnoticias.org\/site\/\",\"name\":\"Brasil not\u00edcias\",\"description\":\"Brasil not\u00edcias\",\"publisher\":{\"@id\":\"https:\/\/brasilnoticias.org\/site\/#organization\"},\"potentialAction\":[{\"@type\":\"SearchAction\",\"target\":{\"@type\":\"EntryPoint\",\"urlTemplate\":\"https:\/\/brasilnoticias.org\/site\/?s={search_term_string}\"},\"query-input\":{\"@type\":\"PropertyValueSpecification\",\"valueRequired\":true,\"valueName\":\"search_term_string\"}}],\"inLanguage\":\"pt-PT\"},{\"@type\":\"Organization\",\"@id\":\"https:\/\/brasilnoticias.org\/site\/#organization\",\"name\":\"Brasil not\u00edcias\",\"url\":\"https:\/\/brasilnoticias.org\/site\/\",\"logo\":{\"@type\":\"ImageObject\",\"inLanguage\":\"pt-PT\",\"@id\":\"https:\/\/brasilnoticias.org\/site\/#\/schema\/logo\/image\/\",\"url\":\"https:\/\/brasilnoticias.org\/site\/wp-content\/uploads\/2022\/05\/cropped-brasilnoticias-mini.jpg\",\"contentUrl\":\"https:\/\/brasilnoticias.org\/site\/wp-content\/uploads\/2022\/05\/cropped-brasilnoticias-mini.jpg\",\"width\":314,\"height\":86,\"caption\":\"Brasil not\u00edcias\"},\"image\":{\"@id\":\"https:\/\/brasilnoticias.org\/site\/#\/schema\/logo\/image\/\"}},{\"@type\":\"Person\",\"@id\":\"https:\/\/brasilnoticias.org\/site\/#\/schema\/person\/a0e05b973ec4d15c658d51911e53507b\",\"name\":\"Reda\u00e7\u00e3o\",\"image\":{\"@type\":\"ImageObject\",\"inLanguage\":\"pt-PT\",\"@id\":\"https:\/\/brasilnoticias.org\/site\/#\/schema\/person\/image\/\",\"url\":\"https:\/\/secure.gravatar.com\/avatar\/75d8b050df2de108b08ae78dfb8e374892df24a383c67db9c46a9c604f6aee9c?s=96&d=mm&r=g\",\"contentUrl\":\"https:\/\/secure.gravatar.com\/avatar\/75d8b050df2de108b08ae78dfb8e374892df24a383c67db9c46a9c604f6aee9c?s=96&d=mm&r=g\",\"caption\":\"Reda\u00e7\u00e3o\"},\"sameAs\":[\"https:\/\/brasilnoticias.org\/site\"],\"url\":\"https:\/\/brasilnoticias.org\/site\/author\/fernandozsngmail-com\/\"}]}<\/script>\n<!-- \/ Yoast SEO plugin. -->","yoast_head_json":{"title":"Brasil mostra preocupa\u00e7\u00e3o com tentativa de tomada do poder no Sud\u00e3o - Brasil not\u00edcias","robots":{"index":"index","follow":"follow","max-snippet":"max-snippet:-1","max-image-preview":"max-image-preview:large","max-video-preview":"max-video-preview:-1"},"canonical":"https:\/\/brasilnoticias.org\/site\/brasil-mostra-preocupacao-com-tentativa-de-tomada-do-poder-no-sudao\/","og_locale":"pt_PT","og_type":"article","og_title":"Brasil mostra preocupa\u00e7\u00e3o com tentativa de tomada do poder no Sud\u00e3o - Brasil not\u00edcias","og_description":"O Minist\u00e9rio das Rela\u00e7\u00f5es Exteriores (MRE) informou neste s\u00e1bado, 15, que o governo brasileiro acompanha com preocupa\u00e7\u00e3o a eclos\u00e3o de","og_url":"https:\/\/brasilnoticias.org\/site\/brasil-mostra-preocupacao-com-tentativa-de-tomada-do-poder-no-sudao\/","og_site_name":"Brasil not\u00edcias","article_published_time":"2023-04-16T10:10:42+00:00","og_image":[{"width":1100,"height":734,"url":"https:\/\/brasilnoticias.org\/site\/wp-content\/uploads\/2023\/04\/Artigo-Destaque_01225965_00.jpg","type":"image\/jpeg"}],"author":"Reda\u00e7\u00e3o","twitter_card":"summary_large_image","twitter_misc":{"Escrito por":"Reda\u00e7\u00e3o"},"schema":{"@context":"https:\/\/schema.org","@graph":[{"@type":"Article","@id":"https:\/\/brasilnoticias.org\/site\/brasil-mostra-preocupacao-com-tentativa-de-tomada-do-poder-no-sudao\/#article","isPartOf":{"@id":"https:\/\/brasilnoticias.org\/site\/brasil-mostra-preocupacao-com-tentativa-de-tomada-do-poder-no-sudao\/"},"author":{"name":"Reda\u00e7\u00e3o","@id":"https:\/\/brasilnoticias.org\/site\/#\/schema\/person\/a0e05b973ec4d15c658d51911e53507b"},"headline":"Brasil mostra preocupa\u00e7\u00e3o com tentativa de tomada do poder no Sud\u00e3o","datePublished":"2023-04-16T10:10:42+00:00","mainEntityOfPage":{"@id":"https:\/\/brasilnoticias.org\/site\/brasil-mostra-preocupacao-com-tentativa-de-tomada-do-poder-no-sudao\/"},"wordCount":305,"commentCount":0,"publisher":{"@id":"https:\/\/brasilnoticias.org\/site\/#organization"},"image":{"@id":"https:\/\/brasilnoticias.org\/site\/brasil-mostra-preocupacao-com-tentativa-de-tomada-do-poder-no-sudao\/#primaryimage"},"thumbnailUrl":"https:\/\/brasilnoticias.org\/site\/wp-content\/uploads\/2023\/04\/Artigo-Destaque_01225965_00.jpg","articleSection":["Mundo","\u00daltimas"],"inLanguage":"pt-PT","potentialAction":[{"@type":"CommentAction","name":"Comment","target":["https:\/\/brasilnoticias.org\/site\/brasil-mostra-preocupacao-com-tentativa-de-tomada-do-poder-no-sudao\/#respond"]}]},{"@type":"WebPage","@id":"https:\/\/brasilnoticias.org\/site\/brasil-mostra-preocupacao-com-tentativa-de-tomada-do-poder-no-sudao\/","url":"https:\/\/brasilnoticias.org\/site\/brasil-mostra-preocupacao-com-tentativa-de-tomada-do-poder-no-sudao\/","name":"Brasil mostra preocupa\u00e7\u00e3o com tentativa de tomada do poder no Sud\u00e3o - Brasil not\u00edcias","isPartOf":{"@id":"https:\/\/brasilnoticias.org\/site\/#website"},"primaryImageOfPage":{"@id":"https:\/\/brasilnoticias.org\/site\/brasil-mostra-preocupacao-com-tentativa-de-tomada-do-poder-no-sudao\/#primaryimage"},"image":{"@id":"https:\/\/brasilnoticias.org\/site\/brasil-mostra-preocupacao-com-tentativa-de-tomada-do-poder-no-sudao\/#primaryimage"},"thumbnailUrl":"https:\/\/brasilnoticias.org\/site\/wp-content\/uploads\/2023\/04\/Artigo-Destaque_01225965_00.jpg","datePublished":"2023-04-16T10:10:42+00:00","breadcrumb":{"@id":"https:\/\/brasilnoticias.org\/site\/brasil-mostra-preocupacao-com-tentativa-de-tomada-do-poder-no-sudao\/#breadcrumb"},"inLanguage":"pt-PT","potentialAction":[{"@type":"ReadAction","target":["https:\/\/brasilnoticias.org\/site\/brasil-mostra-preocupacao-com-tentativa-de-tomada-do-poder-no-sudao\/"]}]},{"@type":"ImageObject","inLanguage":"pt-PT","@id":"https:\/\/brasilnoticias.org\/site\/brasil-mostra-preocupacao-com-tentativa-de-tomada-do-poder-no-sudao\/#primaryimage","url":"https:\/\/brasilnoticias.org\/site\/wp-content\/uploads\/2023\/04\/Artigo-Destaque_01225965_00.jpg","contentUrl":"https:\/\/brasilnoticias.org\/site\/wp-content\/uploads\/2023\/04\/Artigo-Destaque_01225965_00.jpg","width":1100,"height":734},{"@type":"BreadcrumbList","@id":"https:\/\/brasilnoticias.org\/site\/brasil-mostra-preocupacao-com-tentativa-de-tomada-do-poder-no-sudao\/#breadcrumb","itemListElement":[{"@type":"ListItem","position":1,"name":"In\u00edcio","item":"https:\/\/brasilnoticias.org\/site\/"},{"@type":"ListItem","position":2,"name":"Brasil mostra preocupa\u00e7\u00e3o com tentativa de tomada do poder no Sud\u00e3o"}]},{"@type":"WebSite","@id":"https:\/\/brasilnoticias.org\/site\/#website","url":"https:\/\/brasilnoticias.org\/site\/","name":"Brasil not\u00edcias","description":"Brasil not\u00edcias","publisher":{"@id":"https:\/\/brasilnoticias.org\/site\/#organization"},"potentialAction":[{"@type":"SearchAction","target":{"@type":"EntryPoint","urlTemplate":"https:\/\/brasilnoticias.org\/site\/?s={search_term_string}"},"query-input":{"@type":"PropertyValueSpecification","valueRequired":true,"valueName":"search_term_string"}}],"inLanguage":"pt-PT"},{"@type":"Organization","@id":"https:\/\/brasilnoticias.org\/site\/#organization","name":"Brasil not\u00edcias","url":"https:\/\/brasilnoticias.org\/site\/","logo":{"@type":"ImageObject","inLanguage":"pt-PT","@id":"https:\/\/brasilnoticias.org\/site\/#\/schema\/logo\/image\/","url":"https:\/\/brasilnoticias.org\/site\/wp-content\/uploads\/2022\/05\/cropped-brasilnoticias-mini.jpg","contentUrl":"https:\/\/brasilnoticias.org\/site\/wp-content\/uploads\/2022\/05\/cropped-brasilnoticias-mini.jpg","width":314,"height":86,"caption":"Brasil not\u00edcias"},"image":{"@id":"https:\/\/brasilnoticias.org\/site\/#\/schema\/logo\/image\/"}},{"@type":"Person","@id":"https:\/\/brasilnoticias.org\/site\/#\/schema\/person\/a0e05b973ec4d15c658d51911e53507b","name":"Reda\u00e7\u00e3o","image":{"@type":"ImageObject","inLanguage":"pt-PT","@id":"https:\/\/brasilnoticias.org\/site\/#\/schema\/person\/image\/","url":"https:\/\/secure.gravatar.com\/avatar\/75d8b050df2de108b08ae78dfb8e374892df24a383c67db9c46a9c604f6aee9c?s=96&d=mm&r=g","contentUrl":"https:\/\/secure.gravatar.com\/avatar\/75d8b050df2de108b08ae78dfb8e374892df24a383c67db9c46a9c604f6aee9c?s=96&d=mm&r=g","caption":"Reda\u00e7\u00e3o"},"sameAs":["https:\/\/brasilnoticias.org\/site"],"url":"https:\/\/brasilnoticias.org\/site\/author\/fernandozsngmail-com\/"}]}},"_links":{"self":[{"href":"https:\/\/brasilnoticias.org\/site\/wp-json\/wp\/v2\/posts\/5453","targetHints":{"allow":["GET"]}}],"collection":[{"href":"https:\/\/brasilnoticias.org\/site\/wp-json\/wp\/v2\/posts"}],"about":[{"href":"https:\/\/brasilnoticias.org\/site\/wp-json\/wp\/v2\/types\/post"}],"author":[{"embeddable":true,"href":"https:\/\/brasilnoticias.org\/site\/wp-json\/wp\/v2\/users\/1"}],"replies":[{"embeddable":true,"href":"https:\/\/brasilnoticias.org\/site\/wp-json\/wp\/v2\/comments?post=5453"}],"version-history":[{"count":1,"href":"https:\/\/brasilnoticias.org\/site\/wp-json\/wp\/v2\/posts\/5453\/revisions"}],"predecessor-version":[{"id":5455,"href":"https:\/\/brasilnoticias.org\/site\/wp-json\/wp\/v2\/posts\/5453\/revisions\/5455"}],"wp:featuredmedia":[{"embeddable":true,"href":"https:\/\/brasilnoticias.org\/site\/wp-json\/wp\/v2\/media\/5454"}],"wp:attachment":[{"href":"https:\/\/brasilnoticias.org\/site\/wp-json\/wp\/v2\/media?parent=5453"}],"wp:term":[{"taxonomy":"category","embeddable":true,"href":"https:\/\/brasilnoticias.org\/site\/wp-json\/wp\/v2\/categories?post=5453"},{"taxonomy":"post_tag","embeddable":true,"href":"https:\/\/brasilnoticias.org\/site\/wp-json\/wp\/v2\/tags?post=5453"}],"curies":[{"name":"wp","href":"https:\/\/api.w.org\/{rel}","templated":true}]}}