{"id":5463,"date":"2023-04-16T18:00:24","date_gmt":"2023-04-16T21:00:24","guid":{"rendered":"https:\/\/brasilnoticias.org\/site\/?p=5463"},"modified":"2023-04-16T16:26:01","modified_gmt":"2023-04-16T19:26:01","slug":"jovem-e-presa-tentando-levar-droga-para-europa","status":"publish","type":"post","link":"https:\/\/brasilnoticias.org\/site\/jovem-e-presa-tentando-levar-droga-para-europa\/","title":{"rendered":"Jovem \u00e9 presa tentando levar droga para Europa"},"content":{"rendered":"<p>Uma jovem paraguaia, de 18 anos, foi presa na noite do \u00faltimo s\u00e1bado (15) ao transportar cerca de 2,6kg de coca\u00edna no Aeroporto Internacional do Rio de Janeiro. Ela foi detida ap\u00f3s agentes da Pol\u00edcia Federal (PF) realizarem uma fiscaliza\u00e7\u00e3o de rotina e encontrarem o entorpecente em uma cinta corporal da passageira.<\/p>\n<p>Segundo a PF, a jovem iria embarcar em um voo com destino a Barcelona, na Espanha. Ela havia entrado com a droga no Brasil ap\u00f3s cruzar a fronteira com o Paraguai pela divisa com o munic\u00edpio de Foz do Igua\u00e7u (PR). Em seguida, ela seguiu para o Rio de Janeiro.<\/p>\n<p>Uma jovem paraguaia, de 18 anos, foi presa na noite do \u00faltimo s\u00e1bado (15) ao transportar cerca de 2,6kg de coca\u00edna no Aeroporto Internacional do Rio de Janeiro. Ela foi detida ap\u00f3s agentes da Pol\u00edcia Federal (PF) realizarem uma fiscaliza\u00e7\u00e3o de rotina e encontrarem o entorpecente em uma cinta corporal da passageira.<\/p>\n<p>Segundo a PF, a jovem iria embarcar em um voo com destino a Barcelona, na Espanha. Ela havia entrado com a droga no Brasil ap\u00f3s cruzar a fronteira com o Paraguai peBNewsla divisa com o munic\u00edpio de Foz do Igua\u00e7u (PR). Em seguida, ela seguiu para o Rio de Janeiro.<\/p>\n<p>BNews<\/p>\n","protected":false},"excerpt":{"rendered":"<p>Uma jovem paraguaia, de 18 anos, foi presa na noite do \u00faltimo s\u00e1bado (15) ao transportar cerca de 2,6kg de<\/p>\n","protected":false},"author":1,"featured_media":5464,"comment_status":"open","ping_status":"open","sticky":false,"template":"","format":"standard","meta":{"colormag_page_container_layout":"default_layout","colormag_page_sidebar_layout":"default_layout","_FSMCFIC_featured_image_caption":"","_FSMCFIC_featured_image_nocaption":"","_FSMCFIC_featured_image_hide":"","footnotes":""},"categories":[3,1],"tags":[],"class_list":["post-5463","post","type-post","status-publish","format-standard","has-post-thumbnail","hentry","category-policia","category-ultimas"],"yoast_head":"<!-- This site is optimized with the Yoast SEO plugin v27.1.1 - https:\/\/yoast.com\/product\/yoast-seo-wordpress\/ -->\n<title>Jovem \u00e9 presa tentando levar droga para Europa - Brasil not\u00edcias<\/title>\n<meta name=\"robots\" content=\"index, follow, max-snippet:-1, max-image-preview:large, max-video-preview:-1\" \/>\n<link rel=\"canonical\" href=\"https:\/\/brasilnoticias.org\/site\/jovem-e-presa-tentando-levar-droga-para-europa\/\" \/>\n<meta property=\"og:locale\" content=\"pt_PT\" \/>\n<meta property=\"og:type\" content=\"article\" \/>\n<meta property=\"og:title\" content=\"Jovem \u00e9 presa tentando levar droga para Europa - Brasil not\u00edcias\" \/>\n<meta property=\"og:description\" content=\"Uma jovem paraguaia, de 18 anos, foi presa na noite do \u00faltimo s\u00e1bado (15) ao transportar cerca de 2,6kg de\" \/>\n<meta property=\"og:url\" content=\"https:\/\/brasilnoticias.org\/site\/jovem-e-presa-tentando-levar-droga-para-europa\/\" \/>\n<meta property=\"og:site_name\" content=\"Brasil not\u00edcias\" \/>\n<meta property=\"article:published_time\" content=\"2023-04-16T21:00:24+00:00\" \/>\n<meta property=\"og:image\" content=\"https:\/\/brasilnoticias.org\/site\/wp-content\/uploads\/2023\/04\/whatsapp-image-2023-04-16-at-12.39.21_widelg.jpg\" \/>\n\t<meta property=\"og:image:width\" content=\"800\" \/>\n\t<meta property=\"og:image:height\" content=\"450\" \/>\n\t<meta property=\"og:image:type\" content=\"image\/jpeg\" \/>\n<meta name=\"author\" content=\"Reda\u00e7\u00e3o\" \/>\n<meta name=\"twitter:card\" content=\"summary_large_image\" \/>\n<meta name=\"twitter:label1\" content=\"Escrito por\" \/>\n\t<meta name=\"twitter:data1\" content=\"Reda\u00e7\u00e3o\" \/>\n<script type=\"application\/ld+json\" class=\"yoast-schema-graph\">{\"@context\":\"https:\/\/schema.org\",\"@graph\":[{\"@type\":\"Article\",\"@id\":\"https:\/\/brasilnoticias.org\/site\/jovem-e-presa-tentando-levar-droga-para-europa\/#article\",\"isPartOf\":{\"@id\":\"https:\/\/brasilnoticias.org\/site\/jovem-e-presa-tentando-levar-droga-para-europa\/\"},\"author\":{\"name\":\"Reda\u00e7\u00e3o\",\"@id\":\"https:\/\/brasilnoticias.org\/site\/#\/schema\/person\/a0e05b973ec4d15c658d51911e53507b\"},\"headline\":\"Jovem \u00e9 presa tentando levar droga para Europa\",\"datePublished\":\"2023-04-16T21:00:24+00:00\",\"mainEntityOfPage\":{\"@id\":\"https:\/\/brasilnoticias.org\/site\/jovem-e-presa-tentando-levar-droga-para-europa\/\"},\"wordCount\":224,\"commentCount\":0,\"publisher\":{\"@id\":\"https:\/\/brasilnoticias.org\/site\/#organization\"},\"image\":{\"@id\":\"https:\/\/brasilnoticias.org\/site\/jovem-e-presa-tentando-levar-droga-para-europa\/#primaryimage\"},\"thumbnailUrl\":\"https:\/\/brasilnoticias.org\/site\/wp-content\/uploads\/2023\/04\/whatsapp-image-2023-04-16-at-12.39.21_widelg.jpg\",\"articleSection\":[\"Pol\u00edcia\",\"\u00daltimas\"],\"inLanguage\":\"pt-PT\",\"potentialAction\":[{\"@type\":\"CommentAction\",\"name\":\"Comment\",\"target\":[\"https:\/\/brasilnoticias.org\/site\/jovem-e-presa-tentando-levar-droga-para-europa\/#respond\"]}]},{\"@type\":\"WebPage\",\"@id\":\"https:\/\/brasilnoticias.org\/site\/jovem-e-presa-tentando-levar-droga-para-europa\/\",\"url\":\"https:\/\/brasilnoticias.org\/site\/jovem-e-presa-tentando-levar-droga-para-europa\/\",\"name\":\"Jovem \u00e9 presa tentando levar droga para Europa - Brasil not\u00edcias\",\"isPartOf\":{\"@id\":\"https:\/\/brasilnoticias.org\/site\/#website\"},\"primaryImageOfPage\":{\"@id\":\"https:\/\/brasilnoticias.org\/site\/jovem-e-presa-tentando-levar-droga-para-europa\/#primaryimage\"},\"image\":{\"@id\":\"https:\/\/brasilnoticias.org\/site\/jovem-e-presa-tentando-levar-droga-para-europa\/#primaryimage\"},\"thumbnailUrl\":\"https:\/\/brasilnoticias.org\/site\/wp-content\/uploads\/2023\/04\/whatsapp-image-2023-04-16-at-12.39.21_widelg.jpg\",\"datePublished\":\"2023-04-16T21:00:24+00:00\",\"breadcrumb\":{\"@id\":\"https:\/\/brasilnoticias.org\/site\/jovem-e-presa-tentando-levar-droga-para-europa\/#breadcrumb\"},\"inLanguage\":\"pt-PT\",\"potentialAction\":[{\"@type\":\"ReadAction\",\"target\":[\"https:\/\/brasilnoticias.org\/site\/jovem-e-presa-tentando-levar-droga-para-europa\/\"]}]},{\"@type\":\"ImageObject\",\"inLanguage\":\"pt-PT\",\"@id\":\"https:\/\/brasilnoticias.org\/site\/jovem-e-presa-tentando-levar-droga-para-europa\/#primaryimage\",\"url\":\"https:\/\/brasilnoticias.org\/site\/wp-content\/uploads\/2023\/04\/whatsapp-image-2023-04-16-at-12.39.21_widelg.jpg\",\"contentUrl\":\"https:\/\/brasilnoticias.org\/site\/wp-content\/uploads\/2023\/04\/whatsapp-image-2023-04-16-at-12.39.21_widelg.jpg\",\"width\":800,\"height\":450},{\"@type\":\"BreadcrumbList\",\"@id\":\"https:\/\/brasilnoticias.org\/site\/jovem-e-presa-tentando-levar-droga-para-europa\/#breadcrumb\",\"itemListElement\":[{\"@type\":\"ListItem\",\"position\":1,\"name\":\"In\u00edcio\",\"item\":\"https:\/\/brasilnoticias.org\/site\/\"},{\"@type\":\"ListItem\",\"position\":2,\"name\":\"Jovem \u00e9 presa tentando levar droga para Europa\"}]},{\"@type\":\"WebSite\",\"@id\":\"https:\/\/brasilnoticias.org\/site\/#website\",\"url\":\"https:\/\/brasilnoticias.org\/site\/\",\"name\":\"Brasil not\u00edcias\",\"description\":\"Brasil not\u00edcias\",\"publisher\":{\"@id\":\"https:\/\/brasilnoticias.org\/site\/#organization\"},\"potentialAction\":[{\"@type\":\"SearchAction\",\"target\":{\"@type\":\"EntryPoint\",\"urlTemplate\":\"https:\/\/brasilnoticias.org\/site\/?s={search_term_string}\"},\"query-input\":{\"@type\":\"PropertyValueSpecification\",\"valueRequired\":true,\"valueName\":\"search_term_string\"}}],\"inLanguage\":\"pt-PT\"},{\"@type\":\"Organization\",\"@id\":\"https:\/\/brasilnoticias.org\/site\/#organization\",\"name\":\"Brasil not\u00edcias\",\"url\":\"https:\/\/brasilnoticias.org\/site\/\",\"logo\":{\"@type\":\"ImageObject\",\"inLanguage\":\"pt-PT\",\"@id\":\"https:\/\/brasilnoticias.org\/site\/#\/schema\/logo\/image\/\",\"url\":\"https:\/\/brasilnoticias.org\/site\/wp-content\/uploads\/2022\/05\/cropped-brasilnoticias-mini.jpg\",\"contentUrl\":\"https:\/\/brasilnoticias.org\/site\/wp-content\/uploads\/2022\/05\/cropped-brasilnoticias-mini.jpg\",\"width\":314,\"height\":86,\"caption\":\"Brasil not\u00edcias\"},\"image\":{\"@id\":\"https:\/\/brasilnoticias.org\/site\/#\/schema\/logo\/image\/\"}},{\"@type\":\"Person\",\"@id\":\"https:\/\/brasilnoticias.org\/site\/#\/schema\/person\/a0e05b973ec4d15c658d51911e53507b\",\"name\":\"Reda\u00e7\u00e3o\",\"image\":{\"@type\":\"ImageObject\",\"inLanguage\":\"pt-PT\",\"@id\":\"https:\/\/brasilnoticias.org\/site\/#\/schema\/person\/image\/\",\"url\":\"https:\/\/secure.gravatar.com\/avatar\/75d8b050df2de108b08ae78dfb8e374892df24a383c67db9c46a9c604f6aee9c?s=96&d=mm&r=g\",\"contentUrl\":\"https:\/\/secure.gravatar.com\/avatar\/75d8b050df2de108b08ae78dfb8e374892df24a383c67db9c46a9c604f6aee9c?s=96&d=mm&r=g\",\"caption\":\"Reda\u00e7\u00e3o\"},\"sameAs\":[\"https:\/\/brasilnoticias.org\/site\"],\"url\":\"https:\/\/brasilnoticias.org\/site\/author\/fernandozsngmail-com\/\"}]}<\/script>\n<!-- \/ Yoast SEO plugin. -->","yoast_head_json":{"title":"Jovem \u00e9 presa tentando levar droga para Europa - Brasil not\u00edcias","robots":{"index":"index","follow":"follow","max-snippet":"max-snippet:-1","max-image-preview":"max-image-preview:large","max-video-preview":"max-video-preview:-1"},"canonical":"https:\/\/brasilnoticias.org\/site\/jovem-e-presa-tentando-levar-droga-para-europa\/","og_locale":"pt_PT","og_type":"article","og_title":"Jovem \u00e9 presa tentando levar droga para Europa - Brasil not\u00edcias","og_description":"Uma jovem paraguaia, de 18 anos, foi presa na noite do \u00faltimo s\u00e1bado (15) ao transportar cerca de 2,6kg de","og_url":"https:\/\/brasilnoticias.org\/site\/jovem-e-presa-tentando-levar-droga-para-europa\/","og_site_name":"Brasil not\u00edcias","article_published_time":"2023-04-16T21:00:24+00:00","og_image":[{"width":800,"height":450,"url":"https:\/\/brasilnoticias.org\/site\/wp-content\/uploads\/2023\/04\/whatsapp-image-2023-04-16-at-12.39.21_widelg.jpg","type":"image\/jpeg"}],"author":"Reda\u00e7\u00e3o","twitter_card":"summary_large_image","twitter_misc":{"Escrito por":"Reda\u00e7\u00e3o"},"schema":{"@context":"https:\/\/schema.org","@graph":[{"@type":"Article","@id":"https:\/\/brasilnoticias.org\/site\/jovem-e-presa-tentando-levar-droga-para-europa\/#article","isPartOf":{"@id":"https:\/\/brasilnoticias.org\/site\/jovem-e-presa-tentando-levar-droga-para-europa\/"},"author":{"name":"Reda\u00e7\u00e3o","@id":"https:\/\/brasilnoticias.org\/site\/#\/schema\/person\/a0e05b973ec4d15c658d51911e53507b"},"headline":"Jovem \u00e9 presa tentando levar droga para Europa","datePublished":"2023-04-16T21:00:24+00:00","mainEntityOfPage":{"@id":"https:\/\/brasilnoticias.org\/site\/jovem-e-presa-tentando-levar-droga-para-europa\/"},"wordCount":224,"commentCount":0,"publisher":{"@id":"https:\/\/brasilnoticias.org\/site\/#organization"},"image":{"@id":"https:\/\/brasilnoticias.org\/site\/jovem-e-presa-tentando-levar-droga-para-europa\/#primaryimage"},"thumbnailUrl":"https:\/\/brasilnoticias.org\/site\/wp-content\/uploads\/2023\/04\/whatsapp-image-2023-04-16-at-12.39.21_widelg.jpg","articleSection":["Pol\u00edcia","\u00daltimas"],"inLanguage":"pt-PT","potentialAction":[{"@type":"CommentAction","name":"Comment","target":["https:\/\/brasilnoticias.org\/site\/jovem-e-presa-tentando-levar-droga-para-europa\/#respond"]}]},{"@type":"WebPage","@id":"https:\/\/brasilnoticias.org\/site\/jovem-e-presa-tentando-levar-droga-para-europa\/","url":"https:\/\/brasilnoticias.org\/site\/jovem-e-presa-tentando-levar-droga-para-europa\/","name":"Jovem \u00e9 presa tentando levar droga para Europa - Brasil not\u00edcias","isPartOf":{"@id":"https:\/\/brasilnoticias.org\/site\/#website"},"primaryImageOfPage":{"@id":"https:\/\/brasilnoticias.org\/site\/jovem-e-presa-tentando-levar-droga-para-europa\/#primaryimage"},"image":{"@id":"https:\/\/brasilnoticias.org\/site\/jovem-e-presa-tentando-levar-droga-para-europa\/#primaryimage"},"thumbnailUrl":"https:\/\/brasilnoticias.org\/site\/wp-content\/uploads\/2023\/04\/whatsapp-image-2023-04-16-at-12.39.21_widelg.jpg","datePublished":"2023-04-16T21:00:24+00:00","breadcrumb":{"@id":"https:\/\/brasilnoticias.org\/site\/jovem-e-presa-tentando-levar-droga-para-europa\/#breadcrumb"},"inLanguage":"pt-PT","potentialAction":[{"@type":"ReadAction","target":["https:\/\/brasilnoticias.org\/site\/jovem-e-presa-tentando-levar-droga-para-europa\/"]}]},{"@type":"ImageObject","inLanguage":"pt-PT","@id":"https:\/\/brasilnoticias.org\/site\/jovem-e-presa-tentando-levar-droga-para-europa\/#primaryimage","url":"https:\/\/brasilnoticias.org\/site\/wp-content\/uploads\/2023\/04\/whatsapp-image-2023-04-16-at-12.39.21_widelg.jpg","contentUrl":"https:\/\/brasilnoticias.org\/site\/wp-content\/uploads\/2023\/04\/whatsapp-image-2023-04-16-at-12.39.21_widelg.jpg","width":800,"height":450},{"@type":"BreadcrumbList","@id":"https:\/\/brasilnoticias.org\/site\/jovem-e-presa-tentando-levar-droga-para-europa\/#breadcrumb","itemListElement":[{"@type":"ListItem","position":1,"name":"In\u00edcio","item":"https:\/\/brasilnoticias.org\/site\/"},{"@type":"ListItem","position":2,"name":"Jovem \u00e9 presa tentando levar droga para Europa"}]},{"@type":"WebSite","@id":"https:\/\/brasilnoticias.org\/site\/#website","url":"https:\/\/brasilnoticias.org\/site\/","name":"Brasil not\u00edcias","description":"Brasil not\u00edcias","publisher":{"@id":"https:\/\/brasilnoticias.org\/site\/#organization"},"potentialAction":[{"@type":"SearchAction","target":{"@type":"EntryPoint","urlTemplate":"https:\/\/brasilnoticias.org\/site\/?s={search_term_string}"},"query-input":{"@type":"PropertyValueSpecification","valueRequired":true,"valueName":"search_term_string"}}],"inLanguage":"pt-PT"},{"@type":"Organization","@id":"https:\/\/brasilnoticias.org\/site\/#organization","name":"Brasil not\u00edcias","url":"https:\/\/brasilnoticias.org\/site\/","logo":{"@type":"ImageObject","inLanguage":"pt-PT","@id":"https:\/\/brasilnoticias.org\/site\/#\/schema\/logo\/image\/","url":"https:\/\/brasilnoticias.org\/site\/wp-content\/uploads\/2022\/05\/cropped-brasilnoticias-mini.jpg","contentUrl":"https:\/\/brasilnoticias.org\/site\/wp-content\/uploads\/2022\/05\/cropped-brasilnoticias-mini.jpg","width":314,"height":86,"caption":"Brasil not\u00edcias"},"image":{"@id":"https:\/\/brasilnoticias.org\/site\/#\/schema\/logo\/image\/"}},{"@type":"Person","@id":"https:\/\/brasilnoticias.org\/site\/#\/schema\/person\/a0e05b973ec4d15c658d51911e53507b","name":"Reda\u00e7\u00e3o","image":{"@type":"ImageObject","inLanguage":"pt-PT","@id":"https:\/\/brasilnoticias.org\/site\/#\/schema\/person\/image\/","url":"https:\/\/secure.gravatar.com\/avatar\/75d8b050df2de108b08ae78dfb8e374892df24a383c67db9c46a9c604f6aee9c?s=96&d=mm&r=g","contentUrl":"https:\/\/secure.gravatar.com\/avatar\/75d8b050df2de108b08ae78dfb8e374892df24a383c67db9c46a9c604f6aee9c?s=96&d=mm&r=g","caption":"Reda\u00e7\u00e3o"},"sameAs":["https:\/\/brasilnoticias.org\/site"],"url":"https:\/\/brasilnoticias.org\/site\/author\/fernandozsngmail-com\/"}]}},"_links":{"self":[{"href":"https:\/\/brasilnoticias.org\/site\/wp-json\/wp\/v2\/posts\/5463","targetHints":{"allow":["GET"]}}],"collection":[{"href":"https:\/\/brasilnoticias.org\/site\/wp-json\/wp\/v2\/posts"}],"about":[{"href":"https:\/\/brasilnoticias.org\/site\/wp-json\/wp\/v2\/types\/post"}],"author":[{"embeddable":true,"href":"https:\/\/brasilnoticias.org\/site\/wp-json\/wp\/v2\/users\/1"}],"replies":[{"embeddable":true,"href":"https:\/\/brasilnoticias.org\/site\/wp-json\/wp\/v2\/comments?post=5463"}],"version-history":[{"count":1,"href":"https:\/\/brasilnoticias.org\/site\/wp-json\/wp\/v2\/posts\/5463\/revisions"}],"predecessor-version":[{"id":5465,"href":"https:\/\/brasilnoticias.org\/site\/wp-json\/wp\/v2\/posts\/5463\/revisions\/5465"}],"wp:featuredmedia":[{"embeddable":true,"href":"https:\/\/brasilnoticias.org\/site\/wp-json\/wp\/v2\/media\/5464"}],"wp:attachment":[{"href":"https:\/\/brasilnoticias.org\/site\/wp-json\/wp\/v2\/media?parent=5463"}],"wp:term":[{"taxonomy":"category","embeddable":true,"href":"https:\/\/brasilnoticias.org\/site\/wp-json\/wp\/v2\/categories?post=5463"},{"taxonomy":"post_tag","embeddable":true,"href":"https:\/\/brasilnoticias.org\/site\/wp-json\/wp\/v2\/tags?post=5463"}],"curies":[{"name":"wp","href":"https:\/\/api.w.org\/{rel}","templated":true}]}}