{"id":5466,"date":"2023-04-16T18:26:08","date_gmt":"2023-04-16T21:26:08","guid":{"rendered":"https:\/\/brasilnoticias.org\/site\/?p=5466"},"modified":"2023-04-16T16:29:26","modified_gmt":"2023-04-16T19:29:26","slug":"ponte-salvador-itaparica-jeronimo-rodrigues-comemora-compromisso-feito-por-lula-assista","status":"publish","type":"post","link":"https:\/\/brasilnoticias.org\/site\/ponte-salvador-itaparica-jeronimo-rodrigues-comemora-compromisso-feito-por-lula-assista\/","title":{"rendered":"Ponte Salvador-Itaparica: Jer\u00f4nimo Rodrigues comemora compromisso feito por Lula; assista"},"content":{"rendered":"<p>O governador da Bahia, Jer\u00f4nimo Rodrigues (PT) usou as redes sociais na manh\u00e3 deste domingo (16) para comemorar o compromisso feito pelo presidente Luiz In\u00e1cio Lula da Silva (PT) na articula\u00e7\u00e3o para a constru\u00e7\u00e3o da ponte Salvador-Itaparica.<\/p>\n<p>\u201cNossa #Miss\u00e3oNaChina foi um sucesso! O presidente Lula se comprometeu a articular parcerias internacionais para a constru\u00e7\u00e3o da nossa ponte Salvador x Itaparica. Nosso esfor\u00e7o e dedica\u00e7\u00e3o deu resultado. #BoraTrabalhar por mais desenvolvimento e emprego para a nossa Bahia\u201d, escreveu.<\/p>\n<p>Cumprindo agenda ao lado do presidente nos Emirados \u00c1rabes, Jer\u00f4nimo levou na bagagem a constru\u00e7\u00e3o da ponte como pleito. Durante coletiva de imprensa neste domingo (16), antes de encerrar a visita a Abu Dhabi e embarcar de volta para o Brasil, Lula reafirmou o compromisso em tirar o projeto do papel.<\/p>\n<p>\u201cO nosso querido Jer\u00f4nimo, governador da Bahia, foi o grande premiado nesta viagem aos Emirados \u00e1rabes. Eu ainda assumi o compromisso com ele de que a estrada que liga Salvador a Itaparica, uma ponte de 13 quil\u00f4metros, \u00e9 uma ponte muito cara, que n\u00f3s vamos precisar de parceiros internacionais para construir aquela ponte, que vai favorecer muito o desenvolvimento da Bahia. Por isso entre n\u00f3s, ele \u00e9 quem est\u00e1 mais feliz\u201d, disse.<\/p>\n<blockquote class=\"twitter-tweet\">\n<p lang=\"pt\" dir=\"ltr\">Nossa <a href=\"https:\/\/twitter.com\/hashtag\/Miss%C3%A3oNaChina?src=hash&amp;ref_src=twsrc%5Etfw\">#Miss\u00e3oNaChina<\/a> foi um sucesso! <\/p>\n<p>O presidente Lula se comprometeu a articular parcerias internacionais para a constru\u00e7\u00e3o da nossa ponte Salvador x Itaparica. <\/p>\n<p>Nosso esfor\u00e7o e dedica\u00e7\u00e3o deu resultado. <a href=\"https:\/\/twitter.com\/hashtag\/BoraTrabalhar?src=hash&amp;ref_src=twsrc%5Etfw\">#BoraTrabalhar<\/a> por mais desenvolvimento e emprego para a nossa Bahia. <a href=\"https:\/\/t.co\/vtrcFkabYa\">pic.twitter.com\/vtrcFkabYa<\/a><\/p>\n<p>&mdash; Jer\u00f4nimo Rodrigues (@Jeronimoba13) <a href=\"https:\/\/twitter.com\/Jeronimoba13\/status\/1647617215439437825?ref_src=twsrc%5Etfw\">April 16, 2023<\/a><\/p><\/blockquote>\n<p> <script async src=\"https:\/\/platform.twitter.com\/widgets.js\" charset=\"utf-8\"><\/script><\/p>\n<p>Foto Reprodu\u00e7\u00e3o das Redes Sociais<br \/>\nBNews<\/p>\n","protected":false},"excerpt":{"rendered":"<p>O governador da Bahia, Jer\u00f4nimo Rodrigues (PT) usou as redes sociais na manh\u00e3 deste domingo (16) para comemorar o compromisso<\/p>\n","protected":false},"author":1,"featured_media":5467,"comment_status":"open","ping_status":"open","sticky":false,"template":"","format":"standard","meta":{"colormag_page_container_layout":"default_layout","colormag_page_sidebar_layout":"default_layout","_FSMCFIC_featured_image_caption":"","_FSMCFIC_featured_image_nocaption":"","_FSMCFIC_featured_image_hide":"","footnotes":""},"categories":[5,1],"tags":[],"class_list":["post-5466","post","type-post","status-publish","format-standard","has-post-thumbnail","hentry","category-politica","category-ultimas"],"yoast_head":"<!-- This site is optimized with the Yoast SEO plugin v27.1.1 - https:\/\/yoast.com\/product\/yoast-seo-wordpress\/ -->\n<title>Ponte Salvador-Itaparica: Jer\u00f4nimo Rodrigues comemora compromisso feito por Lula; assista - Brasil not\u00edcias<\/title>\n<meta name=\"robots\" content=\"index, follow, max-snippet:-1, max-image-preview:large, max-video-preview:-1\" \/>\n<link rel=\"canonical\" href=\"https:\/\/brasilnoticias.org\/site\/ponte-salvador-itaparica-jeronimo-rodrigues-comemora-compromisso-feito-por-lula-assista\/\" \/>\n<meta property=\"og:locale\" content=\"pt_PT\" \/>\n<meta property=\"og:type\" content=\"article\" \/>\n<meta property=\"og:title\" content=\"Ponte Salvador-Itaparica: Jer\u00f4nimo Rodrigues comemora compromisso feito por Lula; assista - Brasil not\u00edcias\" \/>\n<meta property=\"og:description\" content=\"O governador da Bahia, Jer\u00f4nimo Rodrigues (PT) usou as redes sociais na manh\u00e3 deste domingo (16) para comemorar o compromisso\" \/>\n<meta property=\"og:url\" content=\"https:\/\/brasilnoticias.org\/site\/ponte-salvador-itaparica-jeronimo-rodrigues-comemora-compromisso-feito-por-lula-assista\/\" \/>\n<meta property=\"og:site_name\" content=\"Brasil not\u00edcias\" \/>\n<meta property=\"article:published_time\" content=\"2023-04-16T21:26:08+00:00\" \/>\n<meta property=\"og:image\" content=\"https:\/\/brasilnoticias.org\/site\/wp-content\/uploads\/2023\/04\/sem_titulo_51k58zn_widemd.jpg\" \/>\n\t<meta property=\"og:image:width\" content=\"318\" \/>\n\t<meta property=\"og:image:height\" content=\"178\" \/>\n\t<meta property=\"og:image:type\" content=\"image\/jpeg\" \/>\n<meta name=\"author\" content=\"Reda\u00e7\u00e3o\" \/>\n<meta name=\"twitter:card\" content=\"summary_large_image\" \/>\n<meta name=\"twitter:label1\" content=\"Escrito por\" \/>\n\t<meta name=\"twitter:data1\" content=\"Reda\u00e7\u00e3o\" \/>\n<script type=\"application\/ld+json\" class=\"yoast-schema-graph\">{\"@context\":\"https:\/\/schema.org\",\"@graph\":[{\"@type\":\"Article\",\"@id\":\"https:\/\/brasilnoticias.org\/site\/ponte-salvador-itaparica-jeronimo-rodrigues-comemora-compromisso-feito-por-lula-assista\/#article\",\"isPartOf\":{\"@id\":\"https:\/\/brasilnoticias.org\/site\/ponte-salvador-itaparica-jeronimo-rodrigues-comemora-compromisso-feito-por-lula-assista\/\"},\"author\":{\"name\":\"Reda\u00e7\u00e3o\",\"@id\":\"https:\/\/brasilnoticias.org\/site\/#\/schema\/person\/a0e05b973ec4d15c658d51911e53507b\"},\"headline\":\"Ponte Salvador-Itaparica: Jer\u00f4nimo Rodrigues comemora compromisso feito por Lula; assista\",\"datePublished\":\"2023-04-16T21:26:08+00:00\",\"mainEntityOfPage\":{\"@id\":\"https:\/\/brasilnoticias.org\/site\/ponte-salvador-itaparica-jeronimo-rodrigues-comemora-compromisso-feito-por-lula-assista\/\"},\"wordCount\":280,\"commentCount\":0,\"publisher\":{\"@id\":\"https:\/\/brasilnoticias.org\/site\/#organization\"},\"image\":{\"@id\":\"https:\/\/brasilnoticias.org\/site\/ponte-salvador-itaparica-jeronimo-rodrigues-comemora-compromisso-feito-por-lula-assista\/#primaryimage\"},\"thumbnailUrl\":\"https:\/\/brasilnoticias.org\/site\/wp-content\/uploads\/2023\/04\/sem_titulo_51k58zn_widemd.jpg\",\"articleSection\":[\"Pol\u00edtica\",\"\u00daltimas\"],\"inLanguage\":\"pt-PT\",\"potentialAction\":[{\"@type\":\"CommentAction\",\"name\":\"Comment\",\"target\":[\"https:\/\/brasilnoticias.org\/site\/ponte-salvador-itaparica-jeronimo-rodrigues-comemora-compromisso-feito-por-lula-assista\/#respond\"]}]},{\"@type\":\"WebPage\",\"@id\":\"https:\/\/brasilnoticias.org\/site\/ponte-salvador-itaparica-jeronimo-rodrigues-comemora-compromisso-feito-por-lula-assista\/\",\"url\":\"https:\/\/brasilnoticias.org\/site\/ponte-salvador-itaparica-jeronimo-rodrigues-comemora-compromisso-feito-por-lula-assista\/\",\"name\":\"Ponte Salvador-Itaparica: Jer\u00f4nimo Rodrigues comemora compromisso feito por Lula; assista - Brasil not\u00edcias\",\"isPartOf\":{\"@id\":\"https:\/\/brasilnoticias.org\/site\/#website\"},\"primaryImageOfPage\":{\"@id\":\"https:\/\/brasilnoticias.org\/site\/ponte-salvador-itaparica-jeronimo-rodrigues-comemora-compromisso-feito-por-lula-assista\/#primaryimage\"},\"image\":{\"@id\":\"https:\/\/brasilnoticias.org\/site\/ponte-salvador-itaparica-jeronimo-rodrigues-comemora-compromisso-feito-por-lula-assista\/#primaryimage\"},\"thumbnailUrl\":\"https:\/\/brasilnoticias.org\/site\/wp-content\/uploads\/2023\/04\/sem_titulo_51k58zn_widemd.jpg\",\"datePublished\":\"2023-04-16T21:26:08+00:00\",\"breadcrumb\":{\"@id\":\"https:\/\/brasilnoticias.org\/site\/ponte-salvador-itaparica-jeronimo-rodrigues-comemora-compromisso-feito-por-lula-assista\/#breadcrumb\"},\"inLanguage\":\"pt-PT\",\"potentialAction\":[{\"@type\":\"ReadAction\",\"target\":[\"https:\/\/brasilnoticias.org\/site\/ponte-salvador-itaparica-jeronimo-rodrigues-comemora-compromisso-feito-por-lula-assista\/\"]}]},{\"@type\":\"ImageObject\",\"inLanguage\":\"pt-PT\",\"@id\":\"https:\/\/brasilnoticias.org\/site\/ponte-salvador-itaparica-jeronimo-rodrigues-comemora-compromisso-feito-por-lula-assista\/#primaryimage\",\"url\":\"https:\/\/brasilnoticias.org\/site\/wp-content\/uploads\/2023\/04\/sem_titulo_51k58zn_widemd.jpg\",\"contentUrl\":\"https:\/\/brasilnoticias.org\/site\/wp-content\/uploads\/2023\/04\/sem_titulo_51k58zn_widemd.jpg\",\"width\":318,\"height\":178},{\"@type\":\"BreadcrumbList\",\"@id\":\"https:\/\/brasilnoticias.org\/site\/ponte-salvador-itaparica-jeronimo-rodrigues-comemora-compromisso-feito-por-lula-assista\/#breadcrumb\",\"itemListElement\":[{\"@type\":\"ListItem\",\"position\":1,\"name\":\"In\u00edcio\",\"item\":\"https:\/\/brasilnoticias.org\/site\/\"},{\"@type\":\"ListItem\",\"position\":2,\"name\":\"Ponte Salvador-Itaparica: Jer\u00f4nimo Rodrigues comemora compromisso feito por Lula; assista\"}]},{\"@type\":\"WebSite\",\"@id\":\"https:\/\/brasilnoticias.org\/site\/#website\",\"url\":\"https:\/\/brasilnoticias.org\/site\/\",\"name\":\"Brasil not\u00edcias\",\"description\":\"Brasil not\u00edcias\",\"publisher\":{\"@id\":\"https:\/\/brasilnoticias.org\/site\/#organization\"},\"potentialAction\":[{\"@type\":\"SearchAction\",\"target\":{\"@type\":\"EntryPoint\",\"urlTemplate\":\"https:\/\/brasilnoticias.org\/site\/?s={search_term_string}\"},\"query-input\":{\"@type\":\"PropertyValueSpecification\",\"valueRequired\":true,\"valueName\":\"search_term_string\"}}],\"inLanguage\":\"pt-PT\"},{\"@type\":\"Organization\",\"@id\":\"https:\/\/brasilnoticias.org\/site\/#organization\",\"name\":\"Brasil not\u00edcias\",\"url\":\"https:\/\/brasilnoticias.org\/site\/\",\"logo\":{\"@type\":\"ImageObject\",\"inLanguage\":\"pt-PT\",\"@id\":\"https:\/\/brasilnoticias.org\/site\/#\/schema\/logo\/image\/\",\"url\":\"https:\/\/brasilnoticias.org\/site\/wp-content\/uploads\/2022\/05\/cropped-brasilnoticias-mini.jpg\",\"contentUrl\":\"https:\/\/brasilnoticias.org\/site\/wp-content\/uploads\/2022\/05\/cropped-brasilnoticias-mini.jpg\",\"width\":314,\"height\":86,\"caption\":\"Brasil not\u00edcias\"},\"image\":{\"@id\":\"https:\/\/brasilnoticias.org\/site\/#\/schema\/logo\/image\/\"}},{\"@type\":\"Person\",\"@id\":\"https:\/\/brasilnoticias.org\/site\/#\/schema\/person\/a0e05b973ec4d15c658d51911e53507b\",\"name\":\"Reda\u00e7\u00e3o\",\"image\":{\"@type\":\"ImageObject\",\"inLanguage\":\"pt-PT\",\"@id\":\"https:\/\/brasilnoticias.org\/site\/#\/schema\/person\/image\/\",\"url\":\"https:\/\/secure.gravatar.com\/avatar\/75d8b050df2de108b08ae78dfb8e374892df24a383c67db9c46a9c604f6aee9c?s=96&d=mm&r=g\",\"contentUrl\":\"https:\/\/secure.gravatar.com\/avatar\/75d8b050df2de108b08ae78dfb8e374892df24a383c67db9c46a9c604f6aee9c?s=96&d=mm&r=g\",\"caption\":\"Reda\u00e7\u00e3o\"},\"sameAs\":[\"https:\/\/brasilnoticias.org\/site\"],\"url\":\"https:\/\/brasilnoticias.org\/site\/author\/fernandozsngmail-com\/\"}]}<\/script>\n<!-- \/ Yoast SEO plugin. -->","yoast_head_json":{"title":"Ponte Salvador-Itaparica: Jer\u00f4nimo Rodrigues comemora compromisso feito por Lula; assista - Brasil not\u00edcias","robots":{"index":"index","follow":"follow","max-snippet":"max-snippet:-1","max-image-preview":"max-image-preview:large","max-video-preview":"max-video-preview:-1"},"canonical":"https:\/\/brasilnoticias.org\/site\/ponte-salvador-itaparica-jeronimo-rodrigues-comemora-compromisso-feito-por-lula-assista\/","og_locale":"pt_PT","og_type":"article","og_title":"Ponte Salvador-Itaparica: Jer\u00f4nimo Rodrigues comemora compromisso feito por Lula; assista - Brasil not\u00edcias","og_description":"O governador da Bahia, Jer\u00f4nimo Rodrigues (PT) usou as redes sociais na manh\u00e3 deste domingo (16) para comemorar o compromisso","og_url":"https:\/\/brasilnoticias.org\/site\/ponte-salvador-itaparica-jeronimo-rodrigues-comemora-compromisso-feito-por-lula-assista\/","og_site_name":"Brasil not\u00edcias","article_published_time":"2023-04-16T21:26:08+00:00","og_image":[{"width":318,"height":178,"url":"https:\/\/brasilnoticias.org\/site\/wp-content\/uploads\/2023\/04\/sem_titulo_51k58zn_widemd.jpg","type":"image\/jpeg"}],"author":"Reda\u00e7\u00e3o","twitter_card":"summary_large_image","twitter_misc":{"Escrito por":"Reda\u00e7\u00e3o"},"schema":{"@context":"https:\/\/schema.org","@graph":[{"@type":"Article","@id":"https:\/\/brasilnoticias.org\/site\/ponte-salvador-itaparica-jeronimo-rodrigues-comemora-compromisso-feito-por-lula-assista\/#article","isPartOf":{"@id":"https:\/\/brasilnoticias.org\/site\/ponte-salvador-itaparica-jeronimo-rodrigues-comemora-compromisso-feito-por-lula-assista\/"},"author":{"name":"Reda\u00e7\u00e3o","@id":"https:\/\/brasilnoticias.org\/site\/#\/schema\/person\/a0e05b973ec4d15c658d51911e53507b"},"headline":"Ponte Salvador-Itaparica: Jer\u00f4nimo Rodrigues comemora compromisso feito por Lula; assista","datePublished":"2023-04-16T21:26:08+00:00","mainEntityOfPage":{"@id":"https:\/\/brasilnoticias.org\/site\/ponte-salvador-itaparica-jeronimo-rodrigues-comemora-compromisso-feito-por-lula-assista\/"},"wordCount":280,"commentCount":0,"publisher":{"@id":"https:\/\/brasilnoticias.org\/site\/#organization"},"image":{"@id":"https:\/\/brasilnoticias.org\/site\/ponte-salvador-itaparica-jeronimo-rodrigues-comemora-compromisso-feito-por-lula-assista\/#primaryimage"},"thumbnailUrl":"https:\/\/brasilnoticias.org\/site\/wp-content\/uploads\/2023\/04\/sem_titulo_51k58zn_widemd.jpg","articleSection":["Pol\u00edtica","\u00daltimas"],"inLanguage":"pt-PT","potentialAction":[{"@type":"CommentAction","name":"Comment","target":["https:\/\/brasilnoticias.org\/site\/ponte-salvador-itaparica-jeronimo-rodrigues-comemora-compromisso-feito-por-lula-assista\/#respond"]}]},{"@type":"WebPage","@id":"https:\/\/brasilnoticias.org\/site\/ponte-salvador-itaparica-jeronimo-rodrigues-comemora-compromisso-feito-por-lula-assista\/","url":"https:\/\/brasilnoticias.org\/site\/ponte-salvador-itaparica-jeronimo-rodrigues-comemora-compromisso-feito-por-lula-assista\/","name":"Ponte Salvador-Itaparica: Jer\u00f4nimo Rodrigues comemora compromisso feito por Lula; assista - Brasil not\u00edcias","isPartOf":{"@id":"https:\/\/brasilnoticias.org\/site\/#website"},"primaryImageOfPage":{"@id":"https:\/\/brasilnoticias.org\/site\/ponte-salvador-itaparica-jeronimo-rodrigues-comemora-compromisso-feito-por-lula-assista\/#primaryimage"},"image":{"@id":"https:\/\/brasilnoticias.org\/site\/ponte-salvador-itaparica-jeronimo-rodrigues-comemora-compromisso-feito-por-lula-assista\/#primaryimage"},"thumbnailUrl":"https:\/\/brasilnoticias.org\/site\/wp-content\/uploads\/2023\/04\/sem_titulo_51k58zn_widemd.jpg","datePublished":"2023-04-16T21:26:08+00:00","breadcrumb":{"@id":"https:\/\/brasilnoticias.org\/site\/ponte-salvador-itaparica-jeronimo-rodrigues-comemora-compromisso-feito-por-lula-assista\/#breadcrumb"},"inLanguage":"pt-PT","potentialAction":[{"@type":"ReadAction","target":["https:\/\/brasilnoticias.org\/site\/ponte-salvador-itaparica-jeronimo-rodrigues-comemora-compromisso-feito-por-lula-assista\/"]}]},{"@type":"ImageObject","inLanguage":"pt-PT","@id":"https:\/\/brasilnoticias.org\/site\/ponte-salvador-itaparica-jeronimo-rodrigues-comemora-compromisso-feito-por-lula-assista\/#primaryimage","url":"https:\/\/brasilnoticias.org\/site\/wp-content\/uploads\/2023\/04\/sem_titulo_51k58zn_widemd.jpg","contentUrl":"https:\/\/brasilnoticias.org\/site\/wp-content\/uploads\/2023\/04\/sem_titulo_51k58zn_widemd.jpg","width":318,"height":178},{"@type":"BreadcrumbList","@id":"https:\/\/brasilnoticias.org\/site\/ponte-salvador-itaparica-jeronimo-rodrigues-comemora-compromisso-feito-por-lula-assista\/#breadcrumb","itemListElement":[{"@type":"ListItem","position":1,"name":"In\u00edcio","item":"https:\/\/brasilnoticias.org\/site\/"},{"@type":"ListItem","position":2,"name":"Ponte Salvador-Itaparica: Jer\u00f4nimo Rodrigues comemora compromisso feito por Lula; assista"}]},{"@type":"WebSite","@id":"https:\/\/brasilnoticias.org\/site\/#website","url":"https:\/\/brasilnoticias.org\/site\/","name":"Brasil not\u00edcias","description":"Brasil not\u00edcias","publisher":{"@id":"https:\/\/brasilnoticias.org\/site\/#organization"},"potentialAction":[{"@type":"SearchAction","target":{"@type":"EntryPoint","urlTemplate":"https:\/\/brasilnoticias.org\/site\/?s={search_term_string}"},"query-input":{"@type":"PropertyValueSpecification","valueRequired":true,"valueName":"search_term_string"}}],"inLanguage":"pt-PT"},{"@type":"Organization","@id":"https:\/\/brasilnoticias.org\/site\/#organization","name":"Brasil not\u00edcias","url":"https:\/\/brasilnoticias.org\/site\/","logo":{"@type":"ImageObject","inLanguage":"pt-PT","@id":"https:\/\/brasilnoticias.org\/site\/#\/schema\/logo\/image\/","url":"https:\/\/brasilnoticias.org\/site\/wp-content\/uploads\/2022\/05\/cropped-brasilnoticias-mini.jpg","contentUrl":"https:\/\/brasilnoticias.org\/site\/wp-content\/uploads\/2022\/05\/cropped-brasilnoticias-mini.jpg","width":314,"height":86,"caption":"Brasil not\u00edcias"},"image":{"@id":"https:\/\/brasilnoticias.org\/site\/#\/schema\/logo\/image\/"}},{"@type":"Person","@id":"https:\/\/brasilnoticias.org\/site\/#\/schema\/person\/a0e05b973ec4d15c658d51911e53507b","name":"Reda\u00e7\u00e3o","image":{"@type":"ImageObject","inLanguage":"pt-PT","@id":"https:\/\/brasilnoticias.org\/site\/#\/schema\/person\/image\/","url":"https:\/\/secure.gravatar.com\/avatar\/75d8b050df2de108b08ae78dfb8e374892df24a383c67db9c46a9c604f6aee9c?s=96&d=mm&r=g","contentUrl":"https:\/\/secure.gravatar.com\/avatar\/75d8b050df2de108b08ae78dfb8e374892df24a383c67db9c46a9c604f6aee9c?s=96&d=mm&r=g","caption":"Reda\u00e7\u00e3o"},"sameAs":["https:\/\/brasilnoticias.org\/site"],"url":"https:\/\/brasilnoticias.org\/site\/author\/fernandozsngmail-com\/"}]}},"_links":{"self":[{"href":"https:\/\/brasilnoticias.org\/site\/wp-json\/wp\/v2\/posts\/5466","targetHints":{"allow":["GET"]}}],"collection":[{"href":"https:\/\/brasilnoticias.org\/site\/wp-json\/wp\/v2\/posts"}],"about":[{"href":"https:\/\/brasilnoticias.org\/site\/wp-json\/wp\/v2\/types\/post"}],"author":[{"embeddable":true,"href":"https:\/\/brasilnoticias.org\/site\/wp-json\/wp\/v2\/users\/1"}],"replies":[{"embeddable":true,"href":"https:\/\/brasilnoticias.org\/site\/wp-json\/wp\/v2\/comments?post=5466"}],"version-history":[{"count":1,"href":"https:\/\/brasilnoticias.org\/site\/wp-json\/wp\/v2\/posts\/5466\/revisions"}],"predecessor-version":[{"id":5468,"href":"https:\/\/brasilnoticias.org\/site\/wp-json\/wp\/v2\/posts\/5466\/revisions\/5468"}],"wp:featuredmedia":[{"embeddable":true,"href":"https:\/\/brasilnoticias.org\/site\/wp-json\/wp\/v2\/media\/5467"}],"wp:attachment":[{"href":"https:\/\/brasilnoticias.org\/site\/wp-json\/wp\/v2\/media?parent=5466"}],"wp:term":[{"taxonomy":"category","embeddable":true,"href":"https:\/\/brasilnoticias.org\/site\/wp-json\/wp\/v2\/categories?post=5466"},{"taxonomy":"post_tag","embeddable":true,"href":"https:\/\/brasilnoticias.org\/site\/wp-json\/wp\/v2\/tags?post=5466"}],"curies":[{"name":"wp","href":"https:\/\/api.w.org\/{rel}","templated":true}]}}