{"id":5469,"date":"2023-04-16T18:20:34","date_gmt":"2023-04-16T21:20:34","guid":{"rendered":"https:\/\/brasilnoticias.org\/site\/?p=5469"},"modified":"2023-04-16T16:30:53","modified_gmt":"2023-04-16T19:30:53","slug":"homem-de-52-anos-e-preso-apos-tentar-atrair-criancas-para-carro-oferecendo-balas","status":"publish","type":"post","link":"https:\/\/brasilnoticias.org\/site\/homem-de-52-anos-e-preso-apos-tentar-atrair-criancas-para-carro-oferecendo-balas\/","title":{"rendered":"Homem de 52 anos \u00e9 preso ap\u00f3s tentar atrair crian\u00e7as para carro oferecendo balas"},"content":{"rendered":"<p>Um top\u00f3grafo de 52 anos foi preso em flagrante ap\u00f3s ser acusado de assediar sexualmente crian\u00e7as que brincavam pr\u00f3ximo a uma igreja localizada na Vila Planalto, no Distrito Federal. O homem foi capturado na madrugada deste domingo (16).<\/p>\n<p>Conforme relatos, o suspeito abordou os menores de dentro de um ve\u00edculo modelo Chevette, de cor preta, e ofereceu balinhas para que as crian\u00e7as entrassem no carro. Ele ainda chegou a mostrar as partes \u00edntimas para os pequenos.<\/p>\n<p>Sem conseguir atrair as crian\u00e7as, o top\u00f3grafo passou outras vezes no local fazendo gestos obscenos. Assustado, um dos menores informou \u00e0 m\u00e3e que um colega anotou a placa do carro do suspeito. A Pol\u00edcia Militar do DF, ent\u00e3o, foi acionada, iniciando uma busca pelo homem.<\/p>\n<p>O ve\u00edculo do top\u00f3grafo foi encontrado em via p\u00fablica, pr\u00f3ximo \u00e0 cena do crime. Segundo a pol\u00edcia, o motorista foi encontrado dormindo no interior do autom\u00f3vel, ao lado de uma garrafa de bebida alc\u00f3olica e de um preservativo lacrado.<\/p>\n<p>O suspeito foi encaminhado a 5\u00aa Delegacia de Pol\u00edcia, que investiga o caso.<\/p>\n<p>Foto Marcello Casal Jr.\/Ag\u00eancia Brasil<\/p>\n<p>BNews<\/p>\n","protected":false},"excerpt":{"rendered":"<p>Um top\u00f3grafo de 52 anos foi preso em flagrante ap\u00f3s ser acusado de assediar sexualmente crian\u00e7as que brincavam pr\u00f3ximo a<\/p>\n","protected":false},"author":1,"featured_media":5470,"comment_status":"open","ping_status":"open","sticky":false,"template":"","format":"standard","meta":{"colormag_page_container_layout":"default_layout","colormag_page_sidebar_layout":"default_layout","_FSMCFIC_featured_image_caption":"","_FSMCFIC_featured_image_nocaption":"","_FSMCFIC_featured_image_hide":"","footnotes":""},"categories":[2,1],"tags":[],"class_list":["post-5469","post","type-post","status-publish","format-standard","has-post-thumbnail","hentry","category-noticias","category-ultimas"],"yoast_head":"<!-- This site is optimized with the Yoast SEO plugin v27.1.1 - https:\/\/yoast.com\/product\/yoast-seo-wordpress\/ -->\n<title>Homem de 52 anos \u00e9 preso ap\u00f3s tentar atrair crian\u00e7as para carro oferecendo balas - Brasil not\u00edcias<\/title>\n<meta name=\"robots\" content=\"index, follow, max-snippet:-1, max-image-preview:large, max-video-preview:-1\" \/>\n<link rel=\"canonical\" href=\"https:\/\/brasilnoticias.org\/site\/homem-de-52-anos-e-preso-apos-tentar-atrair-criancas-para-carro-oferecendo-balas\/\" \/>\n<meta property=\"og:locale\" content=\"pt_PT\" \/>\n<meta property=\"og:type\" content=\"article\" \/>\n<meta property=\"og:title\" content=\"Homem de 52 anos \u00e9 preso ap\u00f3s tentar atrair crian\u00e7as para carro oferecendo balas - Brasil not\u00edcias\" \/>\n<meta property=\"og:description\" content=\"Um top\u00f3grafo de 52 anos foi preso em flagrante ap\u00f3s ser acusado de assediar sexualmente crian\u00e7as que brincavam pr\u00f3ximo a\" \/>\n<meta property=\"og:url\" content=\"https:\/\/brasilnoticias.org\/site\/homem-de-52-anos-e-preso-apos-tentar-atrair-criancas-para-carro-oferecendo-balas\/\" \/>\n<meta property=\"og:site_name\" content=\"Brasil not\u00edcias\" \/>\n<meta property=\"article:published_time\" content=\"2023-04-16T21:20:34+00:00\" \/>\n<meta property=\"og:image\" content=\"https:\/\/brasilnoticias.org\/site\/wp-content\/uploads\/2023\/04\/168700a3-4dda-4f18-bea1-8d6a5e5b5665_widelg.jpeg\" \/>\n\t<meta property=\"og:image:width\" content=\"800\" \/>\n\t<meta property=\"og:image:height\" content=\"450\" \/>\n\t<meta property=\"og:image:type\" content=\"image\/jpeg\" \/>\n<meta name=\"author\" content=\"Reda\u00e7\u00e3o\" \/>\n<meta name=\"twitter:card\" content=\"summary_large_image\" \/>\n<meta name=\"twitter:label1\" content=\"Escrito por\" \/>\n\t<meta name=\"twitter:data1\" content=\"Reda\u00e7\u00e3o\" \/>\n<script type=\"application\/ld+json\" class=\"yoast-schema-graph\">{\"@context\":\"https:\/\/schema.org\",\"@graph\":[{\"@type\":\"Article\",\"@id\":\"https:\/\/brasilnoticias.org\/site\/homem-de-52-anos-e-preso-apos-tentar-atrair-criancas-para-carro-oferecendo-balas\/#article\",\"isPartOf\":{\"@id\":\"https:\/\/brasilnoticias.org\/site\/homem-de-52-anos-e-preso-apos-tentar-atrair-criancas-para-carro-oferecendo-balas\/\"},\"author\":{\"name\":\"Reda\u00e7\u00e3o\",\"@id\":\"https:\/\/brasilnoticias.org\/site\/#\/schema\/person\/a0e05b973ec4d15c658d51911e53507b\"},\"headline\":\"Homem de 52 anos \u00e9 preso ap\u00f3s tentar atrair crian\u00e7as para carro oferecendo balas\",\"datePublished\":\"2023-04-16T21:20:34+00:00\",\"mainEntityOfPage\":{\"@id\":\"https:\/\/brasilnoticias.org\/site\/homem-de-52-anos-e-preso-apos-tentar-atrair-criancas-para-carro-oferecendo-balas\/\"},\"wordCount\":209,\"commentCount\":0,\"publisher\":{\"@id\":\"https:\/\/brasilnoticias.org\/site\/#organization\"},\"image\":{\"@id\":\"https:\/\/brasilnoticias.org\/site\/homem-de-52-anos-e-preso-apos-tentar-atrair-criancas-para-carro-oferecendo-balas\/#primaryimage\"},\"thumbnailUrl\":\"https:\/\/brasilnoticias.org\/site\/wp-content\/uploads\/2023\/04\/168700a3-4dda-4f18-bea1-8d6a5e5b5665_widelg.jpeg\",\"articleSection\":[\"Not\u00edcias\",\"\u00daltimas\"],\"inLanguage\":\"pt-PT\",\"potentialAction\":[{\"@type\":\"CommentAction\",\"name\":\"Comment\",\"target\":[\"https:\/\/brasilnoticias.org\/site\/homem-de-52-anos-e-preso-apos-tentar-atrair-criancas-para-carro-oferecendo-balas\/#respond\"]}]},{\"@type\":\"WebPage\",\"@id\":\"https:\/\/brasilnoticias.org\/site\/homem-de-52-anos-e-preso-apos-tentar-atrair-criancas-para-carro-oferecendo-balas\/\",\"url\":\"https:\/\/brasilnoticias.org\/site\/homem-de-52-anos-e-preso-apos-tentar-atrair-criancas-para-carro-oferecendo-balas\/\",\"name\":\"Homem de 52 anos \u00e9 preso ap\u00f3s tentar atrair crian\u00e7as para carro oferecendo balas - Brasil not\u00edcias\",\"isPartOf\":{\"@id\":\"https:\/\/brasilnoticias.org\/site\/#website\"},\"primaryImageOfPage\":{\"@id\":\"https:\/\/brasilnoticias.org\/site\/homem-de-52-anos-e-preso-apos-tentar-atrair-criancas-para-carro-oferecendo-balas\/#primaryimage\"},\"image\":{\"@id\":\"https:\/\/brasilnoticias.org\/site\/homem-de-52-anos-e-preso-apos-tentar-atrair-criancas-para-carro-oferecendo-balas\/#primaryimage\"},\"thumbnailUrl\":\"https:\/\/brasilnoticias.org\/site\/wp-content\/uploads\/2023\/04\/168700a3-4dda-4f18-bea1-8d6a5e5b5665_widelg.jpeg\",\"datePublished\":\"2023-04-16T21:20:34+00:00\",\"breadcrumb\":{\"@id\":\"https:\/\/brasilnoticias.org\/site\/homem-de-52-anos-e-preso-apos-tentar-atrair-criancas-para-carro-oferecendo-balas\/#breadcrumb\"},\"inLanguage\":\"pt-PT\",\"potentialAction\":[{\"@type\":\"ReadAction\",\"target\":[\"https:\/\/brasilnoticias.org\/site\/homem-de-52-anos-e-preso-apos-tentar-atrair-criancas-para-carro-oferecendo-balas\/\"]}]},{\"@type\":\"ImageObject\",\"inLanguage\":\"pt-PT\",\"@id\":\"https:\/\/brasilnoticias.org\/site\/homem-de-52-anos-e-preso-apos-tentar-atrair-criancas-para-carro-oferecendo-balas\/#primaryimage\",\"url\":\"https:\/\/brasilnoticias.org\/site\/wp-content\/uploads\/2023\/04\/168700a3-4dda-4f18-bea1-8d6a5e5b5665_widelg.jpeg\",\"contentUrl\":\"https:\/\/brasilnoticias.org\/site\/wp-content\/uploads\/2023\/04\/168700a3-4dda-4f18-bea1-8d6a5e5b5665_widelg.jpeg\",\"width\":800,\"height\":450},{\"@type\":\"BreadcrumbList\",\"@id\":\"https:\/\/brasilnoticias.org\/site\/homem-de-52-anos-e-preso-apos-tentar-atrair-criancas-para-carro-oferecendo-balas\/#breadcrumb\",\"itemListElement\":[{\"@type\":\"ListItem\",\"position\":1,\"name\":\"In\u00edcio\",\"item\":\"https:\/\/brasilnoticias.org\/site\/\"},{\"@type\":\"ListItem\",\"position\":2,\"name\":\"Homem de 52 anos \u00e9 preso ap\u00f3s tentar atrair crian\u00e7as para carro oferecendo balas\"}]},{\"@type\":\"WebSite\",\"@id\":\"https:\/\/brasilnoticias.org\/site\/#website\",\"url\":\"https:\/\/brasilnoticias.org\/site\/\",\"name\":\"Brasil not\u00edcias\",\"description\":\"Brasil not\u00edcias\",\"publisher\":{\"@id\":\"https:\/\/brasilnoticias.org\/site\/#organization\"},\"potentialAction\":[{\"@type\":\"SearchAction\",\"target\":{\"@type\":\"EntryPoint\",\"urlTemplate\":\"https:\/\/brasilnoticias.org\/site\/?s={search_term_string}\"},\"query-input\":{\"@type\":\"PropertyValueSpecification\",\"valueRequired\":true,\"valueName\":\"search_term_string\"}}],\"inLanguage\":\"pt-PT\"},{\"@type\":\"Organization\",\"@id\":\"https:\/\/brasilnoticias.org\/site\/#organization\",\"name\":\"Brasil not\u00edcias\",\"url\":\"https:\/\/brasilnoticias.org\/site\/\",\"logo\":{\"@type\":\"ImageObject\",\"inLanguage\":\"pt-PT\",\"@id\":\"https:\/\/brasilnoticias.org\/site\/#\/schema\/logo\/image\/\",\"url\":\"https:\/\/brasilnoticias.org\/site\/wp-content\/uploads\/2022\/05\/cropped-brasilnoticias-mini.jpg\",\"contentUrl\":\"https:\/\/brasilnoticias.org\/site\/wp-content\/uploads\/2022\/05\/cropped-brasilnoticias-mini.jpg\",\"width\":314,\"height\":86,\"caption\":\"Brasil not\u00edcias\"},\"image\":{\"@id\":\"https:\/\/brasilnoticias.org\/site\/#\/schema\/logo\/image\/\"}},{\"@type\":\"Person\",\"@id\":\"https:\/\/brasilnoticias.org\/site\/#\/schema\/person\/a0e05b973ec4d15c658d51911e53507b\",\"name\":\"Reda\u00e7\u00e3o\",\"image\":{\"@type\":\"ImageObject\",\"inLanguage\":\"pt-PT\",\"@id\":\"https:\/\/brasilnoticias.org\/site\/#\/schema\/person\/image\/\",\"url\":\"https:\/\/secure.gravatar.com\/avatar\/75d8b050df2de108b08ae78dfb8e374892df24a383c67db9c46a9c604f6aee9c?s=96&d=mm&r=g\",\"contentUrl\":\"https:\/\/secure.gravatar.com\/avatar\/75d8b050df2de108b08ae78dfb8e374892df24a383c67db9c46a9c604f6aee9c?s=96&d=mm&r=g\",\"caption\":\"Reda\u00e7\u00e3o\"},\"sameAs\":[\"https:\/\/brasilnoticias.org\/site\"],\"url\":\"https:\/\/brasilnoticias.org\/site\/author\/fernandozsngmail-com\/\"}]}<\/script>\n<!-- \/ Yoast SEO plugin. -->","yoast_head_json":{"title":"Homem de 52 anos \u00e9 preso ap\u00f3s tentar atrair crian\u00e7as para carro oferecendo balas - Brasil not\u00edcias","robots":{"index":"index","follow":"follow","max-snippet":"max-snippet:-1","max-image-preview":"max-image-preview:large","max-video-preview":"max-video-preview:-1"},"canonical":"https:\/\/brasilnoticias.org\/site\/homem-de-52-anos-e-preso-apos-tentar-atrair-criancas-para-carro-oferecendo-balas\/","og_locale":"pt_PT","og_type":"article","og_title":"Homem de 52 anos \u00e9 preso ap\u00f3s tentar atrair crian\u00e7as para carro oferecendo balas - Brasil not\u00edcias","og_description":"Um top\u00f3grafo de 52 anos foi preso em flagrante ap\u00f3s ser acusado de assediar sexualmente crian\u00e7as que brincavam pr\u00f3ximo a","og_url":"https:\/\/brasilnoticias.org\/site\/homem-de-52-anos-e-preso-apos-tentar-atrair-criancas-para-carro-oferecendo-balas\/","og_site_name":"Brasil not\u00edcias","article_published_time":"2023-04-16T21:20:34+00:00","og_image":[{"width":800,"height":450,"url":"https:\/\/brasilnoticias.org\/site\/wp-content\/uploads\/2023\/04\/168700a3-4dda-4f18-bea1-8d6a5e5b5665_widelg.jpeg","type":"image\/jpeg"}],"author":"Reda\u00e7\u00e3o","twitter_card":"summary_large_image","twitter_misc":{"Escrito por":"Reda\u00e7\u00e3o"},"schema":{"@context":"https:\/\/schema.org","@graph":[{"@type":"Article","@id":"https:\/\/brasilnoticias.org\/site\/homem-de-52-anos-e-preso-apos-tentar-atrair-criancas-para-carro-oferecendo-balas\/#article","isPartOf":{"@id":"https:\/\/brasilnoticias.org\/site\/homem-de-52-anos-e-preso-apos-tentar-atrair-criancas-para-carro-oferecendo-balas\/"},"author":{"name":"Reda\u00e7\u00e3o","@id":"https:\/\/brasilnoticias.org\/site\/#\/schema\/person\/a0e05b973ec4d15c658d51911e53507b"},"headline":"Homem de 52 anos \u00e9 preso ap\u00f3s tentar atrair crian\u00e7as para carro oferecendo balas","datePublished":"2023-04-16T21:20:34+00:00","mainEntityOfPage":{"@id":"https:\/\/brasilnoticias.org\/site\/homem-de-52-anos-e-preso-apos-tentar-atrair-criancas-para-carro-oferecendo-balas\/"},"wordCount":209,"commentCount":0,"publisher":{"@id":"https:\/\/brasilnoticias.org\/site\/#organization"},"image":{"@id":"https:\/\/brasilnoticias.org\/site\/homem-de-52-anos-e-preso-apos-tentar-atrair-criancas-para-carro-oferecendo-balas\/#primaryimage"},"thumbnailUrl":"https:\/\/brasilnoticias.org\/site\/wp-content\/uploads\/2023\/04\/168700a3-4dda-4f18-bea1-8d6a5e5b5665_widelg.jpeg","articleSection":["Not\u00edcias","\u00daltimas"],"inLanguage":"pt-PT","potentialAction":[{"@type":"CommentAction","name":"Comment","target":["https:\/\/brasilnoticias.org\/site\/homem-de-52-anos-e-preso-apos-tentar-atrair-criancas-para-carro-oferecendo-balas\/#respond"]}]},{"@type":"WebPage","@id":"https:\/\/brasilnoticias.org\/site\/homem-de-52-anos-e-preso-apos-tentar-atrair-criancas-para-carro-oferecendo-balas\/","url":"https:\/\/brasilnoticias.org\/site\/homem-de-52-anos-e-preso-apos-tentar-atrair-criancas-para-carro-oferecendo-balas\/","name":"Homem de 52 anos \u00e9 preso ap\u00f3s tentar atrair crian\u00e7as para carro oferecendo balas - Brasil not\u00edcias","isPartOf":{"@id":"https:\/\/brasilnoticias.org\/site\/#website"},"primaryImageOfPage":{"@id":"https:\/\/brasilnoticias.org\/site\/homem-de-52-anos-e-preso-apos-tentar-atrair-criancas-para-carro-oferecendo-balas\/#primaryimage"},"image":{"@id":"https:\/\/brasilnoticias.org\/site\/homem-de-52-anos-e-preso-apos-tentar-atrair-criancas-para-carro-oferecendo-balas\/#primaryimage"},"thumbnailUrl":"https:\/\/brasilnoticias.org\/site\/wp-content\/uploads\/2023\/04\/168700a3-4dda-4f18-bea1-8d6a5e5b5665_widelg.jpeg","datePublished":"2023-04-16T21:20:34+00:00","breadcrumb":{"@id":"https:\/\/brasilnoticias.org\/site\/homem-de-52-anos-e-preso-apos-tentar-atrair-criancas-para-carro-oferecendo-balas\/#breadcrumb"},"inLanguage":"pt-PT","potentialAction":[{"@type":"ReadAction","target":["https:\/\/brasilnoticias.org\/site\/homem-de-52-anos-e-preso-apos-tentar-atrair-criancas-para-carro-oferecendo-balas\/"]}]},{"@type":"ImageObject","inLanguage":"pt-PT","@id":"https:\/\/brasilnoticias.org\/site\/homem-de-52-anos-e-preso-apos-tentar-atrair-criancas-para-carro-oferecendo-balas\/#primaryimage","url":"https:\/\/brasilnoticias.org\/site\/wp-content\/uploads\/2023\/04\/168700a3-4dda-4f18-bea1-8d6a5e5b5665_widelg.jpeg","contentUrl":"https:\/\/brasilnoticias.org\/site\/wp-content\/uploads\/2023\/04\/168700a3-4dda-4f18-bea1-8d6a5e5b5665_widelg.jpeg","width":800,"height":450},{"@type":"BreadcrumbList","@id":"https:\/\/brasilnoticias.org\/site\/homem-de-52-anos-e-preso-apos-tentar-atrair-criancas-para-carro-oferecendo-balas\/#breadcrumb","itemListElement":[{"@type":"ListItem","position":1,"name":"In\u00edcio","item":"https:\/\/brasilnoticias.org\/site\/"},{"@type":"ListItem","position":2,"name":"Homem de 52 anos \u00e9 preso ap\u00f3s tentar atrair crian\u00e7as para carro oferecendo balas"}]},{"@type":"WebSite","@id":"https:\/\/brasilnoticias.org\/site\/#website","url":"https:\/\/brasilnoticias.org\/site\/","name":"Brasil not\u00edcias","description":"Brasil not\u00edcias","publisher":{"@id":"https:\/\/brasilnoticias.org\/site\/#organization"},"potentialAction":[{"@type":"SearchAction","target":{"@type":"EntryPoint","urlTemplate":"https:\/\/brasilnoticias.org\/site\/?s={search_term_string}"},"query-input":{"@type":"PropertyValueSpecification","valueRequired":true,"valueName":"search_term_string"}}],"inLanguage":"pt-PT"},{"@type":"Organization","@id":"https:\/\/brasilnoticias.org\/site\/#organization","name":"Brasil not\u00edcias","url":"https:\/\/brasilnoticias.org\/site\/","logo":{"@type":"ImageObject","inLanguage":"pt-PT","@id":"https:\/\/brasilnoticias.org\/site\/#\/schema\/logo\/image\/","url":"https:\/\/brasilnoticias.org\/site\/wp-content\/uploads\/2022\/05\/cropped-brasilnoticias-mini.jpg","contentUrl":"https:\/\/brasilnoticias.org\/site\/wp-content\/uploads\/2022\/05\/cropped-brasilnoticias-mini.jpg","width":314,"height":86,"caption":"Brasil not\u00edcias"},"image":{"@id":"https:\/\/brasilnoticias.org\/site\/#\/schema\/logo\/image\/"}},{"@type":"Person","@id":"https:\/\/brasilnoticias.org\/site\/#\/schema\/person\/a0e05b973ec4d15c658d51911e53507b","name":"Reda\u00e7\u00e3o","image":{"@type":"ImageObject","inLanguage":"pt-PT","@id":"https:\/\/brasilnoticias.org\/site\/#\/schema\/person\/image\/","url":"https:\/\/secure.gravatar.com\/avatar\/75d8b050df2de108b08ae78dfb8e374892df24a383c67db9c46a9c604f6aee9c?s=96&d=mm&r=g","contentUrl":"https:\/\/secure.gravatar.com\/avatar\/75d8b050df2de108b08ae78dfb8e374892df24a383c67db9c46a9c604f6aee9c?s=96&d=mm&r=g","caption":"Reda\u00e7\u00e3o"},"sameAs":["https:\/\/brasilnoticias.org\/site"],"url":"https:\/\/brasilnoticias.org\/site\/author\/fernandozsngmail-com\/"}]}},"_links":{"self":[{"href":"https:\/\/brasilnoticias.org\/site\/wp-json\/wp\/v2\/posts\/5469","targetHints":{"allow":["GET"]}}],"collection":[{"href":"https:\/\/brasilnoticias.org\/site\/wp-json\/wp\/v2\/posts"}],"about":[{"href":"https:\/\/brasilnoticias.org\/site\/wp-json\/wp\/v2\/types\/post"}],"author":[{"embeddable":true,"href":"https:\/\/brasilnoticias.org\/site\/wp-json\/wp\/v2\/users\/1"}],"replies":[{"embeddable":true,"href":"https:\/\/brasilnoticias.org\/site\/wp-json\/wp\/v2\/comments?post=5469"}],"version-history":[{"count":1,"href":"https:\/\/brasilnoticias.org\/site\/wp-json\/wp\/v2\/posts\/5469\/revisions"}],"predecessor-version":[{"id":5471,"href":"https:\/\/brasilnoticias.org\/site\/wp-json\/wp\/v2\/posts\/5469\/revisions\/5471"}],"wp:featuredmedia":[{"embeddable":true,"href":"https:\/\/brasilnoticias.org\/site\/wp-json\/wp\/v2\/media\/5470"}],"wp:attachment":[{"href":"https:\/\/brasilnoticias.org\/site\/wp-json\/wp\/v2\/media?parent=5469"}],"wp:term":[{"taxonomy":"category","embeddable":true,"href":"https:\/\/brasilnoticias.org\/site\/wp-json\/wp\/v2\/categories?post=5469"},{"taxonomy":"post_tag","embeddable":true,"href":"https:\/\/brasilnoticias.org\/site\/wp-json\/wp\/v2\/tags?post=5469"}],"curies":[{"name":"wp","href":"https:\/\/api.w.org\/{rel}","templated":true}]}}