{"id":5473,"date":"2023-04-17T06:22:56","date_gmt":"2023-04-17T09:22:56","guid":{"rendered":"https:\/\/brasilnoticias.org\/site\/?p=5473"},"modified":"2023-04-17T06:22:56","modified_gmt":"2023-04-17T09:22:56","slug":"leo-conde-elogia-postura-do-vitoria-apos-3-a-0-agradou-bastante-assista-os-melhores-momentos","status":"publish","type":"post","link":"https:\/\/brasilnoticias.org\/site\/leo-conde-elogia-postura-do-vitoria-apos-3-a-0-agradou-bastante-assista-os-melhores-momentos\/","title":{"rendered":"L\u00e9o Cond\u00e9 elogia postura do Vit\u00f3ria ap\u00f3s 3 a 0: &#8220;Agradou bastante&#8221;. Assista os melhores momentos"},"content":{"rendered":"<p>O Vit\u00f3ria estreou com o p\u00e9 direito na S\u00e9rie B 2023 ao vencer a Ponte Preta por 3 a 0, na noite deste domingo. Os mais de 20 mil torcedores presentes no Barrad\u00e3o comemoraram os gols marcados por Zeca, Osvaldo e Rodrigo Andrade.<\/p>\n<p>Em entrevista coletiva ap\u00f3s a partida, o t\u00e9cnico L\u00e9o Cond\u00e9 exaltou o resultado da equipe e acredita que existe margem para evolu\u00e7\u00e3o na sequ\u00eancia da competi\u00e7\u00e3o. &#8220;Agradou bastante, mas tem margem para essa equipe evoluir. \u00c9 apenas o in\u00edcio de um trabalho com essa reformula\u00e7\u00e3o toda que foi feita. A intensidade e a entrega tem que ser em todos os jogos assim como foi hoje&#8221;, afirmou o comandante.<\/p>\n<p>O Vit\u00f3ria contratou 12 refor\u00e7os para a disputa da S\u00e9rie B e cinco deles estrearam contra a Ponte Preta. L\u00e9o Cond\u00e9 avaliou a estreia desses atletas e comemorou o fato de conseguir extrair mais dos jogadores que j\u00e1 estavam no elenco. &#8220;Deu equil\u00edbrio com os jogadores que aqui j\u00e1 estavam. Foram boas estreias e ainda temos mais atletas para estrear. Os jogadores que j\u00e1 estavam no clube, a gente sabia que no per\u00edodo de treinamento a gente ia conseguir extrair mais deles&#8221;, disse o treinador.<\/p>\n<p>O t\u00e9cnico rubro-negro ainda enalteceu a qualidade do time da Ponte Preta, o que segundo ele, valoriza ainda mais o resultado. &#8220;Foi realmente um grande jogo. N\u00e3o s\u00f3 pelo que fizemos, mas tamb\u00e9m pelo advers\u00e1rio que enfrentamos, o que valoriza muito a nossa vit\u00f3ria. No segundo tempo estivemos um pouco abaixo, a Ponte Preta nos empurrou para nosso campo e entendi que precisava de jogadores de mais mobilidade. Thiago e Welder ajudaram e equilibramos o jogo. A Ponte Preta teve chances, mas tamb\u00e9m tivemos e fizemos o terceiro gol. Poder\u00edamos fazer o quarto e o quinto. Resposta muito positiva&#8221;, concluiu Cond\u00e9.<\/p>\n<p>O pr\u00f3ximo compromisso de Cond\u00e9 a frente do Vit\u00f3ria \u00e9 fora de casa, contra o ABC, pela 2\u00aa rodada da S\u00e9rie B 2023. A partida est\u00e1 marcada para as 18h de domingo, 23, no Frasqueir\u00e3o, em Natal.<\/p>\n<p><iframe loading=\"lazy\" width=\"688\" height=\"387\" src=\"https:\/\/www.youtube.com\/embed\/i-TvfG7wrN0\" title=\"VIT\u00d3RIA 3 X 0 PONTE PRETA | MELHORES MOMENTOS | 1\u00aa RODADA BRASILEIR\u00c3O S\u00c9RIE B 2023 | ge.globo\" frameborder=\"0\" allow=\"accelerometer; autoplay; clipboard-write; encrypted-media; gyroscope; picture-in-picture; web-share\" allowfullscreen><\/iframe><\/p>\n<p>BNews<br \/>\nFoto: Divulga\u00e7\u00e3o | EC Vit\u00f3ria<\/p>\n","protected":false},"excerpt":{"rendered":"<p>O Vit\u00f3ria estreou com o p\u00e9 direito na S\u00e9rie B 2023 ao vencer a Ponte Preta por 3 a 0,<\/p>\n","protected":false},"author":1,"featured_media":5474,"comment_status":"open","ping_status":"open","sticky":false,"template":"","format":"standard","meta":{"colormag_page_container_layout":"default_layout","colormag_page_sidebar_layout":"default_layout","_FSMCFIC_featured_image_caption":"","_FSMCFIC_featured_image_nocaption":"","_FSMCFIC_featured_image_hide":"","footnotes":""},"categories":[4,1],"tags":[],"class_list":["post-5473","post","type-post","status-publish","format-standard","has-post-thumbnail","hentry","category-esporte","category-ultimas"],"yoast_head":"<!-- This site is optimized with the Yoast SEO plugin v27.1.1 - https:\/\/yoast.com\/product\/yoast-seo-wordpress\/ -->\n<title>L\u00e9o Cond\u00e9 elogia postura do Vit\u00f3ria ap\u00f3s 3 a 0: &quot;Agradou bastante&quot;. Assista os melhores momentos - Brasil not\u00edcias<\/title>\n<meta name=\"robots\" content=\"index, follow, max-snippet:-1, max-image-preview:large, max-video-preview:-1\" \/>\n<link rel=\"canonical\" href=\"https:\/\/brasilnoticias.org\/site\/leo-conde-elogia-postura-do-vitoria-apos-3-a-0-agradou-bastante-assista-os-melhores-momentos\/\" \/>\n<meta property=\"og:locale\" content=\"pt_PT\" \/>\n<meta property=\"og:type\" content=\"article\" \/>\n<meta property=\"og:title\" content=\"L\u00e9o Cond\u00e9 elogia postura do Vit\u00f3ria ap\u00f3s 3 a 0: &quot;Agradou bastante&quot;. Assista os melhores momentos - Brasil not\u00edcias\" \/>\n<meta property=\"og:description\" content=\"O Vit\u00f3ria estreou com o p\u00e9 direito na S\u00e9rie B 2023 ao vencer a Ponte Preta por 3 a 0,\" \/>\n<meta property=\"og:url\" content=\"https:\/\/brasilnoticias.org\/site\/leo-conde-elogia-postura-do-vitoria-apos-3-a-0-agradou-bastante-assista-os-melhores-momentos\/\" \/>\n<meta property=\"og:site_name\" content=\"Brasil not\u00edcias\" \/>\n<meta property=\"article:published_time\" content=\"2023-04-17T09:22:56+00:00\" \/>\n<meta property=\"og:image\" content=\"https:\/\/brasilnoticias.org\/site\/wp-content\/uploads\/2023\/04\/Artigo-Destaque_01226066_00.png\" \/>\n\t<meta property=\"og:image:width\" content=\"994\" \/>\n\t<meta property=\"og:image:height\" content=\"532\" \/>\n\t<meta property=\"og:image:type\" content=\"image\/png\" \/>\n<meta name=\"author\" content=\"Reda\u00e7\u00e3o\" \/>\n<meta name=\"twitter:card\" content=\"summary_large_image\" \/>\n<meta name=\"twitter:label1\" content=\"Escrito por\" \/>\n\t<meta name=\"twitter:data1\" content=\"Reda\u00e7\u00e3o\" \/>\n<script type=\"application\/ld+json\" class=\"yoast-schema-graph\">{\"@context\":\"https:\/\/schema.org\",\"@graph\":[{\"@type\":\"Article\",\"@id\":\"https:\/\/brasilnoticias.org\/site\/leo-conde-elogia-postura-do-vitoria-apos-3-a-0-agradou-bastante-assista-os-melhores-momentos\/#article\",\"isPartOf\":{\"@id\":\"https:\/\/brasilnoticias.org\/site\/leo-conde-elogia-postura-do-vitoria-apos-3-a-0-agradou-bastante-assista-os-melhores-momentos\/\"},\"author\":{\"name\":\"Reda\u00e7\u00e3o\",\"@id\":\"https:\/\/brasilnoticias.org\/site\/#\/schema\/person\/a0e05b973ec4d15c658d51911e53507b\"},\"headline\":\"L\u00e9o Cond\u00e9 elogia postura do Vit\u00f3ria ap\u00f3s 3 a 0: &#8220;Agradou bastante&#8221;. Assista os melhores momentos\",\"datePublished\":\"2023-04-17T09:22:56+00:00\",\"mainEntityOfPage\":{\"@id\":\"https:\/\/brasilnoticias.org\/site\/leo-conde-elogia-postura-do-vitoria-apos-3-a-0-agradou-bastante-assista-os-melhores-momentos\/\"},\"wordCount\":376,\"commentCount\":0,\"publisher\":{\"@id\":\"https:\/\/brasilnoticias.org\/site\/#organization\"},\"image\":{\"@id\":\"https:\/\/brasilnoticias.org\/site\/leo-conde-elogia-postura-do-vitoria-apos-3-a-0-agradou-bastante-assista-os-melhores-momentos\/#primaryimage\"},\"thumbnailUrl\":\"https:\/\/brasilnoticias.org\/site\/wp-content\/uploads\/2023\/04\/Artigo-Destaque_01226066_00.png\",\"articleSection\":[\"Esporte\",\"\u00daltimas\"],\"inLanguage\":\"pt-PT\",\"potentialAction\":[{\"@type\":\"CommentAction\",\"name\":\"Comment\",\"target\":[\"https:\/\/brasilnoticias.org\/site\/leo-conde-elogia-postura-do-vitoria-apos-3-a-0-agradou-bastante-assista-os-melhores-momentos\/#respond\"]}]},{\"@type\":\"WebPage\",\"@id\":\"https:\/\/brasilnoticias.org\/site\/leo-conde-elogia-postura-do-vitoria-apos-3-a-0-agradou-bastante-assista-os-melhores-momentos\/\",\"url\":\"https:\/\/brasilnoticias.org\/site\/leo-conde-elogia-postura-do-vitoria-apos-3-a-0-agradou-bastante-assista-os-melhores-momentos\/\",\"name\":\"L\u00e9o Cond\u00e9 elogia postura do Vit\u00f3ria ap\u00f3s 3 a 0: \\\"Agradou bastante\\\". Assista os melhores momentos - Brasil not\u00edcias\",\"isPartOf\":{\"@id\":\"https:\/\/brasilnoticias.org\/site\/#website\"},\"primaryImageOfPage\":{\"@id\":\"https:\/\/brasilnoticias.org\/site\/leo-conde-elogia-postura-do-vitoria-apos-3-a-0-agradou-bastante-assista-os-melhores-momentos\/#primaryimage\"},\"image\":{\"@id\":\"https:\/\/brasilnoticias.org\/site\/leo-conde-elogia-postura-do-vitoria-apos-3-a-0-agradou-bastante-assista-os-melhores-momentos\/#primaryimage\"},\"thumbnailUrl\":\"https:\/\/brasilnoticias.org\/site\/wp-content\/uploads\/2023\/04\/Artigo-Destaque_01226066_00.png\",\"datePublished\":\"2023-04-17T09:22:56+00:00\",\"breadcrumb\":{\"@id\":\"https:\/\/brasilnoticias.org\/site\/leo-conde-elogia-postura-do-vitoria-apos-3-a-0-agradou-bastante-assista-os-melhores-momentos\/#breadcrumb\"},\"inLanguage\":\"pt-PT\",\"potentialAction\":[{\"@type\":\"ReadAction\",\"target\":[\"https:\/\/brasilnoticias.org\/site\/leo-conde-elogia-postura-do-vitoria-apos-3-a-0-agradou-bastante-assista-os-melhores-momentos\/\"]}]},{\"@type\":\"ImageObject\",\"inLanguage\":\"pt-PT\",\"@id\":\"https:\/\/brasilnoticias.org\/site\/leo-conde-elogia-postura-do-vitoria-apos-3-a-0-agradou-bastante-assista-os-melhores-momentos\/#primaryimage\",\"url\":\"https:\/\/brasilnoticias.org\/site\/wp-content\/uploads\/2023\/04\/Artigo-Destaque_01226066_00.png\",\"contentUrl\":\"https:\/\/brasilnoticias.org\/site\/wp-content\/uploads\/2023\/04\/Artigo-Destaque_01226066_00.png\",\"width\":994,\"height\":532},{\"@type\":\"BreadcrumbList\",\"@id\":\"https:\/\/brasilnoticias.org\/site\/leo-conde-elogia-postura-do-vitoria-apos-3-a-0-agradou-bastante-assista-os-melhores-momentos\/#breadcrumb\",\"itemListElement\":[{\"@type\":\"ListItem\",\"position\":1,\"name\":\"In\u00edcio\",\"item\":\"https:\/\/brasilnoticias.org\/site\/\"},{\"@type\":\"ListItem\",\"position\":2,\"name\":\"L\u00e9o Cond\u00e9 elogia postura do Vit\u00f3ria ap\u00f3s 3 a 0: &#8220;Agradou bastante&#8221;. Assista os melhores momentos\"}]},{\"@type\":\"WebSite\",\"@id\":\"https:\/\/brasilnoticias.org\/site\/#website\",\"url\":\"https:\/\/brasilnoticias.org\/site\/\",\"name\":\"Brasil not\u00edcias\",\"description\":\"Brasil not\u00edcias\",\"publisher\":{\"@id\":\"https:\/\/brasilnoticias.org\/site\/#organization\"},\"potentialAction\":[{\"@type\":\"SearchAction\",\"target\":{\"@type\":\"EntryPoint\",\"urlTemplate\":\"https:\/\/brasilnoticias.org\/site\/?s={search_term_string}\"},\"query-input\":{\"@type\":\"PropertyValueSpecification\",\"valueRequired\":true,\"valueName\":\"search_term_string\"}}],\"inLanguage\":\"pt-PT\"},{\"@type\":\"Organization\",\"@id\":\"https:\/\/brasilnoticias.org\/site\/#organization\",\"name\":\"Brasil not\u00edcias\",\"url\":\"https:\/\/brasilnoticias.org\/site\/\",\"logo\":{\"@type\":\"ImageObject\",\"inLanguage\":\"pt-PT\",\"@id\":\"https:\/\/brasilnoticias.org\/site\/#\/schema\/logo\/image\/\",\"url\":\"https:\/\/brasilnoticias.org\/site\/wp-content\/uploads\/2022\/05\/cropped-brasilnoticias-mini.jpg\",\"contentUrl\":\"https:\/\/brasilnoticias.org\/site\/wp-content\/uploads\/2022\/05\/cropped-brasilnoticias-mini.jpg\",\"width\":314,\"height\":86,\"caption\":\"Brasil not\u00edcias\"},\"image\":{\"@id\":\"https:\/\/brasilnoticias.org\/site\/#\/schema\/logo\/image\/\"}},{\"@type\":\"Person\",\"@id\":\"https:\/\/brasilnoticias.org\/site\/#\/schema\/person\/a0e05b973ec4d15c658d51911e53507b\",\"name\":\"Reda\u00e7\u00e3o\",\"image\":{\"@type\":\"ImageObject\",\"inLanguage\":\"pt-PT\",\"@id\":\"https:\/\/brasilnoticias.org\/site\/#\/schema\/person\/image\/\",\"url\":\"https:\/\/secure.gravatar.com\/avatar\/75d8b050df2de108b08ae78dfb8e374892df24a383c67db9c46a9c604f6aee9c?s=96&d=mm&r=g\",\"contentUrl\":\"https:\/\/secure.gravatar.com\/avatar\/75d8b050df2de108b08ae78dfb8e374892df24a383c67db9c46a9c604f6aee9c?s=96&d=mm&r=g\",\"caption\":\"Reda\u00e7\u00e3o\"},\"sameAs\":[\"https:\/\/brasilnoticias.org\/site\"],\"url\":\"https:\/\/brasilnoticias.org\/site\/author\/fernandozsngmail-com\/\"}]}<\/script>\n<!-- \/ Yoast SEO plugin. -->","yoast_head_json":{"title":"L\u00e9o Cond\u00e9 elogia postura do Vit\u00f3ria ap\u00f3s 3 a 0: \"Agradou bastante\". Assista os melhores momentos - Brasil not\u00edcias","robots":{"index":"index","follow":"follow","max-snippet":"max-snippet:-1","max-image-preview":"max-image-preview:large","max-video-preview":"max-video-preview:-1"},"canonical":"https:\/\/brasilnoticias.org\/site\/leo-conde-elogia-postura-do-vitoria-apos-3-a-0-agradou-bastante-assista-os-melhores-momentos\/","og_locale":"pt_PT","og_type":"article","og_title":"L\u00e9o Cond\u00e9 elogia postura do Vit\u00f3ria ap\u00f3s 3 a 0: \"Agradou bastante\". Assista os melhores momentos - Brasil not\u00edcias","og_description":"O Vit\u00f3ria estreou com o p\u00e9 direito na S\u00e9rie B 2023 ao vencer a Ponte Preta por 3 a 0,","og_url":"https:\/\/brasilnoticias.org\/site\/leo-conde-elogia-postura-do-vitoria-apos-3-a-0-agradou-bastante-assista-os-melhores-momentos\/","og_site_name":"Brasil not\u00edcias","article_published_time":"2023-04-17T09:22:56+00:00","og_image":[{"width":994,"height":532,"url":"https:\/\/brasilnoticias.org\/site\/wp-content\/uploads\/2023\/04\/Artigo-Destaque_01226066_00.png","type":"image\/png"}],"author":"Reda\u00e7\u00e3o","twitter_card":"summary_large_image","twitter_misc":{"Escrito por":"Reda\u00e7\u00e3o"},"schema":{"@context":"https:\/\/schema.org","@graph":[{"@type":"Article","@id":"https:\/\/brasilnoticias.org\/site\/leo-conde-elogia-postura-do-vitoria-apos-3-a-0-agradou-bastante-assista-os-melhores-momentos\/#article","isPartOf":{"@id":"https:\/\/brasilnoticias.org\/site\/leo-conde-elogia-postura-do-vitoria-apos-3-a-0-agradou-bastante-assista-os-melhores-momentos\/"},"author":{"name":"Reda\u00e7\u00e3o","@id":"https:\/\/brasilnoticias.org\/site\/#\/schema\/person\/a0e05b973ec4d15c658d51911e53507b"},"headline":"L\u00e9o Cond\u00e9 elogia postura do Vit\u00f3ria ap\u00f3s 3 a 0: &#8220;Agradou bastante&#8221;. Assista os melhores momentos","datePublished":"2023-04-17T09:22:56+00:00","mainEntityOfPage":{"@id":"https:\/\/brasilnoticias.org\/site\/leo-conde-elogia-postura-do-vitoria-apos-3-a-0-agradou-bastante-assista-os-melhores-momentos\/"},"wordCount":376,"commentCount":0,"publisher":{"@id":"https:\/\/brasilnoticias.org\/site\/#organization"},"image":{"@id":"https:\/\/brasilnoticias.org\/site\/leo-conde-elogia-postura-do-vitoria-apos-3-a-0-agradou-bastante-assista-os-melhores-momentos\/#primaryimage"},"thumbnailUrl":"https:\/\/brasilnoticias.org\/site\/wp-content\/uploads\/2023\/04\/Artigo-Destaque_01226066_00.png","articleSection":["Esporte","\u00daltimas"],"inLanguage":"pt-PT","potentialAction":[{"@type":"CommentAction","name":"Comment","target":["https:\/\/brasilnoticias.org\/site\/leo-conde-elogia-postura-do-vitoria-apos-3-a-0-agradou-bastante-assista-os-melhores-momentos\/#respond"]}]},{"@type":"WebPage","@id":"https:\/\/brasilnoticias.org\/site\/leo-conde-elogia-postura-do-vitoria-apos-3-a-0-agradou-bastante-assista-os-melhores-momentos\/","url":"https:\/\/brasilnoticias.org\/site\/leo-conde-elogia-postura-do-vitoria-apos-3-a-0-agradou-bastante-assista-os-melhores-momentos\/","name":"L\u00e9o Cond\u00e9 elogia postura do Vit\u00f3ria ap\u00f3s 3 a 0: \"Agradou bastante\". Assista os melhores momentos - Brasil not\u00edcias","isPartOf":{"@id":"https:\/\/brasilnoticias.org\/site\/#website"},"primaryImageOfPage":{"@id":"https:\/\/brasilnoticias.org\/site\/leo-conde-elogia-postura-do-vitoria-apos-3-a-0-agradou-bastante-assista-os-melhores-momentos\/#primaryimage"},"image":{"@id":"https:\/\/brasilnoticias.org\/site\/leo-conde-elogia-postura-do-vitoria-apos-3-a-0-agradou-bastante-assista-os-melhores-momentos\/#primaryimage"},"thumbnailUrl":"https:\/\/brasilnoticias.org\/site\/wp-content\/uploads\/2023\/04\/Artigo-Destaque_01226066_00.png","datePublished":"2023-04-17T09:22:56+00:00","breadcrumb":{"@id":"https:\/\/brasilnoticias.org\/site\/leo-conde-elogia-postura-do-vitoria-apos-3-a-0-agradou-bastante-assista-os-melhores-momentos\/#breadcrumb"},"inLanguage":"pt-PT","potentialAction":[{"@type":"ReadAction","target":["https:\/\/brasilnoticias.org\/site\/leo-conde-elogia-postura-do-vitoria-apos-3-a-0-agradou-bastante-assista-os-melhores-momentos\/"]}]},{"@type":"ImageObject","inLanguage":"pt-PT","@id":"https:\/\/brasilnoticias.org\/site\/leo-conde-elogia-postura-do-vitoria-apos-3-a-0-agradou-bastante-assista-os-melhores-momentos\/#primaryimage","url":"https:\/\/brasilnoticias.org\/site\/wp-content\/uploads\/2023\/04\/Artigo-Destaque_01226066_00.png","contentUrl":"https:\/\/brasilnoticias.org\/site\/wp-content\/uploads\/2023\/04\/Artigo-Destaque_01226066_00.png","width":994,"height":532},{"@type":"BreadcrumbList","@id":"https:\/\/brasilnoticias.org\/site\/leo-conde-elogia-postura-do-vitoria-apos-3-a-0-agradou-bastante-assista-os-melhores-momentos\/#breadcrumb","itemListElement":[{"@type":"ListItem","position":1,"name":"In\u00edcio","item":"https:\/\/brasilnoticias.org\/site\/"},{"@type":"ListItem","position":2,"name":"L\u00e9o Cond\u00e9 elogia postura do Vit\u00f3ria ap\u00f3s 3 a 0: &#8220;Agradou bastante&#8221;. Assista os melhores momentos"}]},{"@type":"WebSite","@id":"https:\/\/brasilnoticias.org\/site\/#website","url":"https:\/\/brasilnoticias.org\/site\/","name":"Brasil not\u00edcias","description":"Brasil not\u00edcias","publisher":{"@id":"https:\/\/brasilnoticias.org\/site\/#organization"},"potentialAction":[{"@type":"SearchAction","target":{"@type":"EntryPoint","urlTemplate":"https:\/\/brasilnoticias.org\/site\/?s={search_term_string}"},"query-input":{"@type":"PropertyValueSpecification","valueRequired":true,"valueName":"search_term_string"}}],"inLanguage":"pt-PT"},{"@type":"Organization","@id":"https:\/\/brasilnoticias.org\/site\/#organization","name":"Brasil not\u00edcias","url":"https:\/\/brasilnoticias.org\/site\/","logo":{"@type":"ImageObject","inLanguage":"pt-PT","@id":"https:\/\/brasilnoticias.org\/site\/#\/schema\/logo\/image\/","url":"https:\/\/brasilnoticias.org\/site\/wp-content\/uploads\/2022\/05\/cropped-brasilnoticias-mini.jpg","contentUrl":"https:\/\/brasilnoticias.org\/site\/wp-content\/uploads\/2022\/05\/cropped-brasilnoticias-mini.jpg","width":314,"height":86,"caption":"Brasil not\u00edcias"},"image":{"@id":"https:\/\/brasilnoticias.org\/site\/#\/schema\/logo\/image\/"}},{"@type":"Person","@id":"https:\/\/brasilnoticias.org\/site\/#\/schema\/person\/a0e05b973ec4d15c658d51911e53507b","name":"Reda\u00e7\u00e3o","image":{"@type":"ImageObject","inLanguage":"pt-PT","@id":"https:\/\/brasilnoticias.org\/site\/#\/schema\/person\/image\/","url":"https:\/\/secure.gravatar.com\/avatar\/75d8b050df2de108b08ae78dfb8e374892df24a383c67db9c46a9c604f6aee9c?s=96&d=mm&r=g","contentUrl":"https:\/\/secure.gravatar.com\/avatar\/75d8b050df2de108b08ae78dfb8e374892df24a383c67db9c46a9c604f6aee9c?s=96&d=mm&r=g","caption":"Reda\u00e7\u00e3o"},"sameAs":["https:\/\/brasilnoticias.org\/site"],"url":"https:\/\/brasilnoticias.org\/site\/author\/fernandozsngmail-com\/"}]}},"_links":{"self":[{"href":"https:\/\/brasilnoticias.org\/site\/wp-json\/wp\/v2\/posts\/5473","targetHints":{"allow":["GET"]}}],"collection":[{"href":"https:\/\/brasilnoticias.org\/site\/wp-json\/wp\/v2\/posts"}],"about":[{"href":"https:\/\/brasilnoticias.org\/site\/wp-json\/wp\/v2\/types\/post"}],"author":[{"embeddable":true,"href":"https:\/\/brasilnoticias.org\/site\/wp-json\/wp\/v2\/users\/1"}],"replies":[{"embeddable":true,"href":"https:\/\/brasilnoticias.org\/site\/wp-json\/wp\/v2\/comments?post=5473"}],"version-history":[{"count":1,"href":"https:\/\/brasilnoticias.org\/site\/wp-json\/wp\/v2\/posts\/5473\/revisions"}],"predecessor-version":[{"id":5475,"href":"https:\/\/brasilnoticias.org\/site\/wp-json\/wp\/v2\/posts\/5473\/revisions\/5475"}],"wp:featuredmedia":[{"embeddable":true,"href":"https:\/\/brasilnoticias.org\/site\/wp-json\/wp\/v2\/media\/5474"}],"wp:attachment":[{"href":"https:\/\/brasilnoticias.org\/site\/wp-json\/wp\/v2\/media?parent=5473"}],"wp:term":[{"taxonomy":"category","embeddable":true,"href":"https:\/\/brasilnoticias.org\/site\/wp-json\/wp\/v2\/categories?post=5473"},{"taxonomy":"post_tag","embeddable":true,"href":"https:\/\/brasilnoticias.org\/site\/wp-json\/wp\/v2\/tags?post=5473"}],"curies":[{"name":"wp","href":"https:\/\/api.w.org\/{rel}","templated":true}]}}