{"id":548,"date":"2022-05-25T11:48:56","date_gmt":"2022-05-25T14:48:56","guid":{"rendered":"https:\/\/brasilnoticias.org\/site\/?p=548"},"modified":"2022-05-25T11:48:56","modified_gmt":"2022-05-25T14:48:56","slug":"mulher-e-morta-com-17-facadas-enquanto-revirava-lixo-em-lauro-de-freitas","status":"publish","type":"post","link":"https:\/\/brasilnoticias.org\/site\/mulher-e-morta-com-17-facadas-enquanto-revirava-lixo-em-lauro-de-freitas\/","title":{"rendered":"MULHER \u00c9 MORTA COM 17 FACADAS ENQUANTO REVIRAVA LIXO EM LAURO DE FREITAS"},"content":{"rendered":"<p>Na madrugada do dia 18 de maio,\u00a0<a href=\"https:\/\/www.bnews.com.br\/noticias\/policia\/mulher-e-morta-em-lauro-de-freitas-e-arma-e-encontrada-dentro-de-hospital.html\" target=\"_blank\" rel=\"noopener\">Maith\u00ea Menezes Ferreira de Freitas, de 37 anos<\/a>, chegou ao Hospital Menandro de Farias, em Lauro de Freitas, na Regi\u00e3o Metropolitana de Salvador (RMS), ap\u00f3s ser atacada com 17 facadas pelo seu namorado. Ela n\u00e3o resistiu e morreu na unidade de sa\u00fade.<\/p>\n<p>O crime aconteceu no centro da cidade, onde a mulher, que vivia em situa\u00e7\u00e3o de rua, costumava ser vista. No momento em que foi atacada pelo namorado, ela estava de costas e catando latinhas \u2014 a forma que tinha de sustentar o v\u00edcio das drogas, conforme informou um familiar dela ao\u00a0<strong>BNews.<\/strong><\/p>\n<p>O suposto autor do crime, de acordo com a fam\u00edlia da v\u00edtima, \u00e9 Alessandro Lopes da Silva, conhecido como o Galego. Em 2016, ele foi preso pela pol\u00edcia na Baixa do Soronha, em Itapu\u00e3, com maconha, coca\u00edna e crack embaladas para venda. \u00c0 \u00e9poca da pris\u00e3o, ele j\u00e1 tinha duas passagens pela pol\u00edcia, tamb\u00e9m por porte de drogas. O homem est\u00e1 foragido.<\/p>\n<p>Ainda de acordo com um familiar, Maith\u00ea veio de uma fam\u00edlia estruturada e foi educada em uma das escolas mais tradicionais da cidade. Ela deixou tr\u00eas filhos.<\/p>\n<p>\u201cEla era usu\u00e1ria e morava h\u00e1 muito tempo nas ruas, infelizmente. Fizemos de tudo para tir\u00e1-la dessa vida. Ela conheceu esse cara em Itapu\u00e3 e os dois foram para Lauro de Freitas. No vel\u00f3rio, alguns amigos disseram que ela estava revirando o lixo quando foi atingida nas costas e pesco\u00e7o\u201d, disse o parente.<\/p>\n<p>De acordo com a Pol\u00edcia Civil, o crime \u00e9 apurado pela 23\u00aa Delegacia Territoral de Lauro.<\/p>\n<p>&nbsp;<\/p>\n<p>&nbsp;<\/p>\n<p>&nbsp;<\/p>\n<p>Bnews<\/p>\n","protected":false},"excerpt":{"rendered":"<p>Na madrugada do dia 18 de maio,\u00a0Maith\u00ea Menezes Ferreira de Freitas, de 37 anos, chegou ao Hospital Menandro de Farias,<\/p>\n","protected":false},"author":2,"featured_media":549,"comment_status":"open","ping_status":"open","sticky":false,"template":"","format":"standard","meta":{"colormag_page_container_layout":"default_layout","colormag_page_sidebar_layout":"default_layout","_FSMCFIC_featured_image_caption":"","_FSMCFIC_featured_image_nocaption":"","_FSMCFIC_featured_image_hide":"","footnotes":""},"categories":[3,1],"tags":[],"class_list":["post-548","post","type-post","status-publish","format-standard","has-post-thumbnail","hentry","category-policia","category-ultimas"],"yoast_head":"<!-- This site is optimized with the Yoast SEO plugin v27.1.1 - https:\/\/yoast.com\/product\/yoast-seo-wordpress\/ -->\n<title>MULHER \u00c9 MORTA COM 17 FACADAS ENQUANTO REVIRAVA LIXO EM LAURO DE FREITAS - Brasil not\u00edcias<\/title>\n<meta name=\"robots\" content=\"index, follow, max-snippet:-1, max-image-preview:large, max-video-preview:-1\" \/>\n<link rel=\"canonical\" href=\"https:\/\/brasilnoticias.org\/site\/mulher-e-morta-com-17-facadas-enquanto-revirava-lixo-em-lauro-de-freitas\/\" \/>\n<meta property=\"og:locale\" content=\"pt_PT\" \/>\n<meta property=\"og:type\" content=\"article\" \/>\n<meta property=\"og:title\" content=\"MULHER \u00c9 MORTA COM 17 FACADAS ENQUANTO REVIRAVA LIXO EM LAURO DE FREITAS - Brasil not\u00edcias\" \/>\n<meta property=\"og:description\" content=\"Na madrugada do dia 18 de maio,\u00a0Maith\u00ea Menezes Ferreira de Freitas, de 37 anos, chegou ao Hospital Menandro de Farias,\" \/>\n<meta property=\"og:url\" content=\"https:\/\/brasilnoticias.org\/site\/mulher-e-morta-com-17-facadas-enquanto-revirava-lixo-em-lauro-de-freitas\/\" \/>\n<meta property=\"og:site_name\" content=\"Brasil not\u00edcias\" \/>\n<meta property=\"article:published_time\" content=\"2022-05-25T14:48:56+00:00\" \/>\n<meta property=\"og:image\" content=\"https:\/\/brasilnoticias.org\/site\/wp-content\/uploads\/2022\/05\/mulher-morta-facadas-lauro-freitas_widelg-1.jpg\" \/>\n\t<meta property=\"og:image:width\" content=\"800\" \/>\n\t<meta property=\"og:image:height\" content=\"450\" \/>\n\t<meta property=\"og:image:type\" content=\"image\/jpeg\" \/>\n<meta name=\"author\" content=\"Reda\u00e7\u00e3o\" \/>\n<meta name=\"twitter:card\" content=\"summary_large_image\" \/>\n<meta name=\"twitter:label1\" content=\"Escrito por\" \/>\n\t<meta name=\"twitter:data1\" content=\"Reda\u00e7\u00e3o\" \/>\n\t<meta name=\"twitter:label2\" content=\"Tempo estimado de leitura\" \/>\n\t<meta name=\"twitter:data2\" content=\"1 minuto\" \/>\n<script type=\"application\/ld+json\" class=\"yoast-schema-graph\">{\"@context\":\"https:\/\/schema.org\",\"@graph\":[{\"@type\":\"Article\",\"@id\":\"https:\/\/brasilnoticias.org\/site\/mulher-e-morta-com-17-facadas-enquanto-revirava-lixo-em-lauro-de-freitas\/#article\",\"isPartOf\":{\"@id\":\"https:\/\/brasilnoticias.org\/site\/mulher-e-morta-com-17-facadas-enquanto-revirava-lixo-em-lauro-de-freitas\/\"},\"author\":{\"name\":\"Reda\u00e7\u00e3o\",\"@id\":\"https:\/\/brasilnoticias.org\/site\/#\/schema\/person\/f609fa847b5314f1c8b983342f34c798\"},\"headline\":\"MULHER \u00c9 MORTA COM 17 FACADAS ENQUANTO REVIRAVA LIXO EM LAURO DE FREITAS\",\"datePublished\":\"2022-05-25T14:48:56+00:00\",\"mainEntityOfPage\":{\"@id\":\"https:\/\/brasilnoticias.org\/site\/mulher-e-morta-com-17-facadas-enquanto-revirava-lixo-em-lauro-de-freitas\/\"},\"wordCount\":285,\"commentCount\":0,\"publisher\":{\"@id\":\"https:\/\/brasilnoticias.org\/site\/#organization\"},\"image\":{\"@id\":\"https:\/\/brasilnoticias.org\/site\/mulher-e-morta-com-17-facadas-enquanto-revirava-lixo-em-lauro-de-freitas\/#primaryimage\"},\"thumbnailUrl\":\"https:\/\/brasilnoticias.org\/site\/wp-content\/uploads\/2022\/05\/mulher-morta-facadas-lauro-freitas_widelg-1.jpg\",\"articleSection\":[\"Pol\u00edcia\",\"\u00daltimas\"],\"inLanguage\":\"pt-PT\",\"potentialAction\":[{\"@type\":\"CommentAction\",\"name\":\"Comment\",\"target\":[\"https:\/\/brasilnoticias.org\/site\/mulher-e-morta-com-17-facadas-enquanto-revirava-lixo-em-lauro-de-freitas\/#respond\"]}]},{\"@type\":\"WebPage\",\"@id\":\"https:\/\/brasilnoticias.org\/site\/mulher-e-morta-com-17-facadas-enquanto-revirava-lixo-em-lauro-de-freitas\/\",\"url\":\"https:\/\/brasilnoticias.org\/site\/mulher-e-morta-com-17-facadas-enquanto-revirava-lixo-em-lauro-de-freitas\/\",\"name\":\"MULHER \u00c9 MORTA COM 17 FACADAS ENQUANTO REVIRAVA LIXO EM LAURO DE FREITAS - Brasil not\u00edcias\",\"isPartOf\":{\"@id\":\"https:\/\/brasilnoticias.org\/site\/#website\"},\"primaryImageOfPage\":{\"@id\":\"https:\/\/brasilnoticias.org\/site\/mulher-e-morta-com-17-facadas-enquanto-revirava-lixo-em-lauro-de-freitas\/#primaryimage\"},\"image\":{\"@id\":\"https:\/\/brasilnoticias.org\/site\/mulher-e-morta-com-17-facadas-enquanto-revirava-lixo-em-lauro-de-freitas\/#primaryimage\"},\"thumbnailUrl\":\"https:\/\/brasilnoticias.org\/site\/wp-content\/uploads\/2022\/05\/mulher-morta-facadas-lauro-freitas_widelg-1.jpg\",\"datePublished\":\"2022-05-25T14:48:56+00:00\",\"breadcrumb\":{\"@id\":\"https:\/\/brasilnoticias.org\/site\/mulher-e-morta-com-17-facadas-enquanto-revirava-lixo-em-lauro-de-freitas\/#breadcrumb\"},\"inLanguage\":\"pt-PT\",\"potentialAction\":[{\"@type\":\"ReadAction\",\"target\":[\"https:\/\/brasilnoticias.org\/site\/mulher-e-morta-com-17-facadas-enquanto-revirava-lixo-em-lauro-de-freitas\/\"]}]},{\"@type\":\"ImageObject\",\"inLanguage\":\"pt-PT\",\"@id\":\"https:\/\/brasilnoticias.org\/site\/mulher-e-morta-com-17-facadas-enquanto-revirava-lixo-em-lauro-de-freitas\/#primaryimage\",\"url\":\"https:\/\/brasilnoticias.org\/site\/wp-content\/uploads\/2022\/05\/mulher-morta-facadas-lauro-freitas_widelg-1.jpg\",\"contentUrl\":\"https:\/\/brasilnoticias.org\/site\/wp-content\/uploads\/2022\/05\/mulher-morta-facadas-lauro-freitas_widelg-1.jpg\",\"width\":800,\"height\":450},{\"@type\":\"BreadcrumbList\",\"@id\":\"https:\/\/brasilnoticias.org\/site\/mulher-e-morta-com-17-facadas-enquanto-revirava-lixo-em-lauro-de-freitas\/#breadcrumb\",\"itemListElement\":[{\"@type\":\"ListItem\",\"position\":1,\"name\":\"In\u00edcio\",\"item\":\"https:\/\/brasilnoticias.org\/site\/\"},{\"@type\":\"ListItem\",\"position\":2,\"name\":\"MULHER \u00c9 MORTA COM 17 FACADAS ENQUANTO REVIRAVA LIXO EM LAURO DE FREITAS\"}]},{\"@type\":\"WebSite\",\"@id\":\"https:\/\/brasilnoticias.org\/site\/#website\",\"url\":\"https:\/\/brasilnoticias.org\/site\/\",\"name\":\"Brasil not\u00edcias\",\"description\":\"Brasil not\u00edcias\",\"publisher\":{\"@id\":\"https:\/\/brasilnoticias.org\/site\/#organization\"},\"potentialAction\":[{\"@type\":\"SearchAction\",\"target\":{\"@type\":\"EntryPoint\",\"urlTemplate\":\"https:\/\/brasilnoticias.org\/site\/?s={search_term_string}\"},\"query-input\":{\"@type\":\"PropertyValueSpecification\",\"valueRequired\":true,\"valueName\":\"search_term_string\"}}],\"inLanguage\":\"pt-PT\"},{\"@type\":\"Organization\",\"@id\":\"https:\/\/brasilnoticias.org\/site\/#organization\",\"name\":\"Brasil not\u00edcias\",\"url\":\"https:\/\/brasilnoticias.org\/site\/\",\"logo\":{\"@type\":\"ImageObject\",\"inLanguage\":\"pt-PT\",\"@id\":\"https:\/\/brasilnoticias.org\/site\/#\/schema\/logo\/image\/\",\"url\":\"https:\/\/brasilnoticias.org\/site\/wp-content\/uploads\/2022\/05\/cropped-brasilnoticias-mini.jpg\",\"contentUrl\":\"https:\/\/brasilnoticias.org\/site\/wp-content\/uploads\/2022\/05\/cropped-brasilnoticias-mini.jpg\",\"width\":314,\"height\":86,\"caption\":\"Brasil not\u00edcias\"},\"image\":{\"@id\":\"https:\/\/brasilnoticias.org\/site\/#\/schema\/logo\/image\/\"}},{\"@type\":\"Person\",\"@id\":\"https:\/\/brasilnoticias.org\/site\/#\/schema\/person\/f609fa847b5314f1c8b983342f34c798\",\"name\":\"Reda\u00e7\u00e3o\",\"image\":{\"@type\":\"ImageObject\",\"inLanguage\":\"pt-PT\",\"@id\":\"https:\/\/brasilnoticias.org\/site\/#\/schema\/person\/image\/\",\"url\":\"https:\/\/secure.gravatar.com\/avatar\/447284c06c1ad8b46465a36de9cd0d8326b73387a22799b8b1ffb1fbcff2ed0c?s=96&d=mm&r=g\",\"contentUrl\":\"https:\/\/secure.gravatar.com\/avatar\/447284c06c1ad8b46465a36de9cd0d8326b73387a22799b8b1ffb1fbcff2ed0c?s=96&d=mm&r=g\",\"caption\":\"Reda\u00e7\u00e3o\"},\"url\":\"https:\/\/brasilnoticias.org\/site\/author\/redacao\/\"}]}<\/script>\n<!-- \/ Yoast SEO plugin. -->","yoast_head_json":{"title":"MULHER \u00c9 MORTA COM 17 FACADAS ENQUANTO REVIRAVA LIXO EM LAURO DE FREITAS - Brasil not\u00edcias","robots":{"index":"index","follow":"follow","max-snippet":"max-snippet:-1","max-image-preview":"max-image-preview:large","max-video-preview":"max-video-preview:-1"},"canonical":"https:\/\/brasilnoticias.org\/site\/mulher-e-morta-com-17-facadas-enquanto-revirava-lixo-em-lauro-de-freitas\/","og_locale":"pt_PT","og_type":"article","og_title":"MULHER \u00c9 MORTA COM 17 FACADAS ENQUANTO REVIRAVA LIXO EM LAURO DE FREITAS - Brasil not\u00edcias","og_description":"Na madrugada do dia 18 de maio,\u00a0Maith\u00ea Menezes Ferreira de Freitas, de 37 anos, chegou ao Hospital Menandro de Farias,","og_url":"https:\/\/brasilnoticias.org\/site\/mulher-e-morta-com-17-facadas-enquanto-revirava-lixo-em-lauro-de-freitas\/","og_site_name":"Brasil not\u00edcias","article_published_time":"2022-05-25T14:48:56+00:00","og_image":[{"width":800,"height":450,"url":"https:\/\/brasilnoticias.org\/site\/wp-content\/uploads\/2022\/05\/mulher-morta-facadas-lauro-freitas_widelg-1.jpg","type":"image\/jpeg"}],"author":"Reda\u00e7\u00e3o","twitter_card":"summary_large_image","twitter_misc":{"Escrito por":"Reda\u00e7\u00e3o","Tempo estimado de leitura":"1 minuto"},"schema":{"@context":"https:\/\/schema.org","@graph":[{"@type":"Article","@id":"https:\/\/brasilnoticias.org\/site\/mulher-e-morta-com-17-facadas-enquanto-revirava-lixo-em-lauro-de-freitas\/#article","isPartOf":{"@id":"https:\/\/brasilnoticias.org\/site\/mulher-e-morta-com-17-facadas-enquanto-revirava-lixo-em-lauro-de-freitas\/"},"author":{"name":"Reda\u00e7\u00e3o","@id":"https:\/\/brasilnoticias.org\/site\/#\/schema\/person\/f609fa847b5314f1c8b983342f34c798"},"headline":"MULHER \u00c9 MORTA COM 17 FACADAS ENQUANTO REVIRAVA LIXO EM LAURO DE FREITAS","datePublished":"2022-05-25T14:48:56+00:00","mainEntityOfPage":{"@id":"https:\/\/brasilnoticias.org\/site\/mulher-e-morta-com-17-facadas-enquanto-revirava-lixo-em-lauro-de-freitas\/"},"wordCount":285,"commentCount":0,"publisher":{"@id":"https:\/\/brasilnoticias.org\/site\/#organization"},"image":{"@id":"https:\/\/brasilnoticias.org\/site\/mulher-e-morta-com-17-facadas-enquanto-revirava-lixo-em-lauro-de-freitas\/#primaryimage"},"thumbnailUrl":"https:\/\/brasilnoticias.org\/site\/wp-content\/uploads\/2022\/05\/mulher-morta-facadas-lauro-freitas_widelg-1.jpg","articleSection":["Pol\u00edcia","\u00daltimas"],"inLanguage":"pt-PT","potentialAction":[{"@type":"CommentAction","name":"Comment","target":["https:\/\/brasilnoticias.org\/site\/mulher-e-morta-com-17-facadas-enquanto-revirava-lixo-em-lauro-de-freitas\/#respond"]}]},{"@type":"WebPage","@id":"https:\/\/brasilnoticias.org\/site\/mulher-e-morta-com-17-facadas-enquanto-revirava-lixo-em-lauro-de-freitas\/","url":"https:\/\/brasilnoticias.org\/site\/mulher-e-morta-com-17-facadas-enquanto-revirava-lixo-em-lauro-de-freitas\/","name":"MULHER \u00c9 MORTA COM 17 FACADAS ENQUANTO REVIRAVA LIXO EM LAURO DE FREITAS - Brasil not\u00edcias","isPartOf":{"@id":"https:\/\/brasilnoticias.org\/site\/#website"},"primaryImageOfPage":{"@id":"https:\/\/brasilnoticias.org\/site\/mulher-e-morta-com-17-facadas-enquanto-revirava-lixo-em-lauro-de-freitas\/#primaryimage"},"image":{"@id":"https:\/\/brasilnoticias.org\/site\/mulher-e-morta-com-17-facadas-enquanto-revirava-lixo-em-lauro-de-freitas\/#primaryimage"},"thumbnailUrl":"https:\/\/brasilnoticias.org\/site\/wp-content\/uploads\/2022\/05\/mulher-morta-facadas-lauro-freitas_widelg-1.jpg","datePublished":"2022-05-25T14:48:56+00:00","breadcrumb":{"@id":"https:\/\/brasilnoticias.org\/site\/mulher-e-morta-com-17-facadas-enquanto-revirava-lixo-em-lauro-de-freitas\/#breadcrumb"},"inLanguage":"pt-PT","potentialAction":[{"@type":"ReadAction","target":["https:\/\/brasilnoticias.org\/site\/mulher-e-morta-com-17-facadas-enquanto-revirava-lixo-em-lauro-de-freitas\/"]}]},{"@type":"ImageObject","inLanguage":"pt-PT","@id":"https:\/\/brasilnoticias.org\/site\/mulher-e-morta-com-17-facadas-enquanto-revirava-lixo-em-lauro-de-freitas\/#primaryimage","url":"https:\/\/brasilnoticias.org\/site\/wp-content\/uploads\/2022\/05\/mulher-morta-facadas-lauro-freitas_widelg-1.jpg","contentUrl":"https:\/\/brasilnoticias.org\/site\/wp-content\/uploads\/2022\/05\/mulher-morta-facadas-lauro-freitas_widelg-1.jpg","width":800,"height":450},{"@type":"BreadcrumbList","@id":"https:\/\/brasilnoticias.org\/site\/mulher-e-morta-com-17-facadas-enquanto-revirava-lixo-em-lauro-de-freitas\/#breadcrumb","itemListElement":[{"@type":"ListItem","position":1,"name":"In\u00edcio","item":"https:\/\/brasilnoticias.org\/site\/"},{"@type":"ListItem","position":2,"name":"MULHER \u00c9 MORTA COM 17 FACADAS ENQUANTO REVIRAVA LIXO EM LAURO DE FREITAS"}]},{"@type":"WebSite","@id":"https:\/\/brasilnoticias.org\/site\/#website","url":"https:\/\/brasilnoticias.org\/site\/","name":"Brasil not\u00edcias","description":"Brasil not\u00edcias","publisher":{"@id":"https:\/\/brasilnoticias.org\/site\/#organization"},"potentialAction":[{"@type":"SearchAction","target":{"@type":"EntryPoint","urlTemplate":"https:\/\/brasilnoticias.org\/site\/?s={search_term_string}"},"query-input":{"@type":"PropertyValueSpecification","valueRequired":true,"valueName":"search_term_string"}}],"inLanguage":"pt-PT"},{"@type":"Organization","@id":"https:\/\/brasilnoticias.org\/site\/#organization","name":"Brasil not\u00edcias","url":"https:\/\/brasilnoticias.org\/site\/","logo":{"@type":"ImageObject","inLanguage":"pt-PT","@id":"https:\/\/brasilnoticias.org\/site\/#\/schema\/logo\/image\/","url":"https:\/\/brasilnoticias.org\/site\/wp-content\/uploads\/2022\/05\/cropped-brasilnoticias-mini.jpg","contentUrl":"https:\/\/brasilnoticias.org\/site\/wp-content\/uploads\/2022\/05\/cropped-brasilnoticias-mini.jpg","width":314,"height":86,"caption":"Brasil not\u00edcias"},"image":{"@id":"https:\/\/brasilnoticias.org\/site\/#\/schema\/logo\/image\/"}},{"@type":"Person","@id":"https:\/\/brasilnoticias.org\/site\/#\/schema\/person\/f609fa847b5314f1c8b983342f34c798","name":"Reda\u00e7\u00e3o","image":{"@type":"ImageObject","inLanguage":"pt-PT","@id":"https:\/\/brasilnoticias.org\/site\/#\/schema\/person\/image\/","url":"https:\/\/secure.gravatar.com\/avatar\/447284c06c1ad8b46465a36de9cd0d8326b73387a22799b8b1ffb1fbcff2ed0c?s=96&d=mm&r=g","contentUrl":"https:\/\/secure.gravatar.com\/avatar\/447284c06c1ad8b46465a36de9cd0d8326b73387a22799b8b1ffb1fbcff2ed0c?s=96&d=mm&r=g","caption":"Reda\u00e7\u00e3o"},"url":"https:\/\/brasilnoticias.org\/site\/author\/redacao\/"}]}},"_links":{"self":[{"href":"https:\/\/brasilnoticias.org\/site\/wp-json\/wp\/v2\/posts\/548","targetHints":{"allow":["GET"]}}],"collection":[{"href":"https:\/\/brasilnoticias.org\/site\/wp-json\/wp\/v2\/posts"}],"about":[{"href":"https:\/\/brasilnoticias.org\/site\/wp-json\/wp\/v2\/types\/post"}],"author":[{"embeddable":true,"href":"https:\/\/brasilnoticias.org\/site\/wp-json\/wp\/v2\/users\/2"}],"replies":[{"embeddable":true,"href":"https:\/\/brasilnoticias.org\/site\/wp-json\/wp\/v2\/comments?post=548"}],"version-history":[{"count":1,"href":"https:\/\/brasilnoticias.org\/site\/wp-json\/wp\/v2\/posts\/548\/revisions"}],"predecessor-version":[{"id":550,"href":"https:\/\/brasilnoticias.org\/site\/wp-json\/wp\/v2\/posts\/548\/revisions\/550"}],"wp:featuredmedia":[{"embeddable":true,"href":"https:\/\/brasilnoticias.org\/site\/wp-json\/wp\/v2\/media\/549"}],"wp:attachment":[{"href":"https:\/\/brasilnoticias.org\/site\/wp-json\/wp\/v2\/media?parent=548"}],"wp:term":[{"taxonomy":"category","embeddable":true,"href":"https:\/\/brasilnoticias.org\/site\/wp-json\/wp\/v2\/categories?post=548"},{"taxonomy":"post_tag","embeddable":true,"href":"https:\/\/brasilnoticias.org\/site\/wp-json\/wp\/v2\/tags?post=548"}],"curies":[{"name":"wp","href":"https:\/\/api.w.org\/{rel}","templated":true}]}}