{"id":5492,"date":"2023-04-17T18:20:33","date_gmt":"2023-04-17T21:20:33","guid":{"rendered":"https:\/\/brasilnoticias.org\/site\/?p=5492"},"modified":"2023-04-17T07:24:07","modified_gmt":"2023-04-17T10:24:07","slug":"pai-de-baiana-que-morreu-apos-cair-de-predio-na-argentina-nega-ter-recebido-carta-de-suspeito-vi-informacao-pela-internet","status":"publish","type":"post","link":"https:\/\/brasilnoticias.org\/site\/pai-de-baiana-que-morreu-apos-cair-de-predio-na-argentina-nega-ter-recebido-carta-de-suspeito-vi-informacao-pela-internet\/","title":{"rendered":"Pai de baiana que morreu ap\u00f3s cair de pr\u00e9dio na Argentina nega ter recebido carta de suspeito: &#8216;vi informa\u00e7\u00e3o pela internet&#8217;"},"content":{"rendered":"<p>O pai da baiana Emmily Rodrigues, que morreu ap\u00f3s cair do sexto andar de um pr\u00e9dio na Argentina, desmentiu a informa\u00e7\u00e3o de que a fam\u00edlia recebeu uma carta escrita pelo suspeito da morte da jovem, o empres\u00e1rio Francisco S\u00e1enz Valiente.<\/p>\n<p>&#8220;Vi a informa\u00e7\u00e3o sobre essa carta pela Internet, a fam\u00edlia nunca recebeu carta nenhuma. Isso s\u00f3 nos traz ainda mais sofrimento&#8221;, afirmou Aristides Rodrigues.<br \/>\nNo material, que est\u00e1 sendo divulgado por sites argentinos, o suspeito diz que a morte de Emmily foi acidental e que tentou salv\u00e1-la. Segundo Aristides, a informa\u00e7\u00e3o tem como objetivo criar uma boa imagem do suspeito, que est\u00e1 preso por suspeita de feminic\u00eddio desde 30 de mar\u00e7o &#8211; dia em que a v\u00edtima foi encontrada morta no t\u00e9rreo do pr\u00e9dio onde o empres\u00e1rio vive, em Buenos Aires.<\/p>\n<p>Sites argentinos tamb\u00e9m afirmam que a aut\u00f3psia da jovem concluiu que ela consumiu uma droga conhecida como &#8220;coca\u00edna rosa&#8221; no dia da queda. O g1 entrou em contato com o advogado da fam\u00edlia de Emmily, Ignacio Trimarco, que negou a informa\u00e7\u00e3o. Segundo ele, os resultados dos exames toxicol\u00f3gicos e de alguns \u00f3rg\u00e3os ainda n\u00e3o foram conclu\u00eddos.<\/p>\n<p>Em depoimento \u00e0 pol\u00edcia, o empres\u00e1rio disse que Emmily teve um surto psic\u00f3tico e se jogou da janela. Na ocasi\u00e3o, ele ligou para o servi\u00e7o de emerg\u00eancia da Argentina, deu o seu endere\u00e7o e pediu que um policial fosse at\u00e9 o apartamento. Na liga\u00e7\u00e3o, \u00e9 poss\u00edvel ouvir gritos de socorro de Emmily.<\/p>\n<p>O pai da jovem n\u00e3o acredita na vers\u00e3o de suic\u00eddio defendida pelo suspeito, assim como as amigas que conviveram com ela na Argentina. Segundo o pai, no corpo da filha foram encontradas marcas de agress\u00f5es que precedem a queda.<\/p>\n<p>Pedidos de socorro<\/p>\n<p>Ao g1, o pai da v\u00edtima tamb\u00e9m contou que pelo menos uma pessoa que estava no edif\u00edcio da frente viu a baiana pedir ajuda. Segundo ele, Emmily teria acenado na janela frontal do apartamento para chamar a aten\u00e7\u00e3o dos vizinhos. Momentos depois, ela caiu da janela localizada nos fundos do apartamento.<\/p>\n<p>&#8220;H\u00e1 registro que vizinho da frente do pr\u00e9dio a viu se segurando e acenando na janela da frente do pr\u00e9dio. Depois, apareceu um homem que a puxou para dentro do apartamento. Ele provavelmente fez isto para impedir que pessoas a vissem&#8221;, contou.<br \/>\nO suposto vizinho do pr\u00e9dio da frente n\u00e3o foi o \u00fanico que teria percebido algo estranho no apartamento: pessoas que moram no edif\u00edcio do empres\u00e1rio tamb\u00e9m pediram ajuda para \u00e0 pol\u00edcia. Em uma das liga\u00e7\u00f5es, um homem avisa ao servi\u00e7o de emerg\u00eancia que a jovem est\u00e1 gritando muito e pedindo ajuda; em outra, uma mulher diz que a v\u00edtima havia ca\u00eddo da janela.<\/p>\n<p>As investiga\u00e7\u00f5es seguem em andamento na Argentina e, at\u00e9 a noite deste domingo (16), o corpo da brasileira ainda n\u00e3o foi liberado pela pol\u00edcia. O desejo da fam\u00edlia \u00e9 que Emmily seja sepultada no Brasil.<\/p>\n<p>Relembre caso:<br \/>\nNa noite do dia 29 de abril, a brasileira Juliana Magalh\u00e3es Mour\u00e3o, de 37 anos, levou Emmily a um jantar com Francisco e outros amigos em Buenos Aires;<br \/>\nDepois do jantar, Emmily, Juliana, Francisco e uma terceira mulher foram para o apartamento do empres\u00e1rio, em uma \u00e1rea nobre da cidade;<br \/>\nEm 30 de abril, um morador do pr\u00e9dio ligou para a pol\u00edcia informando a presen\u00e7a de um corpo nu no andar t\u00e9rreo;<br \/>\nO empres\u00e1rio dono do apartamento, Francisco S\u00e1enz Valiente, e Juliana Mour\u00e3o foram presos pela pol\u00edcia;<br \/>\nJuliana foi solta momentos depois, mas segue sendo investigada;<br \/>\nEm depoimento \u00e0 pol\u00edcia, Francisco S\u00e1enz Valiente disse que a brasileira se jogou da janela;<br \/>\nNo dia 3 abril, o advogado da fam\u00edlia de Emmily informou que o caso \u00e9 tratado como feminic\u00eddio na Argentina;<br \/>\nEm 4 de abril, Aristides Rodrigues, pai de Emmily, deu entrevista \u00e0 TV Bahia. Ele contestou a vers\u00e3o de suic\u00eddio e disse que o empres\u00e1rio e Juliana apresentavam marcas de arranh\u00f5es;<br \/>\nEm entrevista ao g1, amigas de Emmily relataram tentativa de difama\u00e7\u00e3o contra a brasileira no pa\u00eds. Elas tamb\u00e9m n\u00e3o acreditam na vers\u00e3o de suic\u00eddio ou surto psic\u00f3tico, que foram apresentadas pelo empres\u00e1rio. Segundo elas, Emmily n\u00e3o usava drogas e bebia pouco;<br \/>\nNo dia 6 de abril, um \u00e1udio que faz parte dos anexos da investiga\u00e7\u00e3o foi divulgado pela fam\u00edlia de Emmily. A baiana aparece gritando por socorro ao fundo de uma liga\u00e7\u00e3o feita por Francisco S\u00e1enz ao servi\u00e7o de emerg\u00eancia da cidade;<br \/>\nEm 16 de abril, o pai de Emmily desmentiu a informa\u00e7\u00e3o de que a fam\u00edlia teria recebido carta manuscrita do suspeito. Caso segue sendo investigado pela pol\u00edcia.<\/p>\n<p>Foto: Redes sociais<\/p>\n","protected":false},"excerpt":{"rendered":"<p>O pai da baiana Emmily Rodrigues, que morreu ap\u00f3s cair do sexto andar de um pr\u00e9dio na Argentina, desmentiu a<\/p>\n","protected":false},"author":1,"featured_media":5493,"comment_status":"open","ping_status":"open","sticky":false,"template":"","format":"standard","meta":{"colormag_page_container_layout":"default_layout","colormag_page_sidebar_layout":"default_layout","_FSMCFIC_featured_image_caption":"","_FSMCFIC_featured_image_nocaption":"","_FSMCFIC_featured_image_hide":"","footnotes":""},"categories":[6,1],"tags":[],"class_list":["post-5492","post","type-post","status-publish","format-standard","has-post-thumbnail","hentry","category-mundo","category-ultimas"],"yoast_head":"<!-- This site is optimized with the Yoast SEO plugin v27.1.1 - https:\/\/yoast.com\/product\/yoast-seo-wordpress\/ -->\n<title>Pai de baiana que morreu ap\u00f3s cair de pr\u00e9dio na Argentina nega ter recebido carta de suspeito: &#039;vi informa\u00e7\u00e3o pela internet&#039; - Brasil not\u00edcias<\/title>\n<meta name=\"robots\" content=\"index, follow, max-snippet:-1, max-image-preview:large, max-video-preview:-1\" \/>\n<link rel=\"canonical\" href=\"https:\/\/brasilnoticias.org\/site\/pai-de-baiana-que-morreu-apos-cair-de-predio-na-argentina-nega-ter-recebido-carta-de-suspeito-vi-informacao-pela-internet\/\" \/>\n<meta property=\"og:locale\" content=\"pt_PT\" \/>\n<meta property=\"og:type\" content=\"article\" \/>\n<meta property=\"og:title\" content=\"Pai de baiana que morreu ap\u00f3s cair de pr\u00e9dio na Argentina nega ter recebido carta de suspeito: &#039;vi informa\u00e7\u00e3o pela internet&#039; - Brasil not\u00edcias\" \/>\n<meta property=\"og:description\" content=\"O pai da baiana Emmily Rodrigues, que morreu ap\u00f3s cair do sexto andar de um pr\u00e9dio na Argentina, desmentiu a\" \/>\n<meta property=\"og:url\" content=\"https:\/\/brasilnoticias.org\/site\/pai-de-baiana-que-morreu-apos-cair-de-predio-na-argentina-nega-ter-recebido-carta-de-suspeito-vi-informacao-pela-internet\/\" \/>\n<meta property=\"og:site_name\" content=\"Brasil not\u00edcias\" \/>\n<meta property=\"article:published_time\" content=\"2023-04-17T21:20:33+00:00\" \/>\n<meta property=\"og:image\" content=\"https:\/\/brasilnoticias.org\/site\/wp-content\/uploads\/2023\/04\/Capturar-1.jpg\" \/>\n\t<meta property=\"og:image:width\" content=\"543\" \/>\n\t<meta property=\"og:image:height\" content=\"425\" \/>\n\t<meta property=\"og:image:type\" content=\"image\/jpeg\" \/>\n<meta name=\"author\" content=\"Reda\u00e7\u00e3o\" \/>\n<meta name=\"twitter:card\" content=\"summary_large_image\" \/>\n<meta name=\"twitter:label1\" content=\"Escrito por\" \/>\n\t<meta name=\"twitter:data1\" content=\"Reda\u00e7\u00e3o\" \/>\n<script type=\"application\/ld+json\" class=\"yoast-schema-graph\">{\"@context\":\"https:\/\/schema.org\",\"@graph\":[{\"@type\":\"Article\",\"@id\":\"https:\/\/brasilnoticias.org\/site\/pai-de-baiana-que-morreu-apos-cair-de-predio-na-argentina-nega-ter-recebido-carta-de-suspeito-vi-informacao-pela-internet\/#article\",\"isPartOf\":{\"@id\":\"https:\/\/brasilnoticias.org\/site\/pai-de-baiana-que-morreu-apos-cair-de-predio-na-argentina-nega-ter-recebido-carta-de-suspeito-vi-informacao-pela-internet\/\"},\"author\":{\"name\":\"Reda\u00e7\u00e3o\",\"@id\":\"https:\/\/brasilnoticias.org\/site\/#\/schema\/person\/a0e05b973ec4d15c658d51911e53507b\"},\"headline\":\"Pai de baiana que morreu ap\u00f3s cair de pr\u00e9dio na Argentina nega ter recebido carta de suspeito: &#8216;vi informa\u00e7\u00e3o pela internet&#8217;\",\"datePublished\":\"2023-04-17T21:20:33+00:00\",\"mainEntityOfPage\":{\"@id\":\"https:\/\/brasilnoticias.org\/site\/pai-de-baiana-que-morreu-apos-cair-de-predio-na-argentina-nega-ter-recebido-carta-de-suspeito-vi-informacao-pela-internet\/\"},\"wordCount\":852,\"commentCount\":0,\"publisher\":{\"@id\":\"https:\/\/brasilnoticias.org\/site\/#organization\"},\"image\":{\"@id\":\"https:\/\/brasilnoticias.org\/site\/pai-de-baiana-que-morreu-apos-cair-de-predio-na-argentina-nega-ter-recebido-carta-de-suspeito-vi-informacao-pela-internet\/#primaryimage\"},\"thumbnailUrl\":\"https:\/\/brasilnoticias.org\/site\/wp-content\/uploads\/2023\/04\/Capturar-1.jpg\",\"articleSection\":[\"Mundo\",\"\u00daltimas\"],\"inLanguage\":\"pt-PT\",\"potentialAction\":[{\"@type\":\"CommentAction\",\"name\":\"Comment\",\"target\":[\"https:\/\/brasilnoticias.org\/site\/pai-de-baiana-que-morreu-apos-cair-de-predio-na-argentina-nega-ter-recebido-carta-de-suspeito-vi-informacao-pela-internet\/#respond\"]}]},{\"@type\":\"WebPage\",\"@id\":\"https:\/\/brasilnoticias.org\/site\/pai-de-baiana-que-morreu-apos-cair-de-predio-na-argentina-nega-ter-recebido-carta-de-suspeito-vi-informacao-pela-internet\/\",\"url\":\"https:\/\/brasilnoticias.org\/site\/pai-de-baiana-que-morreu-apos-cair-de-predio-na-argentina-nega-ter-recebido-carta-de-suspeito-vi-informacao-pela-internet\/\",\"name\":\"Pai de baiana que morreu ap\u00f3s cair de pr\u00e9dio na Argentina nega ter recebido carta de suspeito: 'vi informa\u00e7\u00e3o pela internet' - Brasil not\u00edcias\",\"isPartOf\":{\"@id\":\"https:\/\/brasilnoticias.org\/site\/#website\"},\"primaryImageOfPage\":{\"@id\":\"https:\/\/brasilnoticias.org\/site\/pai-de-baiana-que-morreu-apos-cair-de-predio-na-argentina-nega-ter-recebido-carta-de-suspeito-vi-informacao-pela-internet\/#primaryimage\"},\"image\":{\"@id\":\"https:\/\/brasilnoticias.org\/site\/pai-de-baiana-que-morreu-apos-cair-de-predio-na-argentina-nega-ter-recebido-carta-de-suspeito-vi-informacao-pela-internet\/#primaryimage\"},\"thumbnailUrl\":\"https:\/\/brasilnoticias.org\/site\/wp-content\/uploads\/2023\/04\/Capturar-1.jpg\",\"datePublished\":\"2023-04-17T21:20:33+00:00\",\"breadcrumb\":{\"@id\":\"https:\/\/brasilnoticias.org\/site\/pai-de-baiana-que-morreu-apos-cair-de-predio-na-argentina-nega-ter-recebido-carta-de-suspeito-vi-informacao-pela-internet\/#breadcrumb\"},\"inLanguage\":\"pt-PT\",\"potentialAction\":[{\"@type\":\"ReadAction\",\"target\":[\"https:\/\/brasilnoticias.org\/site\/pai-de-baiana-que-morreu-apos-cair-de-predio-na-argentina-nega-ter-recebido-carta-de-suspeito-vi-informacao-pela-internet\/\"]}]},{\"@type\":\"ImageObject\",\"inLanguage\":\"pt-PT\",\"@id\":\"https:\/\/brasilnoticias.org\/site\/pai-de-baiana-que-morreu-apos-cair-de-predio-na-argentina-nega-ter-recebido-carta-de-suspeito-vi-informacao-pela-internet\/#primaryimage\",\"url\":\"https:\/\/brasilnoticias.org\/site\/wp-content\/uploads\/2023\/04\/Capturar-1.jpg\",\"contentUrl\":\"https:\/\/brasilnoticias.org\/site\/wp-content\/uploads\/2023\/04\/Capturar-1.jpg\",\"width\":543,\"height\":425},{\"@type\":\"BreadcrumbList\",\"@id\":\"https:\/\/brasilnoticias.org\/site\/pai-de-baiana-que-morreu-apos-cair-de-predio-na-argentina-nega-ter-recebido-carta-de-suspeito-vi-informacao-pela-internet\/#breadcrumb\",\"itemListElement\":[{\"@type\":\"ListItem\",\"position\":1,\"name\":\"In\u00edcio\",\"item\":\"https:\/\/brasilnoticias.org\/site\/\"},{\"@type\":\"ListItem\",\"position\":2,\"name\":\"Pai de baiana que morreu ap\u00f3s cair de pr\u00e9dio na Argentina nega ter recebido carta de suspeito: &#8216;vi informa\u00e7\u00e3o pela internet&#8217;\"}]},{\"@type\":\"WebSite\",\"@id\":\"https:\/\/brasilnoticias.org\/site\/#website\",\"url\":\"https:\/\/brasilnoticias.org\/site\/\",\"name\":\"Brasil not\u00edcias\",\"description\":\"Brasil not\u00edcias\",\"publisher\":{\"@id\":\"https:\/\/brasilnoticias.org\/site\/#organization\"},\"potentialAction\":[{\"@type\":\"SearchAction\",\"target\":{\"@type\":\"EntryPoint\",\"urlTemplate\":\"https:\/\/brasilnoticias.org\/site\/?s={search_term_string}\"},\"query-input\":{\"@type\":\"PropertyValueSpecification\",\"valueRequired\":true,\"valueName\":\"search_term_string\"}}],\"inLanguage\":\"pt-PT\"},{\"@type\":\"Organization\",\"@id\":\"https:\/\/brasilnoticias.org\/site\/#organization\",\"name\":\"Brasil not\u00edcias\",\"url\":\"https:\/\/brasilnoticias.org\/site\/\",\"logo\":{\"@type\":\"ImageObject\",\"inLanguage\":\"pt-PT\",\"@id\":\"https:\/\/brasilnoticias.org\/site\/#\/schema\/logo\/image\/\",\"url\":\"https:\/\/brasilnoticias.org\/site\/wp-content\/uploads\/2022\/05\/cropped-brasilnoticias-mini.jpg\",\"contentUrl\":\"https:\/\/brasilnoticias.org\/site\/wp-content\/uploads\/2022\/05\/cropped-brasilnoticias-mini.jpg\",\"width\":314,\"height\":86,\"caption\":\"Brasil not\u00edcias\"},\"image\":{\"@id\":\"https:\/\/brasilnoticias.org\/site\/#\/schema\/logo\/image\/\"}},{\"@type\":\"Person\",\"@id\":\"https:\/\/brasilnoticias.org\/site\/#\/schema\/person\/a0e05b973ec4d15c658d51911e53507b\",\"name\":\"Reda\u00e7\u00e3o\",\"image\":{\"@type\":\"ImageObject\",\"inLanguage\":\"pt-PT\",\"@id\":\"https:\/\/brasilnoticias.org\/site\/#\/schema\/person\/image\/\",\"url\":\"https:\/\/secure.gravatar.com\/avatar\/75d8b050df2de108b08ae78dfb8e374892df24a383c67db9c46a9c604f6aee9c?s=96&d=mm&r=g\",\"contentUrl\":\"https:\/\/secure.gravatar.com\/avatar\/75d8b050df2de108b08ae78dfb8e374892df24a383c67db9c46a9c604f6aee9c?s=96&d=mm&r=g\",\"caption\":\"Reda\u00e7\u00e3o\"},\"sameAs\":[\"https:\/\/brasilnoticias.org\/site\"],\"url\":\"https:\/\/brasilnoticias.org\/site\/author\/fernandozsngmail-com\/\"}]}<\/script>\n<!-- \/ Yoast SEO plugin. -->","yoast_head_json":{"title":"Pai de baiana que morreu ap\u00f3s cair de pr\u00e9dio na Argentina nega ter recebido carta de suspeito: 'vi informa\u00e7\u00e3o pela internet' - Brasil not\u00edcias","robots":{"index":"index","follow":"follow","max-snippet":"max-snippet:-1","max-image-preview":"max-image-preview:large","max-video-preview":"max-video-preview:-1"},"canonical":"https:\/\/brasilnoticias.org\/site\/pai-de-baiana-que-morreu-apos-cair-de-predio-na-argentina-nega-ter-recebido-carta-de-suspeito-vi-informacao-pela-internet\/","og_locale":"pt_PT","og_type":"article","og_title":"Pai de baiana que morreu ap\u00f3s cair de pr\u00e9dio na Argentina nega ter recebido carta de suspeito: 'vi informa\u00e7\u00e3o pela internet' - Brasil not\u00edcias","og_description":"O pai da baiana Emmily Rodrigues, que morreu ap\u00f3s cair do sexto andar de um pr\u00e9dio na Argentina, desmentiu a","og_url":"https:\/\/brasilnoticias.org\/site\/pai-de-baiana-que-morreu-apos-cair-de-predio-na-argentina-nega-ter-recebido-carta-de-suspeito-vi-informacao-pela-internet\/","og_site_name":"Brasil not\u00edcias","article_published_time":"2023-04-17T21:20:33+00:00","og_image":[{"width":543,"height":425,"url":"https:\/\/brasilnoticias.org\/site\/wp-content\/uploads\/2023\/04\/Capturar-1.jpg","type":"image\/jpeg"}],"author":"Reda\u00e7\u00e3o","twitter_card":"summary_large_image","twitter_misc":{"Escrito por":"Reda\u00e7\u00e3o"},"schema":{"@context":"https:\/\/schema.org","@graph":[{"@type":"Article","@id":"https:\/\/brasilnoticias.org\/site\/pai-de-baiana-que-morreu-apos-cair-de-predio-na-argentina-nega-ter-recebido-carta-de-suspeito-vi-informacao-pela-internet\/#article","isPartOf":{"@id":"https:\/\/brasilnoticias.org\/site\/pai-de-baiana-que-morreu-apos-cair-de-predio-na-argentina-nega-ter-recebido-carta-de-suspeito-vi-informacao-pela-internet\/"},"author":{"name":"Reda\u00e7\u00e3o","@id":"https:\/\/brasilnoticias.org\/site\/#\/schema\/person\/a0e05b973ec4d15c658d51911e53507b"},"headline":"Pai de baiana que morreu ap\u00f3s cair de pr\u00e9dio na Argentina nega ter recebido carta de suspeito: &#8216;vi informa\u00e7\u00e3o pela internet&#8217;","datePublished":"2023-04-17T21:20:33+00:00","mainEntityOfPage":{"@id":"https:\/\/brasilnoticias.org\/site\/pai-de-baiana-que-morreu-apos-cair-de-predio-na-argentina-nega-ter-recebido-carta-de-suspeito-vi-informacao-pela-internet\/"},"wordCount":852,"commentCount":0,"publisher":{"@id":"https:\/\/brasilnoticias.org\/site\/#organization"},"image":{"@id":"https:\/\/brasilnoticias.org\/site\/pai-de-baiana-que-morreu-apos-cair-de-predio-na-argentina-nega-ter-recebido-carta-de-suspeito-vi-informacao-pela-internet\/#primaryimage"},"thumbnailUrl":"https:\/\/brasilnoticias.org\/site\/wp-content\/uploads\/2023\/04\/Capturar-1.jpg","articleSection":["Mundo","\u00daltimas"],"inLanguage":"pt-PT","potentialAction":[{"@type":"CommentAction","name":"Comment","target":["https:\/\/brasilnoticias.org\/site\/pai-de-baiana-que-morreu-apos-cair-de-predio-na-argentina-nega-ter-recebido-carta-de-suspeito-vi-informacao-pela-internet\/#respond"]}]},{"@type":"WebPage","@id":"https:\/\/brasilnoticias.org\/site\/pai-de-baiana-que-morreu-apos-cair-de-predio-na-argentina-nega-ter-recebido-carta-de-suspeito-vi-informacao-pela-internet\/","url":"https:\/\/brasilnoticias.org\/site\/pai-de-baiana-que-morreu-apos-cair-de-predio-na-argentina-nega-ter-recebido-carta-de-suspeito-vi-informacao-pela-internet\/","name":"Pai de baiana que morreu ap\u00f3s cair de pr\u00e9dio na Argentina nega ter recebido carta de suspeito: 'vi informa\u00e7\u00e3o pela internet' - Brasil not\u00edcias","isPartOf":{"@id":"https:\/\/brasilnoticias.org\/site\/#website"},"primaryImageOfPage":{"@id":"https:\/\/brasilnoticias.org\/site\/pai-de-baiana-que-morreu-apos-cair-de-predio-na-argentina-nega-ter-recebido-carta-de-suspeito-vi-informacao-pela-internet\/#primaryimage"},"image":{"@id":"https:\/\/brasilnoticias.org\/site\/pai-de-baiana-que-morreu-apos-cair-de-predio-na-argentina-nega-ter-recebido-carta-de-suspeito-vi-informacao-pela-internet\/#primaryimage"},"thumbnailUrl":"https:\/\/brasilnoticias.org\/site\/wp-content\/uploads\/2023\/04\/Capturar-1.jpg","datePublished":"2023-04-17T21:20:33+00:00","breadcrumb":{"@id":"https:\/\/brasilnoticias.org\/site\/pai-de-baiana-que-morreu-apos-cair-de-predio-na-argentina-nega-ter-recebido-carta-de-suspeito-vi-informacao-pela-internet\/#breadcrumb"},"inLanguage":"pt-PT","potentialAction":[{"@type":"ReadAction","target":["https:\/\/brasilnoticias.org\/site\/pai-de-baiana-que-morreu-apos-cair-de-predio-na-argentina-nega-ter-recebido-carta-de-suspeito-vi-informacao-pela-internet\/"]}]},{"@type":"ImageObject","inLanguage":"pt-PT","@id":"https:\/\/brasilnoticias.org\/site\/pai-de-baiana-que-morreu-apos-cair-de-predio-na-argentina-nega-ter-recebido-carta-de-suspeito-vi-informacao-pela-internet\/#primaryimage","url":"https:\/\/brasilnoticias.org\/site\/wp-content\/uploads\/2023\/04\/Capturar-1.jpg","contentUrl":"https:\/\/brasilnoticias.org\/site\/wp-content\/uploads\/2023\/04\/Capturar-1.jpg","width":543,"height":425},{"@type":"BreadcrumbList","@id":"https:\/\/brasilnoticias.org\/site\/pai-de-baiana-que-morreu-apos-cair-de-predio-na-argentina-nega-ter-recebido-carta-de-suspeito-vi-informacao-pela-internet\/#breadcrumb","itemListElement":[{"@type":"ListItem","position":1,"name":"In\u00edcio","item":"https:\/\/brasilnoticias.org\/site\/"},{"@type":"ListItem","position":2,"name":"Pai de baiana que morreu ap\u00f3s cair de pr\u00e9dio na Argentina nega ter recebido carta de suspeito: &#8216;vi informa\u00e7\u00e3o pela internet&#8217;"}]},{"@type":"WebSite","@id":"https:\/\/brasilnoticias.org\/site\/#website","url":"https:\/\/brasilnoticias.org\/site\/","name":"Brasil not\u00edcias","description":"Brasil not\u00edcias","publisher":{"@id":"https:\/\/brasilnoticias.org\/site\/#organization"},"potentialAction":[{"@type":"SearchAction","target":{"@type":"EntryPoint","urlTemplate":"https:\/\/brasilnoticias.org\/site\/?s={search_term_string}"},"query-input":{"@type":"PropertyValueSpecification","valueRequired":true,"valueName":"search_term_string"}}],"inLanguage":"pt-PT"},{"@type":"Organization","@id":"https:\/\/brasilnoticias.org\/site\/#organization","name":"Brasil not\u00edcias","url":"https:\/\/brasilnoticias.org\/site\/","logo":{"@type":"ImageObject","inLanguage":"pt-PT","@id":"https:\/\/brasilnoticias.org\/site\/#\/schema\/logo\/image\/","url":"https:\/\/brasilnoticias.org\/site\/wp-content\/uploads\/2022\/05\/cropped-brasilnoticias-mini.jpg","contentUrl":"https:\/\/brasilnoticias.org\/site\/wp-content\/uploads\/2022\/05\/cropped-brasilnoticias-mini.jpg","width":314,"height":86,"caption":"Brasil not\u00edcias"},"image":{"@id":"https:\/\/brasilnoticias.org\/site\/#\/schema\/logo\/image\/"}},{"@type":"Person","@id":"https:\/\/brasilnoticias.org\/site\/#\/schema\/person\/a0e05b973ec4d15c658d51911e53507b","name":"Reda\u00e7\u00e3o","image":{"@type":"ImageObject","inLanguage":"pt-PT","@id":"https:\/\/brasilnoticias.org\/site\/#\/schema\/person\/image\/","url":"https:\/\/secure.gravatar.com\/avatar\/75d8b050df2de108b08ae78dfb8e374892df24a383c67db9c46a9c604f6aee9c?s=96&d=mm&r=g","contentUrl":"https:\/\/secure.gravatar.com\/avatar\/75d8b050df2de108b08ae78dfb8e374892df24a383c67db9c46a9c604f6aee9c?s=96&d=mm&r=g","caption":"Reda\u00e7\u00e3o"},"sameAs":["https:\/\/brasilnoticias.org\/site"],"url":"https:\/\/brasilnoticias.org\/site\/author\/fernandozsngmail-com\/"}]}},"_links":{"self":[{"href":"https:\/\/brasilnoticias.org\/site\/wp-json\/wp\/v2\/posts\/5492","targetHints":{"allow":["GET"]}}],"collection":[{"href":"https:\/\/brasilnoticias.org\/site\/wp-json\/wp\/v2\/posts"}],"about":[{"href":"https:\/\/brasilnoticias.org\/site\/wp-json\/wp\/v2\/types\/post"}],"author":[{"embeddable":true,"href":"https:\/\/brasilnoticias.org\/site\/wp-json\/wp\/v2\/users\/1"}],"replies":[{"embeddable":true,"href":"https:\/\/brasilnoticias.org\/site\/wp-json\/wp\/v2\/comments?post=5492"}],"version-history":[{"count":1,"href":"https:\/\/brasilnoticias.org\/site\/wp-json\/wp\/v2\/posts\/5492\/revisions"}],"predecessor-version":[{"id":5494,"href":"https:\/\/brasilnoticias.org\/site\/wp-json\/wp\/v2\/posts\/5492\/revisions\/5494"}],"wp:featuredmedia":[{"embeddable":true,"href":"https:\/\/brasilnoticias.org\/site\/wp-json\/wp\/v2\/media\/5493"}],"wp:attachment":[{"href":"https:\/\/brasilnoticias.org\/site\/wp-json\/wp\/v2\/media?parent=5492"}],"wp:term":[{"taxonomy":"category","embeddable":true,"href":"https:\/\/brasilnoticias.org\/site\/wp-json\/wp\/v2\/categories?post=5492"},{"taxonomy":"post_tag","embeddable":true,"href":"https:\/\/brasilnoticias.org\/site\/wp-json\/wp\/v2\/tags?post=5492"}],"curies":[{"name":"wp","href":"https:\/\/api.w.org\/{rel}","templated":true}]}}