{"id":5501,"date":"2023-04-17T13:19:55","date_gmt":"2023-04-17T16:19:55","guid":{"rendered":"https:\/\/brasilnoticias.org\/site\/?p=5501"},"modified":"2023-04-17T13:19:55","modified_gmt":"2023-04-17T16:19:55","slug":"livro-que-fala-de-alzheimer-para-criancas-e-lancado-em-salvador","status":"publish","type":"post","link":"https:\/\/brasilnoticias.org\/site\/livro-que-fala-de-alzheimer-para-criancas-e-lancado-em-salvador\/","title":{"rendered":"Livro que fala de Alzheimer para crian\u00e7as \u00e9 lan\u00e7ado em Salvador"},"content":{"rendered":"<p>Escrito e ilustrado por Claudia Negishi, &#8220;Vov\u00f3 Sisi Esqueceu de Mim&#8221; narra uma amizade entre diferentes gera\u00e7\u00f5es<\/p>\n<p>No m\u00eas em que se comemora o Dia do Livro Infantil, a artista Claudia Negishi estreia no mundo da literatura com uma hist\u00f3ria real e inspiradora de uma amizade entre duas pessoas de diferentes gera\u00e7\u00f5es. &#8220;Vov\u00f3 Sissi esqueceu de mim&#8221;, que j\u00e1 teve pr\u00e9-lan\u00e7amento online e ser\u00e1 apresentado em maio no formato presencial, chega com o desafio de mostrar para as crian\u00e7as, com leveza e naturalidade, um tema complexo: o Alzheimer. <\/p>\n<p>O livro, que j\u00e1 est\u00e1 dispon\u00edvel no formato f\u00edsico e digital, conta a rela\u00e7\u00e3o de P\u00e9rola, que tem 7 anos e \u00e9 filha da autora, e Sylvia, 88, uma vizinha que todos os dias, ao encontrar a nova amiga, faz a mesma pergunta: &#8220;menina linda, quem \u00e9 voc\u00ea?&#8221;. Intrigada com a situa\u00e7\u00e3o, a garota se sente desafiada a criar um plano para n\u00e3o ser mais esquecida pela amiga. <\/p>\n<p>Narrado sob a \u00f3tica da crian\u00e7a, a obra exp\u00f5e com sensibilidade as ang\u00fastias de n\u00e3o ser lembrado por quem amamos. Afeto, conv\u00edvio, resili\u00eancia e f\u00e9 s\u00e3o os principais ingredientes dessa hist\u00f3ria que fica ainda mais envolvente com ilustra\u00e7\u00f5es que comp\u00f5em a obra e que tamb\u00e9m s\u00e3o de autoria de Claudia Negishi. <\/p>\n<p>Para a autora, a literatura na inf\u00e2ncia \u00e9 uma ferramenta poderosa capaz de despertar reflex\u00f5es importantes e complexas de forma l\u00fadica. &#8220;Eu acredito que tanto o Alzheimer quanto a diferen\u00e7a de idade entre as pessoas n\u00e3o podem ser obst\u00e1culos para criarmos v\u00ednculos emocionais. Em uma gera\u00e7\u00e3o onde a produtividade \u00e9 supervalorizada, o idoso que j\u00e1 n\u00e3o est\u00e1 mais t\u00e3o ativo sofre e fica \u00e0 margem da sociedade. \u00c9 por isso que \u00e9 t\u00e3o importante debatermos esse assunto e, mais do que isso, precisamos ensinar os nossos filhos a olhar com respeito, afeto e a criar la\u00e7os verdadeiros com essas pessoas&#8221;, conta.<\/p>\n<p>Alzheimer &#8211; Segundo o Minist\u00e9rio da Sa\u00fade, no Brasil, cerca de 1,2 milh\u00e3o de pessoas vivem com alguma forma de dem\u00eancia e 100 mil novos casos s\u00e3o diagnosticados por ano. Em todo o mundo, o n\u00famero chega a 50 milh\u00f5es de pessoas. Segundo estimativas da Alzheimer\u2019s Disease International, os n\u00fameros poder\u00e3o chegar a 74,7 milh\u00f5es em 2030 e 131,5 milh\u00f5es em 2050, devido ao envelhecimento da popula\u00e7\u00e3o. <\/p>\n<p>Lan\u00e7amento &#8211; Em Salvador, o livro ser\u00e1 lan\u00e7ado no dia 20 de maio, \u00e0s 16h, no Museu de Arte da Bahia, na Vit\u00f3ria. O evento, que ter\u00e1 entrada gratuita, ir\u00e1 receber crian\u00e7as e fam\u00edlias, e ser\u00e1 marcado por uma conta\u00e7\u00e3o de hist\u00f3ria, bate-papo com a autora e sess\u00e3o de aut\u00f3grafos.<\/p>\n<p>Autora &#8211; Cl\u00e1udia Negishi, 41 anos, nasceu em S\u00e3o Paulo e vive na Bahia desde os 10. Estreante na literatura, a m\u00e3e de P\u00e9rola, Pedro e Jo\u00e3o \u00e9 formada em Arquitetura e Urbanismo pela Universidade Federal da Bahia, al\u00e9m de ser pintora e ilustradora. &#8220;Desde crian\u00e7a, sempre fui uma grande admiradora da arte e, agora, descobri na literatura uma nova paix\u00e3o. Sou encantada pelo o universo infantil e meus filhos s\u00e3o uma fonte de inspira\u00e7\u00e3o para todos os meus projetos. Com eles, li muitos livros infantis e tive de inventar muitas hist\u00f3rias para faz\u00ea-los dormir.&#8221;<\/p>\n<p>Vendas:<br \/>\nE-book: Kindle Amazon<br \/>\nLivro f\u00edsico: https:\/\/claudianegishi.wixsite.com\/livros<\/p>\n<p>Contato para entrevista:<br \/>\nCl\u00e1udia Negishi<br \/>\n71 99955-1720<\/p>\n","protected":false},"excerpt":{"rendered":"<p>Escrito e ilustrado por Claudia Negishi, &#8220;Vov\u00f3 Sisi Esqueceu de Mim&#8221; narra uma amizade entre diferentes gera\u00e7\u00f5es No m\u00eas em<\/p>\n","protected":false},"author":1,"featured_media":5502,"comment_status":"open","ping_status":"open","sticky":false,"template":"","format":"standard","meta":{"colormag_page_container_layout":"default_layout","colormag_page_sidebar_layout":"default_layout","_FSMCFIC_featured_image_caption":"","_FSMCFIC_featured_image_nocaption":"","_FSMCFIC_featured_image_hide":"","footnotes":""},"categories":[2,1],"tags":[],"class_list":["post-5501","post","type-post","status-publish","format-standard","has-post-thumbnail","hentry","category-noticias","category-ultimas"],"yoast_head":"<!-- This site is optimized with the Yoast SEO plugin v27.1.1 - https:\/\/yoast.com\/product\/yoast-seo-wordpress\/ -->\n<title>Livro que fala de Alzheimer para crian\u00e7as \u00e9 lan\u00e7ado em Salvador - Brasil not\u00edcias<\/title>\n<meta name=\"robots\" content=\"index, follow, max-snippet:-1, max-image-preview:large, max-video-preview:-1\" \/>\n<link rel=\"canonical\" href=\"https:\/\/brasilnoticias.org\/site\/livro-que-fala-de-alzheimer-para-criancas-e-lancado-em-salvador\/\" \/>\n<meta property=\"og:locale\" content=\"pt_PT\" \/>\n<meta property=\"og:type\" content=\"article\" \/>\n<meta property=\"og:title\" content=\"Livro que fala de Alzheimer para crian\u00e7as \u00e9 lan\u00e7ado em Salvador - Brasil not\u00edcias\" \/>\n<meta property=\"og:description\" content=\"Escrito e ilustrado por Claudia Negishi, &#8220;Vov\u00f3 Sisi Esqueceu de Mim&#8221; narra uma amizade entre diferentes gera\u00e7\u00f5es No m\u00eas em\" \/>\n<meta property=\"og:url\" content=\"https:\/\/brasilnoticias.org\/site\/livro-que-fala-de-alzheimer-para-criancas-e-lancado-em-salvador\/\" \/>\n<meta property=\"og:site_name\" content=\"Brasil not\u00edcias\" \/>\n<meta property=\"article:published_time\" content=\"2023-04-17T16:19:55+00:00\" \/>\n<meta property=\"og:image\" content=\"https:\/\/brasilnoticias.org\/site\/wp-content\/uploads\/2023\/04\/WhatsApp-Image-2023-04-17-at-13.10.38.jpeg\" \/>\n\t<meta property=\"og:image:width\" content=\"1600\" \/>\n\t<meta property=\"og:image:height\" content=\"1131\" \/>\n\t<meta property=\"og:image:type\" content=\"image\/jpeg\" \/>\n<meta name=\"author\" content=\"Reda\u00e7\u00e3o\" \/>\n<meta name=\"twitter:card\" content=\"summary_large_image\" \/>\n<meta name=\"twitter:label1\" content=\"Escrito por\" \/>\n\t<meta name=\"twitter:data1\" content=\"Reda\u00e7\u00e3o\" \/>\n<script type=\"application\/ld+json\" class=\"yoast-schema-graph\">{\"@context\":\"https:\/\/schema.org\",\"@graph\":[{\"@type\":\"Article\",\"@id\":\"https:\/\/brasilnoticias.org\/site\/livro-que-fala-de-alzheimer-para-criancas-e-lancado-em-salvador\/#article\",\"isPartOf\":{\"@id\":\"https:\/\/brasilnoticias.org\/site\/livro-que-fala-de-alzheimer-para-criancas-e-lancado-em-salvador\/\"},\"author\":{\"name\":\"Reda\u00e7\u00e3o\",\"@id\":\"https:\/\/brasilnoticias.org\/site\/#\/schema\/person\/a0e05b973ec4d15c658d51911e53507b\"},\"headline\":\"Livro que fala de Alzheimer para crian\u00e7as \u00e9 lan\u00e7ado em Salvador\",\"datePublished\":\"2023-04-17T16:19:55+00:00\",\"mainEntityOfPage\":{\"@id\":\"https:\/\/brasilnoticias.org\/site\/livro-que-fala-de-alzheimer-para-criancas-e-lancado-em-salvador\/\"},\"wordCount\":602,\"commentCount\":0,\"publisher\":{\"@id\":\"https:\/\/brasilnoticias.org\/site\/#organization\"},\"image\":{\"@id\":\"https:\/\/brasilnoticias.org\/site\/livro-que-fala-de-alzheimer-para-criancas-e-lancado-em-salvador\/#primaryimage\"},\"thumbnailUrl\":\"https:\/\/brasilnoticias.org\/site\/wp-content\/uploads\/2023\/04\/WhatsApp-Image-2023-04-17-at-13.10.38.jpeg\",\"articleSection\":[\"Not\u00edcias\",\"\u00daltimas\"],\"inLanguage\":\"pt-PT\",\"potentialAction\":[{\"@type\":\"CommentAction\",\"name\":\"Comment\",\"target\":[\"https:\/\/brasilnoticias.org\/site\/livro-que-fala-de-alzheimer-para-criancas-e-lancado-em-salvador\/#respond\"]}]},{\"@type\":\"WebPage\",\"@id\":\"https:\/\/brasilnoticias.org\/site\/livro-que-fala-de-alzheimer-para-criancas-e-lancado-em-salvador\/\",\"url\":\"https:\/\/brasilnoticias.org\/site\/livro-que-fala-de-alzheimer-para-criancas-e-lancado-em-salvador\/\",\"name\":\"Livro que fala de Alzheimer para crian\u00e7as \u00e9 lan\u00e7ado em Salvador - Brasil not\u00edcias\",\"isPartOf\":{\"@id\":\"https:\/\/brasilnoticias.org\/site\/#website\"},\"primaryImageOfPage\":{\"@id\":\"https:\/\/brasilnoticias.org\/site\/livro-que-fala-de-alzheimer-para-criancas-e-lancado-em-salvador\/#primaryimage\"},\"image\":{\"@id\":\"https:\/\/brasilnoticias.org\/site\/livro-que-fala-de-alzheimer-para-criancas-e-lancado-em-salvador\/#primaryimage\"},\"thumbnailUrl\":\"https:\/\/brasilnoticias.org\/site\/wp-content\/uploads\/2023\/04\/WhatsApp-Image-2023-04-17-at-13.10.38.jpeg\",\"datePublished\":\"2023-04-17T16:19:55+00:00\",\"breadcrumb\":{\"@id\":\"https:\/\/brasilnoticias.org\/site\/livro-que-fala-de-alzheimer-para-criancas-e-lancado-em-salvador\/#breadcrumb\"},\"inLanguage\":\"pt-PT\",\"potentialAction\":[{\"@type\":\"ReadAction\",\"target\":[\"https:\/\/brasilnoticias.org\/site\/livro-que-fala-de-alzheimer-para-criancas-e-lancado-em-salvador\/\"]}]},{\"@type\":\"ImageObject\",\"inLanguage\":\"pt-PT\",\"@id\":\"https:\/\/brasilnoticias.org\/site\/livro-que-fala-de-alzheimer-para-criancas-e-lancado-em-salvador\/#primaryimage\",\"url\":\"https:\/\/brasilnoticias.org\/site\/wp-content\/uploads\/2023\/04\/WhatsApp-Image-2023-04-17-at-13.10.38.jpeg\",\"contentUrl\":\"https:\/\/brasilnoticias.org\/site\/wp-content\/uploads\/2023\/04\/WhatsApp-Image-2023-04-17-at-13.10.38.jpeg\",\"width\":1600,\"height\":1131},{\"@type\":\"BreadcrumbList\",\"@id\":\"https:\/\/brasilnoticias.org\/site\/livro-que-fala-de-alzheimer-para-criancas-e-lancado-em-salvador\/#breadcrumb\",\"itemListElement\":[{\"@type\":\"ListItem\",\"position\":1,\"name\":\"In\u00edcio\",\"item\":\"https:\/\/brasilnoticias.org\/site\/\"},{\"@type\":\"ListItem\",\"position\":2,\"name\":\"Livro que fala de Alzheimer para crian\u00e7as \u00e9 lan\u00e7ado em Salvador\"}]},{\"@type\":\"WebSite\",\"@id\":\"https:\/\/brasilnoticias.org\/site\/#website\",\"url\":\"https:\/\/brasilnoticias.org\/site\/\",\"name\":\"Brasil not\u00edcias\",\"description\":\"Brasil not\u00edcias\",\"publisher\":{\"@id\":\"https:\/\/brasilnoticias.org\/site\/#organization\"},\"potentialAction\":[{\"@type\":\"SearchAction\",\"target\":{\"@type\":\"EntryPoint\",\"urlTemplate\":\"https:\/\/brasilnoticias.org\/site\/?s={search_term_string}\"},\"query-input\":{\"@type\":\"PropertyValueSpecification\",\"valueRequired\":true,\"valueName\":\"search_term_string\"}}],\"inLanguage\":\"pt-PT\"},{\"@type\":\"Organization\",\"@id\":\"https:\/\/brasilnoticias.org\/site\/#organization\",\"name\":\"Brasil not\u00edcias\",\"url\":\"https:\/\/brasilnoticias.org\/site\/\",\"logo\":{\"@type\":\"ImageObject\",\"inLanguage\":\"pt-PT\",\"@id\":\"https:\/\/brasilnoticias.org\/site\/#\/schema\/logo\/image\/\",\"url\":\"https:\/\/brasilnoticias.org\/site\/wp-content\/uploads\/2022\/05\/cropped-brasilnoticias-mini.jpg\",\"contentUrl\":\"https:\/\/brasilnoticias.org\/site\/wp-content\/uploads\/2022\/05\/cropped-brasilnoticias-mini.jpg\",\"width\":314,\"height\":86,\"caption\":\"Brasil not\u00edcias\"},\"image\":{\"@id\":\"https:\/\/brasilnoticias.org\/site\/#\/schema\/logo\/image\/\"}},{\"@type\":\"Person\",\"@id\":\"https:\/\/brasilnoticias.org\/site\/#\/schema\/person\/a0e05b973ec4d15c658d51911e53507b\",\"name\":\"Reda\u00e7\u00e3o\",\"image\":{\"@type\":\"ImageObject\",\"inLanguage\":\"pt-PT\",\"@id\":\"https:\/\/brasilnoticias.org\/site\/#\/schema\/person\/image\/\",\"url\":\"https:\/\/secure.gravatar.com\/avatar\/75d8b050df2de108b08ae78dfb8e374892df24a383c67db9c46a9c604f6aee9c?s=96&d=mm&r=g\",\"contentUrl\":\"https:\/\/secure.gravatar.com\/avatar\/75d8b050df2de108b08ae78dfb8e374892df24a383c67db9c46a9c604f6aee9c?s=96&d=mm&r=g\",\"caption\":\"Reda\u00e7\u00e3o\"},\"sameAs\":[\"https:\/\/brasilnoticias.org\/site\"],\"url\":\"https:\/\/brasilnoticias.org\/site\/author\/fernandozsngmail-com\/\"}]}<\/script>\n<!-- \/ Yoast SEO plugin. -->","yoast_head_json":{"title":"Livro que fala de Alzheimer para crian\u00e7as \u00e9 lan\u00e7ado em Salvador - Brasil not\u00edcias","robots":{"index":"index","follow":"follow","max-snippet":"max-snippet:-1","max-image-preview":"max-image-preview:large","max-video-preview":"max-video-preview:-1"},"canonical":"https:\/\/brasilnoticias.org\/site\/livro-que-fala-de-alzheimer-para-criancas-e-lancado-em-salvador\/","og_locale":"pt_PT","og_type":"article","og_title":"Livro que fala de Alzheimer para crian\u00e7as \u00e9 lan\u00e7ado em Salvador - Brasil not\u00edcias","og_description":"Escrito e ilustrado por Claudia Negishi, &#8220;Vov\u00f3 Sisi Esqueceu de Mim&#8221; narra uma amizade entre diferentes gera\u00e7\u00f5es No m\u00eas em","og_url":"https:\/\/brasilnoticias.org\/site\/livro-que-fala-de-alzheimer-para-criancas-e-lancado-em-salvador\/","og_site_name":"Brasil not\u00edcias","article_published_time":"2023-04-17T16:19:55+00:00","og_image":[{"width":1600,"height":1131,"url":"https:\/\/brasilnoticias.org\/site\/wp-content\/uploads\/2023\/04\/WhatsApp-Image-2023-04-17-at-13.10.38.jpeg","type":"image\/jpeg"}],"author":"Reda\u00e7\u00e3o","twitter_card":"summary_large_image","twitter_misc":{"Escrito por":"Reda\u00e7\u00e3o"},"schema":{"@context":"https:\/\/schema.org","@graph":[{"@type":"Article","@id":"https:\/\/brasilnoticias.org\/site\/livro-que-fala-de-alzheimer-para-criancas-e-lancado-em-salvador\/#article","isPartOf":{"@id":"https:\/\/brasilnoticias.org\/site\/livro-que-fala-de-alzheimer-para-criancas-e-lancado-em-salvador\/"},"author":{"name":"Reda\u00e7\u00e3o","@id":"https:\/\/brasilnoticias.org\/site\/#\/schema\/person\/a0e05b973ec4d15c658d51911e53507b"},"headline":"Livro que fala de Alzheimer para crian\u00e7as \u00e9 lan\u00e7ado em Salvador","datePublished":"2023-04-17T16:19:55+00:00","mainEntityOfPage":{"@id":"https:\/\/brasilnoticias.org\/site\/livro-que-fala-de-alzheimer-para-criancas-e-lancado-em-salvador\/"},"wordCount":602,"commentCount":0,"publisher":{"@id":"https:\/\/brasilnoticias.org\/site\/#organization"},"image":{"@id":"https:\/\/brasilnoticias.org\/site\/livro-que-fala-de-alzheimer-para-criancas-e-lancado-em-salvador\/#primaryimage"},"thumbnailUrl":"https:\/\/brasilnoticias.org\/site\/wp-content\/uploads\/2023\/04\/WhatsApp-Image-2023-04-17-at-13.10.38.jpeg","articleSection":["Not\u00edcias","\u00daltimas"],"inLanguage":"pt-PT","potentialAction":[{"@type":"CommentAction","name":"Comment","target":["https:\/\/brasilnoticias.org\/site\/livro-que-fala-de-alzheimer-para-criancas-e-lancado-em-salvador\/#respond"]}]},{"@type":"WebPage","@id":"https:\/\/brasilnoticias.org\/site\/livro-que-fala-de-alzheimer-para-criancas-e-lancado-em-salvador\/","url":"https:\/\/brasilnoticias.org\/site\/livro-que-fala-de-alzheimer-para-criancas-e-lancado-em-salvador\/","name":"Livro que fala de Alzheimer para crian\u00e7as \u00e9 lan\u00e7ado em Salvador - Brasil not\u00edcias","isPartOf":{"@id":"https:\/\/brasilnoticias.org\/site\/#website"},"primaryImageOfPage":{"@id":"https:\/\/brasilnoticias.org\/site\/livro-que-fala-de-alzheimer-para-criancas-e-lancado-em-salvador\/#primaryimage"},"image":{"@id":"https:\/\/brasilnoticias.org\/site\/livro-que-fala-de-alzheimer-para-criancas-e-lancado-em-salvador\/#primaryimage"},"thumbnailUrl":"https:\/\/brasilnoticias.org\/site\/wp-content\/uploads\/2023\/04\/WhatsApp-Image-2023-04-17-at-13.10.38.jpeg","datePublished":"2023-04-17T16:19:55+00:00","breadcrumb":{"@id":"https:\/\/brasilnoticias.org\/site\/livro-que-fala-de-alzheimer-para-criancas-e-lancado-em-salvador\/#breadcrumb"},"inLanguage":"pt-PT","potentialAction":[{"@type":"ReadAction","target":["https:\/\/brasilnoticias.org\/site\/livro-que-fala-de-alzheimer-para-criancas-e-lancado-em-salvador\/"]}]},{"@type":"ImageObject","inLanguage":"pt-PT","@id":"https:\/\/brasilnoticias.org\/site\/livro-que-fala-de-alzheimer-para-criancas-e-lancado-em-salvador\/#primaryimage","url":"https:\/\/brasilnoticias.org\/site\/wp-content\/uploads\/2023\/04\/WhatsApp-Image-2023-04-17-at-13.10.38.jpeg","contentUrl":"https:\/\/brasilnoticias.org\/site\/wp-content\/uploads\/2023\/04\/WhatsApp-Image-2023-04-17-at-13.10.38.jpeg","width":1600,"height":1131},{"@type":"BreadcrumbList","@id":"https:\/\/brasilnoticias.org\/site\/livro-que-fala-de-alzheimer-para-criancas-e-lancado-em-salvador\/#breadcrumb","itemListElement":[{"@type":"ListItem","position":1,"name":"In\u00edcio","item":"https:\/\/brasilnoticias.org\/site\/"},{"@type":"ListItem","position":2,"name":"Livro que fala de Alzheimer para crian\u00e7as \u00e9 lan\u00e7ado em Salvador"}]},{"@type":"WebSite","@id":"https:\/\/brasilnoticias.org\/site\/#website","url":"https:\/\/brasilnoticias.org\/site\/","name":"Brasil not\u00edcias","description":"Brasil not\u00edcias","publisher":{"@id":"https:\/\/brasilnoticias.org\/site\/#organization"},"potentialAction":[{"@type":"SearchAction","target":{"@type":"EntryPoint","urlTemplate":"https:\/\/brasilnoticias.org\/site\/?s={search_term_string}"},"query-input":{"@type":"PropertyValueSpecification","valueRequired":true,"valueName":"search_term_string"}}],"inLanguage":"pt-PT"},{"@type":"Organization","@id":"https:\/\/brasilnoticias.org\/site\/#organization","name":"Brasil not\u00edcias","url":"https:\/\/brasilnoticias.org\/site\/","logo":{"@type":"ImageObject","inLanguage":"pt-PT","@id":"https:\/\/brasilnoticias.org\/site\/#\/schema\/logo\/image\/","url":"https:\/\/brasilnoticias.org\/site\/wp-content\/uploads\/2022\/05\/cropped-brasilnoticias-mini.jpg","contentUrl":"https:\/\/brasilnoticias.org\/site\/wp-content\/uploads\/2022\/05\/cropped-brasilnoticias-mini.jpg","width":314,"height":86,"caption":"Brasil not\u00edcias"},"image":{"@id":"https:\/\/brasilnoticias.org\/site\/#\/schema\/logo\/image\/"}},{"@type":"Person","@id":"https:\/\/brasilnoticias.org\/site\/#\/schema\/person\/a0e05b973ec4d15c658d51911e53507b","name":"Reda\u00e7\u00e3o","image":{"@type":"ImageObject","inLanguage":"pt-PT","@id":"https:\/\/brasilnoticias.org\/site\/#\/schema\/person\/image\/","url":"https:\/\/secure.gravatar.com\/avatar\/75d8b050df2de108b08ae78dfb8e374892df24a383c67db9c46a9c604f6aee9c?s=96&d=mm&r=g","contentUrl":"https:\/\/secure.gravatar.com\/avatar\/75d8b050df2de108b08ae78dfb8e374892df24a383c67db9c46a9c604f6aee9c?s=96&d=mm&r=g","caption":"Reda\u00e7\u00e3o"},"sameAs":["https:\/\/brasilnoticias.org\/site"],"url":"https:\/\/brasilnoticias.org\/site\/author\/fernandozsngmail-com\/"}]}},"_links":{"self":[{"href":"https:\/\/brasilnoticias.org\/site\/wp-json\/wp\/v2\/posts\/5501","targetHints":{"allow":["GET"]}}],"collection":[{"href":"https:\/\/brasilnoticias.org\/site\/wp-json\/wp\/v2\/posts"}],"about":[{"href":"https:\/\/brasilnoticias.org\/site\/wp-json\/wp\/v2\/types\/post"}],"author":[{"embeddable":true,"href":"https:\/\/brasilnoticias.org\/site\/wp-json\/wp\/v2\/users\/1"}],"replies":[{"embeddable":true,"href":"https:\/\/brasilnoticias.org\/site\/wp-json\/wp\/v2\/comments?post=5501"}],"version-history":[{"count":1,"href":"https:\/\/brasilnoticias.org\/site\/wp-json\/wp\/v2\/posts\/5501\/revisions"}],"predecessor-version":[{"id":5503,"href":"https:\/\/brasilnoticias.org\/site\/wp-json\/wp\/v2\/posts\/5501\/revisions\/5503"}],"wp:featuredmedia":[{"embeddable":true,"href":"https:\/\/brasilnoticias.org\/site\/wp-json\/wp\/v2\/media\/5502"}],"wp:attachment":[{"href":"https:\/\/brasilnoticias.org\/site\/wp-json\/wp\/v2\/media?parent=5501"}],"wp:term":[{"taxonomy":"category","embeddable":true,"href":"https:\/\/brasilnoticias.org\/site\/wp-json\/wp\/v2\/categories?post=5501"},{"taxonomy":"post_tag","embeddable":true,"href":"https:\/\/brasilnoticias.org\/site\/wp-json\/wp\/v2\/tags?post=5501"}],"curies":[{"name":"wp","href":"https:\/\/api.w.org\/{rel}","templated":true}]}}