{"id":551,"date":"2022-05-25T11:51:10","date_gmt":"2022-05-25T14:51:10","guid":{"rendered":"https:\/\/brasilnoticias.org\/site\/?p=551"},"modified":"2022-05-25T11:51:10","modified_gmt":"2022-05-25T14:51:10","slug":"sobe-para-21-o-numero-de-mortos-no-tiroteio-em-escola-do-texas-veja-o-que-se-sabe","status":"publish","type":"post","link":"https:\/\/brasilnoticias.org\/site\/sobe-para-21-o-numero-de-mortos-no-tiroteio-em-escola-do-texas-veja-o-que-se-sabe\/","title":{"rendered":"Sobe para 21 o n\u00famero de mortos no tiroteio em escola do Texas; veja o que se sabe"},"content":{"rendered":"<p>Pelo menos 21 pessoas morreram, incluindo 19 crian\u00e7as e dois adultos, segundo um novo balan\u00e7o do\u00a0<a href=\"https:\/\/www.bnews.com.br\/noticias\/mundo\/em-atentado-no-texas-eua-atirador-mata-14-alunos-e-um-professor-afirma-governador.html\" target=\"_blank\" rel=\"noopener\">tiroteio que ocorreu esta ter\u00e7a-feira numa escola prim\u00e1ria na cidade na cidade de Uvalde<\/a>, no estado norte-americano do Texas.Tr\u00eas pessoas que ficaram feridas no ataque est\u00e3o hospitalizadas em estado grave.<\/p>\n<p>A informa\u00e7\u00e3o sobre o tiroteio foi inicialmente confirmada pelo governador do Texas, Greg Abbott, numa confer\u00eancia de imprensa na qual especificou que o atirador tinha 18 anos. &#8220;Ele [o atirador] disparou e matou, de forma horr\u00edvel, incompreens\u00edvel, 14 alunos e matou um professor&#8221;, disse, na altura, o governador<\/p>\n<p>O suspeito residente em Uvalde entrou no estabelecimento de ensino com um rev\u00f3lver e possivelmente uma espingarda e abriu fogo, de acordo com Greg Abbott. O assassino morreu no local, segundo a pol\u00edcia americana. As motiva\u00e7\u00f5es do crime s\u00e3o desconhecidas.<\/p>\n<p>O presidente norte-americano, Joe Biden, ordenou esta ter\u00e7a-feira que as bandeiras do pa\u00eds sejam colocadas a meia haste devido ao massacre na escola.Biden, que se encontrava a caminho de Washington ap\u00f3s uma viagem pela \u00c1sia, ordenou que a bandeira dos Estados Unidos fosse colocada a meia haste na Casa Branca, assim como em todos os edif\u00edcios oficiais, instala\u00e7\u00f5es militares e navios de guerra, at\u00e9 ao p\u00f4r do sol de quinta-feira, 28 de maio.<\/p>\n<p>O ataque j\u00e1 \u00e9 considerado o mais mortal do pa\u00eds desde o tiroteio na escola Sandy Hook, em 2012, quando 20 crian\u00e7as e seis adultos foram mortos a tiros.<\/p>\n<p>&nbsp;<\/p>\n<p>&nbsp;<\/p>\n<p>&nbsp;<\/p>\n<p>Bnews<\/p>\n","protected":false},"excerpt":{"rendered":"<p>Pelo menos 21 pessoas morreram, incluindo 19 crian\u00e7as e dois adultos, segundo um novo balan\u00e7o do\u00a0tiroteio que ocorreu esta ter\u00e7a-feira<\/p>\n","protected":false},"author":2,"featured_media":552,"comment_status":"open","ping_status":"open","sticky":false,"template":"","format":"standard","meta":{"colormag_page_container_layout":"default_layout","colormag_page_sidebar_layout":"default_layout","_FSMCFIC_featured_image_caption":"","_FSMCFIC_featured_image_nocaption":"","_FSMCFIC_featured_image_hide":"","footnotes":""},"categories":[6,1],"tags":[],"class_list":["post-551","post","type-post","status-publish","format-standard","has-post-thumbnail","hentry","category-mundo","category-ultimas"],"yoast_head":"<!-- This site is optimized with the Yoast SEO plugin v27.1.1 - https:\/\/yoast.com\/product\/yoast-seo-wordpress\/ -->\n<title>Sobe para 21 o n\u00famero de mortos no tiroteio em escola do Texas; veja o que se sabe - Brasil not\u00edcias<\/title>\n<meta name=\"robots\" content=\"index, follow, max-snippet:-1, max-image-preview:large, max-video-preview:-1\" \/>\n<link rel=\"canonical\" href=\"https:\/\/brasilnoticias.org\/site\/sobe-para-21-o-numero-de-mortos-no-tiroteio-em-escola-do-texas-veja-o-que-se-sabe\/\" \/>\n<meta property=\"og:locale\" content=\"pt_PT\" \/>\n<meta property=\"og:type\" content=\"article\" \/>\n<meta property=\"og:title\" content=\"Sobe para 21 o n\u00famero de mortos no tiroteio em escola do Texas; veja o que se sabe - Brasil not\u00edcias\" \/>\n<meta property=\"og:description\" content=\"Pelo menos 21 pessoas morreram, incluindo 19 crian\u00e7as e dois adultos, segundo um novo balan\u00e7o do\u00a0tiroteio que ocorreu esta ter\u00e7a-feira\" \/>\n<meta property=\"og:url\" content=\"https:\/\/brasilnoticias.org\/site\/sobe-para-21-o-numero-de-mortos-no-tiroteio-em-escola-do-texas-veja-o-que-se-sabe\/\" \/>\n<meta property=\"og:site_name\" content=\"Brasil not\u00edcias\" \/>\n<meta property=\"article:published_time\" content=\"2022-05-25T14:51:10+00:00\" \/>\n<meta property=\"og:image\" content=\"https:\/\/brasilnoticias.org\/site\/wp-content\/uploads\/2022\/05\/maxresdefault_2JoVQDU_widelg.jpg\" \/>\n\t<meta property=\"og:image:width\" content=\"800\" \/>\n\t<meta property=\"og:image:height\" content=\"450\" \/>\n\t<meta property=\"og:image:type\" content=\"image\/jpeg\" \/>\n<meta name=\"author\" content=\"Reda\u00e7\u00e3o\" \/>\n<meta name=\"twitter:card\" content=\"summary_large_image\" \/>\n<meta name=\"twitter:label1\" content=\"Escrito por\" \/>\n\t<meta name=\"twitter:data1\" content=\"Reda\u00e7\u00e3o\" \/>\n\t<meta name=\"twitter:label2\" content=\"Tempo estimado de leitura\" \/>\n\t<meta name=\"twitter:data2\" content=\"1 minuto\" \/>\n<script type=\"application\/ld+json\" class=\"yoast-schema-graph\">{\"@context\":\"https:\/\/schema.org\",\"@graph\":[{\"@type\":\"Article\",\"@id\":\"https:\/\/brasilnoticias.org\/site\/sobe-para-21-o-numero-de-mortos-no-tiroteio-em-escola-do-texas-veja-o-que-se-sabe\/#article\",\"isPartOf\":{\"@id\":\"https:\/\/brasilnoticias.org\/site\/sobe-para-21-o-numero-de-mortos-no-tiroteio-em-escola-do-texas-veja-o-que-se-sabe\/\"},\"author\":{\"name\":\"Reda\u00e7\u00e3o\",\"@id\":\"https:\/\/brasilnoticias.org\/site\/#\/schema\/person\/f609fa847b5314f1c8b983342f34c798\"},\"headline\":\"Sobe para 21 o n\u00famero de mortos no tiroteio em escola do Texas; veja o que se sabe\",\"datePublished\":\"2022-05-25T14:51:10+00:00\",\"mainEntityOfPage\":{\"@id\":\"https:\/\/brasilnoticias.org\/site\/sobe-para-21-o-numero-de-mortos-no-tiroteio-em-escola-do-texas-veja-o-que-se-sabe\/\"},\"wordCount\":274,\"commentCount\":0,\"publisher\":{\"@id\":\"https:\/\/brasilnoticias.org\/site\/#organization\"},\"image\":{\"@id\":\"https:\/\/brasilnoticias.org\/site\/sobe-para-21-o-numero-de-mortos-no-tiroteio-em-escola-do-texas-veja-o-que-se-sabe\/#primaryimage\"},\"thumbnailUrl\":\"https:\/\/brasilnoticias.org\/site\/wp-content\/uploads\/2022\/05\/maxresdefault_2JoVQDU_widelg.jpg\",\"articleSection\":[\"Mundo\",\"\u00daltimas\"],\"inLanguage\":\"pt-PT\",\"potentialAction\":[{\"@type\":\"CommentAction\",\"name\":\"Comment\",\"target\":[\"https:\/\/brasilnoticias.org\/site\/sobe-para-21-o-numero-de-mortos-no-tiroteio-em-escola-do-texas-veja-o-que-se-sabe\/#respond\"]}]},{\"@type\":\"WebPage\",\"@id\":\"https:\/\/brasilnoticias.org\/site\/sobe-para-21-o-numero-de-mortos-no-tiroteio-em-escola-do-texas-veja-o-que-se-sabe\/\",\"url\":\"https:\/\/brasilnoticias.org\/site\/sobe-para-21-o-numero-de-mortos-no-tiroteio-em-escola-do-texas-veja-o-que-se-sabe\/\",\"name\":\"Sobe para 21 o n\u00famero de mortos no tiroteio em escola do Texas; veja o que se sabe - Brasil not\u00edcias\",\"isPartOf\":{\"@id\":\"https:\/\/brasilnoticias.org\/site\/#website\"},\"primaryImageOfPage\":{\"@id\":\"https:\/\/brasilnoticias.org\/site\/sobe-para-21-o-numero-de-mortos-no-tiroteio-em-escola-do-texas-veja-o-que-se-sabe\/#primaryimage\"},\"image\":{\"@id\":\"https:\/\/brasilnoticias.org\/site\/sobe-para-21-o-numero-de-mortos-no-tiroteio-em-escola-do-texas-veja-o-que-se-sabe\/#primaryimage\"},\"thumbnailUrl\":\"https:\/\/brasilnoticias.org\/site\/wp-content\/uploads\/2022\/05\/maxresdefault_2JoVQDU_widelg.jpg\",\"datePublished\":\"2022-05-25T14:51:10+00:00\",\"breadcrumb\":{\"@id\":\"https:\/\/brasilnoticias.org\/site\/sobe-para-21-o-numero-de-mortos-no-tiroteio-em-escola-do-texas-veja-o-que-se-sabe\/#breadcrumb\"},\"inLanguage\":\"pt-PT\",\"potentialAction\":[{\"@type\":\"ReadAction\",\"target\":[\"https:\/\/brasilnoticias.org\/site\/sobe-para-21-o-numero-de-mortos-no-tiroteio-em-escola-do-texas-veja-o-que-se-sabe\/\"]}]},{\"@type\":\"ImageObject\",\"inLanguage\":\"pt-PT\",\"@id\":\"https:\/\/brasilnoticias.org\/site\/sobe-para-21-o-numero-de-mortos-no-tiroteio-em-escola-do-texas-veja-o-que-se-sabe\/#primaryimage\",\"url\":\"https:\/\/brasilnoticias.org\/site\/wp-content\/uploads\/2022\/05\/maxresdefault_2JoVQDU_widelg.jpg\",\"contentUrl\":\"https:\/\/brasilnoticias.org\/site\/wp-content\/uploads\/2022\/05\/maxresdefault_2JoVQDU_widelg.jpg\",\"width\":800,\"height\":450},{\"@type\":\"BreadcrumbList\",\"@id\":\"https:\/\/brasilnoticias.org\/site\/sobe-para-21-o-numero-de-mortos-no-tiroteio-em-escola-do-texas-veja-o-que-se-sabe\/#breadcrumb\",\"itemListElement\":[{\"@type\":\"ListItem\",\"position\":1,\"name\":\"In\u00edcio\",\"item\":\"https:\/\/brasilnoticias.org\/site\/\"},{\"@type\":\"ListItem\",\"position\":2,\"name\":\"Sobe para 21 o n\u00famero de mortos no tiroteio em escola do Texas; veja o que se sabe\"}]},{\"@type\":\"WebSite\",\"@id\":\"https:\/\/brasilnoticias.org\/site\/#website\",\"url\":\"https:\/\/brasilnoticias.org\/site\/\",\"name\":\"Brasil not\u00edcias\",\"description\":\"Brasil not\u00edcias\",\"publisher\":{\"@id\":\"https:\/\/brasilnoticias.org\/site\/#organization\"},\"potentialAction\":[{\"@type\":\"SearchAction\",\"target\":{\"@type\":\"EntryPoint\",\"urlTemplate\":\"https:\/\/brasilnoticias.org\/site\/?s={search_term_string}\"},\"query-input\":{\"@type\":\"PropertyValueSpecification\",\"valueRequired\":true,\"valueName\":\"search_term_string\"}}],\"inLanguage\":\"pt-PT\"},{\"@type\":\"Organization\",\"@id\":\"https:\/\/brasilnoticias.org\/site\/#organization\",\"name\":\"Brasil not\u00edcias\",\"url\":\"https:\/\/brasilnoticias.org\/site\/\",\"logo\":{\"@type\":\"ImageObject\",\"inLanguage\":\"pt-PT\",\"@id\":\"https:\/\/brasilnoticias.org\/site\/#\/schema\/logo\/image\/\",\"url\":\"https:\/\/brasilnoticias.org\/site\/wp-content\/uploads\/2022\/05\/cropped-brasilnoticias-mini.jpg\",\"contentUrl\":\"https:\/\/brasilnoticias.org\/site\/wp-content\/uploads\/2022\/05\/cropped-brasilnoticias-mini.jpg\",\"width\":314,\"height\":86,\"caption\":\"Brasil not\u00edcias\"},\"image\":{\"@id\":\"https:\/\/brasilnoticias.org\/site\/#\/schema\/logo\/image\/\"}},{\"@type\":\"Person\",\"@id\":\"https:\/\/brasilnoticias.org\/site\/#\/schema\/person\/f609fa847b5314f1c8b983342f34c798\",\"name\":\"Reda\u00e7\u00e3o\",\"image\":{\"@type\":\"ImageObject\",\"inLanguage\":\"pt-PT\",\"@id\":\"https:\/\/brasilnoticias.org\/site\/#\/schema\/person\/image\/\",\"url\":\"https:\/\/secure.gravatar.com\/avatar\/447284c06c1ad8b46465a36de9cd0d8326b73387a22799b8b1ffb1fbcff2ed0c?s=96&d=mm&r=g\",\"contentUrl\":\"https:\/\/secure.gravatar.com\/avatar\/447284c06c1ad8b46465a36de9cd0d8326b73387a22799b8b1ffb1fbcff2ed0c?s=96&d=mm&r=g\",\"caption\":\"Reda\u00e7\u00e3o\"},\"url\":\"https:\/\/brasilnoticias.org\/site\/author\/redacao\/\"}]}<\/script>\n<!-- \/ Yoast SEO plugin. -->","yoast_head_json":{"title":"Sobe para 21 o n\u00famero de mortos no tiroteio em escola do Texas; veja o que se sabe - Brasil not\u00edcias","robots":{"index":"index","follow":"follow","max-snippet":"max-snippet:-1","max-image-preview":"max-image-preview:large","max-video-preview":"max-video-preview:-1"},"canonical":"https:\/\/brasilnoticias.org\/site\/sobe-para-21-o-numero-de-mortos-no-tiroteio-em-escola-do-texas-veja-o-que-se-sabe\/","og_locale":"pt_PT","og_type":"article","og_title":"Sobe para 21 o n\u00famero de mortos no tiroteio em escola do Texas; veja o que se sabe - Brasil not\u00edcias","og_description":"Pelo menos 21 pessoas morreram, incluindo 19 crian\u00e7as e dois adultos, segundo um novo balan\u00e7o do\u00a0tiroteio que ocorreu esta ter\u00e7a-feira","og_url":"https:\/\/brasilnoticias.org\/site\/sobe-para-21-o-numero-de-mortos-no-tiroteio-em-escola-do-texas-veja-o-que-se-sabe\/","og_site_name":"Brasil not\u00edcias","article_published_time":"2022-05-25T14:51:10+00:00","og_image":[{"width":800,"height":450,"url":"https:\/\/brasilnoticias.org\/site\/wp-content\/uploads\/2022\/05\/maxresdefault_2JoVQDU_widelg.jpg","type":"image\/jpeg"}],"author":"Reda\u00e7\u00e3o","twitter_card":"summary_large_image","twitter_misc":{"Escrito por":"Reda\u00e7\u00e3o","Tempo estimado de leitura":"1 minuto"},"schema":{"@context":"https:\/\/schema.org","@graph":[{"@type":"Article","@id":"https:\/\/brasilnoticias.org\/site\/sobe-para-21-o-numero-de-mortos-no-tiroteio-em-escola-do-texas-veja-o-que-se-sabe\/#article","isPartOf":{"@id":"https:\/\/brasilnoticias.org\/site\/sobe-para-21-o-numero-de-mortos-no-tiroteio-em-escola-do-texas-veja-o-que-se-sabe\/"},"author":{"name":"Reda\u00e7\u00e3o","@id":"https:\/\/brasilnoticias.org\/site\/#\/schema\/person\/f609fa847b5314f1c8b983342f34c798"},"headline":"Sobe para 21 o n\u00famero de mortos no tiroteio em escola do Texas; veja o que se sabe","datePublished":"2022-05-25T14:51:10+00:00","mainEntityOfPage":{"@id":"https:\/\/brasilnoticias.org\/site\/sobe-para-21-o-numero-de-mortos-no-tiroteio-em-escola-do-texas-veja-o-que-se-sabe\/"},"wordCount":274,"commentCount":0,"publisher":{"@id":"https:\/\/brasilnoticias.org\/site\/#organization"},"image":{"@id":"https:\/\/brasilnoticias.org\/site\/sobe-para-21-o-numero-de-mortos-no-tiroteio-em-escola-do-texas-veja-o-que-se-sabe\/#primaryimage"},"thumbnailUrl":"https:\/\/brasilnoticias.org\/site\/wp-content\/uploads\/2022\/05\/maxresdefault_2JoVQDU_widelg.jpg","articleSection":["Mundo","\u00daltimas"],"inLanguage":"pt-PT","potentialAction":[{"@type":"CommentAction","name":"Comment","target":["https:\/\/brasilnoticias.org\/site\/sobe-para-21-o-numero-de-mortos-no-tiroteio-em-escola-do-texas-veja-o-que-se-sabe\/#respond"]}]},{"@type":"WebPage","@id":"https:\/\/brasilnoticias.org\/site\/sobe-para-21-o-numero-de-mortos-no-tiroteio-em-escola-do-texas-veja-o-que-se-sabe\/","url":"https:\/\/brasilnoticias.org\/site\/sobe-para-21-o-numero-de-mortos-no-tiroteio-em-escola-do-texas-veja-o-que-se-sabe\/","name":"Sobe para 21 o n\u00famero de mortos no tiroteio em escola do Texas; veja o que se sabe - Brasil not\u00edcias","isPartOf":{"@id":"https:\/\/brasilnoticias.org\/site\/#website"},"primaryImageOfPage":{"@id":"https:\/\/brasilnoticias.org\/site\/sobe-para-21-o-numero-de-mortos-no-tiroteio-em-escola-do-texas-veja-o-que-se-sabe\/#primaryimage"},"image":{"@id":"https:\/\/brasilnoticias.org\/site\/sobe-para-21-o-numero-de-mortos-no-tiroteio-em-escola-do-texas-veja-o-que-se-sabe\/#primaryimage"},"thumbnailUrl":"https:\/\/brasilnoticias.org\/site\/wp-content\/uploads\/2022\/05\/maxresdefault_2JoVQDU_widelg.jpg","datePublished":"2022-05-25T14:51:10+00:00","breadcrumb":{"@id":"https:\/\/brasilnoticias.org\/site\/sobe-para-21-o-numero-de-mortos-no-tiroteio-em-escola-do-texas-veja-o-que-se-sabe\/#breadcrumb"},"inLanguage":"pt-PT","potentialAction":[{"@type":"ReadAction","target":["https:\/\/brasilnoticias.org\/site\/sobe-para-21-o-numero-de-mortos-no-tiroteio-em-escola-do-texas-veja-o-que-se-sabe\/"]}]},{"@type":"ImageObject","inLanguage":"pt-PT","@id":"https:\/\/brasilnoticias.org\/site\/sobe-para-21-o-numero-de-mortos-no-tiroteio-em-escola-do-texas-veja-o-que-se-sabe\/#primaryimage","url":"https:\/\/brasilnoticias.org\/site\/wp-content\/uploads\/2022\/05\/maxresdefault_2JoVQDU_widelg.jpg","contentUrl":"https:\/\/brasilnoticias.org\/site\/wp-content\/uploads\/2022\/05\/maxresdefault_2JoVQDU_widelg.jpg","width":800,"height":450},{"@type":"BreadcrumbList","@id":"https:\/\/brasilnoticias.org\/site\/sobe-para-21-o-numero-de-mortos-no-tiroteio-em-escola-do-texas-veja-o-que-se-sabe\/#breadcrumb","itemListElement":[{"@type":"ListItem","position":1,"name":"In\u00edcio","item":"https:\/\/brasilnoticias.org\/site\/"},{"@type":"ListItem","position":2,"name":"Sobe para 21 o n\u00famero de mortos no tiroteio em escola do Texas; veja o que se sabe"}]},{"@type":"WebSite","@id":"https:\/\/brasilnoticias.org\/site\/#website","url":"https:\/\/brasilnoticias.org\/site\/","name":"Brasil not\u00edcias","description":"Brasil not\u00edcias","publisher":{"@id":"https:\/\/brasilnoticias.org\/site\/#organization"},"potentialAction":[{"@type":"SearchAction","target":{"@type":"EntryPoint","urlTemplate":"https:\/\/brasilnoticias.org\/site\/?s={search_term_string}"},"query-input":{"@type":"PropertyValueSpecification","valueRequired":true,"valueName":"search_term_string"}}],"inLanguage":"pt-PT"},{"@type":"Organization","@id":"https:\/\/brasilnoticias.org\/site\/#organization","name":"Brasil not\u00edcias","url":"https:\/\/brasilnoticias.org\/site\/","logo":{"@type":"ImageObject","inLanguage":"pt-PT","@id":"https:\/\/brasilnoticias.org\/site\/#\/schema\/logo\/image\/","url":"https:\/\/brasilnoticias.org\/site\/wp-content\/uploads\/2022\/05\/cropped-brasilnoticias-mini.jpg","contentUrl":"https:\/\/brasilnoticias.org\/site\/wp-content\/uploads\/2022\/05\/cropped-brasilnoticias-mini.jpg","width":314,"height":86,"caption":"Brasil not\u00edcias"},"image":{"@id":"https:\/\/brasilnoticias.org\/site\/#\/schema\/logo\/image\/"}},{"@type":"Person","@id":"https:\/\/brasilnoticias.org\/site\/#\/schema\/person\/f609fa847b5314f1c8b983342f34c798","name":"Reda\u00e7\u00e3o","image":{"@type":"ImageObject","inLanguage":"pt-PT","@id":"https:\/\/brasilnoticias.org\/site\/#\/schema\/person\/image\/","url":"https:\/\/secure.gravatar.com\/avatar\/447284c06c1ad8b46465a36de9cd0d8326b73387a22799b8b1ffb1fbcff2ed0c?s=96&d=mm&r=g","contentUrl":"https:\/\/secure.gravatar.com\/avatar\/447284c06c1ad8b46465a36de9cd0d8326b73387a22799b8b1ffb1fbcff2ed0c?s=96&d=mm&r=g","caption":"Reda\u00e7\u00e3o"},"url":"https:\/\/brasilnoticias.org\/site\/author\/redacao\/"}]}},"_links":{"self":[{"href":"https:\/\/brasilnoticias.org\/site\/wp-json\/wp\/v2\/posts\/551","targetHints":{"allow":["GET"]}}],"collection":[{"href":"https:\/\/brasilnoticias.org\/site\/wp-json\/wp\/v2\/posts"}],"about":[{"href":"https:\/\/brasilnoticias.org\/site\/wp-json\/wp\/v2\/types\/post"}],"author":[{"embeddable":true,"href":"https:\/\/brasilnoticias.org\/site\/wp-json\/wp\/v2\/users\/2"}],"replies":[{"embeddable":true,"href":"https:\/\/brasilnoticias.org\/site\/wp-json\/wp\/v2\/comments?post=551"}],"version-history":[{"count":1,"href":"https:\/\/brasilnoticias.org\/site\/wp-json\/wp\/v2\/posts\/551\/revisions"}],"predecessor-version":[{"id":553,"href":"https:\/\/brasilnoticias.org\/site\/wp-json\/wp\/v2\/posts\/551\/revisions\/553"}],"wp:featuredmedia":[{"embeddable":true,"href":"https:\/\/brasilnoticias.org\/site\/wp-json\/wp\/v2\/media\/552"}],"wp:attachment":[{"href":"https:\/\/brasilnoticias.org\/site\/wp-json\/wp\/v2\/media?parent=551"}],"wp:term":[{"taxonomy":"category","embeddable":true,"href":"https:\/\/brasilnoticias.org\/site\/wp-json\/wp\/v2\/categories?post=551"},{"taxonomy":"post_tag","embeddable":true,"href":"https:\/\/brasilnoticias.org\/site\/wp-json\/wp\/v2\/tags?post=551"}],"curies":[{"name":"wp","href":"https:\/\/api.w.org\/{rel}","templated":true}]}}