{"id":5514,"date":"2023-04-18T06:13:15","date_gmt":"2023-04-18T09:13:15","guid":{"rendered":"https:\/\/brasilnoticias.org\/site\/?p=5514"},"modified":"2023-04-18T06:13:15","modified_gmt":"2023-04-18T09:13:15","slug":"professora-e-morta-a-pauladas-em-bom-jesus-da-serra","status":"publish","type":"post","link":"https:\/\/brasilnoticias.org\/site\/professora-e-morta-a-pauladas-em-bom-jesus-da-serra\/","title":{"rendered":"Professora \u00e9 morta a pauladas em Bom Jesus da Serra"},"content":{"rendered":"<p>Uma professora foi morta a pauladas na noite deste domingo (16), na Lagoa de Baixo, zona rural do munic\u00edpio de Bom Jesus da Serra (a 452 km de Salvador). Ela estava acompanhada do namorado, que tamb\u00e9m foi ferido, mas sobreviveu.<\/p>\n<p>A v\u00edtima fatal, identificada como Lucidalva Silva Bastos, de 42 anos, morreu no local do crime, j\u00e1 o companheiro, n\u00e3o identificado, foi socorrido ao Hospital Municipal De Bom Jesus Da Serra, ainda n\u00e3o h\u00e1 detalhes sobre o estado de sa\u00fade dele. As informa\u00e7\u00f5es s\u00e3o do Blog do Anderson.<\/p>\n<p>Segundo o blog, o autor do crime acabou fugindo e ainda n\u00e3o foi capturado. A ocorr\u00eancia foi registrada pela 79\u00aa Companhia Independente de Pol\u00edcia Militar e o Departamento de Pol\u00edcia T\u00e9cnica. A Delegacia Territorial de Bom Jesus da Serra investiga o caso. Ainda n\u00e3o se sabe a motiva\u00e7\u00e3o para o crime.<\/p>\n<p>O corpo de Lucidalva Silva Bastos foi levado para o Instituto M\u00e9dico Legal de Vit\u00f3ria da Conquista. <\/p>\n<p>BNews<\/p>\n<p>Divulga\u00e7\u00e3o\/Blog do Anderson<\/p>\n","protected":false},"excerpt":{"rendered":"<p>Uma professora foi morta a pauladas na noite deste domingo (16), na Lagoa de Baixo, zona rural do munic\u00edpio de<\/p>\n","protected":false},"author":1,"featured_media":5515,"comment_status":"open","ping_status":"open","sticky":false,"template":"","format":"standard","meta":{"colormag_page_container_layout":"default_layout","colormag_page_sidebar_layout":"default_layout","_FSMCFIC_featured_image_caption":"","_FSMCFIC_featured_image_nocaption":"","_FSMCFIC_featured_image_hide":"","footnotes":""},"categories":[3,1],"tags":[],"class_list":["post-5514","post","type-post","status-publish","format-standard","has-post-thumbnail","hentry","category-policia","category-ultimas"],"yoast_head":"<!-- This site is optimized with the Yoast SEO plugin v27.1.1 - https:\/\/yoast.com\/product\/yoast-seo-wordpress\/ -->\n<title>Professora \u00e9 morta a pauladas em Bom Jesus da Serra - Brasil not\u00edcias<\/title>\n<meta name=\"robots\" content=\"index, follow, max-snippet:-1, max-image-preview:large, max-video-preview:-1\" \/>\n<link rel=\"canonical\" href=\"https:\/\/brasilnoticias.org\/site\/professora-e-morta-a-pauladas-em-bom-jesus-da-serra\/\" \/>\n<meta property=\"og:locale\" content=\"pt_PT\" \/>\n<meta property=\"og:type\" content=\"article\" \/>\n<meta property=\"og:title\" content=\"Professora \u00e9 morta a pauladas em Bom Jesus da Serra - Brasil not\u00edcias\" \/>\n<meta property=\"og:description\" content=\"Uma professora foi morta a pauladas na noite deste domingo (16), na Lagoa de Baixo, zona rural do munic\u00edpio de\" \/>\n<meta property=\"og:url\" content=\"https:\/\/brasilnoticias.org\/site\/professora-e-morta-a-pauladas-em-bom-jesus-da-serra\/\" \/>\n<meta property=\"og:site_name\" content=\"Brasil not\u00edcias\" \/>\n<meta property=\"article:published_time\" content=\"2023-04-18T09:13:15+00:00\" \/>\n<meta property=\"og:image\" content=\"https:\/\/brasilnoticias.org\/site\/wp-content\/uploads\/2023\/04\/design_sem_nome_3ea0s61_widelg.jpg\" \/>\n\t<meta property=\"og:image:width\" content=\"800\" \/>\n\t<meta property=\"og:image:height\" content=\"450\" \/>\n\t<meta property=\"og:image:type\" content=\"image\/jpeg\" \/>\n<meta name=\"author\" content=\"Reda\u00e7\u00e3o\" \/>\n<meta name=\"twitter:card\" content=\"summary_large_image\" \/>\n<meta name=\"twitter:label1\" content=\"Escrito por\" \/>\n\t<meta name=\"twitter:data1\" content=\"Reda\u00e7\u00e3o\" \/>\n<script type=\"application\/ld+json\" class=\"yoast-schema-graph\">{\"@context\":\"https:\/\/schema.org\",\"@graph\":[{\"@type\":\"Article\",\"@id\":\"https:\/\/brasilnoticias.org\/site\/professora-e-morta-a-pauladas-em-bom-jesus-da-serra\/#article\",\"isPartOf\":{\"@id\":\"https:\/\/brasilnoticias.org\/site\/professora-e-morta-a-pauladas-em-bom-jesus-da-serra\/\"},\"author\":{\"name\":\"Reda\u00e7\u00e3o\",\"@id\":\"https:\/\/brasilnoticias.org\/site\/#\/schema\/person\/a0e05b973ec4d15c658d51911e53507b\"},\"headline\":\"Professora \u00e9 morta a pauladas em Bom Jesus da Serra\",\"datePublished\":\"2023-04-18T09:13:15+00:00\",\"mainEntityOfPage\":{\"@id\":\"https:\/\/brasilnoticias.org\/site\/professora-e-morta-a-pauladas-em-bom-jesus-da-serra\/\"},\"wordCount\":184,\"commentCount\":0,\"publisher\":{\"@id\":\"https:\/\/brasilnoticias.org\/site\/#organization\"},\"image\":{\"@id\":\"https:\/\/brasilnoticias.org\/site\/professora-e-morta-a-pauladas-em-bom-jesus-da-serra\/#primaryimage\"},\"thumbnailUrl\":\"https:\/\/brasilnoticias.org\/site\/wp-content\/uploads\/2023\/04\/design_sem_nome_3ea0s61_widelg.jpg\",\"articleSection\":[\"Pol\u00edcia\",\"\u00daltimas\"],\"inLanguage\":\"pt-PT\",\"potentialAction\":[{\"@type\":\"CommentAction\",\"name\":\"Comment\",\"target\":[\"https:\/\/brasilnoticias.org\/site\/professora-e-morta-a-pauladas-em-bom-jesus-da-serra\/#respond\"]}]},{\"@type\":\"WebPage\",\"@id\":\"https:\/\/brasilnoticias.org\/site\/professora-e-morta-a-pauladas-em-bom-jesus-da-serra\/\",\"url\":\"https:\/\/brasilnoticias.org\/site\/professora-e-morta-a-pauladas-em-bom-jesus-da-serra\/\",\"name\":\"Professora \u00e9 morta a pauladas em Bom Jesus da Serra - Brasil not\u00edcias\",\"isPartOf\":{\"@id\":\"https:\/\/brasilnoticias.org\/site\/#website\"},\"primaryImageOfPage\":{\"@id\":\"https:\/\/brasilnoticias.org\/site\/professora-e-morta-a-pauladas-em-bom-jesus-da-serra\/#primaryimage\"},\"image\":{\"@id\":\"https:\/\/brasilnoticias.org\/site\/professora-e-morta-a-pauladas-em-bom-jesus-da-serra\/#primaryimage\"},\"thumbnailUrl\":\"https:\/\/brasilnoticias.org\/site\/wp-content\/uploads\/2023\/04\/design_sem_nome_3ea0s61_widelg.jpg\",\"datePublished\":\"2023-04-18T09:13:15+00:00\",\"breadcrumb\":{\"@id\":\"https:\/\/brasilnoticias.org\/site\/professora-e-morta-a-pauladas-em-bom-jesus-da-serra\/#breadcrumb\"},\"inLanguage\":\"pt-PT\",\"potentialAction\":[{\"@type\":\"ReadAction\",\"target\":[\"https:\/\/brasilnoticias.org\/site\/professora-e-morta-a-pauladas-em-bom-jesus-da-serra\/\"]}]},{\"@type\":\"ImageObject\",\"inLanguage\":\"pt-PT\",\"@id\":\"https:\/\/brasilnoticias.org\/site\/professora-e-morta-a-pauladas-em-bom-jesus-da-serra\/#primaryimage\",\"url\":\"https:\/\/brasilnoticias.org\/site\/wp-content\/uploads\/2023\/04\/design_sem_nome_3ea0s61_widelg.jpg\",\"contentUrl\":\"https:\/\/brasilnoticias.org\/site\/wp-content\/uploads\/2023\/04\/design_sem_nome_3ea0s61_widelg.jpg\",\"width\":800,\"height\":450},{\"@type\":\"BreadcrumbList\",\"@id\":\"https:\/\/brasilnoticias.org\/site\/professora-e-morta-a-pauladas-em-bom-jesus-da-serra\/#breadcrumb\",\"itemListElement\":[{\"@type\":\"ListItem\",\"position\":1,\"name\":\"In\u00edcio\",\"item\":\"https:\/\/brasilnoticias.org\/site\/\"},{\"@type\":\"ListItem\",\"position\":2,\"name\":\"Professora \u00e9 morta a pauladas em Bom Jesus da Serra\"}]},{\"@type\":\"WebSite\",\"@id\":\"https:\/\/brasilnoticias.org\/site\/#website\",\"url\":\"https:\/\/brasilnoticias.org\/site\/\",\"name\":\"Brasil not\u00edcias\",\"description\":\"Brasil not\u00edcias\",\"publisher\":{\"@id\":\"https:\/\/brasilnoticias.org\/site\/#organization\"},\"potentialAction\":[{\"@type\":\"SearchAction\",\"target\":{\"@type\":\"EntryPoint\",\"urlTemplate\":\"https:\/\/brasilnoticias.org\/site\/?s={search_term_string}\"},\"query-input\":{\"@type\":\"PropertyValueSpecification\",\"valueRequired\":true,\"valueName\":\"search_term_string\"}}],\"inLanguage\":\"pt-PT\"},{\"@type\":\"Organization\",\"@id\":\"https:\/\/brasilnoticias.org\/site\/#organization\",\"name\":\"Brasil not\u00edcias\",\"url\":\"https:\/\/brasilnoticias.org\/site\/\",\"logo\":{\"@type\":\"ImageObject\",\"inLanguage\":\"pt-PT\",\"@id\":\"https:\/\/brasilnoticias.org\/site\/#\/schema\/logo\/image\/\",\"url\":\"https:\/\/brasilnoticias.org\/site\/wp-content\/uploads\/2022\/05\/cropped-brasilnoticias-mini.jpg\",\"contentUrl\":\"https:\/\/brasilnoticias.org\/site\/wp-content\/uploads\/2022\/05\/cropped-brasilnoticias-mini.jpg\",\"width\":314,\"height\":86,\"caption\":\"Brasil not\u00edcias\"},\"image\":{\"@id\":\"https:\/\/brasilnoticias.org\/site\/#\/schema\/logo\/image\/\"}},{\"@type\":\"Person\",\"@id\":\"https:\/\/brasilnoticias.org\/site\/#\/schema\/person\/a0e05b973ec4d15c658d51911e53507b\",\"name\":\"Reda\u00e7\u00e3o\",\"image\":{\"@type\":\"ImageObject\",\"inLanguage\":\"pt-PT\",\"@id\":\"https:\/\/brasilnoticias.org\/site\/#\/schema\/person\/image\/\",\"url\":\"https:\/\/secure.gravatar.com\/avatar\/75d8b050df2de108b08ae78dfb8e374892df24a383c67db9c46a9c604f6aee9c?s=96&d=mm&r=g\",\"contentUrl\":\"https:\/\/secure.gravatar.com\/avatar\/75d8b050df2de108b08ae78dfb8e374892df24a383c67db9c46a9c604f6aee9c?s=96&d=mm&r=g\",\"caption\":\"Reda\u00e7\u00e3o\"},\"sameAs\":[\"https:\/\/brasilnoticias.org\/site\"],\"url\":\"https:\/\/brasilnoticias.org\/site\/author\/fernandozsngmail-com\/\"}]}<\/script>\n<!-- \/ Yoast SEO plugin. -->","yoast_head_json":{"title":"Professora \u00e9 morta a pauladas em Bom Jesus da Serra - Brasil not\u00edcias","robots":{"index":"index","follow":"follow","max-snippet":"max-snippet:-1","max-image-preview":"max-image-preview:large","max-video-preview":"max-video-preview:-1"},"canonical":"https:\/\/brasilnoticias.org\/site\/professora-e-morta-a-pauladas-em-bom-jesus-da-serra\/","og_locale":"pt_PT","og_type":"article","og_title":"Professora \u00e9 morta a pauladas em Bom Jesus da Serra - Brasil not\u00edcias","og_description":"Uma professora foi morta a pauladas na noite deste domingo (16), na Lagoa de Baixo, zona rural do munic\u00edpio de","og_url":"https:\/\/brasilnoticias.org\/site\/professora-e-morta-a-pauladas-em-bom-jesus-da-serra\/","og_site_name":"Brasil not\u00edcias","article_published_time":"2023-04-18T09:13:15+00:00","og_image":[{"width":800,"height":450,"url":"https:\/\/brasilnoticias.org\/site\/wp-content\/uploads\/2023\/04\/design_sem_nome_3ea0s61_widelg.jpg","type":"image\/jpeg"}],"author":"Reda\u00e7\u00e3o","twitter_card":"summary_large_image","twitter_misc":{"Escrito por":"Reda\u00e7\u00e3o"},"schema":{"@context":"https:\/\/schema.org","@graph":[{"@type":"Article","@id":"https:\/\/brasilnoticias.org\/site\/professora-e-morta-a-pauladas-em-bom-jesus-da-serra\/#article","isPartOf":{"@id":"https:\/\/brasilnoticias.org\/site\/professora-e-morta-a-pauladas-em-bom-jesus-da-serra\/"},"author":{"name":"Reda\u00e7\u00e3o","@id":"https:\/\/brasilnoticias.org\/site\/#\/schema\/person\/a0e05b973ec4d15c658d51911e53507b"},"headline":"Professora \u00e9 morta a pauladas em Bom Jesus da Serra","datePublished":"2023-04-18T09:13:15+00:00","mainEntityOfPage":{"@id":"https:\/\/brasilnoticias.org\/site\/professora-e-morta-a-pauladas-em-bom-jesus-da-serra\/"},"wordCount":184,"commentCount":0,"publisher":{"@id":"https:\/\/brasilnoticias.org\/site\/#organization"},"image":{"@id":"https:\/\/brasilnoticias.org\/site\/professora-e-morta-a-pauladas-em-bom-jesus-da-serra\/#primaryimage"},"thumbnailUrl":"https:\/\/brasilnoticias.org\/site\/wp-content\/uploads\/2023\/04\/design_sem_nome_3ea0s61_widelg.jpg","articleSection":["Pol\u00edcia","\u00daltimas"],"inLanguage":"pt-PT","potentialAction":[{"@type":"CommentAction","name":"Comment","target":["https:\/\/brasilnoticias.org\/site\/professora-e-morta-a-pauladas-em-bom-jesus-da-serra\/#respond"]}]},{"@type":"WebPage","@id":"https:\/\/brasilnoticias.org\/site\/professora-e-morta-a-pauladas-em-bom-jesus-da-serra\/","url":"https:\/\/brasilnoticias.org\/site\/professora-e-morta-a-pauladas-em-bom-jesus-da-serra\/","name":"Professora \u00e9 morta a pauladas em Bom Jesus da Serra - Brasil not\u00edcias","isPartOf":{"@id":"https:\/\/brasilnoticias.org\/site\/#website"},"primaryImageOfPage":{"@id":"https:\/\/brasilnoticias.org\/site\/professora-e-morta-a-pauladas-em-bom-jesus-da-serra\/#primaryimage"},"image":{"@id":"https:\/\/brasilnoticias.org\/site\/professora-e-morta-a-pauladas-em-bom-jesus-da-serra\/#primaryimage"},"thumbnailUrl":"https:\/\/brasilnoticias.org\/site\/wp-content\/uploads\/2023\/04\/design_sem_nome_3ea0s61_widelg.jpg","datePublished":"2023-04-18T09:13:15+00:00","breadcrumb":{"@id":"https:\/\/brasilnoticias.org\/site\/professora-e-morta-a-pauladas-em-bom-jesus-da-serra\/#breadcrumb"},"inLanguage":"pt-PT","potentialAction":[{"@type":"ReadAction","target":["https:\/\/brasilnoticias.org\/site\/professora-e-morta-a-pauladas-em-bom-jesus-da-serra\/"]}]},{"@type":"ImageObject","inLanguage":"pt-PT","@id":"https:\/\/brasilnoticias.org\/site\/professora-e-morta-a-pauladas-em-bom-jesus-da-serra\/#primaryimage","url":"https:\/\/brasilnoticias.org\/site\/wp-content\/uploads\/2023\/04\/design_sem_nome_3ea0s61_widelg.jpg","contentUrl":"https:\/\/brasilnoticias.org\/site\/wp-content\/uploads\/2023\/04\/design_sem_nome_3ea0s61_widelg.jpg","width":800,"height":450},{"@type":"BreadcrumbList","@id":"https:\/\/brasilnoticias.org\/site\/professora-e-morta-a-pauladas-em-bom-jesus-da-serra\/#breadcrumb","itemListElement":[{"@type":"ListItem","position":1,"name":"In\u00edcio","item":"https:\/\/brasilnoticias.org\/site\/"},{"@type":"ListItem","position":2,"name":"Professora \u00e9 morta a pauladas em Bom Jesus da Serra"}]},{"@type":"WebSite","@id":"https:\/\/brasilnoticias.org\/site\/#website","url":"https:\/\/brasilnoticias.org\/site\/","name":"Brasil not\u00edcias","description":"Brasil not\u00edcias","publisher":{"@id":"https:\/\/brasilnoticias.org\/site\/#organization"},"potentialAction":[{"@type":"SearchAction","target":{"@type":"EntryPoint","urlTemplate":"https:\/\/brasilnoticias.org\/site\/?s={search_term_string}"},"query-input":{"@type":"PropertyValueSpecification","valueRequired":true,"valueName":"search_term_string"}}],"inLanguage":"pt-PT"},{"@type":"Organization","@id":"https:\/\/brasilnoticias.org\/site\/#organization","name":"Brasil not\u00edcias","url":"https:\/\/brasilnoticias.org\/site\/","logo":{"@type":"ImageObject","inLanguage":"pt-PT","@id":"https:\/\/brasilnoticias.org\/site\/#\/schema\/logo\/image\/","url":"https:\/\/brasilnoticias.org\/site\/wp-content\/uploads\/2022\/05\/cropped-brasilnoticias-mini.jpg","contentUrl":"https:\/\/brasilnoticias.org\/site\/wp-content\/uploads\/2022\/05\/cropped-brasilnoticias-mini.jpg","width":314,"height":86,"caption":"Brasil not\u00edcias"},"image":{"@id":"https:\/\/brasilnoticias.org\/site\/#\/schema\/logo\/image\/"}},{"@type":"Person","@id":"https:\/\/brasilnoticias.org\/site\/#\/schema\/person\/a0e05b973ec4d15c658d51911e53507b","name":"Reda\u00e7\u00e3o","image":{"@type":"ImageObject","inLanguage":"pt-PT","@id":"https:\/\/brasilnoticias.org\/site\/#\/schema\/person\/image\/","url":"https:\/\/secure.gravatar.com\/avatar\/75d8b050df2de108b08ae78dfb8e374892df24a383c67db9c46a9c604f6aee9c?s=96&d=mm&r=g","contentUrl":"https:\/\/secure.gravatar.com\/avatar\/75d8b050df2de108b08ae78dfb8e374892df24a383c67db9c46a9c604f6aee9c?s=96&d=mm&r=g","caption":"Reda\u00e7\u00e3o"},"sameAs":["https:\/\/brasilnoticias.org\/site"],"url":"https:\/\/brasilnoticias.org\/site\/author\/fernandozsngmail-com\/"}]}},"_links":{"self":[{"href":"https:\/\/brasilnoticias.org\/site\/wp-json\/wp\/v2\/posts\/5514","targetHints":{"allow":["GET"]}}],"collection":[{"href":"https:\/\/brasilnoticias.org\/site\/wp-json\/wp\/v2\/posts"}],"about":[{"href":"https:\/\/brasilnoticias.org\/site\/wp-json\/wp\/v2\/types\/post"}],"author":[{"embeddable":true,"href":"https:\/\/brasilnoticias.org\/site\/wp-json\/wp\/v2\/users\/1"}],"replies":[{"embeddable":true,"href":"https:\/\/brasilnoticias.org\/site\/wp-json\/wp\/v2\/comments?post=5514"}],"version-history":[{"count":1,"href":"https:\/\/brasilnoticias.org\/site\/wp-json\/wp\/v2\/posts\/5514\/revisions"}],"predecessor-version":[{"id":5516,"href":"https:\/\/brasilnoticias.org\/site\/wp-json\/wp\/v2\/posts\/5514\/revisions\/5516"}],"wp:featuredmedia":[{"embeddable":true,"href":"https:\/\/brasilnoticias.org\/site\/wp-json\/wp\/v2\/media\/5515"}],"wp:attachment":[{"href":"https:\/\/brasilnoticias.org\/site\/wp-json\/wp\/v2\/media?parent=5514"}],"wp:term":[{"taxonomy":"category","embeddable":true,"href":"https:\/\/brasilnoticias.org\/site\/wp-json\/wp\/v2\/categories?post=5514"},{"taxonomy":"post_tag","embeddable":true,"href":"https:\/\/brasilnoticias.org\/site\/wp-json\/wp\/v2\/tags?post=5514"}],"curies":[{"name":"wp","href":"https:\/\/api.w.org\/{rel}","templated":true}]}}