{"id":5529,"date":"2023-04-18T18:10:03","date_gmt":"2023-04-18T21:10:03","guid":{"rendered":"https:\/\/brasilnoticias.org\/site\/?p=5529"},"modified":"2023-04-18T18:11:06","modified_gmt":"2023-04-18T21:11:06","slug":"de-ultima-hora-ricardo-goulart-deve-anunciar-aposentadoria-do-futebol-nos-proximos-dias","status":"publish","type":"post","link":"https:\/\/brasilnoticias.org\/site\/de-ultima-hora-ricardo-goulart-deve-anunciar-aposentadoria-do-futebol-nos-proximos-dias\/","title":{"rendered":"De \u00faltima hora! Ricardo Goulart deve anunciar aposentadoria do futebol nos pr\u00f3ximos dias"},"content":{"rendered":"<p>O atacante do Bahia, Ricardo Goulart, importante pe\u00e7a na campanha de acesso a s\u00e9rie A e na conquista do 50\u00ba t\u00edtulo baiano, est\u00e1 considerando se aposentar do futebol. De acordo com Jo\u00e3o Leiro, do canal Info Bah\u00eaa, o jogador de 31 anos poder\u00e1 fazer o an\u00fancio ainda essa semana. A chegada de outro atacante at\u00e9 o final da janela n\u00e3o est\u00e1 descartada. <\/p>\n<p>Ainda conforme as informa\u00e7\u00f5es, o atleta sequer vai esperar o t\u00e9rmino da temporada 2023 para anunciar que vai pendurar as chuteiras. Existe a possibilidade de que o jogador tenha um espa\u00e7o durante a apresenta\u00e7\u00e3o do zagueiro Vitor Hugo, na pr\u00f3xima quinta-feira (20), para realizar um pronunciamento acerca de sua aposentadoria. <\/p>\n<p>Ricardo Goulart realizou 32 partidas com a camisa do esquadr\u00e3o, marcando 5 gols e distribuindo 2 assist\u00eancias para seus companheiros. Apesar dos n\u00fameros n\u00e3o chamarem aten\u00e7\u00e3o, o jogador era considerado um dos l\u00edderes do elenco.  <\/p>\n<p>Felipe Oliveira \/ ECB<\/p>\n<p>BNews<\/p>\n","protected":false},"excerpt":{"rendered":"<p>O atacante do Bahia, Ricardo Goulart, importante pe\u00e7a na campanha de acesso a s\u00e9rie A e na conquista do 50\u00ba<\/p>\n","protected":false},"author":1,"featured_media":5531,"comment_status":"open","ping_status":"open","sticky":false,"template":"","format":"standard","meta":{"colormag_page_container_layout":"default_layout","colormag_page_sidebar_layout":"default_layout","_FSMCFIC_featured_image_caption":"","_FSMCFIC_featured_image_nocaption":"","_FSMCFIC_featured_image_hide":"","footnotes":""},"categories":[4,1],"tags":[],"class_list":["post-5529","post","type-post","status-publish","format-standard","has-post-thumbnail","hentry","category-esporte","category-ultimas"],"yoast_head":"<!-- This site is optimized with the Yoast SEO plugin v27.1.1 - https:\/\/yoast.com\/product\/yoast-seo-wordpress\/ -->\n<title>De \u00faltima hora! Ricardo Goulart deve anunciar aposentadoria do futebol nos pr\u00f3ximos dias - Brasil not\u00edcias<\/title>\n<meta name=\"robots\" content=\"index, follow, max-snippet:-1, max-image-preview:large, max-video-preview:-1\" \/>\n<link rel=\"canonical\" href=\"https:\/\/brasilnoticias.org\/site\/de-ultima-hora-ricardo-goulart-deve-anunciar-aposentadoria-do-futebol-nos-proximos-dias\/\" \/>\n<meta property=\"og:locale\" content=\"pt_PT\" \/>\n<meta property=\"og:type\" content=\"article\" \/>\n<meta property=\"og:title\" content=\"De \u00faltima hora! Ricardo Goulart deve anunciar aposentadoria do futebol nos pr\u00f3ximos dias - Brasil not\u00edcias\" \/>\n<meta property=\"og:description\" content=\"O atacante do Bahia, Ricardo Goulart, importante pe\u00e7a na campanha de acesso a s\u00e9rie A e na conquista do 50\u00ba\" \/>\n<meta property=\"og:url\" content=\"https:\/\/brasilnoticias.org\/site\/de-ultima-hora-ricardo-goulart-deve-anunciar-aposentadoria-do-futebol-nos-proximos-dias\/\" \/>\n<meta property=\"og:site_name\" content=\"Brasil not\u00edcias\" \/>\n<meta property=\"article:published_time\" content=\"2023-04-18T21:10:03+00:00\" \/>\n<meta property=\"article:modified_time\" content=\"2023-04-18T21:11:06+00:00\" \/>\n<meta property=\"og:image\" content=\"https:\/\/brasilnoticias.org\/site\/wp-content\/uploads\/2023\/04\/52257624377_79415f64fa_o_widelg_widelg.jpg\" \/>\n\t<meta property=\"og:image:width\" content=\"800\" \/>\n\t<meta property=\"og:image:height\" content=\"450\" \/>\n\t<meta property=\"og:image:type\" content=\"image\/jpeg\" \/>\n<meta name=\"author\" content=\"Reda\u00e7\u00e3o\" \/>\n<meta name=\"twitter:card\" content=\"summary_large_image\" \/>\n<meta name=\"twitter:label1\" content=\"Escrito por\" \/>\n\t<meta name=\"twitter:data1\" content=\"Reda\u00e7\u00e3o\" \/>\n\t<meta name=\"twitter:label2\" content=\"Tempo estimado de leitura\" \/>\n\t<meta name=\"twitter:data2\" content=\"1 minuto\" \/>\n<script type=\"application\/ld+json\" class=\"yoast-schema-graph\">{\"@context\":\"https:\/\/schema.org\",\"@graph\":[{\"@type\":\"Article\",\"@id\":\"https:\/\/brasilnoticias.org\/site\/de-ultima-hora-ricardo-goulart-deve-anunciar-aposentadoria-do-futebol-nos-proximos-dias\/#article\",\"isPartOf\":{\"@id\":\"https:\/\/brasilnoticias.org\/site\/de-ultima-hora-ricardo-goulart-deve-anunciar-aposentadoria-do-futebol-nos-proximos-dias\/\"},\"author\":{\"name\":\"Reda\u00e7\u00e3o\",\"@id\":\"https:\/\/brasilnoticias.org\/site\/#\/schema\/person\/a0e05b973ec4d15c658d51911e53507b\"},\"headline\":\"De \u00faltima hora! Ricardo Goulart deve anunciar aposentadoria do futebol nos pr\u00f3ximos dias\",\"datePublished\":\"2023-04-18T21:10:03+00:00\",\"dateModified\":\"2023-04-18T21:11:06+00:00\",\"mainEntityOfPage\":{\"@id\":\"https:\/\/brasilnoticias.org\/site\/de-ultima-hora-ricardo-goulart-deve-anunciar-aposentadoria-do-futebol-nos-proximos-dias\/\"},\"wordCount\":176,\"commentCount\":0,\"publisher\":{\"@id\":\"https:\/\/brasilnoticias.org\/site\/#organization\"},\"image\":{\"@id\":\"https:\/\/brasilnoticias.org\/site\/de-ultima-hora-ricardo-goulart-deve-anunciar-aposentadoria-do-futebol-nos-proximos-dias\/#primaryimage\"},\"thumbnailUrl\":\"https:\/\/brasilnoticias.org\/site\/wp-content\/uploads\/2023\/04\/52257624377_79415f64fa_o_widelg_widelg.jpg\",\"articleSection\":[\"Esporte\",\"\u00daltimas\"],\"inLanguage\":\"pt-PT\",\"potentialAction\":[{\"@type\":\"CommentAction\",\"name\":\"Comment\",\"target\":[\"https:\/\/brasilnoticias.org\/site\/de-ultima-hora-ricardo-goulart-deve-anunciar-aposentadoria-do-futebol-nos-proximos-dias\/#respond\"]}]},{\"@type\":\"WebPage\",\"@id\":\"https:\/\/brasilnoticias.org\/site\/de-ultima-hora-ricardo-goulart-deve-anunciar-aposentadoria-do-futebol-nos-proximos-dias\/\",\"url\":\"https:\/\/brasilnoticias.org\/site\/de-ultima-hora-ricardo-goulart-deve-anunciar-aposentadoria-do-futebol-nos-proximos-dias\/\",\"name\":\"De \u00faltima hora! Ricardo Goulart deve anunciar aposentadoria do futebol nos pr\u00f3ximos dias - Brasil not\u00edcias\",\"isPartOf\":{\"@id\":\"https:\/\/brasilnoticias.org\/site\/#website\"},\"primaryImageOfPage\":{\"@id\":\"https:\/\/brasilnoticias.org\/site\/de-ultima-hora-ricardo-goulart-deve-anunciar-aposentadoria-do-futebol-nos-proximos-dias\/#primaryimage\"},\"image\":{\"@id\":\"https:\/\/brasilnoticias.org\/site\/de-ultima-hora-ricardo-goulart-deve-anunciar-aposentadoria-do-futebol-nos-proximos-dias\/#primaryimage\"},\"thumbnailUrl\":\"https:\/\/brasilnoticias.org\/site\/wp-content\/uploads\/2023\/04\/52257624377_79415f64fa_o_widelg_widelg.jpg\",\"datePublished\":\"2023-04-18T21:10:03+00:00\",\"dateModified\":\"2023-04-18T21:11:06+00:00\",\"breadcrumb\":{\"@id\":\"https:\/\/brasilnoticias.org\/site\/de-ultima-hora-ricardo-goulart-deve-anunciar-aposentadoria-do-futebol-nos-proximos-dias\/#breadcrumb\"},\"inLanguage\":\"pt-PT\",\"potentialAction\":[{\"@type\":\"ReadAction\",\"target\":[\"https:\/\/brasilnoticias.org\/site\/de-ultima-hora-ricardo-goulart-deve-anunciar-aposentadoria-do-futebol-nos-proximos-dias\/\"]}]},{\"@type\":\"ImageObject\",\"inLanguage\":\"pt-PT\",\"@id\":\"https:\/\/brasilnoticias.org\/site\/de-ultima-hora-ricardo-goulart-deve-anunciar-aposentadoria-do-futebol-nos-proximos-dias\/#primaryimage\",\"url\":\"https:\/\/brasilnoticias.org\/site\/wp-content\/uploads\/2023\/04\/52257624377_79415f64fa_o_widelg_widelg.jpg\",\"contentUrl\":\"https:\/\/brasilnoticias.org\/site\/wp-content\/uploads\/2023\/04\/52257624377_79415f64fa_o_widelg_widelg.jpg\",\"width\":800,\"height\":450},{\"@type\":\"BreadcrumbList\",\"@id\":\"https:\/\/brasilnoticias.org\/site\/de-ultima-hora-ricardo-goulart-deve-anunciar-aposentadoria-do-futebol-nos-proximos-dias\/#breadcrumb\",\"itemListElement\":[{\"@type\":\"ListItem\",\"position\":1,\"name\":\"In\u00edcio\",\"item\":\"https:\/\/brasilnoticias.org\/site\/\"},{\"@type\":\"ListItem\",\"position\":2,\"name\":\"De \u00faltima hora! Ricardo Goulart deve anunciar aposentadoria do futebol nos pr\u00f3ximos dias\"}]},{\"@type\":\"WebSite\",\"@id\":\"https:\/\/brasilnoticias.org\/site\/#website\",\"url\":\"https:\/\/brasilnoticias.org\/site\/\",\"name\":\"Brasil not\u00edcias\",\"description\":\"Brasil not\u00edcias\",\"publisher\":{\"@id\":\"https:\/\/brasilnoticias.org\/site\/#organization\"},\"potentialAction\":[{\"@type\":\"SearchAction\",\"target\":{\"@type\":\"EntryPoint\",\"urlTemplate\":\"https:\/\/brasilnoticias.org\/site\/?s={search_term_string}\"},\"query-input\":{\"@type\":\"PropertyValueSpecification\",\"valueRequired\":true,\"valueName\":\"search_term_string\"}}],\"inLanguage\":\"pt-PT\"},{\"@type\":\"Organization\",\"@id\":\"https:\/\/brasilnoticias.org\/site\/#organization\",\"name\":\"Brasil not\u00edcias\",\"url\":\"https:\/\/brasilnoticias.org\/site\/\",\"logo\":{\"@type\":\"ImageObject\",\"inLanguage\":\"pt-PT\",\"@id\":\"https:\/\/brasilnoticias.org\/site\/#\/schema\/logo\/image\/\",\"url\":\"https:\/\/brasilnoticias.org\/site\/wp-content\/uploads\/2022\/05\/cropped-brasilnoticias-mini.jpg\",\"contentUrl\":\"https:\/\/brasilnoticias.org\/site\/wp-content\/uploads\/2022\/05\/cropped-brasilnoticias-mini.jpg\",\"width\":314,\"height\":86,\"caption\":\"Brasil not\u00edcias\"},\"image\":{\"@id\":\"https:\/\/brasilnoticias.org\/site\/#\/schema\/logo\/image\/\"}},{\"@type\":\"Person\",\"@id\":\"https:\/\/brasilnoticias.org\/site\/#\/schema\/person\/a0e05b973ec4d15c658d51911e53507b\",\"name\":\"Reda\u00e7\u00e3o\",\"image\":{\"@type\":\"ImageObject\",\"inLanguage\":\"pt-PT\",\"@id\":\"https:\/\/brasilnoticias.org\/site\/#\/schema\/person\/image\/\",\"url\":\"https:\/\/secure.gravatar.com\/avatar\/75d8b050df2de108b08ae78dfb8e374892df24a383c67db9c46a9c604f6aee9c?s=96&d=mm&r=g\",\"contentUrl\":\"https:\/\/secure.gravatar.com\/avatar\/75d8b050df2de108b08ae78dfb8e374892df24a383c67db9c46a9c604f6aee9c?s=96&d=mm&r=g\",\"caption\":\"Reda\u00e7\u00e3o\"},\"sameAs\":[\"https:\/\/brasilnoticias.org\/site\"],\"url\":\"https:\/\/brasilnoticias.org\/site\/author\/fernandozsngmail-com\/\"}]}<\/script>\n<!-- \/ Yoast SEO plugin. -->","yoast_head_json":{"title":"De \u00faltima hora! Ricardo Goulart deve anunciar aposentadoria do futebol nos pr\u00f3ximos dias - Brasil not\u00edcias","robots":{"index":"index","follow":"follow","max-snippet":"max-snippet:-1","max-image-preview":"max-image-preview:large","max-video-preview":"max-video-preview:-1"},"canonical":"https:\/\/brasilnoticias.org\/site\/de-ultima-hora-ricardo-goulart-deve-anunciar-aposentadoria-do-futebol-nos-proximos-dias\/","og_locale":"pt_PT","og_type":"article","og_title":"De \u00faltima hora! Ricardo Goulart deve anunciar aposentadoria do futebol nos pr\u00f3ximos dias - Brasil not\u00edcias","og_description":"O atacante do Bahia, Ricardo Goulart, importante pe\u00e7a na campanha de acesso a s\u00e9rie A e na conquista do 50\u00ba","og_url":"https:\/\/brasilnoticias.org\/site\/de-ultima-hora-ricardo-goulart-deve-anunciar-aposentadoria-do-futebol-nos-proximos-dias\/","og_site_name":"Brasil not\u00edcias","article_published_time":"2023-04-18T21:10:03+00:00","article_modified_time":"2023-04-18T21:11:06+00:00","og_image":[{"width":800,"height":450,"url":"https:\/\/brasilnoticias.org\/site\/wp-content\/uploads\/2023\/04\/52257624377_79415f64fa_o_widelg_widelg.jpg","type":"image\/jpeg"}],"author":"Reda\u00e7\u00e3o","twitter_card":"summary_large_image","twitter_misc":{"Escrito por":"Reda\u00e7\u00e3o","Tempo estimado de leitura":"1 minuto"},"schema":{"@context":"https:\/\/schema.org","@graph":[{"@type":"Article","@id":"https:\/\/brasilnoticias.org\/site\/de-ultima-hora-ricardo-goulart-deve-anunciar-aposentadoria-do-futebol-nos-proximos-dias\/#article","isPartOf":{"@id":"https:\/\/brasilnoticias.org\/site\/de-ultima-hora-ricardo-goulart-deve-anunciar-aposentadoria-do-futebol-nos-proximos-dias\/"},"author":{"name":"Reda\u00e7\u00e3o","@id":"https:\/\/brasilnoticias.org\/site\/#\/schema\/person\/a0e05b973ec4d15c658d51911e53507b"},"headline":"De \u00faltima hora! Ricardo Goulart deve anunciar aposentadoria do futebol nos pr\u00f3ximos dias","datePublished":"2023-04-18T21:10:03+00:00","dateModified":"2023-04-18T21:11:06+00:00","mainEntityOfPage":{"@id":"https:\/\/brasilnoticias.org\/site\/de-ultima-hora-ricardo-goulart-deve-anunciar-aposentadoria-do-futebol-nos-proximos-dias\/"},"wordCount":176,"commentCount":0,"publisher":{"@id":"https:\/\/brasilnoticias.org\/site\/#organization"},"image":{"@id":"https:\/\/brasilnoticias.org\/site\/de-ultima-hora-ricardo-goulart-deve-anunciar-aposentadoria-do-futebol-nos-proximos-dias\/#primaryimage"},"thumbnailUrl":"https:\/\/brasilnoticias.org\/site\/wp-content\/uploads\/2023\/04\/52257624377_79415f64fa_o_widelg_widelg.jpg","articleSection":["Esporte","\u00daltimas"],"inLanguage":"pt-PT","potentialAction":[{"@type":"CommentAction","name":"Comment","target":["https:\/\/brasilnoticias.org\/site\/de-ultima-hora-ricardo-goulart-deve-anunciar-aposentadoria-do-futebol-nos-proximos-dias\/#respond"]}]},{"@type":"WebPage","@id":"https:\/\/brasilnoticias.org\/site\/de-ultima-hora-ricardo-goulart-deve-anunciar-aposentadoria-do-futebol-nos-proximos-dias\/","url":"https:\/\/brasilnoticias.org\/site\/de-ultima-hora-ricardo-goulart-deve-anunciar-aposentadoria-do-futebol-nos-proximos-dias\/","name":"De \u00faltima hora! Ricardo Goulart deve anunciar aposentadoria do futebol nos pr\u00f3ximos dias - Brasil not\u00edcias","isPartOf":{"@id":"https:\/\/brasilnoticias.org\/site\/#website"},"primaryImageOfPage":{"@id":"https:\/\/brasilnoticias.org\/site\/de-ultima-hora-ricardo-goulart-deve-anunciar-aposentadoria-do-futebol-nos-proximos-dias\/#primaryimage"},"image":{"@id":"https:\/\/brasilnoticias.org\/site\/de-ultima-hora-ricardo-goulart-deve-anunciar-aposentadoria-do-futebol-nos-proximos-dias\/#primaryimage"},"thumbnailUrl":"https:\/\/brasilnoticias.org\/site\/wp-content\/uploads\/2023\/04\/52257624377_79415f64fa_o_widelg_widelg.jpg","datePublished":"2023-04-18T21:10:03+00:00","dateModified":"2023-04-18T21:11:06+00:00","breadcrumb":{"@id":"https:\/\/brasilnoticias.org\/site\/de-ultima-hora-ricardo-goulart-deve-anunciar-aposentadoria-do-futebol-nos-proximos-dias\/#breadcrumb"},"inLanguage":"pt-PT","potentialAction":[{"@type":"ReadAction","target":["https:\/\/brasilnoticias.org\/site\/de-ultima-hora-ricardo-goulart-deve-anunciar-aposentadoria-do-futebol-nos-proximos-dias\/"]}]},{"@type":"ImageObject","inLanguage":"pt-PT","@id":"https:\/\/brasilnoticias.org\/site\/de-ultima-hora-ricardo-goulart-deve-anunciar-aposentadoria-do-futebol-nos-proximos-dias\/#primaryimage","url":"https:\/\/brasilnoticias.org\/site\/wp-content\/uploads\/2023\/04\/52257624377_79415f64fa_o_widelg_widelg.jpg","contentUrl":"https:\/\/brasilnoticias.org\/site\/wp-content\/uploads\/2023\/04\/52257624377_79415f64fa_o_widelg_widelg.jpg","width":800,"height":450},{"@type":"BreadcrumbList","@id":"https:\/\/brasilnoticias.org\/site\/de-ultima-hora-ricardo-goulart-deve-anunciar-aposentadoria-do-futebol-nos-proximos-dias\/#breadcrumb","itemListElement":[{"@type":"ListItem","position":1,"name":"In\u00edcio","item":"https:\/\/brasilnoticias.org\/site\/"},{"@type":"ListItem","position":2,"name":"De \u00faltima hora! Ricardo Goulart deve anunciar aposentadoria do futebol nos pr\u00f3ximos dias"}]},{"@type":"WebSite","@id":"https:\/\/brasilnoticias.org\/site\/#website","url":"https:\/\/brasilnoticias.org\/site\/","name":"Brasil not\u00edcias","description":"Brasil not\u00edcias","publisher":{"@id":"https:\/\/brasilnoticias.org\/site\/#organization"},"potentialAction":[{"@type":"SearchAction","target":{"@type":"EntryPoint","urlTemplate":"https:\/\/brasilnoticias.org\/site\/?s={search_term_string}"},"query-input":{"@type":"PropertyValueSpecification","valueRequired":true,"valueName":"search_term_string"}}],"inLanguage":"pt-PT"},{"@type":"Organization","@id":"https:\/\/brasilnoticias.org\/site\/#organization","name":"Brasil not\u00edcias","url":"https:\/\/brasilnoticias.org\/site\/","logo":{"@type":"ImageObject","inLanguage":"pt-PT","@id":"https:\/\/brasilnoticias.org\/site\/#\/schema\/logo\/image\/","url":"https:\/\/brasilnoticias.org\/site\/wp-content\/uploads\/2022\/05\/cropped-brasilnoticias-mini.jpg","contentUrl":"https:\/\/brasilnoticias.org\/site\/wp-content\/uploads\/2022\/05\/cropped-brasilnoticias-mini.jpg","width":314,"height":86,"caption":"Brasil not\u00edcias"},"image":{"@id":"https:\/\/brasilnoticias.org\/site\/#\/schema\/logo\/image\/"}},{"@type":"Person","@id":"https:\/\/brasilnoticias.org\/site\/#\/schema\/person\/a0e05b973ec4d15c658d51911e53507b","name":"Reda\u00e7\u00e3o","image":{"@type":"ImageObject","inLanguage":"pt-PT","@id":"https:\/\/brasilnoticias.org\/site\/#\/schema\/person\/image\/","url":"https:\/\/secure.gravatar.com\/avatar\/75d8b050df2de108b08ae78dfb8e374892df24a383c67db9c46a9c604f6aee9c?s=96&d=mm&r=g","contentUrl":"https:\/\/secure.gravatar.com\/avatar\/75d8b050df2de108b08ae78dfb8e374892df24a383c67db9c46a9c604f6aee9c?s=96&d=mm&r=g","caption":"Reda\u00e7\u00e3o"},"sameAs":["https:\/\/brasilnoticias.org\/site"],"url":"https:\/\/brasilnoticias.org\/site\/author\/fernandozsngmail-com\/"}]}},"_links":{"self":[{"href":"https:\/\/brasilnoticias.org\/site\/wp-json\/wp\/v2\/posts\/5529","targetHints":{"allow":["GET"]}}],"collection":[{"href":"https:\/\/brasilnoticias.org\/site\/wp-json\/wp\/v2\/posts"}],"about":[{"href":"https:\/\/brasilnoticias.org\/site\/wp-json\/wp\/v2\/types\/post"}],"author":[{"embeddable":true,"href":"https:\/\/brasilnoticias.org\/site\/wp-json\/wp\/v2\/users\/1"}],"replies":[{"embeddable":true,"href":"https:\/\/brasilnoticias.org\/site\/wp-json\/wp\/v2\/comments?post=5529"}],"version-history":[{"count":1,"href":"https:\/\/brasilnoticias.org\/site\/wp-json\/wp\/v2\/posts\/5529\/revisions"}],"predecessor-version":[{"id":5530,"href":"https:\/\/brasilnoticias.org\/site\/wp-json\/wp\/v2\/posts\/5529\/revisions\/5530"}],"wp:featuredmedia":[{"embeddable":true,"href":"https:\/\/brasilnoticias.org\/site\/wp-json\/wp\/v2\/media\/5531"}],"wp:attachment":[{"href":"https:\/\/brasilnoticias.org\/site\/wp-json\/wp\/v2\/media?parent=5529"}],"wp:term":[{"taxonomy":"category","embeddable":true,"href":"https:\/\/brasilnoticias.org\/site\/wp-json\/wp\/v2\/categories?post=5529"},{"taxonomy":"post_tag","embeddable":true,"href":"https:\/\/brasilnoticias.org\/site\/wp-json\/wp\/v2\/tags?post=5529"}],"curies":[{"name":"wp","href":"https:\/\/api.w.org\/{rel}","templated":true}]}}