{"id":5544,"date":"2023-04-19T07:27:41","date_gmt":"2023-04-19T10:27:41","guid":{"rendered":"https:\/\/brasilnoticias.org\/site\/?p=5544"},"modified":"2023-04-19T07:27:41","modified_gmt":"2023-04-19T10:27:41","slug":"situacoes-com-refens-em-tancredo-neves-chegam-ao-fim-oito-foram-presos","status":"publish","type":"post","link":"https:\/\/brasilnoticias.org\/site\/situacoes-com-refens-em-tancredo-neves-chegam-ao-fim-oito-foram-presos\/","title":{"rendered":"Situa\u00e7\u00f5es com ref\u00e9ns em Tancredo Neves chegam ao fim; oito foram presos"},"content":{"rendered":"<p>A Secretaria de Seguran\u00e7a P\u00fablica (SSP) confirmou que as duas situa\u00e7\u00f5es com ref\u00e9ns no bairro de Tancredo Neves, em Salvador, chegaram ao fim, na noite desta ter\u00e7a-feira (18). Os policias do Batalh\u00e3o de Opera\u00e7\u00f5es Especiais (Bope) conseguiram negociar e ningu\u00e9m ficou ferido, enquanto oito homens, acusados de serem respons\u00e1veis pelos crimes, foram presos. Ainda segundo a pasta, havia quatro em cada casa.<\/p>\n<p>Pistolas, granada e outros materias foram apreendidos com os presos, que foram encaminhadas por prepostos da Rondesp Cenrtral ao Departamento de Repress\u00e3o e Combate ao Crime Organizado (Draco).<\/p>\n<p>H\u00e1 uma semana a pol\u00edcia ocupou o bairro, ap\u00f3s uma s\u00e9rie de ataques e troca de tiros que acontecerem na regi\u00e3o. Somente nas \u00faltimas 24 horas foram quatro situa\u00e7\u00f5es com ref\u00e9ns no bairro, onde todas as v\u00edtimas foram liberadas ap\u00f3s horas de negocia\u00e7\u00e3o. Em todos os casos, os acusados possuiam um grande arsenal b\u00e9lico.<\/p>\n<p>Ao todo, j\u00e1 foram 15 pessoas presas por esse tipo de situa\u00e7\u00e3o. H\u00e1 tamb\u00e9m outras pris\u00f5es por porte de arma e tr\u00e1fico, al\u00e9m de mortos que teriam disparados contra militares e acabaram morrendo na troca de tiros.<\/p>\n<p>Foto Reprodu\u00e7\u00e3o\/ TV Itapoan<br \/>\nBNews<\/p>\n","protected":false},"excerpt":{"rendered":"<p>A Secretaria de Seguran\u00e7a P\u00fablica (SSP) confirmou que as duas situa\u00e7\u00f5es com ref\u00e9ns no bairro de Tancredo Neves, em Salvador,<\/p>\n","protected":false},"author":1,"featured_media":5545,"comment_status":"open","ping_status":"open","sticky":false,"template":"","format":"standard","meta":{"colormag_page_container_layout":"default_layout","colormag_page_sidebar_layout":"default_layout","_FSMCFIC_featured_image_caption":"","_FSMCFIC_featured_image_nocaption":"","_FSMCFIC_featured_image_hide":"","footnotes":""},"categories":[3,1],"tags":[],"class_list":["post-5544","post","type-post","status-publish","format-standard","has-post-thumbnail","hentry","category-policia","category-ultimas"],"yoast_head":"<!-- This site is optimized with the Yoast SEO plugin v27.1.1 - https:\/\/yoast.com\/product\/yoast-seo-wordpress\/ -->\n<title>Situa\u00e7\u00f5es com ref\u00e9ns em Tancredo Neves chegam ao fim; oito foram presos - Brasil not\u00edcias<\/title>\n<meta name=\"robots\" content=\"index, follow, max-snippet:-1, max-image-preview:large, max-video-preview:-1\" \/>\n<link rel=\"canonical\" href=\"https:\/\/brasilnoticias.org\/site\/situacoes-com-refens-em-tancredo-neves-chegam-ao-fim-oito-foram-presos\/\" \/>\n<meta property=\"og:locale\" content=\"pt_PT\" \/>\n<meta property=\"og:type\" content=\"article\" \/>\n<meta property=\"og:title\" content=\"Situa\u00e7\u00f5es com ref\u00e9ns em Tancredo Neves chegam ao fim; oito foram presos - Brasil not\u00edcias\" \/>\n<meta property=\"og:description\" content=\"A Secretaria de Seguran\u00e7a P\u00fablica (SSP) confirmou que as duas situa\u00e7\u00f5es com ref\u00e9ns no bairro de Tancredo Neves, em Salvador,\" \/>\n<meta property=\"og:url\" content=\"https:\/\/brasilnoticias.org\/site\/situacoes-com-refens-em-tancredo-neves-chegam-ao-fim-oito-foram-presos\/\" \/>\n<meta property=\"og:site_name\" content=\"Brasil not\u00edcias\" \/>\n<meta property=\"article:published_time\" content=\"2023-04-19T10:27:41+00:00\" \/>\n<meta property=\"og:image\" content=\"https:\/\/brasilnoticias.org\/site\/wp-content\/uploads\/2023\/04\/situacao_com_refens_em_tancredo_neves_chega_ao_fim_outra_segue_em_negociacao_widelg.jpeg\" \/>\n\t<meta property=\"og:image:width\" content=\"663\" \/>\n\t<meta property=\"og:image:height\" content=\"325\" \/>\n\t<meta property=\"og:image:type\" content=\"image\/jpeg\" \/>\n<meta name=\"author\" content=\"Reda\u00e7\u00e3o\" \/>\n<meta name=\"twitter:card\" content=\"summary_large_image\" \/>\n<meta name=\"twitter:label1\" content=\"Escrito por\" \/>\n\t<meta name=\"twitter:data1\" content=\"Reda\u00e7\u00e3o\" \/>\n<script type=\"application\/ld+json\" class=\"yoast-schema-graph\">{\"@context\":\"https:\/\/schema.org\",\"@graph\":[{\"@type\":\"Article\",\"@id\":\"https:\/\/brasilnoticias.org\/site\/situacoes-com-refens-em-tancredo-neves-chegam-ao-fim-oito-foram-presos\/#article\",\"isPartOf\":{\"@id\":\"https:\/\/brasilnoticias.org\/site\/situacoes-com-refens-em-tancredo-neves-chegam-ao-fim-oito-foram-presos\/\"},\"author\":{\"name\":\"Reda\u00e7\u00e3o\",\"@id\":\"https:\/\/brasilnoticias.org\/site\/#\/schema\/person\/a0e05b973ec4d15c658d51911e53507b\"},\"headline\":\"Situa\u00e7\u00f5es com ref\u00e9ns em Tancredo Neves chegam ao fim; oito foram presos\",\"datePublished\":\"2023-04-19T10:27:41+00:00\",\"mainEntityOfPage\":{\"@id\":\"https:\/\/brasilnoticias.org\/site\/situacoes-com-refens-em-tancredo-neves-chegam-ao-fim-oito-foram-presos\/\"},\"wordCount\":223,\"commentCount\":0,\"publisher\":{\"@id\":\"https:\/\/brasilnoticias.org\/site\/#organization\"},\"image\":{\"@id\":\"https:\/\/brasilnoticias.org\/site\/situacoes-com-refens-em-tancredo-neves-chegam-ao-fim-oito-foram-presos\/#primaryimage\"},\"thumbnailUrl\":\"https:\/\/brasilnoticias.org\/site\/wp-content\/uploads\/2023\/04\/situacao_com_refens_em_tancredo_neves_chega_ao_fim_outra_segue_em_negociacao_widelg.jpeg\",\"articleSection\":[\"Pol\u00edcia\",\"\u00daltimas\"],\"inLanguage\":\"pt-PT\",\"potentialAction\":[{\"@type\":\"CommentAction\",\"name\":\"Comment\",\"target\":[\"https:\/\/brasilnoticias.org\/site\/situacoes-com-refens-em-tancredo-neves-chegam-ao-fim-oito-foram-presos\/#respond\"]}]},{\"@type\":\"WebPage\",\"@id\":\"https:\/\/brasilnoticias.org\/site\/situacoes-com-refens-em-tancredo-neves-chegam-ao-fim-oito-foram-presos\/\",\"url\":\"https:\/\/brasilnoticias.org\/site\/situacoes-com-refens-em-tancredo-neves-chegam-ao-fim-oito-foram-presos\/\",\"name\":\"Situa\u00e7\u00f5es com ref\u00e9ns em Tancredo Neves chegam ao fim; oito foram presos - Brasil not\u00edcias\",\"isPartOf\":{\"@id\":\"https:\/\/brasilnoticias.org\/site\/#website\"},\"primaryImageOfPage\":{\"@id\":\"https:\/\/brasilnoticias.org\/site\/situacoes-com-refens-em-tancredo-neves-chegam-ao-fim-oito-foram-presos\/#primaryimage\"},\"image\":{\"@id\":\"https:\/\/brasilnoticias.org\/site\/situacoes-com-refens-em-tancredo-neves-chegam-ao-fim-oito-foram-presos\/#primaryimage\"},\"thumbnailUrl\":\"https:\/\/brasilnoticias.org\/site\/wp-content\/uploads\/2023\/04\/situacao_com_refens_em_tancredo_neves_chega_ao_fim_outra_segue_em_negociacao_widelg.jpeg\",\"datePublished\":\"2023-04-19T10:27:41+00:00\",\"breadcrumb\":{\"@id\":\"https:\/\/brasilnoticias.org\/site\/situacoes-com-refens-em-tancredo-neves-chegam-ao-fim-oito-foram-presos\/#breadcrumb\"},\"inLanguage\":\"pt-PT\",\"potentialAction\":[{\"@type\":\"ReadAction\",\"target\":[\"https:\/\/brasilnoticias.org\/site\/situacoes-com-refens-em-tancredo-neves-chegam-ao-fim-oito-foram-presos\/\"]}]},{\"@type\":\"ImageObject\",\"inLanguage\":\"pt-PT\",\"@id\":\"https:\/\/brasilnoticias.org\/site\/situacoes-com-refens-em-tancredo-neves-chegam-ao-fim-oito-foram-presos\/#primaryimage\",\"url\":\"https:\/\/brasilnoticias.org\/site\/wp-content\/uploads\/2023\/04\/situacao_com_refens_em_tancredo_neves_chega_ao_fim_outra_segue_em_negociacao_widelg.jpeg\",\"contentUrl\":\"https:\/\/brasilnoticias.org\/site\/wp-content\/uploads\/2023\/04\/situacao_com_refens_em_tancredo_neves_chega_ao_fim_outra_segue_em_negociacao_widelg.jpeg\",\"width\":663,\"height\":325},{\"@type\":\"BreadcrumbList\",\"@id\":\"https:\/\/brasilnoticias.org\/site\/situacoes-com-refens-em-tancredo-neves-chegam-ao-fim-oito-foram-presos\/#breadcrumb\",\"itemListElement\":[{\"@type\":\"ListItem\",\"position\":1,\"name\":\"In\u00edcio\",\"item\":\"https:\/\/brasilnoticias.org\/site\/\"},{\"@type\":\"ListItem\",\"position\":2,\"name\":\"Situa\u00e7\u00f5es com ref\u00e9ns em Tancredo Neves chegam ao fim; oito foram presos\"}]},{\"@type\":\"WebSite\",\"@id\":\"https:\/\/brasilnoticias.org\/site\/#website\",\"url\":\"https:\/\/brasilnoticias.org\/site\/\",\"name\":\"Brasil not\u00edcias\",\"description\":\"Brasil not\u00edcias\",\"publisher\":{\"@id\":\"https:\/\/brasilnoticias.org\/site\/#organization\"},\"potentialAction\":[{\"@type\":\"SearchAction\",\"target\":{\"@type\":\"EntryPoint\",\"urlTemplate\":\"https:\/\/brasilnoticias.org\/site\/?s={search_term_string}\"},\"query-input\":{\"@type\":\"PropertyValueSpecification\",\"valueRequired\":true,\"valueName\":\"search_term_string\"}}],\"inLanguage\":\"pt-PT\"},{\"@type\":\"Organization\",\"@id\":\"https:\/\/brasilnoticias.org\/site\/#organization\",\"name\":\"Brasil not\u00edcias\",\"url\":\"https:\/\/brasilnoticias.org\/site\/\",\"logo\":{\"@type\":\"ImageObject\",\"inLanguage\":\"pt-PT\",\"@id\":\"https:\/\/brasilnoticias.org\/site\/#\/schema\/logo\/image\/\",\"url\":\"https:\/\/brasilnoticias.org\/site\/wp-content\/uploads\/2022\/05\/cropped-brasilnoticias-mini.jpg\",\"contentUrl\":\"https:\/\/brasilnoticias.org\/site\/wp-content\/uploads\/2022\/05\/cropped-brasilnoticias-mini.jpg\",\"width\":314,\"height\":86,\"caption\":\"Brasil not\u00edcias\"},\"image\":{\"@id\":\"https:\/\/brasilnoticias.org\/site\/#\/schema\/logo\/image\/\"}},{\"@type\":\"Person\",\"@id\":\"https:\/\/brasilnoticias.org\/site\/#\/schema\/person\/a0e05b973ec4d15c658d51911e53507b\",\"name\":\"Reda\u00e7\u00e3o\",\"image\":{\"@type\":\"ImageObject\",\"inLanguage\":\"pt-PT\",\"@id\":\"https:\/\/brasilnoticias.org\/site\/#\/schema\/person\/image\/\",\"url\":\"https:\/\/secure.gravatar.com\/avatar\/75d8b050df2de108b08ae78dfb8e374892df24a383c67db9c46a9c604f6aee9c?s=96&d=mm&r=g\",\"contentUrl\":\"https:\/\/secure.gravatar.com\/avatar\/75d8b050df2de108b08ae78dfb8e374892df24a383c67db9c46a9c604f6aee9c?s=96&d=mm&r=g\",\"caption\":\"Reda\u00e7\u00e3o\"},\"sameAs\":[\"https:\/\/brasilnoticias.org\/site\"],\"url\":\"https:\/\/brasilnoticias.org\/site\/author\/fernandozsngmail-com\/\"}]}<\/script>\n<!-- \/ Yoast SEO plugin. -->","yoast_head_json":{"title":"Situa\u00e7\u00f5es com ref\u00e9ns em Tancredo Neves chegam ao fim; oito foram presos - Brasil not\u00edcias","robots":{"index":"index","follow":"follow","max-snippet":"max-snippet:-1","max-image-preview":"max-image-preview:large","max-video-preview":"max-video-preview:-1"},"canonical":"https:\/\/brasilnoticias.org\/site\/situacoes-com-refens-em-tancredo-neves-chegam-ao-fim-oito-foram-presos\/","og_locale":"pt_PT","og_type":"article","og_title":"Situa\u00e7\u00f5es com ref\u00e9ns em Tancredo Neves chegam ao fim; oito foram presos - Brasil not\u00edcias","og_description":"A Secretaria de Seguran\u00e7a P\u00fablica (SSP) confirmou que as duas situa\u00e7\u00f5es com ref\u00e9ns no bairro de Tancredo Neves, em Salvador,","og_url":"https:\/\/brasilnoticias.org\/site\/situacoes-com-refens-em-tancredo-neves-chegam-ao-fim-oito-foram-presos\/","og_site_name":"Brasil not\u00edcias","article_published_time":"2023-04-19T10:27:41+00:00","og_image":[{"width":663,"height":325,"url":"https:\/\/brasilnoticias.org\/site\/wp-content\/uploads\/2023\/04\/situacao_com_refens_em_tancredo_neves_chega_ao_fim_outra_segue_em_negociacao_widelg.jpeg","type":"image\/jpeg"}],"author":"Reda\u00e7\u00e3o","twitter_card":"summary_large_image","twitter_misc":{"Escrito por":"Reda\u00e7\u00e3o"},"schema":{"@context":"https:\/\/schema.org","@graph":[{"@type":"Article","@id":"https:\/\/brasilnoticias.org\/site\/situacoes-com-refens-em-tancredo-neves-chegam-ao-fim-oito-foram-presos\/#article","isPartOf":{"@id":"https:\/\/brasilnoticias.org\/site\/situacoes-com-refens-em-tancredo-neves-chegam-ao-fim-oito-foram-presos\/"},"author":{"name":"Reda\u00e7\u00e3o","@id":"https:\/\/brasilnoticias.org\/site\/#\/schema\/person\/a0e05b973ec4d15c658d51911e53507b"},"headline":"Situa\u00e7\u00f5es com ref\u00e9ns em Tancredo Neves chegam ao fim; oito foram presos","datePublished":"2023-04-19T10:27:41+00:00","mainEntityOfPage":{"@id":"https:\/\/brasilnoticias.org\/site\/situacoes-com-refens-em-tancredo-neves-chegam-ao-fim-oito-foram-presos\/"},"wordCount":223,"commentCount":0,"publisher":{"@id":"https:\/\/brasilnoticias.org\/site\/#organization"},"image":{"@id":"https:\/\/brasilnoticias.org\/site\/situacoes-com-refens-em-tancredo-neves-chegam-ao-fim-oito-foram-presos\/#primaryimage"},"thumbnailUrl":"https:\/\/brasilnoticias.org\/site\/wp-content\/uploads\/2023\/04\/situacao_com_refens_em_tancredo_neves_chega_ao_fim_outra_segue_em_negociacao_widelg.jpeg","articleSection":["Pol\u00edcia","\u00daltimas"],"inLanguage":"pt-PT","potentialAction":[{"@type":"CommentAction","name":"Comment","target":["https:\/\/brasilnoticias.org\/site\/situacoes-com-refens-em-tancredo-neves-chegam-ao-fim-oito-foram-presos\/#respond"]}]},{"@type":"WebPage","@id":"https:\/\/brasilnoticias.org\/site\/situacoes-com-refens-em-tancredo-neves-chegam-ao-fim-oito-foram-presos\/","url":"https:\/\/brasilnoticias.org\/site\/situacoes-com-refens-em-tancredo-neves-chegam-ao-fim-oito-foram-presos\/","name":"Situa\u00e7\u00f5es com ref\u00e9ns em Tancredo Neves chegam ao fim; oito foram presos - Brasil not\u00edcias","isPartOf":{"@id":"https:\/\/brasilnoticias.org\/site\/#website"},"primaryImageOfPage":{"@id":"https:\/\/brasilnoticias.org\/site\/situacoes-com-refens-em-tancredo-neves-chegam-ao-fim-oito-foram-presos\/#primaryimage"},"image":{"@id":"https:\/\/brasilnoticias.org\/site\/situacoes-com-refens-em-tancredo-neves-chegam-ao-fim-oito-foram-presos\/#primaryimage"},"thumbnailUrl":"https:\/\/brasilnoticias.org\/site\/wp-content\/uploads\/2023\/04\/situacao_com_refens_em_tancredo_neves_chega_ao_fim_outra_segue_em_negociacao_widelg.jpeg","datePublished":"2023-04-19T10:27:41+00:00","breadcrumb":{"@id":"https:\/\/brasilnoticias.org\/site\/situacoes-com-refens-em-tancredo-neves-chegam-ao-fim-oito-foram-presos\/#breadcrumb"},"inLanguage":"pt-PT","potentialAction":[{"@type":"ReadAction","target":["https:\/\/brasilnoticias.org\/site\/situacoes-com-refens-em-tancredo-neves-chegam-ao-fim-oito-foram-presos\/"]}]},{"@type":"ImageObject","inLanguage":"pt-PT","@id":"https:\/\/brasilnoticias.org\/site\/situacoes-com-refens-em-tancredo-neves-chegam-ao-fim-oito-foram-presos\/#primaryimage","url":"https:\/\/brasilnoticias.org\/site\/wp-content\/uploads\/2023\/04\/situacao_com_refens_em_tancredo_neves_chega_ao_fim_outra_segue_em_negociacao_widelg.jpeg","contentUrl":"https:\/\/brasilnoticias.org\/site\/wp-content\/uploads\/2023\/04\/situacao_com_refens_em_tancredo_neves_chega_ao_fim_outra_segue_em_negociacao_widelg.jpeg","width":663,"height":325},{"@type":"BreadcrumbList","@id":"https:\/\/brasilnoticias.org\/site\/situacoes-com-refens-em-tancredo-neves-chegam-ao-fim-oito-foram-presos\/#breadcrumb","itemListElement":[{"@type":"ListItem","position":1,"name":"In\u00edcio","item":"https:\/\/brasilnoticias.org\/site\/"},{"@type":"ListItem","position":2,"name":"Situa\u00e7\u00f5es com ref\u00e9ns em Tancredo Neves chegam ao fim; oito foram presos"}]},{"@type":"WebSite","@id":"https:\/\/brasilnoticias.org\/site\/#website","url":"https:\/\/brasilnoticias.org\/site\/","name":"Brasil not\u00edcias","description":"Brasil not\u00edcias","publisher":{"@id":"https:\/\/brasilnoticias.org\/site\/#organization"},"potentialAction":[{"@type":"SearchAction","target":{"@type":"EntryPoint","urlTemplate":"https:\/\/brasilnoticias.org\/site\/?s={search_term_string}"},"query-input":{"@type":"PropertyValueSpecification","valueRequired":true,"valueName":"search_term_string"}}],"inLanguage":"pt-PT"},{"@type":"Organization","@id":"https:\/\/brasilnoticias.org\/site\/#organization","name":"Brasil not\u00edcias","url":"https:\/\/brasilnoticias.org\/site\/","logo":{"@type":"ImageObject","inLanguage":"pt-PT","@id":"https:\/\/brasilnoticias.org\/site\/#\/schema\/logo\/image\/","url":"https:\/\/brasilnoticias.org\/site\/wp-content\/uploads\/2022\/05\/cropped-brasilnoticias-mini.jpg","contentUrl":"https:\/\/brasilnoticias.org\/site\/wp-content\/uploads\/2022\/05\/cropped-brasilnoticias-mini.jpg","width":314,"height":86,"caption":"Brasil not\u00edcias"},"image":{"@id":"https:\/\/brasilnoticias.org\/site\/#\/schema\/logo\/image\/"}},{"@type":"Person","@id":"https:\/\/brasilnoticias.org\/site\/#\/schema\/person\/a0e05b973ec4d15c658d51911e53507b","name":"Reda\u00e7\u00e3o","image":{"@type":"ImageObject","inLanguage":"pt-PT","@id":"https:\/\/brasilnoticias.org\/site\/#\/schema\/person\/image\/","url":"https:\/\/secure.gravatar.com\/avatar\/75d8b050df2de108b08ae78dfb8e374892df24a383c67db9c46a9c604f6aee9c?s=96&d=mm&r=g","contentUrl":"https:\/\/secure.gravatar.com\/avatar\/75d8b050df2de108b08ae78dfb8e374892df24a383c67db9c46a9c604f6aee9c?s=96&d=mm&r=g","caption":"Reda\u00e7\u00e3o"},"sameAs":["https:\/\/brasilnoticias.org\/site"],"url":"https:\/\/brasilnoticias.org\/site\/author\/fernandozsngmail-com\/"}]}},"_links":{"self":[{"href":"https:\/\/brasilnoticias.org\/site\/wp-json\/wp\/v2\/posts\/5544","targetHints":{"allow":["GET"]}}],"collection":[{"href":"https:\/\/brasilnoticias.org\/site\/wp-json\/wp\/v2\/posts"}],"about":[{"href":"https:\/\/brasilnoticias.org\/site\/wp-json\/wp\/v2\/types\/post"}],"author":[{"embeddable":true,"href":"https:\/\/brasilnoticias.org\/site\/wp-json\/wp\/v2\/users\/1"}],"replies":[{"embeddable":true,"href":"https:\/\/brasilnoticias.org\/site\/wp-json\/wp\/v2\/comments?post=5544"}],"version-history":[{"count":1,"href":"https:\/\/brasilnoticias.org\/site\/wp-json\/wp\/v2\/posts\/5544\/revisions"}],"predecessor-version":[{"id":5546,"href":"https:\/\/brasilnoticias.org\/site\/wp-json\/wp\/v2\/posts\/5544\/revisions\/5546"}],"wp:featuredmedia":[{"embeddable":true,"href":"https:\/\/brasilnoticias.org\/site\/wp-json\/wp\/v2\/media\/5545"}],"wp:attachment":[{"href":"https:\/\/brasilnoticias.org\/site\/wp-json\/wp\/v2\/media?parent=5544"}],"wp:term":[{"taxonomy":"category","embeddable":true,"href":"https:\/\/brasilnoticias.org\/site\/wp-json\/wp\/v2\/categories?post=5544"},{"taxonomy":"post_tag","embeddable":true,"href":"https:\/\/brasilnoticias.org\/site\/wp-json\/wp\/v2\/tags?post=5544"}],"curies":[{"name":"wp","href":"https:\/\/api.w.org\/{rel}","templated":true}]}}