{"id":5554,"date":"2023-04-19T17:37:43","date_gmt":"2023-04-19T20:37:43","guid":{"rendered":"https:\/\/brasilnoticias.org\/site\/?p=5554"},"modified":"2023-04-19T17:37:43","modified_gmt":"2023-04-19T20:37:43","slug":"ministro-de-lula-pede-demissao-de-pasta-apos-envolvimento-nos-ataques-de-8-de-janeiro-saiba-quem","status":"publish","type":"post","link":"https:\/\/brasilnoticias.org\/site\/ministro-de-lula-pede-demissao-de-pasta-apos-envolvimento-nos-ataques-de-8-de-janeiro-saiba-quem\/","title":{"rendered":"Ministro de Lula pede demiss\u00e3o de pasta ap\u00f3s envolvimento nos ataques de 8 de janeiro; saiba quem"},"content":{"rendered":"<p>O ministro-chefe do Gabinete de Seguran\u00e7a Institucional (GSI) da Presid\u00eancia da Rep\u00fablica, general Gon\u00e7alves Dias, pediu nesta quarta-feira (19), demiss\u00e3o do cargo ap\u00f3s o envolvimento dele durante invas\u00f5es golpistas de 8 de janeiro nas sedes dos Tr\u00eas Poderes, em Bras\u00edla.<\/p>\n<p>O pedido, de acordo com o G1, foi feito ap\u00f3s reuni\u00e3o com o presidente Lula (PT) e chefes de outras pastas, no Pal\u00e1cio do Planalto. O general da reserva \u00e9 o primeiro ministro a deixar o governo no terceiro mandato de Lula.<\/p>\n<p>A atua\u00e7\u00e3o do GSI durante os atos de 8 de janeiro, em que apoiadores do ex-presidente Jair Bolsonaro (PL) invadiram e depredaram as sedes dos Tr\u00eas Poderes, \u00e9 alvo de cr\u00edticas.<\/p>\n<p>A presen\u00e7a e a atua\u00e7\u00e3o de Dias no Pal\u00e1cio do Planalto, sede do Executivo, no dia dos atos foi divulgada em v\u00eddeo pela CNN Brasil. As imagens mostram Gon\u00e7alves Dias e funcion\u00e1rios do GSI circulando entre os invasores na sede do Executivo federal.<\/p>\n<p>Em nota, na tentativa de justificar a presen\u00e7a do chefe do GSI no Pal\u00e1cio, o \u00f3rg\u00e3o afirmou que as imagens mostram a \u201catua\u00e7\u00e3o dos agentes de seguran\u00e7a que foi, em um primeiro momento, no sentido de evacuar os quarto e terceiro pisos do Pal\u00e1cio do Planalto\u201d.<\/p>\n<p>&#8220;A respeito de reportagem veiculada no dia de hoje, sobre os ataques do 8 de janeiro, o Gabinete de Seguran\u00e7a Institucional da Presid\u00eancia da Rep\u00fablica (GSI) esclarece que as imagens mostram a atua\u00e7\u00e3o dos agentes de seguran\u00e7a que foi, em um primeiro momento, no sentido de evacuar os quarto e terceiro pisos do Pal\u00e1cio do Planalto, concentrando os manifestantes no segundo andar, onde, ap\u00f3s aguardar o refor\u00e7o do pelot\u00e3o de choque da PM\/DF, foi poss\u00edvel realizar a pris\u00e3o dos mesmos&#8221;, explicou o GSI.<\/p>\n<p>Foto Jos\u00e9 Cruz\/Ag\u00eancia Brasil<br \/>\nBNews<\/p>\n","protected":false},"excerpt":{"rendered":"<p>O ministro-chefe do Gabinete de Seguran\u00e7a Institucional (GSI) da Presid\u00eancia da Rep\u00fablica, general Gon\u00e7alves Dias, pediu nesta quarta-feira (19), demiss\u00e3o<\/p>\n","protected":false},"author":1,"featured_media":5555,"comment_status":"open","ping_status":"open","sticky":false,"template":"","format":"standard","meta":{"colormag_page_container_layout":"default_layout","colormag_page_sidebar_layout":"default_layout","_FSMCFIC_featured_image_caption":"","_FSMCFIC_featured_image_nocaption":"","_FSMCFIC_featured_image_hide":"","footnotes":""},"categories":[5,1],"tags":[],"class_list":["post-5554","post","type-post","status-publish","format-standard","has-post-thumbnail","hentry","category-politica","category-ultimas"],"yoast_head":"<!-- This site is optimized with the Yoast SEO plugin v27.1.1 - https:\/\/yoast.com\/product\/yoast-seo-wordpress\/ -->\n<title>Ministro de Lula pede demiss\u00e3o de pasta ap\u00f3s envolvimento nos ataques de 8 de janeiro; saiba quem - Brasil not\u00edcias<\/title>\n<meta name=\"robots\" content=\"index, follow, max-snippet:-1, max-image-preview:large, max-video-preview:-1\" \/>\n<link rel=\"canonical\" href=\"https:\/\/brasilnoticias.org\/site\/ministro-de-lula-pede-demissao-de-pasta-apos-envolvimento-nos-ataques-de-8-de-janeiro-saiba-quem\/\" \/>\n<meta property=\"og:locale\" content=\"pt_PT\" \/>\n<meta property=\"og:type\" content=\"article\" \/>\n<meta property=\"og:title\" content=\"Ministro de Lula pede demiss\u00e3o de pasta ap\u00f3s envolvimento nos ataques de 8 de janeiro; saiba quem - Brasil not\u00edcias\" \/>\n<meta property=\"og:description\" content=\"O ministro-chefe do Gabinete de Seguran\u00e7a Institucional (GSI) da Presid\u00eancia da Rep\u00fablica, general Gon\u00e7alves Dias, pediu nesta quarta-feira (19), demiss\u00e3o\" \/>\n<meta property=\"og:url\" content=\"https:\/\/brasilnoticias.org\/site\/ministro-de-lula-pede-demissao-de-pasta-apos-envolvimento-nos-ataques-de-8-de-janeiro-saiba-quem\/\" \/>\n<meta property=\"og:site_name\" content=\"Brasil not\u00edcias\" \/>\n<meta property=\"article:published_time\" content=\"2023-04-19T20:37:43+00:00\" \/>\n<meta property=\"og:image\" content=\"https:\/\/brasilnoticias.org\/site\/wp-content\/uploads\/2023\/04\/ccbb_2912223143_widelg.jpg\" \/>\n\t<meta property=\"og:image:width\" content=\"800\" \/>\n\t<meta property=\"og:image:height\" content=\"450\" \/>\n\t<meta property=\"og:image:type\" content=\"image\/jpeg\" \/>\n<meta name=\"author\" content=\"Reda\u00e7\u00e3o\" \/>\n<meta name=\"twitter:card\" content=\"summary_large_image\" \/>\n<meta name=\"twitter:label1\" content=\"Escrito por\" \/>\n\t<meta name=\"twitter:data1\" content=\"Reda\u00e7\u00e3o\" \/>\n<script type=\"application\/ld+json\" class=\"yoast-schema-graph\">{\"@context\":\"https:\/\/schema.org\",\"@graph\":[{\"@type\":\"Article\",\"@id\":\"https:\/\/brasilnoticias.org\/site\/ministro-de-lula-pede-demissao-de-pasta-apos-envolvimento-nos-ataques-de-8-de-janeiro-saiba-quem\/#article\",\"isPartOf\":{\"@id\":\"https:\/\/brasilnoticias.org\/site\/ministro-de-lula-pede-demissao-de-pasta-apos-envolvimento-nos-ataques-de-8-de-janeiro-saiba-quem\/\"},\"author\":{\"name\":\"Reda\u00e7\u00e3o\",\"@id\":\"https:\/\/brasilnoticias.org\/site\/#\/schema\/person\/a0e05b973ec4d15c658d51911e53507b\"},\"headline\":\"Ministro de Lula pede demiss\u00e3o de pasta ap\u00f3s envolvimento nos ataques de 8 de janeiro; saiba quem\",\"datePublished\":\"2023-04-19T20:37:43+00:00\",\"mainEntityOfPage\":{\"@id\":\"https:\/\/brasilnoticias.org\/site\/ministro-de-lula-pede-demissao-de-pasta-apos-envolvimento-nos-ataques-de-8-de-janeiro-saiba-quem\/\"},\"wordCount\":343,\"commentCount\":0,\"publisher\":{\"@id\":\"https:\/\/brasilnoticias.org\/site\/#organization\"},\"image\":{\"@id\":\"https:\/\/brasilnoticias.org\/site\/ministro-de-lula-pede-demissao-de-pasta-apos-envolvimento-nos-ataques-de-8-de-janeiro-saiba-quem\/#primaryimage\"},\"thumbnailUrl\":\"https:\/\/brasilnoticias.org\/site\/wp-content\/uploads\/2023\/04\/ccbb_2912223143_widelg.jpg\",\"articleSection\":[\"Pol\u00edtica\",\"\u00daltimas\"],\"inLanguage\":\"pt-PT\",\"potentialAction\":[{\"@type\":\"CommentAction\",\"name\":\"Comment\",\"target\":[\"https:\/\/brasilnoticias.org\/site\/ministro-de-lula-pede-demissao-de-pasta-apos-envolvimento-nos-ataques-de-8-de-janeiro-saiba-quem\/#respond\"]}]},{\"@type\":\"WebPage\",\"@id\":\"https:\/\/brasilnoticias.org\/site\/ministro-de-lula-pede-demissao-de-pasta-apos-envolvimento-nos-ataques-de-8-de-janeiro-saiba-quem\/\",\"url\":\"https:\/\/brasilnoticias.org\/site\/ministro-de-lula-pede-demissao-de-pasta-apos-envolvimento-nos-ataques-de-8-de-janeiro-saiba-quem\/\",\"name\":\"Ministro de Lula pede demiss\u00e3o de pasta ap\u00f3s envolvimento nos ataques de 8 de janeiro; saiba quem - Brasil not\u00edcias\",\"isPartOf\":{\"@id\":\"https:\/\/brasilnoticias.org\/site\/#website\"},\"primaryImageOfPage\":{\"@id\":\"https:\/\/brasilnoticias.org\/site\/ministro-de-lula-pede-demissao-de-pasta-apos-envolvimento-nos-ataques-de-8-de-janeiro-saiba-quem\/#primaryimage\"},\"image\":{\"@id\":\"https:\/\/brasilnoticias.org\/site\/ministro-de-lula-pede-demissao-de-pasta-apos-envolvimento-nos-ataques-de-8-de-janeiro-saiba-quem\/#primaryimage\"},\"thumbnailUrl\":\"https:\/\/brasilnoticias.org\/site\/wp-content\/uploads\/2023\/04\/ccbb_2912223143_widelg.jpg\",\"datePublished\":\"2023-04-19T20:37:43+00:00\",\"breadcrumb\":{\"@id\":\"https:\/\/brasilnoticias.org\/site\/ministro-de-lula-pede-demissao-de-pasta-apos-envolvimento-nos-ataques-de-8-de-janeiro-saiba-quem\/#breadcrumb\"},\"inLanguage\":\"pt-PT\",\"potentialAction\":[{\"@type\":\"ReadAction\",\"target\":[\"https:\/\/brasilnoticias.org\/site\/ministro-de-lula-pede-demissao-de-pasta-apos-envolvimento-nos-ataques-de-8-de-janeiro-saiba-quem\/\"]}]},{\"@type\":\"ImageObject\",\"inLanguage\":\"pt-PT\",\"@id\":\"https:\/\/brasilnoticias.org\/site\/ministro-de-lula-pede-demissao-de-pasta-apos-envolvimento-nos-ataques-de-8-de-janeiro-saiba-quem\/#primaryimage\",\"url\":\"https:\/\/brasilnoticias.org\/site\/wp-content\/uploads\/2023\/04\/ccbb_2912223143_widelg.jpg\",\"contentUrl\":\"https:\/\/brasilnoticias.org\/site\/wp-content\/uploads\/2023\/04\/ccbb_2912223143_widelg.jpg\",\"width\":800,\"height\":450},{\"@type\":\"BreadcrumbList\",\"@id\":\"https:\/\/brasilnoticias.org\/site\/ministro-de-lula-pede-demissao-de-pasta-apos-envolvimento-nos-ataques-de-8-de-janeiro-saiba-quem\/#breadcrumb\",\"itemListElement\":[{\"@type\":\"ListItem\",\"position\":1,\"name\":\"In\u00edcio\",\"item\":\"https:\/\/brasilnoticias.org\/site\/\"},{\"@type\":\"ListItem\",\"position\":2,\"name\":\"Ministro de Lula pede demiss\u00e3o de pasta ap\u00f3s envolvimento nos ataques de 8 de janeiro; saiba quem\"}]},{\"@type\":\"WebSite\",\"@id\":\"https:\/\/brasilnoticias.org\/site\/#website\",\"url\":\"https:\/\/brasilnoticias.org\/site\/\",\"name\":\"Brasil not\u00edcias\",\"description\":\"Brasil not\u00edcias\",\"publisher\":{\"@id\":\"https:\/\/brasilnoticias.org\/site\/#organization\"},\"potentialAction\":[{\"@type\":\"SearchAction\",\"target\":{\"@type\":\"EntryPoint\",\"urlTemplate\":\"https:\/\/brasilnoticias.org\/site\/?s={search_term_string}\"},\"query-input\":{\"@type\":\"PropertyValueSpecification\",\"valueRequired\":true,\"valueName\":\"search_term_string\"}}],\"inLanguage\":\"pt-PT\"},{\"@type\":\"Organization\",\"@id\":\"https:\/\/brasilnoticias.org\/site\/#organization\",\"name\":\"Brasil not\u00edcias\",\"url\":\"https:\/\/brasilnoticias.org\/site\/\",\"logo\":{\"@type\":\"ImageObject\",\"inLanguage\":\"pt-PT\",\"@id\":\"https:\/\/brasilnoticias.org\/site\/#\/schema\/logo\/image\/\",\"url\":\"https:\/\/brasilnoticias.org\/site\/wp-content\/uploads\/2022\/05\/cropped-brasilnoticias-mini.jpg\",\"contentUrl\":\"https:\/\/brasilnoticias.org\/site\/wp-content\/uploads\/2022\/05\/cropped-brasilnoticias-mini.jpg\",\"width\":314,\"height\":86,\"caption\":\"Brasil not\u00edcias\"},\"image\":{\"@id\":\"https:\/\/brasilnoticias.org\/site\/#\/schema\/logo\/image\/\"}},{\"@type\":\"Person\",\"@id\":\"https:\/\/brasilnoticias.org\/site\/#\/schema\/person\/a0e05b973ec4d15c658d51911e53507b\",\"name\":\"Reda\u00e7\u00e3o\",\"image\":{\"@type\":\"ImageObject\",\"inLanguage\":\"pt-PT\",\"@id\":\"https:\/\/brasilnoticias.org\/site\/#\/schema\/person\/image\/\",\"url\":\"https:\/\/secure.gravatar.com\/avatar\/75d8b050df2de108b08ae78dfb8e374892df24a383c67db9c46a9c604f6aee9c?s=96&d=mm&r=g\",\"contentUrl\":\"https:\/\/secure.gravatar.com\/avatar\/75d8b050df2de108b08ae78dfb8e374892df24a383c67db9c46a9c604f6aee9c?s=96&d=mm&r=g\",\"caption\":\"Reda\u00e7\u00e3o\"},\"sameAs\":[\"https:\/\/brasilnoticias.org\/site\"],\"url\":\"https:\/\/brasilnoticias.org\/site\/author\/fernandozsngmail-com\/\"}]}<\/script>\n<!-- \/ Yoast SEO plugin. -->","yoast_head_json":{"title":"Ministro de Lula pede demiss\u00e3o de pasta ap\u00f3s envolvimento nos ataques de 8 de janeiro; saiba quem - Brasil not\u00edcias","robots":{"index":"index","follow":"follow","max-snippet":"max-snippet:-1","max-image-preview":"max-image-preview:large","max-video-preview":"max-video-preview:-1"},"canonical":"https:\/\/brasilnoticias.org\/site\/ministro-de-lula-pede-demissao-de-pasta-apos-envolvimento-nos-ataques-de-8-de-janeiro-saiba-quem\/","og_locale":"pt_PT","og_type":"article","og_title":"Ministro de Lula pede demiss\u00e3o de pasta ap\u00f3s envolvimento nos ataques de 8 de janeiro; saiba quem - Brasil not\u00edcias","og_description":"O ministro-chefe do Gabinete de Seguran\u00e7a Institucional (GSI) da Presid\u00eancia da Rep\u00fablica, general Gon\u00e7alves Dias, pediu nesta quarta-feira (19), demiss\u00e3o","og_url":"https:\/\/brasilnoticias.org\/site\/ministro-de-lula-pede-demissao-de-pasta-apos-envolvimento-nos-ataques-de-8-de-janeiro-saiba-quem\/","og_site_name":"Brasil not\u00edcias","article_published_time":"2023-04-19T20:37:43+00:00","og_image":[{"width":800,"height":450,"url":"https:\/\/brasilnoticias.org\/site\/wp-content\/uploads\/2023\/04\/ccbb_2912223143_widelg.jpg","type":"image\/jpeg"}],"author":"Reda\u00e7\u00e3o","twitter_card":"summary_large_image","twitter_misc":{"Escrito por":"Reda\u00e7\u00e3o"},"schema":{"@context":"https:\/\/schema.org","@graph":[{"@type":"Article","@id":"https:\/\/brasilnoticias.org\/site\/ministro-de-lula-pede-demissao-de-pasta-apos-envolvimento-nos-ataques-de-8-de-janeiro-saiba-quem\/#article","isPartOf":{"@id":"https:\/\/brasilnoticias.org\/site\/ministro-de-lula-pede-demissao-de-pasta-apos-envolvimento-nos-ataques-de-8-de-janeiro-saiba-quem\/"},"author":{"name":"Reda\u00e7\u00e3o","@id":"https:\/\/brasilnoticias.org\/site\/#\/schema\/person\/a0e05b973ec4d15c658d51911e53507b"},"headline":"Ministro de Lula pede demiss\u00e3o de pasta ap\u00f3s envolvimento nos ataques de 8 de janeiro; saiba quem","datePublished":"2023-04-19T20:37:43+00:00","mainEntityOfPage":{"@id":"https:\/\/brasilnoticias.org\/site\/ministro-de-lula-pede-demissao-de-pasta-apos-envolvimento-nos-ataques-de-8-de-janeiro-saiba-quem\/"},"wordCount":343,"commentCount":0,"publisher":{"@id":"https:\/\/brasilnoticias.org\/site\/#organization"},"image":{"@id":"https:\/\/brasilnoticias.org\/site\/ministro-de-lula-pede-demissao-de-pasta-apos-envolvimento-nos-ataques-de-8-de-janeiro-saiba-quem\/#primaryimage"},"thumbnailUrl":"https:\/\/brasilnoticias.org\/site\/wp-content\/uploads\/2023\/04\/ccbb_2912223143_widelg.jpg","articleSection":["Pol\u00edtica","\u00daltimas"],"inLanguage":"pt-PT","potentialAction":[{"@type":"CommentAction","name":"Comment","target":["https:\/\/brasilnoticias.org\/site\/ministro-de-lula-pede-demissao-de-pasta-apos-envolvimento-nos-ataques-de-8-de-janeiro-saiba-quem\/#respond"]}]},{"@type":"WebPage","@id":"https:\/\/brasilnoticias.org\/site\/ministro-de-lula-pede-demissao-de-pasta-apos-envolvimento-nos-ataques-de-8-de-janeiro-saiba-quem\/","url":"https:\/\/brasilnoticias.org\/site\/ministro-de-lula-pede-demissao-de-pasta-apos-envolvimento-nos-ataques-de-8-de-janeiro-saiba-quem\/","name":"Ministro de Lula pede demiss\u00e3o de pasta ap\u00f3s envolvimento nos ataques de 8 de janeiro; saiba quem - Brasil not\u00edcias","isPartOf":{"@id":"https:\/\/brasilnoticias.org\/site\/#website"},"primaryImageOfPage":{"@id":"https:\/\/brasilnoticias.org\/site\/ministro-de-lula-pede-demissao-de-pasta-apos-envolvimento-nos-ataques-de-8-de-janeiro-saiba-quem\/#primaryimage"},"image":{"@id":"https:\/\/brasilnoticias.org\/site\/ministro-de-lula-pede-demissao-de-pasta-apos-envolvimento-nos-ataques-de-8-de-janeiro-saiba-quem\/#primaryimage"},"thumbnailUrl":"https:\/\/brasilnoticias.org\/site\/wp-content\/uploads\/2023\/04\/ccbb_2912223143_widelg.jpg","datePublished":"2023-04-19T20:37:43+00:00","breadcrumb":{"@id":"https:\/\/brasilnoticias.org\/site\/ministro-de-lula-pede-demissao-de-pasta-apos-envolvimento-nos-ataques-de-8-de-janeiro-saiba-quem\/#breadcrumb"},"inLanguage":"pt-PT","potentialAction":[{"@type":"ReadAction","target":["https:\/\/brasilnoticias.org\/site\/ministro-de-lula-pede-demissao-de-pasta-apos-envolvimento-nos-ataques-de-8-de-janeiro-saiba-quem\/"]}]},{"@type":"ImageObject","inLanguage":"pt-PT","@id":"https:\/\/brasilnoticias.org\/site\/ministro-de-lula-pede-demissao-de-pasta-apos-envolvimento-nos-ataques-de-8-de-janeiro-saiba-quem\/#primaryimage","url":"https:\/\/brasilnoticias.org\/site\/wp-content\/uploads\/2023\/04\/ccbb_2912223143_widelg.jpg","contentUrl":"https:\/\/brasilnoticias.org\/site\/wp-content\/uploads\/2023\/04\/ccbb_2912223143_widelg.jpg","width":800,"height":450},{"@type":"BreadcrumbList","@id":"https:\/\/brasilnoticias.org\/site\/ministro-de-lula-pede-demissao-de-pasta-apos-envolvimento-nos-ataques-de-8-de-janeiro-saiba-quem\/#breadcrumb","itemListElement":[{"@type":"ListItem","position":1,"name":"In\u00edcio","item":"https:\/\/brasilnoticias.org\/site\/"},{"@type":"ListItem","position":2,"name":"Ministro de Lula pede demiss\u00e3o de pasta ap\u00f3s envolvimento nos ataques de 8 de janeiro; saiba quem"}]},{"@type":"WebSite","@id":"https:\/\/brasilnoticias.org\/site\/#website","url":"https:\/\/brasilnoticias.org\/site\/","name":"Brasil not\u00edcias","description":"Brasil not\u00edcias","publisher":{"@id":"https:\/\/brasilnoticias.org\/site\/#organization"},"potentialAction":[{"@type":"SearchAction","target":{"@type":"EntryPoint","urlTemplate":"https:\/\/brasilnoticias.org\/site\/?s={search_term_string}"},"query-input":{"@type":"PropertyValueSpecification","valueRequired":true,"valueName":"search_term_string"}}],"inLanguage":"pt-PT"},{"@type":"Organization","@id":"https:\/\/brasilnoticias.org\/site\/#organization","name":"Brasil not\u00edcias","url":"https:\/\/brasilnoticias.org\/site\/","logo":{"@type":"ImageObject","inLanguage":"pt-PT","@id":"https:\/\/brasilnoticias.org\/site\/#\/schema\/logo\/image\/","url":"https:\/\/brasilnoticias.org\/site\/wp-content\/uploads\/2022\/05\/cropped-brasilnoticias-mini.jpg","contentUrl":"https:\/\/brasilnoticias.org\/site\/wp-content\/uploads\/2022\/05\/cropped-brasilnoticias-mini.jpg","width":314,"height":86,"caption":"Brasil not\u00edcias"},"image":{"@id":"https:\/\/brasilnoticias.org\/site\/#\/schema\/logo\/image\/"}},{"@type":"Person","@id":"https:\/\/brasilnoticias.org\/site\/#\/schema\/person\/a0e05b973ec4d15c658d51911e53507b","name":"Reda\u00e7\u00e3o","image":{"@type":"ImageObject","inLanguage":"pt-PT","@id":"https:\/\/brasilnoticias.org\/site\/#\/schema\/person\/image\/","url":"https:\/\/secure.gravatar.com\/avatar\/75d8b050df2de108b08ae78dfb8e374892df24a383c67db9c46a9c604f6aee9c?s=96&d=mm&r=g","contentUrl":"https:\/\/secure.gravatar.com\/avatar\/75d8b050df2de108b08ae78dfb8e374892df24a383c67db9c46a9c604f6aee9c?s=96&d=mm&r=g","caption":"Reda\u00e7\u00e3o"},"sameAs":["https:\/\/brasilnoticias.org\/site"],"url":"https:\/\/brasilnoticias.org\/site\/author\/fernandozsngmail-com\/"}]}},"_links":{"self":[{"href":"https:\/\/brasilnoticias.org\/site\/wp-json\/wp\/v2\/posts\/5554","targetHints":{"allow":["GET"]}}],"collection":[{"href":"https:\/\/brasilnoticias.org\/site\/wp-json\/wp\/v2\/posts"}],"about":[{"href":"https:\/\/brasilnoticias.org\/site\/wp-json\/wp\/v2\/types\/post"}],"author":[{"embeddable":true,"href":"https:\/\/brasilnoticias.org\/site\/wp-json\/wp\/v2\/users\/1"}],"replies":[{"embeddable":true,"href":"https:\/\/brasilnoticias.org\/site\/wp-json\/wp\/v2\/comments?post=5554"}],"version-history":[{"count":1,"href":"https:\/\/brasilnoticias.org\/site\/wp-json\/wp\/v2\/posts\/5554\/revisions"}],"predecessor-version":[{"id":5556,"href":"https:\/\/brasilnoticias.org\/site\/wp-json\/wp\/v2\/posts\/5554\/revisions\/5556"}],"wp:featuredmedia":[{"embeddable":true,"href":"https:\/\/brasilnoticias.org\/site\/wp-json\/wp\/v2\/media\/5555"}],"wp:attachment":[{"href":"https:\/\/brasilnoticias.org\/site\/wp-json\/wp\/v2\/media?parent=5554"}],"wp:term":[{"taxonomy":"category","embeddable":true,"href":"https:\/\/brasilnoticias.org\/site\/wp-json\/wp\/v2\/categories?post=5554"},{"taxonomy":"post_tag","embeddable":true,"href":"https:\/\/brasilnoticias.org\/site\/wp-json\/wp\/v2\/tags?post=5554"}],"curies":[{"name":"wp","href":"https:\/\/api.w.org\/{rel}","templated":true}]}}