{"id":5560,"date":"2023-04-19T17:41:45","date_gmt":"2023-04-19T20:41:45","guid":{"rendered":"https:\/\/brasilnoticias.org\/site\/?p=5560"},"modified":"2023-04-19T17:41:45","modified_gmt":"2023-04-19T20:41:45","slug":"stf-autoriza-que-juizes-deem-prosseguimento-a-processos-de-revisao-da-vida-toda","status":"publish","type":"post","link":"https:\/\/brasilnoticias.org\/site\/stf-autoriza-que-juizes-deem-prosseguimento-a-processos-de-revisao-da-vida-toda\/","title":{"rendered":"STF autoriza que ju\u00edzes deem prosseguimento a processos de &#8220;Revis\u00e3o da Vida Toda&#8221;"},"content":{"rendered":"<p>O Supremo Tribunal Federal (STF) decidiu que os aposentados e pensionistas do Instituto Nacional do Seguro Social (INSS) t\u00eam o direito \u00e0 chamada &#8216;revis\u00e3o da vida toda&#8217;. Os magistrados est\u00e3o autorizados a conceder a atualiza\u00e7\u00e3o do valor recebido pelos segurados que possuem aposentadorias defasadas.<\/p>\n<p>Segundo o advogado especialista em Direito Previdenci\u00e1rio, Eddie Parish, s\u00f3cio do escrit\u00f3rio Parish &#038; Zenandro Advogados, as decis\u00f5es favor\u00e1veis est\u00e3o transformando a vida de centenas de aposentados e segurados do INSS. &#8220;Orientamos que quem possui o direito comece o quanto antes o processo e pedido, para garantir que sejam atendidos&#8221;, disse o advogado. <\/p>\n<p>H\u00e1 casos em que o beneficiado ganhou mais de R$ 300 mil retroativos aos \u00faltimos 5 anos e aumentos de benef\u00edcios que sa\u00edram de R$ 1.302,00 para R$ 7.507,46. &#8220;Tivemos casos de a\u00e7\u00f5es ajuizadas e, em 10 dias, o juiz j\u00e1 decidiu pelo direito \u00e0 Revis\u00e3o da Vida Toda&#8221;, salientou Eddie.<\/p>\n<p>A &#8216;revis\u00e3o da vida toda&#8217; \u00e9 um novo c\u00e1lculo da m\u00e9dia mensal, que vai considerar todos os sal\u00e1rios do trabalhador, mesmo os anteriores a julho de 1994, feitos em outras moedas, como o Cruzeiro Real e o Cruzeiro. A not\u00edcia chamou aten\u00e7\u00e3o dos milhares de benefici\u00e1rios do INSS do pa\u00eds visto que ela pode significar um aumento no valor do benef\u00edcio.<\/p>\n<p>Foto Marcello Casal Jr\/Ag\u00eancia Brasil<br \/>\nBNews<\/p>\n","protected":false},"excerpt":{"rendered":"<p>O Supremo Tribunal Federal (STF) decidiu que os aposentados e pensionistas do Instituto Nacional do Seguro Social (INSS) t\u00eam o<\/p>\n","protected":false},"author":1,"featured_media":0,"comment_status":"open","ping_status":"open","sticky":false,"template":"","format":"standard","meta":{"colormag_page_container_layout":"default_layout","colormag_page_sidebar_layout":"default_layout","_FSMCFIC_featured_image_caption":"","_FSMCFIC_featured_image_nocaption":"","_FSMCFIC_featured_image_hide":"","footnotes":""},"categories":[2,1],"tags":[],"class_list":["post-5560","post","type-post","status-publish","format-standard","hentry","category-noticias","category-ultimas"],"yoast_head":"<!-- This site is optimized with the Yoast SEO plugin v27.1.1 - https:\/\/yoast.com\/product\/yoast-seo-wordpress\/ -->\n<title>STF autoriza que ju\u00edzes deem prosseguimento a processos de &quot;Revis\u00e3o da Vida Toda&quot; - Brasil not\u00edcias<\/title>\n<meta name=\"robots\" content=\"index, follow, max-snippet:-1, max-image-preview:large, max-video-preview:-1\" \/>\n<link rel=\"canonical\" href=\"https:\/\/brasilnoticias.org\/site\/stf-autoriza-que-juizes-deem-prosseguimento-a-processos-de-revisao-da-vida-toda\/\" \/>\n<meta property=\"og:locale\" content=\"pt_PT\" \/>\n<meta property=\"og:type\" content=\"article\" \/>\n<meta property=\"og:title\" content=\"STF autoriza que ju\u00edzes deem prosseguimento a processos de &quot;Revis\u00e3o da Vida Toda&quot; - Brasil not\u00edcias\" \/>\n<meta property=\"og:description\" content=\"O Supremo Tribunal Federal (STF) decidiu que os aposentados e pensionistas do Instituto Nacional do Seguro Social (INSS) t\u00eam o\" \/>\n<meta property=\"og:url\" content=\"https:\/\/brasilnoticias.org\/site\/stf-autoriza-que-juizes-deem-prosseguimento-a-processos-de-revisao-da-vida-toda\/\" \/>\n<meta property=\"og:site_name\" content=\"Brasil not\u00edcias\" \/>\n<meta property=\"article:published_time\" content=\"2023-04-19T20:41:45+00:00\" \/>\n<meta name=\"author\" content=\"Reda\u00e7\u00e3o\" \/>\n<meta name=\"twitter:card\" content=\"summary_large_image\" \/>\n<meta name=\"twitter:label1\" content=\"Escrito por\" \/>\n\t<meta name=\"twitter:data1\" content=\"Reda\u00e7\u00e3o\" \/>\n<script type=\"application\/ld+json\" class=\"yoast-schema-graph\">{\"@context\":\"https:\/\/schema.org\",\"@graph\":[{\"@type\":\"Article\",\"@id\":\"https:\/\/brasilnoticias.org\/site\/stf-autoriza-que-juizes-deem-prosseguimento-a-processos-de-revisao-da-vida-toda\/#article\",\"isPartOf\":{\"@id\":\"https:\/\/brasilnoticias.org\/site\/stf-autoriza-que-juizes-deem-prosseguimento-a-processos-de-revisao-da-vida-toda\/\"},\"author\":{\"name\":\"Reda\u00e7\u00e3o\",\"@id\":\"https:\/\/brasilnoticias.org\/site\/#\/schema\/person\/a0e05b973ec4d15c658d51911e53507b\"},\"headline\":\"STF autoriza que ju\u00edzes deem prosseguimento a processos de &#8220;Revis\u00e3o da Vida Toda&#8221;\",\"datePublished\":\"2023-04-19T20:41:45+00:00\",\"mainEntityOfPage\":{\"@id\":\"https:\/\/brasilnoticias.org\/site\/stf-autoriza-que-juizes-deem-prosseguimento-a-processos-de-revisao-da-vida-toda\/\"},\"wordCount\":245,\"commentCount\":0,\"publisher\":{\"@id\":\"https:\/\/brasilnoticias.org\/site\/#organization\"},\"articleSection\":[\"Not\u00edcias\",\"\u00daltimas\"],\"inLanguage\":\"pt-PT\",\"potentialAction\":[{\"@type\":\"CommentAction\",\"name\":\"Comment\",\"target\":[\"https:\/\/brasilnoticias.org\/site\/stf-autoriza-que-juizes-deem-prosseguimento-a-processos-de-revisao-da-vida-toda\/#respond\"]}]},{\"@type\":\"WebPage\",\"@id\":\"https:\/\/brasilnoticias.org\/site\/stf-autoriza-que-juizes-deem-prosseguimento-a-processos-de-revisao-da-vida-toda\/\",\"url\":\"https:\/\/brasilnoticias.org\/site\/stf-autoriza-que-juizes-deem-prosseguimento-a-processos-de-revisao-da-vida-toda\/\",\"name\":\"STF autoriza que ju\u00edzes deem prosseguimento a processos de \\\"Revis\u00e3o da Vida Toda\\\" - Brasil not\u00edcias\",\"isPartOf\":{\"@id\":\"https:\/\/brasilnoticias.org\/site\/#website\"},\"datePublished\":\"2023-04-19T20:41:45+00:00\",\"breadcrumb\":{\"@id\":\"https:\/\/brasilnoticias.org\/site\/stf-autoriza-que-juizes-deem-prosseguimento-a-processos-de-revisao-da-vida-toda\/#breadcrumb\"},\"inLanguage\":\"pt-PT\",\"potentialAction\":[{\"@type\":\"ReadAction\",\"target\":[\"https:\/\/brasilnoticias.org\/site\/stf-autoriza-que-juizes-deem-prosseguimento-a-processos-de-revisao-da-vida-toda\/\"]}]},{\"@type\":\"BreadcrumbList\",\"@id\":\"https:\/\/brasilnoticias.org\/site\/stf-autoriza-que-juizes-deem-prosseguimento-a-processos-de-revisao-da-vida-toda\/#breadcrumb\",\"itemListElement\":[{\"@type\":\"ListItem\",\"position\":1,\"name\":\"In\u00edcio\",\"item\":\"https:\/\/brasilnoticias.org\/site\/\"},{\"@type\":\"ListItem\",\"position\":2,\"name\":\"STF autoriza que ju\u00edzes deem prosseguimento a processos de &#8220;Revis\u00e3o da Vida Toda&#8221;\"}]},{\"@type\":\"WebSite\",\"@id\":\"https:\/\/brasilnoticias.org\/site\/#website\",\"url\":\"https:\/\/brasilnoticias.org\/site\/\",\"name\":\"Brasil not\u00edcias\",\"description\":\"Brasil not\u00edcias\",\"publisher\":{\"@id\":\"https:\/\/brasilnoticias.org\/site\/#organization\"},\"potentialAction\":[{\"@type\":\"SearchAction\",\"target\":{\"@type\":\"EntryPoint\",\"urlTemplate\":\"https:\/\/brasilnoticias.org\/site\/?s={search_term_string}\"},\"query-input\":{\"@type\":\"PropertyValueSpecification\",\"valueRequired\":true,\"valueName\":\"search_term_string\"}}],\"inLanguage\":\"pt-PT\"},{\"@type\":\"Organization\",\"@id\":\"https:\/\/brasilnoticias.org\/site\/#organization\",\"name\":\"Brasil not\u00edcias\",\"url\":\"https:\/\/brasilnoticias.org\/site\/\",\"logo\":{\"@type\":\"ImageObject\",\"inLanguage\":\"pt-PT\",\"@id\":\"https:\/\/brasilnoticias.org\/site\/#\/schema\/logo\/image\/\",\"url\":\"https:\/\/brasilnoticias.org\/site\/wp-content\/uploads\/2022\/05\/cropped-brasilnoticias-mini.jpg\",\"contentUrl\":\"https:\/\/brasilnoticias.org\/site\/wp-content\/uploads\/2022\/05\/cropped-brasilnoticias-mini.jpg\",\"width\":314,\"height\":86,\"caption\":\"Brasil not\u00edcias\"},\"image\":{\"@id\":\"https:\/\/brasilnoticias.org\/site\/#\/schema\/logo\/image\/\"}},{\"@type\":\"Person\",\"@id\":\"https:\/\/brasilnoticias.org\/site\/#\/schema\/person\/a0e05b973ec4d15c658d51911e53507b\",\"name\":\"Reda\u00e7\u00e3o\",\"image\":{\"@type\":\"ImageObject\",\"inLanguage\":\"pt-PT\",\"@id\":\"https:\/\/brasilnoticias.org\/site\/#\/schema\/person\/image\/\",\"url\":\"https:\/\/secure.gravatar.com\/avatar\/75d8b050df2de108b08ae78dfb8e374892df24a383c67db9c46a9c604f6aee9c?s=96&d=mm&r=g\",\"contentUrl\":\"https:\/\/secure.gravatar.com\/avatar\/75d8b050df2de108b08ae78dfb8e374892df24a383c67db9c46a9c604f6aee9c?s=96&d=mm&r=g\",\"caption\":\"Reda\u00e7\u00e3o\"},\"sameAs\":[\"https:\/\/brasilnoticias.org\/site\"],\"url\":\"https:\/\/brasilnoticias.org\/site\/author\/fernandozsngmail-com\/\"}]}<\/script>\n<!-- \/ Yoast SEO plugin. -->","yoast_head_json":{"title":"STF autoriza que ju\u00edzes deem prosseguimento a processos de \"Revis\u00e3o da Vida Toda\" - Brasil not\u00edcias","robots":{"index":"index","follow":"follow","max-snippet":"max-snippet:-1","max-image-preview":"max-image-preview:large","max-video-preview":"max-video-preview:-1"},"canonical":"https:\/\/brasilnoticias.org\/site\/stf-autoriza-que-juizes-deem-prosseguimento-a-processos-de-revisao-da-vida-toda\/","og_locale":"pt_PT","og_type":"article","og_title":"STF autoriza que ju\u00edzes deem prosseguimento a processos de \"Revis\u00e3o da Vida Toda\" - Brasil not\u00edcias","og_description":"O Supremo Tribunal Federal (STF) decidiu que os aposentados e pensionistas do Instituto Nacional do Seguro Social (INSS) t\u00eam o","og_url":"https:\/\/brasilnoticias.org\/site\/stf-autoriza-que-juizes-deem-prosseguimento-a-processos-de-revisao-da-vida-toda\/","og_site_name":"Brasil not\u00edcias","article_published_time":"2023-04-19T20:41:45+00:00","author":"Reda\u00e7\u00e3o","twitter_card":"summary_large_image","twitter_misc":{"Escrito por":"Reda\u00e7\u00e3o"},"schema":{"@context":"https:\/\/schema.org","@graph":[{"@type":"Article","@id":"https:\/\/brasilnoticias.org\/site\/stf-autoriza-que-juizes-deem-prosseguimento-a-processos-de-revisao-da-vida-toda\/#article","isPartOf":{"@id":"https:\/\/brasilnoticias.org\/site\/stf-autoriza-que-juizes-deem-prosseguimento-a-processos-de-revisao-da-vida-toda\/"},"author":{"name":"Reda\u00e7\u00e3o","@id":"https:\/\/brasilnoticias.org\/site\/#\/schema\/person\/a0e05b973ec4d15c658d51911e53507b"},"headline":"STF autoriza que ju\u00edzes deem prosseguimento a processos de &#8220;Revis\u00e3o da Vida Toda&#8221;","datePublished":"2023-04-19T20:41:45+00:00","mainEntityOfPage":{"@id":"https:\/\/brasilnoticias.org\/site\/stf-autoriza-que-juizes-deem-prosseguimento-a-processos-de-revisao-da-vida-toda\/"},"wordCount":245,"commentCount":0,"publisher":{"@id":"https:\/\/brasilnoticias.org\/site\/#organization"},"articleSection":["Not\u00edcias","\u00daltimas"],"inLanguage":"pt-PT","potentialAction":[{"@type":"CommentAction","name":"Comment","target":["https:\/\/brasilnoticias.org\/site\/stf-autoriza-que-juizes-deem-prosseguimento-a-processos-de-revisao-da-vida-toda\/#respond"]}]},{"@type":"WebPage","@id":"https:\/\/brasilnoticias.org\/site\/stf-autoriza-que-juizes-deem-prosseguimento-a-processos-de-revisao-da-vida-toda\/","url":"https:\/\/brasilnoticias.org\/site\/stf-autoriza-que-juizes-deem-prosseguimento-a-processos-de-revisao-da-vida-toda\/","name":"STF autoriza que ju\u00edzes deem prosseguimento a processos de \"Revis\u00e3o da Vida Toda\" - Brasil not\u00edcias","isPartOf":{"@id":"https:\/\/brasilnoticias.org\/site\/#website"},"datePublished":"2023-04-19T20:41:45+00:00","breadcrumb":{"@id":"https:\/\/brasilnoticias.org\/site\/stf-autoriza-que-juizes-deem-prosseguimento-a-processos-de-revisao-da-vida-toda\/#breadcrumb"},"inLanguage":"pt-PT","potentialAction":[{"@type":"ReadAction","target":["https:\/\/brasilnoticias.org\/site\/stf-autoriza-que-juizes-deem-prosseguimento-a-processos-de-revisao-da-vida-toda\/"]}]},{"@type":"BreadcrumbList","@id":"https:\/\/brasilnoticias.org\/site\/stf-autoriza-que-juizes-deem-prosseguimento-a-processos-de-revisao-da-vida-toda\/#breadcrumb","itemListElement":[{"@type":"ListItem","position":1,"name":"In\u00edcio","item":"https:\/\/brasilnoticias.org\/site\/"},{"@type":"ListItem","position":2,"name":"STF autoriza que ju\u00edzes deem prosseguimento a processos de &#8220;Revis\u00e3o da Vida Toda&#8221;"}]},{"@type":"WebSite","@id":"https:\/\/brasilnoticias.org\/site\/#website","url":"https:\/\/brasilnoticias.org\/site\/","name":"Brasil not\u00edcias","description":"Brasil not\u00edcias","publisher":{"@id":"https:\/\/brasilnoticias.org\/site\/#organization"},"potentialAction":[{"@type":"SearchAction","target":{"@type":"EntryPoint","urlTemplate":"https:\/\/brasilnoticias.org\/site\/?s={search_term_string}"},"query-input":{"@type":"PropertyValueSpecification","valueRequired":true,"valueName":"search_term_string"}}],"inLanguage":"pt-PT"},{"@type":"Organization","@id":"https:\/\/brasilnoticias.org\/site\/#organization","name":"Brasil not\u00edcias","url":"https:\/\/brasilnoticias.org\/site\/","logo":{"@type":"ImageObject","inLanguage":"pt-PT","@id":"https:\/\/brasilnoticias.org\/site\/#\/schema\/logo\/image\/","url":"https:\/\/brasilnoticias.org\/site\/wp-content\/uploads\/2022\/05\/cropped-brasilnoticias-mini.jpg","contentUrl":"https:\/\/brasilnoticias.org\/site\/wp-content\/uploads\/2022\/05\/cropped-brasilnoticias-mini.jpg","width":314,"height":86,"caption":"Brasil not\u00edcias"},"image":{"@id":"https:\/\/brasilnoticias.org\/site\/#\/schema\/logo\/image\/"}},{"@type":"Person","@id":"https:\/\/brasilnoticias.org\/site\/#\/schema\/person\/a0e05b973ec4d15c658d51911e53507b","name":"Reda\u00e7\u00e3o","image":{"@type":"ImageObject","inLanguage":"pt-PT","@id":"https:\/\/brasilnoticias.org\/site\/#\/schema\/person\/image\/","url":"https:\/\/secure.gravatar.com\/avatar\/75d8b050df2de108b08ae78dfb8e374892df24a383c67db9c46a9c604f6aee9c?s=96&d=mm&r=g","contentUrl":"https:\/\/secure.gravatar.com\/avatar\/75d8b050df2de108b08ae78dfb8e374892df24a383c67db9c46a9c604f6aee9c?s=96&d=mm&r=g","caption":"Reda\u00e7\u00e3o"},"sameAs":["https:\/\/brasilnoticias.org\/site"],"url":"https:\/\/brasilnoticias.org\/site\/author\/fernandozsngmail-com\/"}]}},"_links":{"self":[{"href":"https:\/\/brasilnoticias.org\/site\/wp-json\/wp\/v2\/posts\/5560","targetHints":{"allow":["GET"]}}],"collection":[{"href":"https:\/\/brasilnoticias.org\/site\/wp-json\/wp\/v2\/posts"}],"about":[{"href":"https:\/\/brasilnoticias.org\/site\/wp-json\/wp\/v2\/types\/post"}],"author":[{"embeddable":true,"href":"https:\/\/brasilnoticias.org\/site\/wp-json\/wp\/v2\/users\/1"}],"replies":[{"embeddable":true,"href":"https:\/\/brasilnoticias.org\/site\/wp-json\/wp\/v2\/comments?post=5560"}],"version-history":[{"count":1,"href":"https:\/\/brasilnoticias.org\/site\/wp-json\/wp\/v2\/posts\/5560\/revisions"}],"predecessor-version":[{"id":5562,"href":"https:\/\/brasilnoticias.org\/site\/wp-json\/wp\/v2\/posts\/5560\/revisions\/5562"}],"wp:attachment":[{"href":"https:\/\/brasilnoticias.org\/site\/wp-json\/wp\/v2\/media?parent=5560"}],"wp:term":[{"taxonomy":"category","embeddable":true,"href":"https:\/\/brasilnoticias.org\/site\/wp-json\/wp\/v2\/categories?post=5560"},{"taxonomy":"post_tag","embeddable":true,"href":"https:\/\/brasilnoticias.org\/site\/wp-json\/wp\/v2\/tags?post=5560"}],"curies":[{"name":"wp","href":"https:\/\/api.w.org\/{rel}","templated":true}]}}