{"id":5578,"date":"2023-04-20T17:44:32","date_gmt":"2023-04-20T20:44:32","guid":{"rendered":"https:\/\/brasilnoticias.org\/site\/?p=5578"},"modified":"2023-04-20T17:44:32","modified_gmt":"2023-04-20T20:44:32","slug":"apos-atestado-medico-de-ministro-do-gsi-e-aparicao-na-tv-o-deputado-capitao-alden-questiona-a-seriedade-da-gestao-lula","status":"publish","type":"post","link":"https:\/\/brasilnoticias.org\/site\/apos-atestado-medico-de-ministro-do-gsi-e-aparicao-na-tv-o-deputado-capitao-alden-questiona-a-seriedade-da-gestao-lula\/","title":{"rendered":"Ap\u00f3s \u201catestado m\u00e9dico\u201d de ministro do GSI e apari\u00e7\u00e3o na TV, o deputado Capit\u00e3o Alden questiona a seriedade da gest\u00e3o Lula"},"content":{"rendered":"<p>Parlamentar cobra puni\u00e7\u00e3o dos verdadeiros culpados pelos atos de vandalismo <\/p>\n<p>A situa\u00e7\u00e3o envolvendo os atos do \u201c8 de Janeiro\u201d, mais uma vez ganha novo desdobramento e dessa vez desagradando muito a Bancada da Oposi\u00e7\u00e3o a gest\u00e3o Lula. A aus\u00eancia do ministro do Gabinete de Seguran\u00e7a Institucional &#8211; GSI, Marco Edson Gon\u00e7alves Dias, na Comiss\u00e3o de Seguran\u00e7a P\u00fablica e Combate ao Crime Organizado foi algo visto com muita estranheza, ap\u00f3s apresenta\u00e7\u00e3o de atestado m\u00e9dico com a orienta\u00e7\u00e3o de \u201cquadro cl\u00ednico agudo e com necessidade de medica\u00e7\u00e3o e observa\u00e7\u00e3o\u201d. Mas, no mesmo dia, o titular do GSI cedeu entrevista \u00e0 GloboNews.<\/p>\n<p>Para o deputado federal Capit\u00e3o Alden (PL-BA), essa postura do general Gon\u00e7alves Dias \u00e9 uma falta de respeito com a C\u00e2mara Federal. O parlamentar ressalta que as imagens apresentadas pela TV CNN Brasil que mostram movimenta\u00e7\u00f5es at\u00edpicas do titular do GSI e demais profissionais envolvidos no  \u201c8 de Janeiro\u201d deixam claro que a gest\u00e3o Lula deseja ocultar da sociedade quem de fato provocou os atos de vandalismo nos Tr\u00eas Poderes.<\/p>\n<p>\u201cQuero ver a cara dos pol\u00edticos de Esquerda em tentar defender o indefens\u00e1vel. A cada novo ato a situa\u00e7\u00e3o do desgoverno Lula s\u00f3 piora! N\u00e3o podemos deixar de ter CPMI e n\u00e3o podemos deixar de brigar pela puni\u00e7\u00e3o dos verdadeiros culpados\u201d, afirma Alden.<\/p>\n","protected":false},"excerpt":{"rendered":"<p>Parlamentar cobra puni\u00e7\u00e3o dos verdadeiros culpados pelos atos de vandalismo A situa\u00e7\u00e3o envolvendo os atos do \u201c8 de Janeiro\u201d, mais<\/p>\n","protected":false},"author":1,"featured_media":5579,"comment_status":"open","ping_status":"open","sticky":false,"template":"","format":"standard","meta":{"colormag_page_container_layout":"default_layout","colormag_page_sidebar_layout":"default_layout","_FSMCFIC_featured_image_caption":"","_FSMCFIC_featured_image_nocaption":"","_FSMCFIC_featured_image_hide":"","footnotes":""},"categories":[5,1],"tags":[],"class_list":["post-5578","post","type-post","status-publish","format-standard","has-post-thumbnail","hentry","category-politica","category-ultimas"],"yoast_head":"<!-- This site is optimized with the Yoast SEO plugin v27.1.1 - https:\/\/yoast.com\/product\/yoast-seo-wordpress\/ -->\n<title>Ap\u00f3s \u201catestado m\u00e9dico\u201d de ministro do GSI e apari\u00e7\u00e3o na TV, o deputado Capit\u00e3o Alden questiona a seriedade da gest\u00e3o Lula - Brasil not\u00edcias<\/title>\n<meta name=\"robots\" content=\"index, follow, max-snippet:-1, max-image-preview:large, max-video-preview:-1\" \/>\n<link rel=\"canonical\" href=\"https:\/\/brasilnoticias.org\/site\/apos-atestado-medico-de-ministro-do-gsi-e-aparicao-na-tv-o-deputado-capitao-alden-questiona-a-seriedade-da-gestao-lula\/\" \/>\n<meta property=\"og:locale\" content=\"pt_PT\" \/>\n<meta property=\"og:type\" content=\"article\" \/>\n<meta property=\"og:title\" content=\"Ap\u00f3s \u201catestado m\u00e9dico\u201d de ministro do GSI e apari\u00e7\u00e3o na TV, o deputado Capit\u00e3o Alden questiona a seriedade da gest\u00e3o Lula - Brasil not\u00edcias\" \/>\n<meta property=\"og:description\" content=\"Parlamentar cobra puni\u00e7\u00e3o dos verdadeiros culpados pelos atos de vandalismo A situa\u00e7\u00e3o envolvendo os atos do \u201c8 de Janeiro\u201d, mais\" \/>\n<meta property=\"og:url\" content=\"https:\/\/brasilnoticias.org\/site\/apos-atestado-medico-de-ministro-do-gsi-e-aparicao-na-tv-o-deputado-capitao-alden-questiona-a-seriedade-da-gestao-lula\/\" \/>\n<meta property=\"og:site_name\" content=\"Brasil not\u00edcias\" \/>\n<meta property=\"article:published_time\" content=\"2023-04-20T20:44:32+00:00\" \/>\n<meta property=\"og:image\" content=\"https:\/\/brasilnoticias.org\/site\/wp-content\/uploads\/2023\/04\/WhatsApp-Image-2023-04-20-at-15.48.37.jpeg\" \/>\n\t<meta property=\"og:image:width\" content=\"1600\" \/>\n\t<meta property=\"og:image:height\" content=\"1066\" \/>\n\t<meta property=\"og:image:type\" content=\"image\/jpeg\" \/>\n<meta name=\"author\" content=\"Reda\u00e7\u00e3o\" \/>\n<meta name=\"twitter:card\" content=\"summary_large_image\" \/>\n<meta name=\"twitter:label1\" content=\"Escrito por\" \/>\n\t<meta name=\"twitter:data1\" content=\"Reda\u00e7\u00e3o\" \/>\n<script type=\"application\/ld+json\" class=\"yoast-schema-graph\">{\"@context\":\"https:\/\/schema.org\",\"@graph\":[{\"@type\":\"Article\",\"@id\":\"https:\/\/brasilnoticias.org\/site\/apos-atestado-medico-de-ministro-do-gsi-e-aparicao-na-tv-o-deputado-capitao-alden-questiona-a-seriedade-da-gestao-lula\/#article\",\"isPartOf\":{\"@id\":\"https:\/\/brasilnoticias.org\/site\/apos-atestado-medico-de-ministro-do-gsi-e-aparicao-na-tv-o-deputado-capitao-alden-questiona-a-seriedade-da-gestao-lula\/\"},\"author\":{\"name\":\"Reda\u00e7\u00e3o\",\"@id\":\"https:\/\/brasilnoticias.org\/site\/#\/schema\/person\/a0e05b973ec4d15c658d51911e53507b\"},\"headline\":\"Ap\u00f3s \u201catestado m\u00e9dico\u201d de ministro do GSI e apari\u00e7\u00e3o na TV, o deputado Capit\u00e3o Alden questiona a seriedade da gest\u00e3o Lula\",\"datePublished\":\"2023-04-20T20:44:32+00:00\",\"mainEntityOfPage\":{\"@id\":\"https:\/\/brasilnoticias.org\/site\/apos-atestado-medico-de-ministro-do-gsi-e-aparicao-na-tv-o-deputado-capitao-alden-questiona-a-seriedade-da-gestao-lula\/\"},\"wordCount\":264,\"commentCount\":0,\"publisher\":{\"@id\":\"https:\/\/brasilnoticias.org\/site\/#organization\"},\"image\":{\"@id\":\"https:\/\/brasilnoticias.org\/site\/apos-atestado-medico-de-ministro-do-gsi-e-aparicao-na-tv-o-deputado-capitao-alden-questiona-a-seriedade-da-gestao-lula\/#primaryimage\"},\"thumbnailUrl\":\"https:\/\/brasilnoticias.org\/site\/wp-content\/uploads\/2023\/04\/WhatsApp-Image-2023-04-20-at-15.48.37.jpeg\",\"articleSection\":[\"Pol\u00edtica\",\"\u00daltimas\"],\"inLanguage\":\"pt-PT\",\"potentialAction\":[{\"@type\":\"CommentAction\",\"name\":\"Comment\",\"target\":[\"https:\/\/brasilnoticias.org\/site\/apos-atestado-medico-de-ministro-do-gsi-e-aparicao-na-tv-o-deputado-capitao-alden-questiona-a-seriedade-da-gestao-lula\/#respond\"]}]},{\"@type\":\"WebPage\",\"@id\":\"https:\/\/brasilnoticias.org\/site\/apos-atestado-medico-de-ministro-do-gsi-e-aparicao-na-tv-o-deputado-capitao-alden-questiona-a-seriedade-da-gestao-lula\/\",\"url\":\"https:\/\/brasilnoticias.org\/site\/apos-atestado-medico-de-ministro-do-gsi-e-aparicao-na-tv-o-deputado-capitao-alden-questiona-a-seriedade-da-gestao-lula\/\",\"name\":\"Ap\u00f3s \u201catestado m\u00e9dico\u201d de ministro do GSI e apari\u00e7\u00e3o na TV, o deputado Capit\u00e3o Alden questiona a seriedade da gest\u00e3o Lula - Brasil not\u00edcias\",\"isPartOf\":{\"@id\":\"https:\/\/brasilnoticias.org\/site\/#website\"},\"primaryImageOfPage\":{\"@id\":\"https:\/\/brasilnoticias.org\/site\/apos-atestado-medico-de-ministro-do-gsi-e-aparicao-na-tv-o-deputado-capitao-alden-questiona-a-seriedade-da-gestao-lula\/#primaryimage\"},\"image\":{\"@id\":\"https:\/\/brasilnoticias.org\/site\/apos-atestado-medico-de-ministro-do-gsi-e-aparicao-na-tv-o-deputado-capitao-alden-questiona-a-seriedade-da-gestao-lula\/#primaryimage\"},\"thumbnailUrl\":\"https:\/\/brasilnoticias.org\/site\/wp-content\/uploads\/2023\/04\/WhatsApp-Image-2023-04-20-at-15.48.37.jpeg\",\"datePublished\":\"2023-04-20T20:44:32+00:00\",\"breadcrumb\":{\"@id\":\"https:\/\/brasilnoticias.org\/site\/apos-atestado-medico-de-ministro-do-gsi-e-aparicao-na-tv-o-deputado-capitao-alden-questiona-a-seriedade-da-gestao-lula\/#breadcrumb\"},\"inLanguage\":\"pt-PT\",\"potentialAction\":[{\"@type\":\"ReadAction\",\"target\":[\"https:\/\/brasilnoticias.org\/site\/apos-atestado-medico-de-ministro-do-gsi-e-aparicao-na-tv-o-deputado-capitao-alden-questiona-a-seriedade-da-gestao-lula\/\"]}]},{\"@type\":\"ImageObject\",\"inLanguage\":\"pt-PT\",\"@id\":\"https:\/\/brasilnoticias.org\/site\/apos-atestado-medico-de-ministro-do-gsi-e-aparicao-na-tv-o-deputado-capitao-alden-questiona-a-seriedade-da-gestao-lula\/#primaryimage\",\"url\":\"https:\/\/brasilnoticias.org\/site\/wp-content\/uploads\/2023\/04\/WhatsApp-Image-2023-04-20-at-15.48.37.jpeg\",\"contentUrl\":\"https:\/\/brasilnoticias.org\/site\/wp-content\/uploads\/2023\/04\/WhatsApp-Image-2023-04-20-at-15.48.37.jpeg\",\"width\":1600,\"height\":1066},{\"@type\":\"BreadcrumbList\",\"@id\":\"https:\/\/brasilnoticias.org\/site\/apos-atestado-medico-de-ministro-do-gsi-e-aparicao-na-tv-o-deputado-capitao-alden-questiona-a-seriedade-da-gestao-lula\/#breadcrumb\",\"itemListElement\":[{\"@type\":\"ListItem\",\"position\":1,\"name\":\"In\u00edcio\",\"item\":\"https:\/\/brasilnoticias.org\/site\/\"},{\"@type\":\"ListItem\",\"position\":2,\"name\":\"Ap\u00f3s \u201catestado m\u00e9dico\u201d de ministro do GSI e apari\u00e7\u00e3o na TV, o deputado Capit\u00e3o Alden questiona a seriedade da gest\u00e3o Lula\"}]},{\"@type\":\"WebSite\",\"@id\":\"https:\/\/brasilnoticias.org\/site\/#website\",\"url\":\"https:\/\/brasilnoticias.org\/site\/\",\"name\":\"Brasil not\u00edcias\",\"description\":\"Brasil not\u00edcias\",\"publisher\":{\"@id\":\"https:\/\/brasilnoticias.org\/site\/#organization\"},\"potentialAction\":[{\"@type\":\"SearchAction\",\"target\":{\"@type\":\"EntryPoint\",\"urlTemplate\":\"https:\/\/brasilnoticias.org\/site\/?s={search_term_string}\"},\"query-input\":{\"@type\":\"PropertyValueSpecification\",\"valueRequired\":true,\"valueName\":\"search_term_string\"}}],\"inLanguage\":\"pt-PT\"},{\"@type\":\"Organization\",\"@id\":\"https:\/\/brasilnoticias.org\/site\/#organization\",\"name\":\"Brasil not\u00edcias\",\"url\":\"https:\/\/brasilnoticias.org\/site\/\",\"logo\":{\"@type\":\"ImageObject\",\"inLanguage\":\"pt-PT\",\"@id\":\"https:\/\/brasilnoticias.org\/site\/#\/schema\/logo\/image\/\",\"url\":\"https:\/\/brasilnoticias.org\/site\/wp-content\/uploads\/2022\/05\/cropped-brasilnoticias-mini.jpg\",\"contentUrl\":\"https:\/\/brasilnoticias.org\/site\/wp-content\/uploads\/2022\/05\/cropped-brasilnoticias-mini.jpg\",\"width\":314,\"height\":86,\"caption\":\"Brasil not\u00edcias\"},\"image\":{\"@id\":\"https:\/\/brasilnoticias.org\/site\/#\/schema\/logo\/image\/\"}},{\"@type\":\"Person\",\"@id\":\"https:\/\/brasilnoticias.org\/site\/#\/schema\/person\/a0e05b973ec4d15c658d51911e53507b\",\"name\":\"Reda\u00e7\u00e3o\",\"image\":{\"@type\":\"ImageObject\",\"inLanguage\":\"pt-PT\",\"@id\":\"https:\/\/brasilnoticias.org\/site\/#\/schema\/person\/image\/\",\"url\":\"https:\/\/secure.gravatar.com\/avatar\/75d8b050df2de108b08ae78dfb8e374892df24a383c67db9c46a9c604f6aee9c?s=96&d=mm&r=g\",\"contentUrl\":\"https:\/\/secure.gravatar.com\/avatar\/75d8b050df2de108b08ae78dfb8e374892df24a383c67db9c46a9c604f6aee9c?s=96&d=mm&r=g\",\"caption\":\"Reda\u00e7\u00e3o\"},\"sameAs\":[\"https:\/\/brasilnoticias.org\/site\"],\"url\":\"https:\/\/brasilnoticias.org\/site\/author\/fernandozsngmail-com\/\"}]}<\/script>\n<!-- \/ Yoast SEO plugin. -->","yoast_head_json":{"title":"Ap\u00f3s \u201catestado m\u00e9dico\u201d de ministro do GSI e apari\u00e7\u00e3o na TV, o deputado Capit\u00e3o Alden questiona a seriedade da gest\u00e3o Lula - Brasil not\u00edcias","robots":{"index":"index","follow":"follow","max-snippet":"max-snippet:-1","max-image-preview":"max-image-preview:large","max-video-preview":"max-video-preview:-1"},"canonical":"https:\/\/brasilnoticias.org\/site\/apos-atestado-medico-de-ministro-do-gsi-e-aparicao-na-tv-o-deputado-capitao-alden-questiona-a-seriedade-da-gestao-lula\/","og_locale":"pt_PT","og_type":"article","og_title":"Ap\u00f3s \u201catestado m\u00e9dico\u201d de ministro do GSI e apari\u00e7\u00e3o na TV, o deputado Capit\u00e3o Alden questiona a seriedade da gest\u00e3o Lula - Brasil not\u00edcias","og_description":"Parlamentar cobra puni\u00e7\u00e3o dos verdadeiros culpados pelos atos de vandalismo A situa\u00e7\u00e3o envolvendo os atos do \u201c8 de Janeiro\u201d, mais","og_url":"https:\/\/brasilnoticias.org\/site\/apos-atestado-medico-de-ministro-do-gsi-e-aparicao-na-tv-o-deputado-capitao-alden-questiona-a-seriedade-da-gestao-lula\/","og_site_name":"Brasil not\u00edcias","article_published_time":"2023-04-20T20:44:32+00:00","og_image":[{"width":1600,"height":1066,"url":"https:\/\/brasilnoticias.org\/site\/wp-content\/uploads\/2023\/04\/WhatsApp-Image-2023-04-20-at-15.48.37.jpeg","type":"image\/jpeg"}],"author":"Reda\u00e7\u00e3o","twitter_card":"summary_large_image","twitter_misc":{"Escrito por":"Reda\u00e7\u00e3o"},"schema":{"@context":"https:\/\/schema.org","@graph":[{"@type":"Article","@id":"https:\/\/brasilnoticias.org\/site\/apos-atestado-medico-de-ministro-do-gsi-e-aparicao-na-tv-o-deputado-capitao-alden-questiona-a-seriedade-da-gestao-lula\/#article","isPartOf":{"@id":"https:\/\/brasilnoticias.org\/site\/apos-atestado-medico-de-ministro-do-gsi-e-aparicao-na-tv-o-deputado-capitao-alden-questiona-a-seriedade-da-gestao-lula\/"},"author":{"name":"Reda\u00e7\u00e3o","@id":"https:\/\/brasilnoticias.org\/site\/#\/schema\/person\/a0e05b973ec4d15c658d51911e53507b"},"headline":"Ap\u00f3s \u201catestado m\u00e9dico\u201d de ministro do GSI e apari\u00e7\u00e3o na TV, o deputado Capit\u00e3o Alden questiona a seriedade da gest\u00e3o Lula","datePublished":"2023-04-20T20:44:32+00:00","mainEntityOfPage":{"@id":"https:\/\/brasilnoticias.org\/site\/apos-atestado-medico-de-ministro-do-gsi-e-aparicao-na-tv-o-deputado-capitao-alden-questiona-a-seriedade-da-gestao-lula\/"},"wordCount":264,"commentCount":0,"publisher":{"@id":"https:\/\/brasilnoticias.org\/site\/#organization"},"image":{"@id":"https:\/\/brasilnoticias.org\/site\/apos-atestado-medico-de-ministro-do-gsi-e-aparicao-na-tv-o-deputado-capitao-alden-questiona-a-seriedade-da-gestao-lula\/#primaryimage"},"thumbnailUrl":"https:\/\/brasilnoticias.org\/site\/wp-content\/uploads\/2023\/04\/WhatsApp-Image-2023-04-20-at-15.48.37.jpeg","articleSection":["Pol\u00edtica","\u00daltimas"],"inLanguage":"pt-PT","potentialAction":[{"@type":"CommentAction","name":"Comment","target":["https:\/\/brasilnoticias.org\/site\/apos-atestado-medico-de-ministro-do-gsi-e-aparicao-na-tv-o-deputado-capitao-alden-questiona-a-seriedade-da-gestao-lula\/#respond"]}]},{"@type":"WebPage","@id":"https:\/\/brasilnoticias.org\/site\/apos-atestado-medico-de-ministro-do-gsi-e-aparicao-na-tv-o-deputado-capitao-alden-questiona-a-seriedade-da-gestao-lula\/","url":"https:\/\/brasilnoticias.org\/site\/apos-atestado-medico-de-ministro-do-gsi-e-aparicao-na-tv-o-deputado-capitao-alden-questiona-a-seriedade-da-gestao-lula\/","name":"Ap\u00f3s \u201catestado m\u00e9dico\u201d de ministro do GSI e apari\u00e7\u00e3o na TV, o deputado Capit\u00e3o Alden questiona a seriedade da gest\u00e3o Lula - Brasil not\u00edcias","isPartOf":{"@id":"https:\/\/brasilnoticias.org\/site\/#website"},"primaryImageOfPage":{"@id":"https:\/\/brasilnoticias.org\/site\/apos-atestado-medico-de-ministro-do-gsi-e-aparicao-na-tv-o-deputado-capitao-alden-questiona-a-seriedade-da-gestao-lula\/#primaryimage"},"image":{"@id":"https:\/\/brasilnoticias.org\/site\/apos-atestado-medico-de-ministro-do-gsi-e-aparicao-na-tv-o-deputado-capitao-alden-questiona-a-seriedade-da-gestao-lula\/#primaryimage"},"thumbnailUrl":"https:\/\/brasilnoticias.org\/site\/wp-content\/uploads\/2023\/04\/WhatsApp-Image-2023-04-20-at-15.48.37.jpeg","datePublished":"2023-04-20T20:44:32+00:00","breadcrumb":{"@id":"https:\/\/brasilnoticias.org\/site\/apos-atestado-medico-de-ministro-do-gsi-e-aparicao-na-tv-o-deputado-capitao-alden-questiona-a-seriedade-da-gestao-lula\/#breadcrumb"},"inLanguage":"pt-PT","potentialAction":[{"@type":"ReadAction","target":["https:\/\/brasilnoticias.org\/site\/apos-atestado-medico-de-ministro-do-gsi-e-aparicao-na-tv-o-deputado-capitao-alden-questiona-a-seriedade-da-gestao-lula\/"]}]},{"@type":"ImageObject","inLanguage":"pt-PT","@id":"https:\/\/brasilnoticias.org\/site\/apos-atestado-medico-de-ministro-do-gsi-e-aparicao-na-tv-o-deputado-capitao-alden-questiona-a-seriedade-da-gestao-lula\/#primaryimage","url":"https:\/\/brasilnoticias.org\/site\/wp-content\/uploads\/2023\/04\/WhatsApp-Image-2023-04-20-at-15.48.37.jpeg","contentUrl":"https:\/\/brasilnoticias.org\/site\/wp-content\/uploads\/2023\/04\/WhatsApp-Image-2023-04-20-at-15.48.37.jpeg","width":1600,"height":1066},{"@type":"BreadcrumbList","@id":"https:\/\/brasilnoticias.org\/site\/apos-atestado-medico-de-ministro-do-gsi-e-aparicao-na-tv-o-deputado-capitao-alden-questiona-a-seriedade-da-gestao-lula\/#breadcrumb","itemListElement":[{"@type":"ListItem","position":1,"name":"In\u00edcio","item":"https:\/\/brasilnoticias.org\/site\/"},{"@type":"ListItem","position":2,"name":"Ap\u00f3s \u201catestado m\u00e9dico\u201d de ministro do GSI e apari\u00e7\u00e3o na TV, o deputado Capit\u00e3o Alden questiona a seriedade da gest\u00e3o Lula"}]},{"@type":"WebSite","@id":"https:\/\/brasilnoticias.org\/site\/#website","url":"https:\/\/brasilnoticias.org\/site\/","name":"Brasil not\u00edcias","description":"Brasil not\u00edcias","publisher":{"@id":"https:\/\/brasilnoticias.org\/site\/#organization"},"potentialAction":[{"@type":"SearchAction","target":{"@type":"EntryPoint","urlTemplate":"https:\/\/brasilnoticias.org\/site\/?s={search_term_string}"},"query-input":{"@type":"PropertyValueSpecification","valueRequired":true,"valueName":"search_term_string"}}],"inLanguage":"pt-PT"},{"@type":"Organization","@id":"https:\/\/brasilnoticias.org\/site\/#organization","name":"Brasil not\u00edcias","url":"https:\/\/brasilnoticias.org\/site\/","logo":{"@type":"ImageObject","inLanguage":"pt-PT","@id":"https:\/\/brasilnoticias.org\/site\/#\/schema\/logo\/image\/","url":"https:\/\/brasilnoticias.org\/site\/wp-content\/uploads\/2022\/05\/cropped-brasilnoticias-mini.jpg","contentUrl":"https:\/\/brasilnoticias.org\/site\/wp-content\/uploads\/2022\/05\/cropped-brasilnoticias-mini.jpg","width":314,"height":86,"caption":"Brasil not\u00edcias"},"image":{"@id":"https:\/\/brasilnoticias.org\/site\/#\/schema\/logo\/image\/"}},{"@type":"Person","@id":"https:\/\/brasilnoticias.org\/site\/#\/schema\/person\/a0e05b973ec4d15c658d51911e53507b","name":"Reda\u00e7\u00e3o","image":{"@type":"ImageObject","inLanguage":"pt-PT","@id":"https:\/\/brasilnoticias.org\/site\/#\/schema\/person\/image\/","url":"https:\/\/secure.gravatar.com\/avatar\/75d8b050df2de108b08ae78dfb8e374892df24a383c67db9c46a9c604f6aee9c?s=96&d=mm&r=g","contentUrl":"https:\/\/secure.gravatar.com\/avatar\/75d8b050df2de108b08ae78dfb8e374892df24a383c67db9c46a9c604f6aee9c?s=96&d=mm&r=g","caption":"Reda\u00e7\u00e3o"},"sameAs":["https:\/\/brasilnoticias.org\/site"],"url":"https:\/\/brasilnoticias.org\/site\/author\/fernandozsngmail-com\/"}]}},"_links":{"self":[{"href":"https:\/\/brasilnoticias.org\/site\/wp-json\/wp\/v2\/posts\/5578","targetHints":{"allow":["GET"]}}],"collection":[{"href":"https:\/\/brasilnoticias.org\/site\/wp-json\/wp\/v2\/posts"}],"about":[{"href":"https:\/\/brasilnoticias.org\/site\/wp-json\/wp\/v2\/types\/post"}],"author":[{"embeddable":true,"href":"https:\/\/brasilnoticias.org\/site\/wp-json\/wp\/v2\/users\/1"}],"replies":[{"embeddable":true,"href":"https:\/\/brasilnoticias.org\/site\/wp-json\/wp\/v2\/comments?post=5578"}],"version-history":[{"count":1,"href":"https:\/\/brasilnoticias.org\/site\/wp-json\/wp\/v2\/posts\/5578\/revisions"}],"predecessor-version":[{"id":5580,"href":"https:\/\/brasilnoticias.org\/site\/wp-json\/wp\/v2\/posts\/5578\/revisions\/5580"}],"wp:featuredmedia":[{"embeddable":true,"href":"https:\/\/brasilnoticias.org\/site\/wp-json\/wp\/v2\/media\/5579"}],"wp:attachment":[{"href":"https:\/\/brasilnoticias.org\/site\/wp-json\/wp\/v2\/media?parent=5578"}],"wp:term":[{"taxonomy":"category","embeddable":true,"href":"https:\/\/brasilnoticias.org\/site\/wp-json\/wp\/v2\/categories?post=5578"},{"taxonomy":"post_tag","embeddable":true,"href":"https:\/\/brasilnoticias.org\/site\/wp-json\/wp\/v2\/tags?post=5578"}],"curies":[{"name":"wp","href":"https:\/\/api.w.org\/{rel}","templated":true}]}}