{"id":5593,"date":"2023-04-21T07:10:56","date_gmt":"2023-04-21T10:10:56","guid":{"rendered":"https:\/\/brasilnoticias.org\/site\/?p=5593"},"modified":"2023-04-20T23:26:35","modified_gmt":"2023-04-21T02:26:35","slug":"mst-se-reune-com-haddad-em-meio-a-crise-apos-de-ocupacoes-de-terras","status":"publish","type":"post","link":"https:\/\/brasilnoticias.org\/site\/mst-se-reune-com-haddad-em-meio-a-crise-apos-de-ocupacoes-de-terras\/","title":{"rendered":"MST se re\u00fane com Haddad em meio \u00e0 crise ap\u00f3s de ocupa\u00e7\u00f5es de terras"},"content":{"rendered":"<p>Durante uma reuni\u00e3o com Fernando Haddad nesta quinta-feira, 20, Jo\u00e3o Paulo Rodrigues, da coordena\u00e7\u00e3o nacional do MST, afirmou que a crise pol\u00edtica envolvendo as invas\u00f5es de terra n\u00e3o foi tratada como uma prioridade. Apesar disso, o coordenador considerou a reuni\u00e3o produtiva em rela\u00e7\u00e3o \u00e0s demandas do movimento e destacou que n\u00e3o houve press\u00e3o para reduzir ou interromper as invas\u00f5es.<\/p>\n<p>Adicionalmente, Rodrigues informou que o ministro da Fazenda solicitou especificamente a desocupa\u00e7\u00e3o da \u00e1rea invadida da Empresa Brasileira de Pesquisa Agropecu\u00e1ria (Embrapa) em Petrolina (PE).<\/p>\n<p>&#8220;N\u00e3o tem como aumentar nem como diminuir. Vai manter como est\u00e1, nesse ritmo muito pequeno (&#8230;) Eventualmente haver\u00e1 ocupa\u00e7\u00f5es, \u00e9 da natureza do movimento. Isso n\u00e3o mudou nada&#8221;, disse o dirigente do MST \u00e0 Folha de S. Paulo.<\/p>\n<p>De acordo com Jo\u00e3o Paulo Rodrigues, al\u00e9m da \u00e1rea de preserva\u00e7\u00e3o ambiental controlada pela Embrapa, o MST tamb\u00e9m deixar\u00e1 a \u00e1rea que havia sido invadida no munic\u00edpio de Aracruz (ES). O coordenador n\u00e3o especificou uma data para a remo\u00e7\u00e3o, mas afirmou que isso ocorrer\u00e1 assim que for encontrado um local adequado para as fam\u00edlias.<\/p>\n<p>&#8220;N\u00f3s ocupamos a Embrapa como forma de protesto (&#8230;) N\u00f3s n\u00e3o vamos ocupar terra produtiva. O que o MST sinaliza \u00e9 que terra produtiva n\u00e3o pode ter desmatamento, n\u00e3o pode ter trabalho escravo. O nosso alvo principal \u00e9 que o governo fa\u00e7a a reforma agr\u00e1ria&#8221;.<\/p>\n<p>Segundo o representante do MST, o ministro da Fazenda se comprometeu a discutir com sua equipe a possibilidade de oferecer taxas de juros mais acess\u00edveis para o financiamento de produtores rurais. O coordenador afirmou que essa quest\u00e3o \u00e9 fundamental para o movimento.<\/p>\n<p>Foto: Jos\u00e9 Cruz | Ag\u00eancia Brasil<br \/>\nA Tarde<\/p>\n","protected":false},"excerpt":{"rendered":"<p>Durante uma reuni\u00e3o com Fernando Haddad nesta quinta-feira, 20, Jo\u00e3o Paulo Rodrigues, da coordena\u00e7\u00e3o nacional do MST, afirmou que a<\/p>\n","protected":false},"author":1,"featured_media":5594,"comment_status":"open","ping_status":"open","sticky":false,"template":"","format":"standard","meta":{"colormag_page_container_layout":"default_layout","colormag_page_sidebar_layout":"default_layout","_FSMCFIC_featured_image_caption":"","_FSMCFIC_featured_image_nocaption":"","_FSMCFIC_featured_image_hide":"","footnotes":""},"categories":[2,1],"tags":[],"class_list":["post-5593","post","type-post","status-publish","format-standard","has-post-thumbnail","hentry","category-noticias","category-ultimas"],"yoast_head":"<!-- This site is optimized with the Yoast SEO plugin v27.1.1 - https:\/\/yoast.com\/product\/yoast-seo-wordpress\/ -->\n<title>MST se re\u00fane com Haddad em meio \u00e0 crise ap\u00f3s de ocupa\u00e7\u00f5es de terras - Brasil not\u00edcias<\/title>\n<meta name=\"robots\" content=\"index, follow, max-snippet:-1, max-image-preview:large, max-video-preview:-1\" \/>\n<link rel=\"canonical\" href=\"https:\/\/brasilnoticias.org\/site\/mst-se-reune-com-haddad-em-meio-a-crise-apos-de-ocupacoes-de-terras\/\" \/>\n<meta property=\"og:locale\" content=\"pt_PT\" \/>\n<meta property=\"og:type\" content=\"article\" \/>\n<meta property=\"og:title\" content=\"MST se re\u00fane com Haddad em meio \u00e0 crise ap\u00f3s de ocupa\u00e7\u00f5es de terras - Brasil not\u00edcias\" \/>\n<meta property=\"og:description\" content=\"Durante uma reuni\u00e3o com Fernando Haddad nesta quinta-feira, 20, Jo\u00e3o Paulo Rodrigues, da coordena\u00e7\u00e3o nacional do MST, afirmou que a\" \/>\n<meta property=\"og:url\" content=\"https:\/\/brasilnoticias.org\/site\/mst-se-reune-com-haddad-em-meio-a-crise-apos-de-ocupacoes-de-terras\/\" \/>\n<meta property=\"og:site_name\" content=\"Brasil not\u00edcias\" \/>\n<meta property=\"article:published_time\" content=\"2023-04-21T10:10:56+00:00\" \/>\n<meta property=\"og:image\" content=\"https:\/\/brasilnoticias.org\/site\/wp-content\/uploads\/2023\/04\/Artigo-Destaque_01226545_00.jpg\" \/>\n\t<meta property=\"og:image:width\" content=\"1170\" \/>\n\t<meta property=\"og:image:height\" content=\"700\" \/>\n\t<meta property=\"og:image:type\" content=\"image\/jpeg\" \/>\n<meta name=\"author\" content=\"Reda\u00e7\u00e3o\" \/>\n<meta name=\"twitter:card\" content=\"summary_large_image\" \/>\n<meta name=\"twitter:label1\" content=\"Escrito por\" \/>\n\t<meta name=\"twitter:data1\" content=\"Reda\u00e7\u00e3o\" \/>\n<script type=\"application\/ld+json\" class=\"yoast-schema-graph\">{\"@context\":\"https:\/\/schema.org\",\"@graph\":[{\"@type\":\"Article\",\"@id\":\"https:\/\/brasilnoticias.org\/site\/mst-se-reune-com-haddad-em-meio-a-crise-apos-de-ocupacoes-de-terras\/#article\",\"isPartOf\":{\"@id\":\"https:\/\/brasilnoticias.org\/site\/mst-se-reune-com-haddad-em-meio-a-crise-apos-de-ocupacoes-de-terras\/\"},\"author\":{\"name\":\"Reda\u00e7\u00e3o\",\"@id\":\"https:\/\/brasilnoticias.org\/site\/#\/schema\/person\/a0e05b973ec4d15c658d51911e53507b\"},\"headline\":\"MST se re\u00fane com Haddad em meio \u00e0 crise ap\u00f3s de ocupa\u00e7\u00f5es de terras\",\"datePublished\":\"2023-04-21T10:10:56+00:00\",\"mainEntityOfPage\":{\"@id\":\"https:\/\/brasilnoticias.org\/site\/mst-se-reune-com-haddad-em-meio-a-crise-apos-de-ocupacoes-de-terras\/\"},\"wordCount\":312,\"commentCount\":0,\"publisher\":{\"@id\":\"https:\/\/brasilnoticias.org\/site\/#organization\"},\"image\":{\"@id\":\"https:\/\/brasilnoticias.org\/site\/mst-se-reune-com-haddad-em-meio-a-crise-apos-de-ocupacoes-de-terras\/#primaryimage\"},\"thumbnailUrl\":\"https:\/\/brasilnoticias.org\/site\/wp-content\/uploads\/2023\/04\/Artigo-Destaque_01226545_00.jpg\",\"articleSection\":[\"Not\u00edcias\",\"\u00daltimas\"],\"inLanguage\":\"pt-PT\",\"potentialAction\":[{\"@type\":\"CommentAction\",\"name\":\"Comment\",\"target\":[\"https:\/\/brasilnoticias.org\/site\/mst-se-reune-com-haddad-em-meio-a-crise-apos-de-ocupacoes-de-terras\/#respond\"]}]},{\"@type\":\"WebPage\",\"@id\":\"https:\/\/brasilnoticias.org\/site\/mst-se-reune-com-haddad-em-meio-a-crise-apos-de-ocupacoes-de-terras\/\",\"url\":\"https:\/\/brasilnoticias.org\/site\/mst-se-reune-com-haddad-em-meio-a-crise-apos-de-ocupacoes-de-terras\/\",\"name\":\"MST se re\u00fane com Haddad em meio \u00e0 crise ap\u00f3s de ocupa\u00e7\u00f5es de terras - Brasil not\u00edcias\",\"isPartOf\":{\"@id\":\"https:\/\/brasilnoticias.org\/site\/#website\"},\"primaryImageOfPage\":{\"@id\":\"https:\/\/brasilnoticias.org\/site\/mst-se-reune-com-haddad-em-meio-a-crise-apos-de-ocupacoes-de-terras\/#primaryimage\"},\"image\":{\"@id\":\"https:\/\/brasilnoticias.org\/site\/mst-se-reune-com-haddad-em-meio-a-crise-apos-de-ocupacoes-de-terras\/#primaryimage\"},\"thumbnailUrl\":\"https:\/\/brasilnoticias.org\/site\/wp-content\/uploads\/2023\/04\/Artigo-Destaque_01226545_00.jpg\",\"datePublished\":\"2023-04-21T10:10:56+00:00\",\"breadcrumb\":{\"@id\":\"https:\/\/brasilnoticias.org\/site\/mst-se-reune-com-haddad-em-meio-a-crise-apos-de-ocupacoes-de-terras\/#breadcrumb\"},\"inLanguage\":\"pt-PT\",\"potentialAction\":[{\"@type\":\"ReadAction\",\"target\":[\"https:\/\/brasilnoticias.org\/site\/mst-se-reune-com-haddad-em-meio-a-crise-apos-de-ocupacoes-de-terras\/\"]}]},{\"@type\":\"ImageObject\",\"inLanguage\":\"pt-PT\",\"@id\":\"https:\/\/brasilnoticias.org\/site\/mst-se-reune-com-haddad-em-meio-a-crise-apos-de-ocupacoes-de-terras\/#primaryimage\",\"url\":\"https:\/\/brasilnoticias.org\/site\/wp-content\/uploads\/2023\/04\/Artigo-Destaque_01226545_00.jpg\",\"contentUrl\":\"https:\/\/brasilnoticias.org\/site\/wp-content\/uploads\/2023\/04\/Artigo-Destaque_01226545_00.jpg\",\"width\":1170,\"height\":700},{\"@type\":\"BreadcrumbList\",\"@id\":\"https:\/\/brasilnoticias.org\/site\/mst-se-reune-com-haddad-em-meio-a-crise-apos-de-ocupacoes-de-terras\/#breadcrumb\",\"itemListElement\":[{\"@type\":\"ListItem\",\"position\":1,\"name\":\"In\u00edcio\",\"item\":\"https:\/\/brasilnoticias.org\/site\/\"},{\"@type\":\"ListItem\",\"position\":2,\"name\":\"MST se re\u00fane com Haddad em meio \u00e0 crise ap\u00f3s de ocupa\u00e7\u00f5es de terras\"}]},{\"@type\":\"WebSite\",\"@id\":\"https:\/\/brasilnoticias.org\/site\/#website\",\"url\":\"https:\/\/brasilnoticias.org\/site\/\",\"name\":\"Brasil not\u00edcias\",\"description\":\"Brasil not\u00edcias\",\"publisher\":{\"@id\":\"https:\/\/brasilnoticias.org\/site\/#organization\"},\"potentialAction\":[{\"@type\":\"SearchAction\",\"target\":{\"@type\":\"EntryPoint\",\"urlTemplate\":\"https:\/\/brasilnoticias.org\/site\/?s={search_term_string}\"},\"query-input\":{\"@type\":\"PropertyValueSpecification\",\"valueRequired\":true,\"valueName\":\"search_term_string\"}}],\"inLanguage\":\"pt-PT\"},{\"@type\":\"Organization\",\"@id\":\"https:\/\/brasilnoticias.org\/site\/#organization\",\"name\":\"Brasil not\u00edcias\",\"url\":\"https:\/\/brasilnoticias.org\/site\/\",\"logo\":{\"@type\":\"ImageObject\",\"inLanguage\":\"pt-PT\",\"@id\":\"https:\/\/brasilnoticias.org\/site\/#\/schema\/logo\/image\/\",\"url\":\"https:\/\/brasilnoticias.org\/site\/wp-content\/uploads\/2022\/05\/cropped-brasilnoticias-mini.jpg\",\"contentUrl\":\"https:\/\/brasilnoticias.org\/site\/wp-content\/uploads\/2022\/05\/cropped-brasilnoticias-mini.jpg\",\"width\":314,\"height\":86,\"caption\":\"Brasil not\u00edcias\"},\"image\":{\"@id\":\"https:\/\/brasilnoticias.org\/site\/#\/schema\/logo\/image\/\"}},{\"@type\":\"Person\",\"@id\":\"https:\/\/brasilnoticias.org\/site\/#\/schema\/person\/a0e05b973ec4d15c658d51911e53507b\",\"name\":\"Reda\u00e7\u00e3o\",\"image\":{\"@type\":\"ImageObject\",\"inLanguage\":\"pt-PT\",\"@id\":\"https:\/\/brasilnoticias.org\/site\/#\/schema\/person\/image\/\",\"url\":\"https:\/\/secure.gravatar.com\/avatar\/75d8b050df2de108b08ae78dfb8e374892df24a383c67db9c46a9c604f6aee9c?s=96&d=mm&r=g\",\"contentUrl\":\"https:\/\/secure.gravatar.com\/avatar\/75d8b050df2de108b08ae78dfb8e374892df24a383c67db9c46a9c604f6aee9c?s=96&d=mm&r=g\",\"caption\":\"Reda\u00e7\u00e3o\"},\"sameAs\":[\"https:\/\/brasilnoticias.org\/site\"],\"url\":\"https:\/\/brasilnoticias.org\/site\/author\/fernandozsngmail-com\/\"}]}<\/script>\n<!-- \/ Yoast SEO plugin. -->","yoast_head_json":{"title":"MST se re\u00fane com Haddad em meio \u00e0 crise ap\u00f3s de ocupa\u00e7\u00f5es de terras - Brasil not\u00edcias","robots":{"index":"index","follow":"follow","max-snippet":"max-snippet:-1","max-image-preview":"max-image-preview:large","max-video-preview":"max-video-preview:-1"},"canonical":"https:\/\/brasilnoticias.org\/site\/mst-se-reune-com-haddad-em-meio-a-crise-apos-de-ocupacoes-de-terras\/","og_locale":"pt_PT","og_type":"article","og_title":"MST se re\u00fane com Haddad em meio \u00e0 crise ap\u00f3s de ocupa\u00e7\u00f5es de terras - Brasil not\u00edcias","og_description":"Durante uma reuni\u00e3o com Fernando Haddad nesta quinta-feira, 20, Jo\u00e3o Paulo Rodrigues, da coordena\u00e7\u00e3o nacional do MST, afirmou que a","og_url":"https:\/\/brasilnoticias.org\/site\/mst-se-reune-com-haddad-em-meio-a-crise-apos-de-ocupacoes-de-terras\/","og_site_name":"Brasil not\u00edcias","article_published_time":"2023-04-21T10:10:56+00:00","og_image":[{"width":1170,"height":700,"url":"https:\/\/brasilnoticias.org\/site\/wp-content\/uploads\/2023\/04\/Artigo-Destaque_01226545_00.jpg","type":"image\/jpeg"}],"author":"Reda\u00e7\u00e3o","twitter_card":"summary_large_image","twitter_misc":{"Escrito por":"Reda\u00e7\u00e3o"},"schema":{"@context":"https:\/\/schema.org","@graph":[{"@type":"Article","@id":"https:\/\/brasilnoticias.org\/site\/mst-se-reune-com-haddad-em-meio-a-crise-apos-de-ocupacoes-de-terras\/#article","isPartOf":{"@id":"https:\/\/brasilnoticias.org\/site\/mst-se-reune-com-haddad-em-meio-a-crise-apos-de-ocupacoes-de-terras\/"},"author":{"name":"Reda\u00e7\u00e3o","@id":"https:\/\/brasilnoticias.org\/site\/#\/schema\/person\/a0e05b973ec4d15c658d51911e53507b"},"headline":"MST se re\u00fane com Haddad em meio \u00e0 crise ap\u00f3s de ocupa\u00e7\u00f5es de terras","datePublished":"2023-04-21T10:10:56+00:00","mainEntityOfPage":{"@id":"https:\/\/brasilnoticias.org\/site\/mst-se-reune-com-haddad-em-meio-a-crise-apos-de-ocupacoes-de-terras\/"},"wordCount":312,"commentCount":0,"publisher":{"@id":"https:\/\/brasilnoticias.org\/site\/#organization"},"image":{"@id":"https:\/\/brasilnoticias.org\/site\/mst-se-reune-com-haddad-em-meio-a-crise-apos-de-ocupacoes-de-terras\/#primaryimage"},"thumbnailUrl":"https:\/\/brasilnoticias.org\/site\/wp-content\/uploads\/2023\/04\/Artigo-Destaque_01226545_00.jpg","articleSection":["Not\u00edcias","\u00daltimas"],"inLanguage":"pt-PT","potentialAction":[{"@type":"CommentAction","name":"Comment","target":["https:\/\/brasilnoticias.org\/site\/mst-se-reune-com-haddad-em-meio-a-crise-apos-de-ocupacoes-de-terras\/#respond"]}]},{"@type":"WebPage","@id":"https:\/\/brasilnoticias.org\/site\/mst-se-reune-com-haddad-em-meio-a-crise-apos-de-ocupacoes-de-terras\/","url":"https:\/\/brasilnoticias.org\/site\/mst-se-reune-com-haddad-em-meio-a-crise-apos-de-ocupacoes-de-terras\/","name":"MST se re\u00fane com Haddad em meio \u00e0 crise ap\u00f3s de ocupa\u00e7\u00f5es de terras - Brasil not\u00edcias","isPartOf":{"@id":"https:\/\/brasilnoticias.org\/site\/#website"},"primaryImageOfPage":{"@id":"https:\/\/brasilnoticias.org\/site\/mst-se-reune-com-haddad-em-meio-a-crise-apos-de-ocupacoes-de-terras\/#primaryimage"},"image":{"@id":"https:\/\/brasilnoticias.org\/site\/mst-se-reune-com-haddad-em-meio-a-crise-apos-de-ocupacoes-de-terras\/#primaryimage"},"thumbnailUrl":"https:\/\/brasilnoticias.org\/site\/wp-content\/uploads\/2023\/04\/Artigo-Destaque_01226545_00.jpg","datePublished":"2023-04-21T10:10:56+00:00","breadcrumb":{"@id":"https:\/\/brasilnoticias.org\/site\/mst-se-reune-com-haddad-em-meio-a-crise-apos-de-ocupacoes-de-terras\/#breadcrumb"},"inLanguage":"pt-PT","potentialAction":[{"@type":"ReadAction","target":["https:\/\/brasilnoticias.org\/site\/mst-se-reune-com-haddad-em-meio-a-crise-apos-de-ocupacoes-de-terras\/"]}]},{"@type":"ImageObject","inLanguage":"pt-PT","@id":"https:\/\/brasilnoticias.org\/site\/mst-se-reune-com-haddad-em-meio-a-crise-apos-de-ocupacoes-de-terras\/#primaryimage","url":"https:\/\/brasilnoticias.org\/site\/wp-content\/uploads\/2023\/04\/Artigo-Destaque_01226545_00.jpg","contentUrl":"https:\/\/brasilnoticias.org\/site\/wp-content\/uploads\/2023\/04\/Artigo-Destaque_01226545_00.jpg","width":1170,"height":700},{"@type":"BreadcrumbList","@id":"https:\/\/brasilnoticias.org\/site\/mst-se-reune-com-haddad-em-meio-a-crise-apos-de-ocupacoes-de-terras\/#breadcrumb","itemListElement":[{"@type":"ListItem","position":1,"name":"In\u00edcio","item":"https:\/\/brasilnoticias.org\/site\/"},{"@type":"ListItem","position":2,"name":"MST se re\u00fane com Haddad em meio \u00e0 crise ap\u00f3s de ocupa\u00e7\u00f5es de terras"}]},{"@type":"WebSite","@id":"https:\/\/brasilnoticias.org\/site\/#website","url":"https:\/\/brasilnoticias.org\/site\/","name":"Brasil not\u00edcias","description":"Brasil not\u00edcias","publisher":{"@id":"https:\/\/brasilnoticias.org\/site\/#organization"},"potentialAction":[{"@type":"SearchAction","target":{"@type":"EntryPoint","urlTemplate":"https:\/\/brasilnoticias.org\/site\/?s={search_term_string}"},"query-input":{"@type":"PropertyValueSpecification","valueRequired":true,"valueName":"search_term_string"}}],"inLanguage":"pt-PT"},{"@type":"Organization","@id":"https:\/\/brasilnoticias.org\/site\/#organization","name":"Brasil not\u00edcias","url":"https:\/\/brasilnoticias.org\/site\/","logo":{"@type":"ImageObject","inLanguage":"pt-PT","@id":"https:\/\/brasilnoticias.org\/site\/#\/schema\/logo\/image\/","url":"https:\/\/brasilnoticias.org\/site\/wp-content\/uploads\/2022\/05\/cropped-brasilnoticias-mini.jpg","contentUrl":"https:\/\/brasilnoticias.org\/site\/wp-content\/uploads\/2022\/05\/cropped-brasilnoticias-mini.jpg","width":314,"height":86,"caption":"Brasil not\u00edcias"},"image":{"@id":"https:\/\/brasilnoticias.org\/site\/#\/schema\/logo\/image\/"}},{"@type":"Person","@id":"https:\/\/brasilnoticias.org\/site\/#\/schema\/person\/a0e05b973ec4d15c658d51911e53507b","name":"Reda\u00e7\u00e3o","image":{"@type":"ImageObject","inLanguage":"pt-PT","@id":"https:\/\/brasilnoticias.org\/site\/#\/schema\/person\/image\/","url":"https:\/\/secure.gravatar.com\/avatar\/75d8b050df2de108b08ae78dfb8e374892df24a383c67db9c46a9c604f6aee9c?s=96&d=mm&r=g","contentUrl":"https:\/\/secure.gravatar.com\/avatar\/75d8b050df2de108b08ae78dfb8e374892df24a383c67db9c46a9c604f6aee9c?s=96&d=mm&r=g","caption":"Reda\u00e7\u00e3o"},"sameAs":["https:\/\/brasilnoticias.org\/site"],"url":"https:\/\/brasilnoticias.org\/site\/author\/fernandozsngmail-com\/"}]}},"_links":{"self":[{"href":"https:\/\/brasilnoticias.org\/site\/wp-json\/wp\/v2\/posts\/5593","targetHints":{"allow":["GET"]}}],"collection":[{"href":"https:\/\/brasilnoticias.org\/site\/wp-json\/wp\/v2\/posts"}],"about":[{"href":"https:\/\/brasilnoticias.org\/site\/wp-json\/wp\/v2\/types\/post"}],"author":[{"embeddable":true,"href":"https:\/\/brasilnoticias.org\/site\/wp-json\/wp\/v2\/users\/1"}],"replies":[{"embeddable":true,"href":"https:\/\/brasilnoticias.org\/site\/wp-json\/wp\/v2\/comments?post=5593"}],"version-history":[{"count":1,"href":"https:\/\/brasilnoticias.org\/site\/wp-json\/wp\/v2\/posts\/5593\/revisions"}],"predecessor-version":[{"id":5595,"href":"https:\/\/brasilnoticias.org\/site\/wp-json\/wp\/v2\/posts\/5593\/revisions\/5595"}],"wp:featuredmedia":[{"embeddable":true,"href":"https:\/\/brasilnoticias.org\/site\/wp-json\/wp\/v2\/media\/5594"}],"wp:attachment":[{"href":"https:\/\/brasilnoticias.org\/site\/wp-json\/wp\/v2\/media?parent=5593"}],"wp:term":[{"taxonomy":"category","embeddable":true,"href":"https:\/\/brasilnoticias.org\/site\/wp-json\/wp\/v2\/categories?post=5593"},{"taxonomy":"post_tag","embeddable":true,"href":"https:\/\/brasilnoticias.org\/site\/wp-json\/wp\/v2\/tags?post=5593"}],"curies":[{"name":"wp","href":"https:\/\/api.w.org\/{rel}","templated":true}]}}