{"id":5618,"date":"2023-04-22T18:10:05","date_gmt":"2023-04-22T21:10:05","guid":{"rendered":"https:\/\/brasilnoticias.org\/site\/?p=5618"},"modified":"2023-04-22T06:59:20","modified_gmt":"2023-04-22T09:59:20","slug":"imagens-fortes-jovem-filma-a-propria-morte-cometida-por-padrasto-em-furia","status":"publish","type":"post","link":"https:\/\/brasilnoticias.org\/site\/imagens-fortes-jovem-filma-a-propria-morte-cometida-por-padrasto-em-furia\/","title":{"rendered":"Imagens fortes: Jovem filma a pr\u00f3pria morte cometida por padrasto em f\u00faria"},"content":{"rendered":"<p>Um jovem de 20 anos gravou o momento em que foi baleado e morto pelo padrasto durante uma discuss\u00e3o no quintal da pr\u00f3pria casa, na cidade de Eldorado, interior do Mato Grosso do Sul. O crime aconteceu no \u00faltimo domingo (16) e a imagem do assassinato de Alisson Willian da Silva passou a ser compartilhada nas redes sociais ao longo desta semana.<\/p>\n<p>No v\u00eddeo \u00e9 poss\u00edvel ver que a v\u00edtima est\u00e1 deitada em uma rede. \u00c0 sua frente, Jo\u00e3o Ferreira, de 49 anos, pode ser visto com uma arma em punho. Os dois batem boca. &#8220;Eu estou escutando, eu acordei agora. Estou aqui em casa, Jo\u00e3o. Por que voc\u00ea vem aqui em casa se eu n\u00e3o tenho nada a ver? Minha m\u00e3e n\u00e3o est\u00e1 aqui. Abaixa essa arma a\u00ed, eu estou na minha casa&#8221;, diz Alisson.<\/p>\n<blockquote class=\"twitter-tweet\">\n<p lang=\"pt\" dir=\"ltr\">Jovem filma a pr\u00f3pria morte cometida por padrasto. Crime aconteceu nesta semana no Mato Grosso do Sul. <a href=\"https:\/\/t.co\/YU9lYQCvmQ\">pic.twitter.com\/YU9lYQCvmQ<\/a><\/p>\n<p>&mdash; bnewsvideos (@bnewsvideos) <a href=\"https:\/\/twitter.com\/bnewsvideos\/status\/1649481248782295042?ref_src=twsrc%5Etfw\">April 21, 2023<\/a><\/p><\/blockquote>\n<p> <script async src=\"https:\/\/platform.twitter.com\/widgets.js\" charset=\"utf-8\"><\/script><\/p>\n<p>O padrasto faz o primeiro disparo e Alisson implora para n\u00e3o ser morto. &#8220;Jo\u00e3o, n\u00e3o me mata, eu tenho filhos&#8221;, grita. Em seguida, o v\u00eddeo \u00e9 interrompido. Alisson chegou a ser levado ao hospital, mas n\u00e3o resistiu aos ferimentos provocados pelos proj\u00e9teis da arma de fogo. A delegada respons\u00e1vel por investigar o caso, Sayara Pagno, disse ao g1, que o agressor, ap\u00f3s disparar contra o jovem, tamb\u00e9m atirou no pai e no irm\u00e3o do enteado.<\/p>\n<p>Jo\u00e3o tentou fugir ap\u00f3s balear as tr\u00eas v\u00edtimas, mas foi contido por populares e entregue \u00e0 pol\u00edcia. Ele foi preso em flagrante e indiciado por duas tentativas de homic\u00eddio, homic\u00eddio qualificado e viol\u00eancia dom\u00e9stica. O pai e o irm\u00e3o de Alisson sobreviveram ao ataque.<\/p>\n<p>Bahia<\/p>\n<p>No \u00faltimo dia 25 de fevereiro, uma mulher de 55 anos, dona de um bar na zona rural de Jeremoabo, no norte da Bahia, foi morta ap\u00f3s ser esfaqueada por um cliente durante uma discuss\u00e3o no estabelecimento. O crime foi gravado por uma pessoa que estava no local. No momento em que foi ferida, a v\u00edtima cobrava uma d\u00edvida de cervejas.<\/p>\n<p>Jo\u00e3o tentou fugir ap\u00f3s balear as tr\u00eas v\u00edtimas, mas foi contido por populares e entregue \u00e0 pol\u00edcia. Ele foi preso em flagrante e indiciado por duas tentativas de homic\u00eddio, homic\u00eddio qualificado e viol\u00eancia dom\u00e9stica. O pai e o irm\u00e3o de Alisson sobreviveram ao ataque.<\/p>\n<p>Foto Reprodu\u00e7\u00e3o G1<br \/>\nBNews<\/p>\n","protected":false},"excerpt":{"rendered":"<p>Um jovem de 20 anos gravou o momento em que foi baleado e morto pelo padrasto durante uma discuss\u00e3o no<\/p>\n","protected":false},"author":1,"featured_media":5619,"comment_status":"open","ping_status":"open","sticky":false,"template":"","format":"standard","meta":{"colormag_page_container_layout":"default_layout","colormag_page_sidebar_layout":"default_layout","_FSMCFIC_featured_image_caption":"","_FSMCFIC_featured_image_nocaption":"","_FSMCFIC_featured_image_hide":"","footnotes":""},"categories":[3,1],"tags":[],"class_list":["post-5618","post","type-post","status-publish","format-standard","has-post-thumbnail","hentry","category-policia","category-ultimas"],"yoast_head":"<!-- This site is optimized with the Yoast SEO plugin v27.1.1 - https:\/\/yoast.com\/product\/yoast-seo-wordpress\/ -->\n<title>Imagens fortes: Jovem filma a pr\u00f3pria morte cometida por padrasto em f\u00faria - Brasil not\u00edcias<\/title>\n<meta name=\"robots\" content=\"index, follow, max-snippet:-1, max-image-preview:large, max-video-preview:-1\" \/>\n<link rel=\"canonical\" href=\"https:\/\/brasilnoticias.org\/site\/imagens-fortes-jovem-filma-a-propria-morte-cometida-por-padrasto-em-furia\/\" \/>\n<meta property=\"og:locale\" content=\"pt_PT\" \/>\n<meta property=\"og:type\" content=\"article\" \/>\n<meta property=\"og:title\" content=\"Imagens fortes: Jovem filma a pr\u00f3pria morte cometida por padrasto em f\u00faria - Brasil not\u00edcias\" \/>\n<meta property=\"og:description\" content=\"Um jovem de 20 anos gravou o momento em que foi baleado e morto pelo padrasto durante uma discuss\u00e3o no\" \/>\n<meta property=\"og:url\" content=\"https:\/\/brasilnoticias.org\/site\/imagens-fortes-jovem-filma-a-propria-morte-cometida-por-padrasto-em-furia\/\" \/>\n<meta property=\"og:site_name\" content=\"Brasil not\u00edcias\" \/>\n<meta property=\"article:published_time\" content=\"2023-04-22T21:10:05+00:00\" \/>\n<meta property=\"og:image\" content=\"https:\/\/brasilnoticias.org\/site\/wp-content\/uploads\/2023\/04\/jovem_filma_a_propria_morte_mato_grosso_sul_widelg.jpg\" \/>\n\t<meta property=\"og:image:width\" content=\"800\" \/>\n\t<meta property=\"og:image:height\" content=\"400\" \/>\n\t<meta property=\"og:image:type\" content=\"image\/jpeg\" \/>\n<meta name=\"author\" content=\"Reda\u00e7\u00e3o\" \/>\n<meta name=\"twitter:card\" content=\"summary_large_image\" \/>\n<meta name=\"twitter:label1\" content=\"Escrito por\" \/>\n\t<meta name=\"twitter:data1\" content=\"Reda\u00e7\u00e3o\" \/>\n<script type=\"application\/ld+json\" class=\"yoast-schema-graph\">{\"@context\":\"https:\/\/schema.org\",\"@graph\":[{\"@type\":\"Article\",\"@id\":\"https:\/\/brasilnoticias.org\/site\/imagens-fortes-jovem-filma-a-propria-morte-cometida-por-padrasto-em-furia\/#article\",\"isPartOf\":{\"@id\":\"https:\/\/brasilnoticias.org\/site\/imagens-fortes-jovem-filma-a-propria-morte-cometida-por-padrasto-em-furia\/\"},\"author\":{\"name\":\"Reda\u00e7\u00e3o\",\"@id\":\"https:\/\/brasilnoticias.org\/site\/#\/schema\/person\/a0e05b973ec4d15c658d51911e53507b\"},\"headline\":\"Imagens fortes: Jovem filma a pr\u00f3pria morte cometida por padrasto em f\u00faria\",\"datePublished\":\"2023-04-22T21:10:05+00:00\",\"mainEntityOfPage\":{\"@id\":\"https:\/\/brasilnoticias.org\/site\/imagens-fortes-jovem-filma-a-propria-morte-cometida-por-padrasto-em-furia\/\"},\"wordCount\":441,\"commentCount\":0,\"publisher\":{\"@id\":\"https:\/\/brasilnoticias.org\/site\/#organization\"},\"image\":{\"@id\":\"https:\/\/brasilnoticias.org\/site\/imagens-fortes-jovem-filma-a-propria-morte-cometida-por-padrasto-em-furia\/#primaryimage\"},\"thumbnailUrl\":\"https:\/\/brasilnoticias.org\/site\/wp-content\/uploads\/2023\/04\/jovem_filma_a_propria_morte_mato_grosso_sul_widelg.jpg\",\"articleSection\":[\"Pol\u00edcia\",\"\u00daltimas\"],\"inLanguage\":\"pt-PT\",\"potentialAction\":[{\"@type\":\"CommentAction\",\"name\":\"Comment\",\"target\":[\"https:\/\/brasilnoticias.org\/site\/imagens-fortes-jovem-filma-a-propria-morte-cometida-por-padrasto-em-furia\/#respond\"]}]},{\"@type\":\"WebPage\",\"@id\":\"https:\/\/brasilnoticias.org\/site\/imagens-fortes-jovem-filma-a-propria-morte-cometida-por-padrasto-em-furia\/\",\"url\":\"https:\/\/brasilnoticias.org\/site\/imagens-fortes-jovem-filma-a-propria-morte-cometida-por-padrasto-em-furia\/\",\"name\":\"Imagens fortes: Jovem filma a pr\u00f3pria morte cometida por padrasto em f\u00faria - Brasil not\u00edcias\",\"isPartOf\":{\"@id\":\"https:\/\/brasilnoticias.org\/site\/#website\"},\"primaryImageOfPage\":{\"@id\":\"https:\/\/brasilnoticias.org\/site\/imagens-fortes-jovem-filma-a-propria-morte-cometida-por-padrasto-em-furia\/#primaryimage\"},\"image\":{\"@id\":\"https:\/\/brasilnoticias.org\/site\/imagens-fortes-jovem-filma-a-propria-morte-cometida-por-padrasto-em-furia\/#primaryimage\"},\"thumbnailUrl\":\"https:\/\/brasilnoticias.org\/site\/wp-content\/uploads\/2023\/04\/jovem_filma_a_propria_morte_mato_grosso_sul_widelg.jpg\",\"datePublished\":\"2023-04-22T21:10:05+00:00\",\"breadcrumb\":{\"@id\":\"https:\/\/brasilnoticias.org\/site\/imagens-fortes-jovem-filma-a-propria-morte-cometida-por-padrasto-em-furia\/#breadcrumb\"},\"inLanguage\":\"pt-PT\",\"potentialAction\":[{\"@type\":\"ReadAction\",\"target\":[\"https:\/\/brasilnoticias.org\/site\/imagens-fortes-jovem-filma-a-propria-morte-cometida-por-padrasto-em-furia\/\"]}]},{\"@type\":\"ImageObject\",\"inLanguage\":\"pt-PT\",\"@id\":\"https:\/\/brasilnoticias.org\/site\/imagens-fortes-jovem-filma-a-propria-morte-cometida-por-padrasto-em-furia\/#primaryimage\",\"url\":\"https:\/\/brasilnoticias.org\/site\/wp-content\/uploads\/2023\/04\/jovem_filma_a_propria_morte_mato_grosso_sul_widelg.jpg\",\"contentUrl\":\"https:\/\/brasilnoticias.org\/site\/wp-content\/uploads\/2023\/04\/jovem_filma_a_propria_morte_mato_grosso_sul_widelg.jpg\",\"width\":800,\"height\":400},{\"@type\":\"BreadcrumbList\",\"@id\":\"https:\/\/brasilnoticias.org\/site\/imagens-fortes-jovem-filma-a-propria-morte-cometida-por-padrasto-em-furia\/#breadcrumb\",\"itemListElement\":[{\"@type\":\"ListItem\",\"position\":1,\"name\":\"In\u00edcio\",\"item\":\"https:\/\/brasilnoticias.org\/site\/\"},{\"@type\":\"ListItem\",\"position\":2,\"name\":\"Imagens fortes: Jovem filma a pr\u00f3pria morte cometida por padrasto em f\u00faria\"}]},{\"@type\":\"WebSite\",\"@id\":\"https:\/\/brasilnoticias.org\/site\/#website\",\"url\":\"https:\/\/brasilnoticias.org\/site\/\",\"name\":\"Brasil not\u00edcias\",\"description\":\"Brasil not\u00edcias\",\"publisher\":{\"@id\":\"https:\/\/brasilnoticias.org\/site\/#organization\"},\"potentialAction\":[{\"@type\":\"SearchAction\",\"target\":{\"@type\":\"EntryPoint\",\"urlTemplate\":\"https:\/\/brasilnoticias.org\/site\/?s={search_term_string}\"},\"query-input\":{\"@type\":\"PropertyValueSpecification\",\"valueRequired\":true,\"valueName\":\"search_term_string\"}}],\"inLanguage\":\"pt-PT\"},{\"@type\":\"Organization\",\"@id\":\"https:\/\/brasilnoticias.org\/site\/#organization\",\"name\":\"Brasil not\u00edcias\",\"url\":\"https:\/\/brasilnoticias.org\/site\/\",\"logo\":{\"@type\":\"ImageObject\",\"inLanguage\":\"pt-PT\",\"@id\":\"https:\/\/brasilnoticias.org\/site\/#\/schema\/logo\/image\/\",\"url\":\"https:\/\/brasilnoticias.org\/site\/wp-content\/uploads\/2022\/05\/cropped-brasilnoticias-mini.jpg\",\"contentUrl\":\"https:\/\/brasilnoticias.org\/site\/wp-content\/uploads\/2022\/05\/cropped-brasilnoticias-mini.jpg\",\"width\":314,\"height\":86,\"caption\":\"Brasil not\u00edcias\"},\"image\":{\"@id\":\"https:\/\/brasilnoticias.org\/site\/#\/schema\/logo\/image\/\"}},{\"@type\":\"Person\",\"@id\":\"https:\/\/brasilnoticias.org\/site\/#\/schema\/person\/a0e05b973ec4d15c658d51911e53507b\",\"name\":\"Reda\u00e7\u00e3o\",\"image\":{\"@type\":\"ImageObject\",\"inLanguage\":\"pt-PT\",\"@id\":\"https:\/\/brasilnoticias.org\/site\/#\/schema\/person\/image\/\",\"url\":\"https:\/\/secure.gravatar.com\/avatar\/75d8b050df2de108b08ae78dfb8e374892df24a383c67db9c46a9c604f6aee9c?s=96&d=mm&r=g\",\"contentUrl\":\"https:\/\/secure.gravatar.com\/avatar\/75d8b050df2de108b08ae78dfb8e374892df24a383c67db9c46a9c604f6aee9c?s=96&d=mm&r=g\",\"caption\":\"Reda\u00e7\u00e3o\"},\"sameAs\":[\"https:\/\/brasilnoticias.org\/site\"],\"url\":\"https:\/\/brasilnoticias.org\/site\/author\/fernandozsngmail-com\/\"}]}<\/script>\n<!-- \/ Yoast SEO plugin. -->","yoast_head_json":{"title":"Imagens fortes: Jovem filma a pr\u00f3pria morte cometida por padrasto em f\u00faria - Brasil not\u00edcias","robots":{"index":"index","follow":"follow","max-snippet":"max-snippet:-1","max-image-preview":"max-image-preview:large","max-video-preview":"max-video-preview:-1"},"canonical":"https:\/\/brasilnoticias.org\/site\/imagens-fortes-jovem-filma-a-propria-morte-cometida-por-padrasto-em-furia\/","og_locale":"pt_PT","og_type":"article","og_title":"Imagens fortes: Jovem filma a pr\u00f3pria morte cometida por padrasto em f\u00faria - Brasil not\u00edcias","og_description":"Um jovem de 20 anos gravou o momento em que foi baleado e morto pelo padrasto durante uma discuss\u00e3o no","og_url":"https:\/\/brasilnoticias.org\/site\/imagens-fortes-jovem-filma-a-propria-morte-cometida-por-padrasto-em-furia\/","og_site_name":"Brasil not\u00edcias","article_published_time":"2023-04-22T21:10:05+00:00","og_image":[{"width":800,"height":400,"url":"https:\/\/brasilnoticias.org\/site\/wp-content\/uploads\/2023\/04\/jovem_filma_a_propria_morte_mato_grosso_sul_widelg.jpg","type":"image\/jpeg"}],"author":"Reda\u00e7\u00e3o","twitter_card":"summary_large_image","twitter_misc":{"Escrito por":"Reda\u00e7\u00e3o"},"schema":{"@context":"https:\/\/schema.org","@graph":[{"@type":"Article","@id":"https:\/\/brasilnoticias.org\/site\/imagens-fortes-jovem-filma-a-propria-morte-cometida-por-padrasto-em-furia\/#article","isPartOf":{"@id":"https:\/\/brasilnoticias.org\/site\/imagens-fortes-jovem-filma-a-propria-morte-cometida-por-padrasto-em-furia\/"},"author":{"name":"Reda\u00e7\u00e3o","@id":"https:\/\/brasilnoticias.org\/site\/#\/schema\/person\/a0e05b973ec4d15c658d51911e53507b"},"headline":"Imagens fortes: Jovem filma a pr\u00f3pria morte cometida por padrasto em f\u00faria","datePublished":"2023-04-22T21:10:05+00:00","mainEntityOfPage":{"@id":"https:\/\/brasilnoticias.org\/site\/imagens-fortes-jovem-filma-a-propria-morte-cometida-por-padrasto-em-furia\/"},"wordCount":441,"commentCount":0,"publisher":{"@id":"https:\/\/brasilnoticias.org\/site\/#organization"},"image":{"@id":"https:\/\/brasilnoticias.org\/site\/imagens-fortes-jovem-filma-a-propria-morte-cometida-por-padrasto-em-furia\/#primaryimage"},"thumbnailUrl":"https:\/\/brasilnoticias.org\/site\/wp-content\/uploads\/2023\/04\/jovem_filma_a_propria_morte_mato_grosso_sul_widelg.jpg","articleSection":["Pol\u00edcia","\u00daltimas"],"inLanguage":"pt-PT","potentialAction":[{"@type":"CommentAction","name":"Comment","target":["https:\/\/brasilnoticias.org\/site\/imagens-fortes-jovem-filma-a-propria-morte-cometida-por-padrasto-em-furia\/#respond"]}]},{"@type":"WebPage","@id":"https:\/\/brasilnoticias.org\/site\/imagens-fortes-jovem-filma-a-propria-morte-cometida-por-padrasto-em-furia\/","url":"https:\/\/brasilnoticias.org\/site\/imagens-fortes-jovem-filma-a-propria-morte-cometida-por-padrasto-em-furia\/","name":"Imagens fortes: Jovem filma a pr\u00f3pria morte cometida por padrasto em f\u00faria - Brasil not\u00edcias","isPartOf":{"@id":"https:\/\/brasilnoticias.org\/site\/#website"},"primaryImageOfPage":{"@id":"https:\/\/brasilnoticias.org\/site\/imagens-fortes-jovem-filma-a-propria-morte-cometida-por-padrasto-em-furia\/#primaryimage"},"image":{"@id":"https:\/\/brasilnoticias.org\/site\/imagens-fortes-jovem-filma-a-propria-morte-cometida-por-padrasto-em-furia\/#primaryimage"},"thumbnailUrl":"https:\/\/brasilnoticias.org\/site\/wp-content\/uploads\/2023\/04\/jovem_filma_a_propria_morte_mato_grosso_sul_widelg.jpg","datePublished":"2023-04-22T21:10:05+00:00","breadcrumb":{"@id":"https:\/\/brasilnoticias.org\/site\/imagens-fortes-jovem-filma-a-propria-morte-cometida-por-padrasto-em-furia\/#breadcrumb"},"inLanguage":"pt-PT","potentialAction":[{"@type":"ReadAction","target":["https:\/\/brasilnoticias.org\/site\/imagens-fortes-jovem-filma-a-propria-morte-cometida-por-padrasto-em-furia\/"]}]},{"@type":"ImageObject","inLanguage":"pt-PT","@id":"https:\/\/brasilnoticias.org\/site\/imagens-fortes-jovem-filma-a-propria-morte-cometida-por-padrasto-em-furia\/#primaryimage","url":"https:\/\/brasilnoticias.org\/site\/wp-content\/uploads\/2023\/04\/jovem_filma_a_propria_morte_mato_grosso_sul_widelg.jpg","contentUrl":"https:\/\/brasilnoticias.org\/site\/wp-content\/uploads\/2023\/04\/jovem_filma_a_propria_morte_mato_grosso_sul_widelg.jpg","width":800,"height":400},{"@type":"BreadcrumbList","@id":"https:\/\/brasilnoticias.org\/site\/imagens-fortes-jovem-filma-a-propria-morte-cometida-por-padrasto-em-furia\/#breadcrumb","itemListElement":[{"@type":"ListItem","position":1,"name":"In\u00edcio","item":"https:\/\/brasilnoticias.org\/site\/"},{"@type":"ListItem","position":2,"name":"Imagens fortes: Jovem filma a pr\u00f3pria morte cometida por padrasto em f\u00faria"}]},{"@type":"WebSite","@id":"https:\/\/brasilnoticias.org\/site\/#website","url":"https:\/\/brasilnoticias.org\/site\/","name":"Brasil not\u00edcias","description":"Brasil not\u00edcias","publisher":{"@id":"https:\/\/brasilnoticias.org\/site\/#organization"},"potentialAction":[{"@type":"SearchAction","target":{"@type":"EntryPoint","urlTemplate":"https:\/\/brasilnoticias.org\/site\/?s={search_term_string}"},"query-input":{"@type":"PropertyValueSpecification","valueRequired":true,"valueName":"search_term_string"}}],"inLanguage":"pt-PT"},{"@type":"Organization","@id":"https:\/\/brasilnoticias.org\/site\/#organization","name":"Brasil not\u00edcias","url":"https:\/\/brasilnoticias.org\/site\/","logo":{"@type":"ImageObject","inLanguage":"pt-PT","@id":"https:\/\/brasilnoticias.org\/site\/#\/schema\/logo\/image\/","url":"https:\/\/brasilnoticias.org\/site\/wp-content\/uploads\/2022\/05\/cropped-brasilnoticias-mini.jpg","contentUrl":"https:\/\/brasilnoticias.org\/site\/wp-content\/uploads\/2022\/05\/cropped-brasilnoticias-mini.jpg","width":314,"height":86,"caption":"Brasil not\u00edcias"},"image":{"@id":"https:\/\/brasilnoticias.org\/site\/#\/schema\/logo\/image\/"}},{"@type":"Person","@id":"https:\/\/brasilnoticias.org\/site\/#\/schema\/person\/a0e05b973ec4d15c658d51911e53507b","name":"Reda\u00e7\u00e3o","image":{"@type":"ImageObject","inLanguage":"pt-PT","@id":"https:\/\/brasilnoticias.org\/site\/#\/schema\/person\/image\/","url":"https:\/\/secure.gravatar.com\/avatar\/75d8b050df2de108b08ae78dfb8e374892df24a383c67db9c46a9c604f6aee9c?s=96&d=mm&r=g","contentUrl":"https:\/\/secure.gravatar.com\/avatar\/75d8b050df2de108b08ae78dfb8e374892df24a383c67db9c46a9c604f6aee9c?s=96&d=mm&r=g","caption":"Reda\u00e7\u00e3o"},"sameAs":["https:\/\/brasilnoticias.org\/site"],"url":"https:\/\/brasilnoticias.org\/site\/author\/fernandozsngmail-com\/"}]}},"_links":{"self":[{"href":"https:\/\/brasilnoticias.org\/site\/wp-json\/wp\/v2\/posts\/5618","targetHints":{"allow":["GET"]}}],"collection":[{"href":"https:\/\/brasilnoticias.org\/site\/wp-json\/wp\/v2\/posts"}],"about":[{"href":"https:\/\/brasilnoticias.org\/site\/wp-json\/wp\/v2\/types\/post"}],"author":[{"embeddable":true,"href":"https:\/\/brasilnoticias.org\/site\/wp-json\/wp\/v2\/users\/1"}],"replies":[{"embeddable":true,"href":"https:\/\/brasilnoticias.org\/site\/wp-json\/wp\/v2\/comments?post=5618"}],"version-history":[{"count":1,"href":"https:\/\/brasilnoticias.org\/site\/wp-json\/wp\/v2\/posts\/5618\/revisions"}],"predecessor-version":[{"id":5620,"href":"https:\/\/brasilnoticias.org\/site\/wp-json\/wp\/v2\/posts\/5618\/revisions\/5620"}],"wp:featuredmedia":[{"embeddable":true,"href":"https:\/\/brasilnoticias.org\/site\/wp-json\/wp\/v2\/media\/5619"}],"wp:attachment":[{"href":"https:\/\/brasilnoticias.org\/site\/wp-json\/wp\/v2\/media?parent=5618"}],"wp:term":[{"taxonomy":"category","embeddable":true,"href":"https:\/\/brasilnoticias.org\/site\/wp-json\/wp\/v2\/categories?post=5618"},{"taxonomy":"post_tag","embeddable":true,"href":"https:\/\/brasilnoticias.org\/site\/wp-json\/wp\/v2\/tags?post=5618"}],"curies":[{"name":"wp","href":"https:\/\/api.w.org\/{rel}","templated":true}]}}