{"id":5644,"date":"2023-04-24T07:00:39","date_gmt":"2023-04-24T10:00:39","guid":{"rendered":"https:\/\/brasilnoticias.org\/site\/?p=5644"},"modified":"2023-04-23T18:01:14","modified_gmt":"2023-04-23T21:01:14","slug":"motocicleta-bate-de-frente-com-carreta-e-para-embaixo-de-veiculo-em-rodovia-baiana","status":"publish","type":"post","link":"https:\/\/brasilnoticias.org\/site\/motocicleta-bate-de-frente-com-carreta-e-para-embaixo-de-veiculo-em-rodovia-baiana\/","title":{"rendered":"Motocicleta bate de frente com carreta e para embaixo de ve\u00edculo em rodovia baiana"},"content":{"rendered":"<p>Uma motocicleta e uma carreta bateram de frente, na \u00faltima sexta-feira (21), na altura da BR-242, na cidade de Ibotirama, situada no oeste do estado da Bahia. Na ocasi\u00e3o, o condutor do ve\u00edculo de pequeno porte n\u00e3o conseguiu desviar do caminh\u00e3o, que, por sua vez, n\u00e3o teve tempo para frear e evitar a colis\u00e3o. <\/p>\n<p>Por causa do fato ocorrido no feriado de Tiradentes, a Pol\u00edcia Militar da Bahia (PM-BA) atendeu o caso por estar mais pr\u00f3xima da regi\u00e3o no momento, apesar da rodovia ser considerada federal.<\/p>\n<p>Informa\u00e7\u00f5es divulgadas pela corpora\u00e7\u00e3o indicam que a v\u00edtima recebeu atendimento de primeiros socorros do Servi\u00e7o de Atendimento M\u00f3vel de Urg\u00eancia (Samu) e foi encaminhada para um hospital da regi\u00e3o com uma poss\u00edvel fratura na perna. Do contr\u00e1rio, o condutor foi levado \u00e0 delegacia de Ibotirama.<\/p>\n<p>Casal sofre acidente ap\u00f3s curtir a Micareta<\/p>\n<p>Um dos acidentes ocorridos durante o feriado de Tiradentes envolveu um casal, que voltava da Micareta de Feira de Santana. Na madrugada da \u00faltima sexta-feira (21), os dois estavam dentro de um carro quando colidiram com um caminh\u00e3o, na cidade de Concei\u00e7\u00e3o da Feira, na altura da BR-101. Por causa do fato, o homem que dirigia o ve\u00edculo n\u00e3o resistiu aos ferimentos e morreu ainda no local.<\/p>\n<p>Foto Reprodu\u00e7\u00e3o\/Gazeta 5<\/p>\n<p>Bnews<\/p>\n","protected":false},"excerpt":{"rendered":"<p>Uma motocicleta e uma carreta bateram de frente, na \u00faltima sexta-feira (21), na altura da BR-242, na cidade de Ibotirama,<\/p>\n","protected":false},"author":1,"featured_media":5645,"comment_status":"open","ping_status":"open","sticky":false,"template":"","format":"standard","meta":{"colormag_page_container_layout":"default_layout","colormag_page_sidebar_layout":"default_layout","_FSMCFIC_featured_image_caption":"","_FSMCFIC_featured_image_nocaption":"","_FSMCFIC_featured_image_hide":"","footnotes":""},"categories":[2,1],"tags":[],"class_list":["post-5644","post","type-post","status-publish","format-standard","has-post-thumbnail","hentry","category-noticias","category-ultimas"],"yoast_head":"<!-- This site is optimized with the Yoast SEO plugin v27.1.1 - https:\/\/yoast.com\/product\/yoast-seo-wordpress\/ -->\n<title>Motocicleta bate de frente com carreta e para embaixo de ve\u00edculo em rodovia baiana - Brasil not\u00edcias<\/title>\n<meta name=\"robots\" content=\"index, follow, max-snippet:-1, max-image-preview:large, max-video-preview:-1\" \/>\n<link rel=\"canonical\" href=\"https:\/\/brasilnoticias.org\/site\/motocicleta-bate-de-frente-com-carreta-e-para-embaixo-de-veiculo-em-rodovia-baiana\/\" \/>\n<meta property=\"og:locale\" content=\"pt_PT\" \/>\n<meta property=\"og:type\" content=\"article\" \/>\n<meta property=\"og:title\" content=\"Motocicleta bate de frente com carreta e para embaixo de ve\u00edculo em rodovia baiana - Brasil not\u00edcias\" \/>\n<meta property=\"og:description\" content=\"Uma motocicleta e uma carreta bateram de frente, na \u00faltima sexta-feira (21), na altura da BR-242, na cidade de Ibotirama,\" \/>\n<meta property=\"og:url\" content=\"https:\/\/brasilnoticias.org\/site\/motocicleta-bate-de-frente-com-carreta-e-para-embaixo-de-veiculo-em-rodovia-baiana\/\" \/>\n<meta property=\"og:site_name\" content=\"Brasil not\u00edcias\" \/>\n<meta property=\"article:published_time\" content=\"2023-04-24T10:00:39+00:00\" \/>\n<meta property=\"og:image\" content=\"https:\/\/brasilnoticias.org\/site\/wp-content\/uploads\/2023\/04\/acidente-rodovia-bahia_widelg.jpg\" \/>\n\t<meta property=\"og:image:width\" content=\"800\" \/>\n\t<meta property=\"og:image:height\" content=\"450\" \/>\n\t<meta property=\"og:image:type\" content=\"image\/jpeg\" \/>\n<meta name=\"author\" content=\"Reda\u00e7\u00e3o\" \/>\n<meta name=\"twitter:card\" content=\"summary_large_image\" \/>\n<meta name=\"twitter:label1\" content=\"Escrito por\" \/>\n\t<meta name=\"twitter:data1\" content=\"Reda\u00e7\u00e3o\" \/>\n<script type=\"application\/ld+json\" class=\"yoast-schema-graph\">{\"@context\":\"https:\/\/schema.org\",\"@graph\":[{\"@type\":\"Article\",\"@id\":\"https:\/\/brasilnoticias.org\/site\/motocicleta-bate-de-frente-com-carreta-e-para-embaixo-de-veiculo-em-rodovia-baiana\/#article\",\"isPartOf\":{\"@id\":\"https:\/\/brasilnoticias.org\/site\/motocicleta-bate-de-frente-com-carreta-e-para-embaixo-de-veiculo-em-rodovia-baiana\/\"},\"author\":{\"name\":\"Reda\u00e7\u00e3o\",\"@id\":\"https:\/\/brasilnoticias.org\/site\/#\/schema\/person\/a0e05b973ec4d15c658d51911e53507b\"},\"headline\":\"Motocicleta bate de frente com carreta e para embaixo de ve\u00edculo em rodovia baiana\",\"datePublished\":\"2023-04-24T10:00:39+00:00\",\"mainEntityOfPage\":{\"@id\":\"https:\/\/brasilnoticias.org\/site\/motocicleta-bate-de-frente-com-carreta-e-para-embaixo-de-veiculo-em-rodovia-baiana\/\"},\"wordCount\":245,\"commentCount\":0,\"publisher\":{\"@id\":\"https:\/\/brasilnoticias.org\/site\/#organization\"},\"image\":{\"@id\":\"https:\/\/brasilnoticias.org\/site\/motocicleta-bate-de-frente-com-carreta-e-para-embaixo-de-veiculo-em-rodovia-baiana\/#primaryimage\"},\"thumbnailUrl\":\"https:\/\/brasilnoticias.org\/site\/wp-content\/uploads\/2023\/04\/acidente-rodovia-bahia_widelg.jpg\",\"articleSection\":[\"Not\u00edcias\",\"\u00daltimas\"],\"inLanguage\":\"pt-PT\",\"potentialAction\":[{\"@type\":\"CommentAction\",\"name\":\"Comment\",\"target\":[\"https:\/\/brasilnoticias.org\/site\/motocicleta-bate-de-frente-com-carreta-e-para-embaixo-de-veiculo-em-rodovia-baiana\/#respond\"]}]},{\"@type\":\"WebPage\",\"@id\":\"https:\/\/brasilnoticias.org\/site\/motocicleta-bate-de-frente-com-carreta-e-para-embaixo-de-veiculo-em-rodovia-baiana\/\",\"url\":\"https:\/\/brasilnoticias.org\/site\/motocicleta-bate-de-frente-com-carreta-e-para-embaixo-de-veiculo-em-rodovia-baiana\/\",\"name\":\"Motocicleta bate de frente com carreta e para embaixo de ve\u00edculo em rodovia baiana - Brasil not\u00edcias\",\"isPartOf\":{\"@id\":\"https:\/\/brasilnoticias.org\/site\/#website\"},\"primaryImageOfPage\":{\"@id\":\"https:\/\/brasilnoticias.org\/site\/motocicleta-bate-de-frente-com-carreta-e-para-embaixo-de-veiculo-em-rodovia-baiana\/#primaryimage\"},\"image\":{\"@id\":\"https:\/\/brasilnoticias.org\/site\/motocicleta-bate-de-frente-com-carreta-e-para-embaixo-de-veiculo-em-rodovia-baiana\/#primaryimage\"},\"thumbnailUrl\":\"https:\/\/brasilnoticias.org\/site\/wp-content\/uploads\/2023\/04\/acidente-rodovia-bahia_widelg.jpg\",\"datePublished\":\"2023-04-24T10:00:39+00:00\",\"breadcrumb\":{\"@id\":\"https:\/\/brasilnoticias.org\/site\/motocicleta-bate-de-frente-com-carreta-e-para-embaixo-de-veiculo-em-rodovia-baiana\/#breadcrumb\"},\"inLanguage\":\"pt-PT\",\"potentialAction\":[{\"@type\":\"ReadAction\",\"target\":[\"https:\/\/brasilnoticias.org\/site\/motocicleta-bate-de-frente-com-carreta-e-para-embaixo-de-veiculo-em-rodovia-baiana\/\"]}]},{\"@type\":\"ImageObject\",\"inLanguage\":\"pt-PT\",\"@id\":\"https:\/\/brasilnoticias.org\/site\/motocicleta-bate-de-frente-com-carreta-e-para-embaixo-de-veiculo-em-rodovia-baiana\/#primaryimage\",\"url\":\"https:\/\/brasilnoticias.org\/site\/wp-content\/uploads\/2023\/04\/acidente-rodovia-bahia_widelg.jpg\",\"contentUrl\":\"https:\/\/brasilnoticias.org\/site\/wp-content\/uploads\/2023\/04\/acidente-rodovia-bahia_widelg.jpg\",\"width\":800,\"height\":450},{\"@type\":\"BreadcrumbList\",\"@id\":\"https:\/\/brasilnoticias.org\/site\/motocicleta-bate-de-frente-com-carreta-e-para-embaixo-de-veiculo-em-rodovia-baiana\/#breadcrumb\",\"itemListElement\":[{\"@type\":\"ListItem\",\"position\":1,\"name\":\"In\u00edcio\",\"item\":\"https:\/\/brasilnoticias.org\/site\/\"},{\"@type\":\"ListItem\",\"position\":2,\"name\":\"Motocicleta bate de frente com carreta e para embaixo de ve\u00edculo em rodovia baiana\"}]},{\"@type\":\"WebSite\",\"@id\":\"https:\/\/brasilnoticias.org\/site\/#website\",\"url\":\"https:\/\/brasilnoticias.org\/site\/\",\"name\":\"Brasil not\u00edcias\",\"description\":\"Brasil not\u00edcias\",\"publisher\":{\"@id\":\"https:\/\/brasilnoticias.org\/site\/#organization\"},\"potentialAction\":[{\"@type\":\"SearchAction\",\"target\":{\"@type\":\"EntryPoint\",\"urlTemplate\":\"https:\/\/brasilnoticias.org\/site\/?s={search_term_string}\"},\"query-input\":{\"@type\":\"PropertyValueSpecification\",\"valueRequired\":true,\"valueName\":\"search_term_string\"}}],\"inLanguage\":\"pt-PT\"},{\"@type\":\"Organization\",\"@id\":\"https:\/\/brasilnoticias.org\/site\/#organization\",\"name\":\"Brasil not\u00edcias\",\"url\":\"https:\/\/brasilnoticias.org\/site\/\",\"logo\":{\"@type\":\"ImageObject\",\"inLanguage\":\"pt-PT\",\"@id\":\"https:\/\/brasilnoticias.org\/site\/#\/schema\/logo\/image\/\",\"url\":\"https:\/\/brasilnoticias.org\/site\/wp-content\/uploads\/2022\/05\/cropped-brasilnoticias-mini.jpg\",\"contentUrl\":\"https:\/\/brasilnoticias.org\/site\/wp-content\/uploads\/2022\/05\/cropped-brasilnoticias-mini.jpg\",\"width\":314,\"height\":86,\"caption\":\"Brasil not\u00edcias\"},\"image\":{\"@id\":\"https:\/\/brasilnoticias.org\/site\/#\/schema\/logo\/image\/\"}},{\"@type\":\"Person\",\"@id\":\"https:\/\/brasilnoticias.org\/site\/#\/schema\/person\/a0e05b973ec4d15c658d51911e53507b\",\"name\":\"Reda\u00e7\u00e3o\",\"image\":{\"@type\":\"ImageObject\",\"inLanguage\":\"pt-PT\",\"@id\":\"https:\/\/brasilnoticias.org\/site\/#\/schema\/person\/image\/\",\"url\":\"https:\/\/secure.gravatar.com\/avatar\/75d8b050df2de108b08ae78dfb8e374892df24a383c67db9c46a9c604f6aee9c?s=96&d=mm&r=g\",\"contentUrl\":\"https:\/\/secure.gravatar.com\/avatar\/75d8b050df2de108b08ae78dfb8e374892df24a383c67db9c46a9c604f6aee9c?s=96&d=mm&r=g\",\"caption\":\"Reda\u00e7\u00e3o\"},\"sameAs\":[\"https:\/\/brasilnoticias.org\/site\"],\"url\":\"https:\/\/brasilnoticias.org\/site\/author\/fernandozsngmail-com\/\"}]}<\/script>\n<!-- \/ Yoast SEO plugin. -->","yoast_head_json":{"title":"Motocicleta bate de frente com carreta e para embaixo de ve\u00edculo em rodovia baiana - Brasil not\u00edcias","robots":{"index":"index","follow":"follow","max-snippet":"max-snippet:-1","max-image-preview":"max-image-preview:large","max-video-preview":"max-video-preview:-1"},"canonical":"https:\/\/brasilnoticias.org\/site\/motocicleta-bate-de-frente-com-carreta-e-para-embaixo-de-veiculo-em-rodovia-baiana\/","og_locale":"pt_PT","og_type":"article","og_title":"Motocicleta bate de frente com carreta e para embaixo de ve\u00edculo em rodovia baiana - Brasil not\u00edcias","og_description":"Uma motocicleta e uma carreta bateram de frente, na \u00faltima sexta-feira (21), na altura da BR-242, na cidade de Ibotirama,","og_url":"https:\/\/brasilnoticias.org\/site\/motocicleta-bate-de-frente-com-carreta-e-para-embaixo-de-veiculo-em-rodovia-baiana\/","og_site_name":"Brasil not\u00edcias","article_published_time":"2023-04-24T10:00:39+00:00","og_image":[{"width":800,"height":450,"url":"https:\/\/brasilnoticias.org\/site\/wp-content\/uploads\/2023\/04\/acidente-rodovia-bahia_widelg.jpg","type":"image\/jpeg"}],"author":"Reda\u00e7\u00e3o","twitter_card":"summary_large_image","twitter_misc":{"Escrito por":"Reda\u00e7\u00e3o"},"schema":{"@context":"https:\/\/schema.org","@graph":[{"@type":"Article","@id":"https:\/\/brasilnoticias.org\/site\/motocicleta-bate-de-frente-com-carreta-e-para-embaixo-de-veiculo-em-rodovia-baiana\/#article","isPartOf":{"@id":"https:\/\/brasilnoticias.org\/site\/motocicleta-bate-de-frente-com-carreta-e-para-embaixo-de-veiculo-em-rodovia-baiana\/"},"author":{"name":"Reda\u00e7\u00e3o","@id":"https:\/\/brasilnoticias.org\/site\/#\/schema\/person\/a0e05b973ec4d15c658d51911e53507b"},"headline":"Motocicleta bate de frente com carreta e para embaixo de ve\u00edculo em rodovia baiana","datePublished":"2023-04-24T10:00:39+00:00","mainEntityOfPage":{"@id":"https:\/\/brasilnoticias.org\/site\/motocicleta-bate-de-frente-com-carreta-e-para-embaixo-de-veiculo-em-rodovia-baiana\/"},"wordCount":245,"commentCount":0,"publisher":{"@id":"https:\/\/brasilnoticias.org\/site\/#organization"},"image":{"@id":"https:\/\/brasilnoticias.org\/site\/motocicleta-bate-de-frente-com-carreta-e-para-embaixo-de-veiculo-em-rodovia-baiana\/#primaryimage"},"thumbnailUrl":"https:\/\/brasilnoticias.org\/site\/wp-content\/uploads\/2023\/04\/acidente-rodovia-bahia_widelg.jpg","articleSection":["Not\u00edcias","\u00daltimas"],"inLanguage":"pt-PT","potentialAction":[{"@type":"CommentAction","name":"Comment","target":["https:\/\/brasilnoticias.org\/site\/motocicleta-bate-de-frente-com-carreta-e-para-embaixo-de-veiculo-em-rodovia-baiana\/#respond"]}]},{"@type":"WebPage","@id":"https:\/\/brasilnoticias.org\/site\/motocicleta-bate-de-frente-com-carreta-e-para-embaixo-de-veiculo-em-rodovia-baiana\/","url":"https:\/\/brasilnoticias.org\/site\/motocicleta-bate-de-frente-com-carreta-e-para-embaixo-de-veiculo-em-rodovia-baiana\/","name":"Motocicleta bate de frente com carreta e para embaixo de ve\u00edculo em rodovia baiana - Brasil not\u00edcias","isPartOf":{"@id":"https:\/\/brasilnoticias.org\/site\/#website"},"primaryImageOfPage":{"@id":"https:\/\/brasilnoticias.org\/site\/motocicleta-bate-de-frente-com-carreta-e-para-embaixo-de-veiculo-em-rodovia-baiana\/#primaryimage"},"image":{"@id":"https:\/\/brasilnoticias.org\/site\/motocicleta-bate-de-frente-com-carreta-e-para-embaixo-de-veiculo-em-rodovia-baiana\/#primaryimage"},"thumbnailUrl":"https:\/\/brasilnoticias.org\/site\/wp-content\/uploads\/2023\/04\/acidente-rodovia-bahia_widelg.jpg","datePublished":"2023-04-24T10:00:39+00:00","breadcrumb":{"@id":"https:\/\/brasilnoticias.org\/site\/motocicleta-bate-de-frente-com-carreta-e-para-embaixo-de-veiculo-em-rodovia-baiana\/#breadcrumb"},"inLanguage":"pt-PT","potentialAction":[{"@type":"ReadAction","target":["https:\/\/brasilnoticias.org\/site\/motocicleta-bate-de-frente-com-carreta-e-para-embaixo-de-veiculo-em-rodovia-baiana\/"]}]},{"@type":"ImageObject","inLanguage":"pt-PT","@id":"https:\/\/brasilnoticias.org\/site\/motocicleta-bate-de-frente-com-carreta-e-para-embaixo-de-veiculo-em-rodovia-baiana\/#primaryimage","url":"https:\/\/brasilnoticias.org\/site\/wp-content\/uploads\/2023\/04\/acidente-rodovia-bahia_widelg.jpg","contentUrl":"https:\/\/brasilnoticias.org\/site\/wp-content\/uploads\/2023\/04\/acidente-rodovia-bahia_widelg.jpg","width":800,"height":450},{"@type":"BreadcrumbList","@id":"https:\/\/brasilnoticias.org\/site\/motocicleta-bate-de-frente-com-carreta-e-para-embaixo-de-veiculo-em-rodovia-baiana\/#breadcrumb","itemListElement":[{"@type":"ListItem","position":1,"name":"In\u00edcio","item":"https:\/\/brasilnoticias.org\/site\/"},{"@type":"ListItem","position":2,"name":"Motocicleta bate de frente com carreta e para embaixo de ve\u00edculo em rodovia baiana"}]},{"@type":"WebSite","@id":"https:\/\/brasilnoticias.org\/site\/#website","url":"https:\/\/brasilnoticias.org\/site\/","name":"Brasil not\u00edcias","description":"Brasil not\u00edcias","publisher":{"@id":"https:\/\/brasilnoticias.org\/site\/#organization"},"potentialAction":[{"@type":"SearchAction","target":{"@type":"EntryPoint","urlTemplate":"https:\/\/brasilnoticias.org\/site\/?s={search_term_string}"},"query-input":{"@type":"PropertyValueSpecification","valueRequired":true,"valueName":"search_term_string"}}],"inLanguage":"pt-PT"},{"@type":"Organization","@id":"https:\/\/brasilnoticias.org\/site\/#organization","name":"Brasil not\u00edcias","url":"https:\/\/brasilnoticias.org\/site\/","logo":{"@type":"ImageObject","inLanguage":"pt-PT","@id":"https:\/\/brasilnoticias.org\/site\/#\/schema\/logo\/image\/","url":"https:\/\/brasilnoticias.org\/site\/wp-content\/uploads\/2022\/05\/cropped-brasilnoticias-mini.jpg","contentUrl":"https:\/\/brasilnoticias.org\/site\/wp-content\/uploads\/2022\/05\/cropped-brasilnoticias-mini.jpg","width":314,"height":86,"caption":"Brasil not\u00edcias"},"image":{"@id":"https:\/\/brasilnoticias.org\/site\/#\/schema\/logo\/image\/"}},{"@type":"Person","@id":"https:\/\/brasilnoticias.org\/site\/#\/schema\/person\/a0e05b973ec4d15c658d51911e53507b","name":"Reda\u00e7\u00e3o","image":{"@type":"ImageObject","inLanguage":"pt-PT","@id":"https:\/\/brasilnoticias.org\/site\/#\/schema\/person\/image\/","url":"https:\/\/secure.gravatar.com\/avatar\/75d8b050df2de108b08ae78dfb8e374892df24a383c67db9c46a9c604f6aee9c?s=96&d=mm&r=g","contentUrl":"https:\/\/secure.gravatar.com\/avatar\/75d8b050df2de108b08ae78dfb8e374892df24a383c67db9c46a9c604f6aee9c?s=96&d=mm&r=g","caption":"Reda\u00e7\u00e3o"},"sameAs":["https:\/\/brasilnoticias.org\/site"],"url":"https:\/\/brasilnoticias.org\/site\/author\/fernandozsngmail-com\/"}]}},"_links":{"self":[{"href":"https:\/\/brasilnoticias.org\/site\/wp-json\/wp\/v2\/posts\/5644","targetHints":{"allow":["GET"]}}],"collection":[{"href":"https:\/\/brasilnoticias.org\/site\/wp-json\/wp\/v2\/posts"}],"about":[{"href":"https:\/\/brasilnoticias.org\/site\/wp-json\/wp\/v2\/types\/post"}],"author":[{"embeddable":true,"href":"https:\/\/brasilnoticias.org\/site\/wp-json\/wp\/v2\/users\/1"}],"replies":[{"embeddable":true,"href":"https:\/\/brasilnoticias.org\/site\/wp-json\/wp\/v2\/comments?post=5644"}],"version-history":[{"count":1,"href":"https:\/\/brasilnoticias.org\/site\/wp-json\/wp\/v2\/posts\/5644\/revisions"}],"predecessor-version":[{"id":5646,"href":"https:\/\/brasilnoticias.org\/site\/wp-json\/wp\/v2\/posts\/5644\/revisions\/5646"}],"wp:featuredmedia":[{"embeddable":true,"href":"https:\/\/brasilnoticias.org\/site\/wp-json\/wp\/v2\/media\/5645"}],"wp:attachment":[{"href":"https:\/\/brasilnoticias.org\/site\/wp-json\/wp\/v2\/media?parent=5644"}],"wp:term":[{"taxonomy":"category","embeddable":true,"href":"https:\/\/brasilnoticias.org\/site\/wp-json\/wp\/v2\/categories?post=5644"},{"taxonomy":"post_tag","embeddable":true,"href":"https:\/\/brasilnoticias.org\/site\/wp-json\/wp\/v2\/tags?post=5644"}],"curies":[{"name":"wp","href":"https:\/\/api.w.org\/{rel}","templated":true}]}}