{"id":5650,"date":"2023-04-24T07:20:32","date_gmt":"2023-04-24T10:20:32","guid":{"rendered":"https:\/\/brasilnoticias.org\/site\/?p=5650"},"modified":"2023-04-23T18:10:59","modified_gmt":"2023-04-23T21:10:59","slug":"vereador-e-preso-por-dirigir-ambulancia-bebado-parlamentar-dirigia-veiculo-em-zigue-zague","status":"publish","type":"post","link":"https:\/\/brasilnoticias.org\/site\/vereador-e-preso-por-dirigir-ambulancia-bebado-parlamentar-dirigia-veiculo-em-zigue-zague\/","title":{"rendered":"Vereador \u00e9 preso por dirigir ambul\u00e2ncia b\u00eabado; parlamentar dirigia ve\u00edculo em zigue-zague"},"content":{"rendered":"<p>O vereador de Santa Luzia, munic\u00edpio de Belo Horizonte, Glayson Johnny (PSB), foi preso na madrugada deste domingo (23) por suspeita de dirigir uma ambul\u00e2ncia em zigue-zague em estado de embriaguez.<\/p>\n<p>Testemunhas acionaram a Pol\u00edcia Civil e informaram que o vereador dormia dentro da ambul\u00e2ncia. Quando a viatura chegou no local, o parlamentar j\u00e1 estava acordado e fazia zigue-zague por uma avenida. Os policiais abordaram Glayson, que se recusou a fazer o teste do baf\u00f4metro e foi preso em flagrante. Contudo, ele foi liberado ap\u00f3s pagar R$ 1.300 de fian\u00e7a.<\/p>\n<p>Em nota, a Pol\u00edcia Civil informou que Glayson foi autuado por \u201cconduzir ve\u00edculo automotor com capacidade psicomotora alterada em raz\u00e3o da influ\u00eancia de \u00e1lcool ou de outra subst\u00e2ncia psicoativa que determine depend\u00eancia\u201d.<\/p>\n<p>Foto Reprodu\u00e7\u00e3o\/Noticiando Santa Luzia<br \/>\nBNews<\/p>\n","protected":false},"excerpt":{"rendered":"<p>O vereador de Santa Luzia, munic\u00edpio de Belo Horizonte, Glayson Johnny (PSB), foi preso na madrugada deste domingo (23) por<\/p>\n","protected":false},"author":1,"featured_media":5651,"comment_status":"open","ping_status":"open","sticky":false,"template":"","format":"standard","meta":{"colormag_page_container_layout":"default_layout","colormag_page_sidebar_layout":"default_layout","_FSMCFIC_featured_image_caption":"","_FSMCFIC_featured_image_nocaption":"","_FSMCFIC_featured_image_hide":"","footnotes":""},"categories":[2,1],"tags":[],"class_list":["post-5650","post","type-post","status-publish","format-standard","has-post-thumbnail","hentry","category-noticias","category-ultimas"],"yoast_head":"<!-- This site is optimized with the Yoast SEO plugin v27.1.1 - https:\/\/yoast.com\/product\/yoast-seo-wordpress\/ -->\n<title>Vereador \u00e9 preso por dirigir ambul\u00e2ncia b\u00eabado; parlamentar dirigia ve\u00edculo em zigue-zague - Brasil not\u00edcias<\/title>\n<meta name=\"robots\" content=\"index, follow, max-snippet:-1, max-image-preview:large, max-video-preview:-1\" \/>\n<link rel=\"canonical\" href=\"https:\/\/brasilnoticias.org\/site\/vereador-e-preso-por-dirigir-ambulancia-bebado-parlamentar-dirigia-veiculo-em-zigue-zague\/\" \/>\n<meta property=\"og:locale\" content=\"pt_PT\" \/>\n<meta property=\"og:type\" content=\"article\" \/>\n<meta property=\"og:title\" content=\"Vereador \u00e9 preso por dirigir ambul\u00e2ncia b\u00eabado; parlamentar dirigia ve\u00edculo em zigue-zague - Brasil not\u00edcias\" \/>\n<meta property=\"og:description\" content=\"O vereador de Santa Luzia, munic\u00edpio de Belo Horizonte, Glayson Johnny (PSB), foi preso na madrugada deste domingo (23) por\" \/>\n<meta property=\"og:url\" content=\"https:\/\/brasilnoticias.org\/site\/vereador-e-preso-por-dirigir-ambulancia-bebado-parlamentar-dirigia-veiculo-em-zigue-zague\/\" \/>\n<meta property=\"og:site_name\" content=\"Brasil not\u00edcias\" \/>\n<meta property=\"article:published_time\" content=\"2023-04-24T10:20:32+00:00\" \/>\n<meta property=\"og:image\" content=\"https:\/\/brasilnoticias.org\/site\/wp-content\/uploads\/2023\/04\/whatsapp-image-2023-04-23-at-13-29-58-jpeg_widelg.jpg\" \/>\n\t<meta property=\"og:image:width\" content=\"800\" \/>\n\t<meta property=\"og:image:height\" content=\"450\" \/>\n\t<meta property=\"og:image:type\" content=\"image\/jpeg\" \/>\n<meta name=\"author\" content=\"Reda\u00e7\u00e3o\" \/>\n<meta name=\"twitter:card\" content=\"summary_large_image\" \/>\n<meta name=\"twitter:label1\" content=\"Escrito por\" \/>\n\t<meta name=\"twitter:data1\" content=\"Reda\u00e7\u00e3o\" \/>\n<script type=\"application\/ld+json\" class=\"yoast-schema-graph\">{\"@context\":\"https:\/\/schema.org\",\"@graph\":[{\"@type\":\"Article\",\"@id\":\"https:\/\/brasilnoticias.org\/site\/vereador-e-preso-por-dirigir-ambulancia-bebado-parlamentar-dirigia-veiculo-em-zigue-zague\/#article\",\"isPartOf\":{\"@id\":\"https:\/\/brasilnoticias.org\/site\/vereador-e-preso-por-dirigir-ambulancia-bebado-parlamentar-dirigia-veiculo-em-zigue-zague\/\"},\"author\":{\"name\":\"Reda\u00e7\u00e3o\",\"@id\":\"https:\/\/brasilnoticias.org\/site\/#\/schema\/person\/a0e05b973ec4d15c658d51911e53507b\"},\"headline\":\"Vereador \u00e9 preso por dirigir ambul\u00e2ncia b\u00eabado; parlamentar dirigia ve\u00edculo em zigue-zague\",\"datePublished\":\"2023-04-24T10:20:32+00:00\",\"mainEntityOfPage\":{\"@id\":\"https:\/\/brasilnoticias.org\/site\/vereador-e-preso-por-dirigir-ambulancia-bebado-parlamentar-dirigia-veiculo-em-zigue-zague\/\"},\"wordCount\":154,\"commentCount\":0,\"publisher\":{\"@id\":\"https:\/\/brasilnoticias.org\/site\/#organization\"},\"image\":{\"@id\":\"https:\/\/brasilnoticias.org\/site\/vereador-e-preso-por-dirigir-ambulancia-bebado-parlamentar-dirigia-veiculo-em-zigue-zague\/#primaryimage\"},\"thumbnailUrl\":\"https:\/\/brasilnoticias.org\/site\/wp-content\/uploads\/2023\/04\/whatsapp-image-2023-04-23-at-13-29-58-jpeg_widelg.jpg\",\"articleSection\":[\"Not\u00edcias\",\"\u00daltimas\"],\"inLanguage\":\"pt-PT\",\"potentialAction\":[{\"@type\":\"CommentAction\",\"name\":\"Comment\",\"target\":[\"https:\/\/brasilnoticias.org\/site\/vereador-e-preso-por-dirigir-ambulancia-bebado-parlamentar-dirigia-veiculo-em-zigue-zague\/#respond\"]}]},{\"@type\":\"WebPage\",\"@id\":\"https:\/\/brasilnoticias.org\/site\/vereador-e-preso-por-dirigir-ambulancia-bebado-parlamentar-dirigia-veiculo-em-zigue-zague\/\",\"url\":\"https:\/\/brasilnoticias.org\/site\/vereador-e-preso-por-dirigir-ambulancia-bebado-parlamentar-dirigia-veiculo-em-zigue-zague\/\",\"name\":\"Vereador \u00e9 preso por dirigir ambul\u00e2ncia b\u00eabado; parlamentar dirigia ve\u00edculo em zigue-zague - Brasil not\u00edcias\",\"isPartOf\":{\"@id\":\"https:\/\/brasilnoticias.org\/site\/#website\"},\"primaryImageOfPage\":{\"@id\":\"https:\/\/brasilnoticias.org\/site\/vereador-e-preso-por-dirigir-ambulancia-bebado-parlamentar-dirigia-veiculo-em-zigue-zague\/#primaryimage\"},\"image\":{\"@id\":\"https:\/\/brasilnoticias.org\/site\/vereador-e-preso-por-dirigir-ambulancia-bebado-parlamentar-dirigia-veiculo-em-zigue-zague\/#primaryimage\"},\"thumbnailUrl\":\"https:\/\/brasilnoticias.org\/site\/wp-content\/uploads\/2023\/04\/whatsapp-image-2023-04-23-at-13-29-58-jpeg_widelg.jpg\",\"datePublished\":\"2023-04-24T10:20:32+00:00\",\"breadcrumb\":{\"@id\":\"https:\/\/brasilnoticias.org\/site\/vereador-e-preso-por-dirigir-ambulancia-bebado-parlamentar-dirigia-veiculo-em-zigue-zague\/#breadcrumb\"},\"inLanguage\":\"pt-PT\",\"potentialAction\":[{\"@type\":\"ReadAction\",\"target\":[\"https:\/\/brasilnoticias.org\/site\/vereador-e-preso-por-dirigir-ambulancia-bebado-parlamentar-dirigia-veiculo-em-zigue-zague\/\"]}]},{\"@type\":\"ImageObject\",\"inLanguage\":\"pt-PT\",\"@id\":\"https:\/\/brasilnoticias.org\/site\/vereador-e-preso-por-dirigir-ambulancia-bebado-parlamentar-dirigia-veiculo-em-zigue-zague\/#primaryimage\",\"url\":\"https:\/\/brasilnoticias.org\/site\/wp-content\/uploads\/2023\/04\/whatsapp-image-2023-04-23-at-13-29-58-jpeg_widelg.jpg\",\"contentUrl\":\"https:\/\/brasilnoticias.org\/site\/wp-content\/uploads\/2023\/04\/whatsapp-image-2023-04-23-at-13-29-58-jpeg_widelg.jpg\",\"width\":800,\"height\":450},{\"@type\":\"BreadcrumbList\",\"@id\":\"https:\/\/brasilnoticias.org\/site\/vereador-e-preso-por-dirigir-ambulancia-bebado-parlamentar-dirigia-veiculo-em-zigue-zague\/#breadcrumb\",\"itemListElement\":[{\"@type\":\"ListItem\",\"position\":1,\"name\":\"In\u00edcio\",\"item\":\"https:\/\/brasilnoticias.org\/site\/\"},{\"@type\":\"ListItem\",\"position\":2,\"name\":\"Vereador \u00e9 preso por dirigir ambul\u00e2ncia b\u00eabado; parlamentar dirigia ve\u00edculo em zigue-zague\"}]},{\"@type\":\"WebSite\",\"@id\":\"https:\/\/brasilnoticias.org\/site\/#website\",\"url\":\"https:\/\/brasilnoticias.org\/site\/\",\"name\":\"Brasil not\u00edcias\",\"description\":\"Brasil not\u00edcias\",\"publisher\":{\"@id\":\"https:\/\/brasilnoticias.org\/site\/#organization\"},\"potentialAction\":[{\"@type\":\"SearchAction\",\"target\":{\"@type\":\"EntryPoint\",\"urlTemplate\":\"https:\/\/brasilnoticias.org\/site\/?s={search_term_string}\"},\"query-input\":{\"@type\":\"PropertyValueSpecification\",\"valueRequired\":true,\"valueName\":\"search_term_string\"}}],\"inLanguage\":\"pt-PT\"},{\"@type\":\"Organization\",\"@id\":\"https:\/\/brasilnoticias.org\/site\/#organization\",\"name\":\"Brasil not\u00edcias\",\"url\":\"https:\/\/brasilnoticias.org\/site\/\",\"logo\":{\"@type\":\"ImageObject\",\"inLanguage\":\"pt-PT\",\"@id\":\"https:\/\/brasilnoticias.org\/site\/#\/schema\/logo\/image\/\",\"url\":\"https:\/\/brasilnoticias.org\/site\/wp-content\/uploads\/2022\/05\/cropped-brasilnoticias-mini.jpg\",\"contentUrl\":\"https:\/\/brasilnoticias.org\/site\/wp-content\/uploads\/2022\/05\/cropped-brasilnoticias-mini.jpg\",\"width\":314,\"height\":86,\"caption\":\"Brasil not\u00edcias\"},\"image\":{\"@id\":\"https:\/\/brasilnoticias.org\/site\/#\/schema\/logo\/image\/\"}},{\"@type\":\"Person\",\"@id\":\"https:\/\/brasilnoticias.org\/site\/#\/schema\/person\/a0e05b973ec4d15c658d51911e53507b\",\"name\":\"Reda\u00e7\u00e3o\",\"image\":{\"@type\":\"ImageObject\",\"inLanguage\":\"pt-PT\",\"@id\":\"https:\/\/brasilnoticias.org\/site\/#\/schema\/person\/image\/\",\"url\":\"https:\/\/secure.gravatar.com\/avatar\/75d8b050df2de108b08ae78dfb8e374892df24a383c67db9c46a9c604f6aee9c?s=96&d=mm&r=g\",\"contentUrl\":\"https:\/\/secure.gravatar.com\/avatar\/75d8b050df2de108b08ae78dfb8e374892df24a383c67db9c46a9c604f6aee9c?s=96&d=mm&r=g\",\"caption\":\"Reda\u00e7\u00e3o\"},\"sameAs\":[\"https:\/\/brasilnoticias.org\/site\"],\"url\":\"https:\/\/brasilnoticias.org\/site\/author\/fernandozsngmail-com\/\"}]}<\/script>\n<!-- \/ Yoast SEO plugin. -->","yoast_head_json":{"title":"Vereador \u00e9 preso por dirigir ambul\u00e2ncia b\u00eabado; parlamentar dirigia ve\u00edculo em zigue-zague - Brasil not\u00edcias","robots":{"index":"index","follow":"follow","max-snippet":"max-snippet:-1","max-image-preview":"max-image-preview:large","max-video-preview":"max-video-preview:-1"},"canonical":"https:\/\/brasilnoticias.org\/site\/vereador-e-preso-por-dirigir-ambulancia-bebado-parlamentar-dirigia-veiculo-em-zigue-zague\/","og_locale":"pt_PT","og_type":"article","og_title":"Vereador \u00e9 preso por dirigir ambul\u00e2ncia b\u00eabado; parlamentar dirigia ve\u00edculo em zigue-zague - Brasil not\u00edcias","og_description":"O vereador de Santa Luzia, munic\u00edpio de Belo Horizonte, Glayson Johnny (PSB), foi preso na madrugada deste domingo (23) por","og_url":"https:\/\/brasilnoticias.org\/site\/vereador-e-preso-por-dirigir-ambulancia-bebado-parlamentar-dirigia-veiculo-em-zigue-zague\/","og_site_name":"Brasil not\u00edcias","article_published_time":"2023-04-24T10:20:32+00:00","og_image":[{"width":800,"height":450,"url":"https:\/\/brasilnoticias.org\/site\/wp-content\/uploads\/2023\/04\/whatsapp-image-2023-04-23-at-13-29-58-jpeg_widelg.jpg","type":"image\/jpeg"}],"author":"Reda\u00e7\u00e3o","twitter_card":"summary_large_image","twitter_misc":{"Escrito por":"Reda\u00e7\u00e3o"},"schema":{"@context":"https:\/\/schema.org","@graph":[{"@type":"Article","@id":"https:\/\/brasilnoticias.org\/site\/vereador-e-preso-por-dirigir-ambulancia-bebado-parlamentar-dirigia-veiculo-em-zigue-zague\/#article","isPartOf":{"@id":"https:\/\/brasilnoticias.org\/site\/vereador-e-preso-por-dirigir-ambulancia-bebado-parlamentar-dirigia-veiculo-em-zigue-zague\/"},"author":{"name":"Reda\u00e7\u00e3o","@id":"https:\/\/brasilnoticias.org\/site\/#\/schema\/person\/a0e05b973ec4d15c658d51911e53507b"},"headline":"Vereador \u00e9 preso por dirigir ambul\u00e2ncia b\u00eabado; parlamentar dirigia ve\u00edculo em zigue-zague","datePublished":"2023-04-24T10:20:32+00:00","mainEntityOfPage":{"@id":"https:\/\/brasilnoticias.org\/site\/vereador-e-preso-por-dirigir-ambulancia-bebado-parlamentar-dirigia-veiculo-em-zigue-zague\/"},"wordCount":154,"commentCount":0,"publisher":{"@id":"https:\/\/brasilnoticias.org\/site\/#organization"},"image":{"@id":"https:\/\/brasilnoticias.org\/site\/vereador-e-preso-por-dirigir-ambulancia-bebado-parlamentar-dirigia-veiculo-em-zigue-zague\/#primaryimage"},"thumbnailUrl":"https:\/\/brasilnoticias.org\/site\/wp-content\/uploads\/2023\/04\/whatsapp-image-2023-04-23-at-13-29-58-jpeg_widelg.jpg","articleSection":["Not\u00edcias","\u00daltimas"],"inLanguage":"pt-PT","potentialAction":[{"@type":"CommentAction","name":"Comment","target":["https:\/\/brasilnoticias.org\/site\/vereador-e-preso-por-dirigir-ambulancia-bebado-parlamentar-dirigia-veiculo-em-zigue-zague\/#respond"]}]},{"@type":"WebPage","@id":"https:\/\/brasilnoticias.org\/site\/vereador-e-preso-por-dirigir-ambulancia-bebado-parlamentar-dirigia-veiculo-em-zigue-zague\/","url":"https:\/\/brasilnoticias.org\/site\/vereador-e-preso-por-dirigir-ambulancia-bebado-parlamentar-dirigia-veiculo-em-zigue-zague\/","name":"Vereador \u00e9 preso por dirigir ambul\u00e2ncia b\u00eabado; parlamentar dirigia ve\u00edculo em zigue-zague - Brasil not\u00edcias","isPartOf":{"@id":"https:\/\/brasilnoticias.org\/site\/#website"},"primaryImageOfPage":{"@id":"https:\/\/brasilnoticias.org\/site\/vereador-e-preso-por-dirigir-ambulancia-bebado-parlamentar-dirigia-veiculo-em-zigue-zague\/#primaryimage"},"image":{"@id":"https:\/\/brasilnoticias.org\/site\/vereador-e-preso-por-dirigir-ambulancia-bebado-parlamentar-dirigia-veiculo-em-zigue-zague\/#primaryimage"},"thumbnailUrl":"https:\/\/brasilnoticias.org\/site\/wp-content\/uploads\/2023\/04\/whatsapp-image-2023-04-23-at-13-29-58-jpeg_widelg.jpg","datePublished":"2023-04-24T10:20:32+00:00","breadcrumb":{"@id":"https:\/\/brasilnoticias.org\/site\/vereador-e-preso-por-dirigir-ambulancia-bebado-parlamentar-dirigia-veiculo-em-zigue-zague\/#breadcrumb"},"inLanguage":"pt-PT","potentialAction":[{"@type":"ReadAction","target":["https:\/\/brasilnoticias.org\/site\/vereador-e-preso-por-dirigir-ambulancia-bebado-parlamentar-dirigia-veiculo-em-zigue-zague\/"]}]},{"@type":"ImageObject","inLanguage":"pt-PT","@id":"https:\/\/brasilnoticias.org\/site\/vereador-e-preso-por-dirigir-ambulancia-bebado-parlamentar-dirigia-veiculo-em-zigue-zague\/#primaryimage","url":"https:\/\/brasilnoticias.org\/site\/wp-content\/uploads\/2023\/04\/whatsapp-image-2023-04-23-at-13-29-58-jpeg_widelg.jpg","contentUrl":"https:\/\/brasilnoticias.org\/site\/wp-content\/uploads\/2023\/04\/whatsapp-image-2023-04-23-at-13-29-58-jpeg_widelg.jpg","width":800,"height":450},{"@type":"BreadcrumbList","@id":"https:\/\/brasilnoticias.org\/site\/vereador-e-preso-por-dirigir-ambulancia-bebado-parlamentar-dirigia-veiculo-em-zigue-zague\/#breadcrumb","itemListElement":[{"@type":"ListItem","position":1,"name":"In\u00edcio","item":"https:\/\/brasilnoticias.org\/site\/"},{"@type":"ListItem","position":2,"name":"Vereador \u00e9 preso por dirigir ambul\u00e2ncia b\u00eabado; parlamentar dirigia ve\u00edculo em zigue-zague"}]},{"@type":"WebSite","@id":"https:\/\/brasilnoticias.org\/site\/#website","url":"https:\/\/brasilnoticias.org\/site\/","name":"Brasil not\u00edcias","description":"Brasil not\u00edcias","publisher":{"@id":"https:\/\/brasilnoticias.org\/site\/#organization"},"potentialAction":[{"@type":"SearchAction","target":{"@type":"EntryPoint","urlTemplate":"https:\/\/brasilnoticias.org\/site\/?s={search_term_string}"},"query-input":{"@type":"PropertyValueSpecification","valueRequired":true,"valueName":"search_term_string"}}],"inLanguage":"pt-PT"},{"@type":"Organization","@id":"https:\/\/brasilnoticias.org\/site\/#organization","name":"Brasil not\u00edcias","url":"https:\/\/brasilnoticias.org\/site\/","logo":{"@type":"ImageObject","inLanguage":"pt-PT","@id":"https:\/\/brasilnoticias.org\/site\/#\/schema\/logo\/image\/","url":"https:\/\/brasilnoticias.org\/site\/wp-content\/uploads\/2022\/05\/cropped-brasilnoticias-mini.jpg","contentUrl":"https:\/\/brasilnoticias.org\/site\/wp-content\/uploads\/2022\/05\/cropped-brasilnoticias-mini.jpg","width":314,"height":86,"caption":"Brasil not\u00edcias"},"image":{"@id":"https:\/\/brasilnoticias.org\/site\/#\/schema\/logo\/image\/"}},{"@type":"Person","@id":"https:\/\/brasilnoticias.org\/site\/#\/schema\/person\/a0e05b973ec4d15c658d51911e53507b","name":"Reda\u00e7\u00e3o","image":{"@type":"ImageObject","inLanguage":"pt-PT","@id":"https:\/\/brasilnoticias.org\/site\/#\/schema\/person\/image\/","url":"https:\/\/secure.gravatar.com\/avatar\/75d8b050df2de108b08ae78dfb8e374892df24a383c67db9c46a9c604f6aee9c?s=96&d=mm&r=g","contentUrl":"https:\/\/secure.gravatar.com\/avatar\/75d8b050df2de108b08ae78dfb8e374892df24a383c67db9c46a9c604f6aee9c?s=96&d=mm&r=g","caption":"Reda\u00e7\u00e3o"},"sameAs":["https:\/\/brasilnoticias.org\/site"],"url":"https:\/\/brasilnoticias.org\/site\/author\/fernandozsngmail-com\/"}]}},"_links":{"self":[{"href":"https:\/\/brasilnoticias.org\/site\/wp-json\/wp\/v2\/posts\/5650","targetHints":{"allow":["GET"]}}],"collection":[{"href":"https:\/\/brasilnoticias.org\/site\/wp-json\/wp\/v2\/posts"}],"about":[{"href":"https:\/\/brasilnoticias.org\/site\/wp-json\/wp\/v2\/types\/post"}],"author":[{"embeddable":true,"href":"https:\/\/brasilnoticias.org\/site\/wp-json\/wp\/v2\/users\/1"}],"replies":[{"embeddable":true,"href":"https:\/\/brasilnoticias.org\/site\/wp-json\/wp\/v2\/comments?post=5650"}],"version-history":[{"count":1,"href":"https:\/\/brasilnoticias.org\/site\/wp-json\/wp\/v2\/posts\/5650\/revisions"}],"predecessor-version":[{"id":5652,"href":"https:\/\/brasilnoticias.org\/site\/wp-json\/wp\/v2\/posts\/5650\/revisions\/5652"}],"wp:featuredmedia":[{"embeddable":true,"href":"https:\/\/brasilnoticias.org\/site\/wp-json\/wp\/v2\/media\/5651"}],"wp:attachment":[{"href":"https:\/\/brasilnoticias.org\/site\/wp-json\/wp\/v2\/media?parent=5650"}],"wp:term":[{"taxonomy":"category","embeddable":true,"href":"https:\/\/brasilnoticias.org\/site\/wp-json\/wp\/v2\/categories?post=5650"},{"taxonomy":"post_tag","embeddable":true,"href":"https:\/\/brasilnoticias.org\/site\/wp-json\/wp\/v2\/tags?post=5650"}],"curies":[{"name":"wp","href":"https:\/\/api.w.org\/{rel}","templated":true}]}}