{"id":5674,"date":"2023-04-24T18:20:05","date_gmt":"2023-04-24T21:20:05","guid":{"rendered":"https:\/\/brasilnoticias.org\/site\/?p=5674"},"modified":"2023-04-24T12:24:09","modified_gmt":"2023-04-24T15:24:09","slug":"medico-e-assassinado-a-facadas-dentro-do-proprio-apartamento","status":"publish","type":"post","link":"https:\/\/brasilnoticias.org\/site\/medico-e-assassinado-a-facadas-dentro-do-proprio-apartamento\/","title":{"rendered":"M\u00e9dico \u00e9 assassinado a facadas dentro do pr\u00f3prio apartamento"},"content":{"rendered":"<p>Um m\u00e9dico identificado como Vin\u00edcius Soares Garcia, de 31 anos, foi morto a facadas no apartamento onde morava no centro de Belo Horizonte, no \u00faltimo s\u00e1bado (22). O suspeito \u00e9 um homem de 30 anos que informou estar junto com a v\u00edtima e mais duas pessoas no im\u00f3vel. Ele foi internado com ferimentos em um hospital da capital mineira e ficou sob escolta policial.<\/p>\n<p>No domingo (23), ap\u00f3s receber alta, foi encaminhado para o Centro de Remanejamento (Ceresp) Gameleira, de acordo com a Secretaria de Estado de Justi\u00e7a e Seguran\u00e7a P\u00fablica (Sejusp). A pol\u00edcia n\u00e3o informou o nome dele.<\/p>\n<p>O suspeito de ter matado o m\u00e9dico conversou com a pol\u00edcia depois de ter sido levado por familiares a um hospital e relatou ter entrado em luta corporal antes de esfaquear o m\u00e9dico. Ele contou que os dois se conheciam havia cerca de 15 dias.<\/p>\n<p>O homem ainda afirmou que Vinicius n\u00e3o o deixava sair do apartamento e estaria amea\u00e7ando-o com uma faca. Ele disse que entrou em luta corporal com o m\u00e9dico, tomou a faca e desferiu golpes contra ele. Ao perceber que a v\u00edtima tinha ca\u00eddo, tentou se matar.<\/p>\n<p>A Pol\u00edcia Militar informou que recebeu uma den\u00fancia de que um homem havia sido esfaqueado e que o suspeito estava internado em um hospital da capital mineira.<\/p>\n<p>Os militares foram ao local da ocorr\u00eancia e a v\u00edtima j\u00e1 foi encontrada sem vida. De acordo com a per\u00edcia, o m\u00e9dico sofreu 10 perfura\u00e7\u00f5es no peito, uma no rosto, tr\u00eas na m\u00e3o esquerda, uma na m\u00e3o direita, seis na cabe\u00e7a e no pesco\u00e7o e oito nas costas.<\/p>\n<p>Foto Reprodu\u00e7\u00e3o\/Redes Sociais<br \/>\nBnews<\/p>\n","protected":false},"excerpt":{"rendered":"<p>Um m\u00e9dico identificado como Vin\u00edcius Soares Garcia, de 31 anos, foi morto a facadas no apartamento onde morava no centro<\/p>\n","protected":false},"author":1,"featured_media":5675,"comment_status":"open","ping_status":"open","sticky":false,"template":"","format":"standard","meta":{"colormag_page_container_layout":"default_layout","colormag_page_sidebar_layout":"default_layout","_FSMCFIC_featured_image_caption":"","_FSMCFIC_featured_image_nocaption":"","_FSMCFIC_featured_image_hide":"","footnotes":""},"categories":[3,1],"tags":[],"class_list":["post-5674","post","type-post","status-publish","format-standard","has-post-thumbnail","hentry","category-policia","category-ultimas"],"yoast_head":"<!-- This site is optimized with the Yoast SEO plugin v27.1.1 - https:\/\/yoast.com\/product\/yoast-seo-wordpress\/ -->\n<title>M\u00e9dico \u00e9 assassinado a facadas dentro do pr\u00f3prio apartamento - Brasil not\u00edcias<\/title>\n<meta name=\"robots\" content=\"index, follow, max-snippet:-1, max-image-preview:large, max-video-preview:-1\" \/>\n<link rel=\"canonical\" href=\"https:\/\/brasilnoticias.org\/site\/medico-e-assassinado-a-facadas-dentro-do-proprio-apartamento\/\" \/>\n<meta property=\"og:locale\" content=\"pt_PT\" \/>\n<meta property=\"og:type\" content=\"article\" \/>\n<meta property=\"og:title\" content=\"M\u00e9dico \u00e9 assassinado a facadas dentro do pr\u00f3prio apartamento - Brasil not\u00edcias\" \/>\n<meta property=\"og:description\" content=\"Um m\u00e9dico identificado como Vin\u00edcius Soares Garcia, de 31 anos, foi morto a facadas no apartamento onde morava no centro\" \/>\n<meta property=\"og:url\" content=\"https:\/\/brasilnoticias.org\/site\/medico-e-assassinado-a-facadas-dentro-do-proprio-apartamento\/\" \/>\n<meta property=\"og:site_name\" content=\"Brasil not\u00edcias\" \/>\n<meta property=\"article:published_time\" content=\"2023-04-24T21:20:05+00:00\" \/>\n<meta property=\"og:image\" content=\"https:\/\/brasilnoticias.org\/site\/wp-content\/uploads\/2023\/04\/ator-erico-bras_widelg-1.jpg\" \/>\n\t<meta property=\"og:image:width\" content=\"563\" \/>\n\t<meta property=\"og:image:height\" content=\"320\" \/>\n\t<meta property=\"og:image:type\" content=\"image\/jpeg\" \/>\n<meta name=\"author\" content=\"Reda\u00e7\u00e3o\" \/>\n<meta name=\"twitter:card\" content=\"summary_large_image\" \/>\n<meta name=\"twitter:label1\" content=\"Escrito por\" \/>\n\t<meta name=\"twitter:data1\" content=\"Reda\u00e7\u00e3o\" \/>\n<script type=\"application\/ld+json\" class=\"yoast-schema-graph\">{\"@context\":\"https:\/\/schema.org\",\"@graph\":[{\"@type\":\"Article\",\"@id\":\"https:\/\/brasilnoticias.org\/site\/medico-e-assassinado-a-facadas-dentro-do-proprio-apartamento\/#article\",\"isPartOf\":{\"@id\":\"https:\/\/brasilnoticias.org\/site\/medico-e-assassinado-a-facadas-dentro-do-proprio-apartamento\/\"},\"author\":{\"name\":\"Reda\u00e7\u00e3o\",\"@id\":\"https:\/\/brasilnoticias.org\/site\/#\/schema\/person\/a0e05b973ec4d15c658d51911e53507b\"},\"headline\":\"M\u00e9dico \u00e9 assassinado a facadas dentro do pr\u00f3prio apartamento\",\"datePublished\":\"2023-04-24T21:20:05+00:00\",\"mainEntityOfPage\":{\"@id\":\"https:\/\/brasilnoticias.org\/site\/medico-e-assassinado-a-facadas-dentro-do-proprio-apartamento\/\"},\"wordCount\":305,\"commentCount\":0,\"publisher\":{\"@id\":\"https:\/\/brasilnoticias.org\/site\/#organization\"},\"image\":{\"@id\":\"https:\/\/brasilnoticias.org\/site\/medico-e-assassinado-a-facadas-dentro-do-proprio-apartamento\/#primaryimage\"},\"thumbnailUrl\":\"https:\/\/brasilnoticias.org\/site\/wp-content\/uploads\/2023\/04\/ator-erico-bras_widelg-1.jpg\",\"articleSection\":[\"Pol\u00edcia\",\"\u00daltimas\"],\"inLanguage\":\"pt-PT\",\"potentialAction\":[{\"@type\":\"CommentAction\",\"name\":\"Comment\",\"target\":[\"https:\/\/brasilnoticias.org\/site\/medico-e-assassinado-a-facadas-dentro-do-proprio-apartamento\/#respond\"]}]},{\"@type\":\"WebPage\",\"@id\":\"https:\/\/brasilnoticias.org\/site\/medico-e-assassinado-a-facadas-dentro-do-proprio-apartamento\/\",\"url\":\"https:\/\/brasilnoticias.org\/site\/medico-e-assassinado-a-facadas-dentro-do-proprio-apartamento\/\",\"name\":\"M\u00e9dico \u00e9 assassinado a facadas dentro do pr\u00f3prio apartamento - Brasil not\u00edcias\",\"isPartOf\":{\"@id\":\"https:\/\/brasilnoticias.org\/site\/#website\"},\"primaryImageOfPage\":{\"@id\":\"https:\/\/brasilnoticias.org\/site\/medico-e-assassinado-a-facadas-dentro-do-proprio-apartamento\/#primaryimage\"},\"image\":{\"@id\":\"https:\/\/brasilnoticias.org\/site\/medico-e-assassinado-a-facadas-dentro-do-proprio-apartamento\/#primaryimage\"},\"thumbnailUrl\":\"https:\/\/brasilnoticias.org\/site\/wp-content\/uploads\/2023\/04\/ator-erico-bras_widelg-1.jpg\",\"datePublished\":\"2023-04-24T21:20:05+00:00\",\"breadcrumb\":{\"@id\":\"https:\/\/brasilnoticias.org\/site\/medico-e-assassinado-a-facadas-dentro-do-proprio-apartamento\/#breadcrumb\"},\"inLanguage\":\"pt-PT\",\"potentialAction\":[{\"@type\":\"ReadAction\",\"target\":[\"https:\/\/brasilnoticias.org\/site\/medico-e-assassinado-a-facadas-dentro-do-proprio-apartamento\/\"]}]},{\"@type\":\"ImageObject\",\"inLanguage\":\"pt-PT\",\"@id\":\"https:\/\/brasilnoticias.org\/site\/medico-e-assassinado-a-facadas-dentro-do-proprio-apartamento\/#primaryimage\",\"url\":\"https:\/\/brasilnoticias.org\/site\/wp-content\/uploads\/2023\/04\/ator-erico-bras_widelg-1.jpg\",\"contentUrl\":\"https:\/\/brasilnoticias.org\/site\/wp-content\/uploads\/2023\/04\/ator-erico-bras_widelg-1.jpg\",\"width\":563,\"height\":320},{\"@type\":\"BreadcrumbList\",\"@id\":\"https:\/\/brasilnoticias.org\/site\/medico-e-assassinado-a-facadas-dentro-do-proprio-apartamento\/#breadcrumb\",\"itemListElement\":[{\"@type\":\"ListItem\",\"position\":1,\"name\":\"In\u00edcio\",\"item\":\"https:\/\/brasilnoticias.org\/site\/\"},{\"@type\":\"ListItem\",\"position\":2,\"name\":\"M\u00e9dico \u00e9 assassinado a facadas dentro do pr\u00f3prio apartamento\"}]},{\"@type\":\"WebSite\",\"@id\":\"https:\/\/brasilnoticias.org\/site\/#website\",\"url\":\"https:\/\/brasilnoticias.org\/site\/\",\"name\":\"Brasil not\u00edcias\",\"description\":\"Brasil not\u00edcias\",\"publisher\":{\"@id\":\"https:\/\/brasilnoticias.org\/site\/#organization\"},\"potentialAction\":[{\"@type\":\"SearchAction\",\"target\":{\"@type\":\"EntryPoint\",\"urlTemplate\":\"https:\/\/brasilnoticias.org\/site\/?s={search_term_string}\"},\"query-input\":{\"@type\":\"PropertyValueSpecification\",\"valueRequired\":true,\"valueName\":\"search_term_string\"}}],\"inLanguage\":\"pt-PT\"},{\"@type\":\"Organization\",\"@id\":\"https:\/\/brasilnoticias.org\/site\/#organization\",\"name\":\"Brasil not\u00edcias\",\"url\":\"https:\/\/brasilnoticias.org\/site\/\",\"logo\":{\"@type\":\"ImageObject\",\"inLanguage\":\"pt-PT\",\"@id\":\"https:\/\/brasilnoticias.org\/site\/#\/schema\/logo\/image\/\",\"url\":\"https:\/\/brasilnoticias.org\/site\/wp-content\/uploads\/2022\/05\/cropped-brasilnoticias-mini.jpg\",\"contentUrl\":\"https:\/\/brasilnoticias.org\/site\/wp-content\/uploads\/2022\/05\/cropped-brasilnoticias-mini.jpg\",\"width\":314,\"height\":86,\"caption\":\"Brasil not\u00edcias\"},\"image\":{\"@id\":\"https:\/\/brasilnoticias.org\/site\/#\/schema\/logo\/image\/\"}},{\"@type\":\"Person\",\"@id\":\"https:\/\/brasilnoticias.org\/site\/#\/schema\/person\/a0e05b973ec4d15c658d51911e53507b\",\"name\":\"Reda\u00e7\u00e3o\",\"image\":{\"@type\":\"ImageObject\",\"inLanguage\":\"pt-PT\",\"@id\":\"https:\/\/brasilnoticias.org\/site\/#\/schema\/person\/image\/\",\"url\":\"https:\/\/secure.gravatar.com\/avatar\/75d8b050df2de108b08ae78dfb8e374892df24a383c67db9c46a9c604f6aee9c?s=96&d=mm&r=g\",\"contentUrl\":\"https:\/\/secure.gravatar.com\/avatar\/75d8b050df2de108b08ae78dfb8e374892df24a383c67db9c46a9c604f6aee9c?s=96&d=mm&r=g\",\"caption\":\"Reda\u00e7\u00e3o\"},\"sameAs\":[\"https:\/\/brasilnoticias.org\/site\"],\"url\":\"https:\/\/brasilnoticias.org\/site\/author\/fernandozsngmail-com\/\"}]}<\/script>\n<!-- \/ Yoast SEO plugin. -->","yoast_head_json":{"title":"M\u00e9dico \u00e9 assassinado a facadas dentro do pr\u00f3prio apartamento - Brasil not\u00edcias","robots":{"index":"index","follow":"follow","max-snippet":"max-snippet:-1","max-image-preview":"max-image-preview:large","max-video-preview":"max-video-preview:-1"},"canonical":"https:\/\/brasilnoticias.org\/site\/medico-e-assassinado-a-facadas-dentro-do-proprio-apartamento\/","og_locale":"pt_PT","og_type":"article","og_title":"M\u00e9dico \u00e9 assassinado a facadas dentro do pr\u00f3prio apartamento - Brasil not\u00edcias","og_description":"Um m\u00e9dico identificado como Vin\u00edcius Soares Garcia, de 31 anos, foi morto a facadas no apartamento onde morava no centro","og_url":"https:\/\/brasilnoticias.org\/site\/medico-e-assassinado-a-facadas-dentro-do-proprio-apartamento\/","og_site_name":"Brasil not\u00edcias","article_published_time":"2023-04-24T21:20:05+00:00","og_image":[{"width":563,"height":320,"url":"https:\/\/brasilnoticias.org\/site\/wp-content\/uploads\/2023\/04\/ator-erico-bras_widelg-1.jpg","type":"image\/jpeg"}],"author":"Reda\u00e7\u00e3o","twitter_card":"summary_large_image","twitter_misc":{"Escrito por":"Reda\u00e7\u00e3o"},"schema":{"@context":"https:\/\/schema.org","@graph":[{"@type":"Article","@id":"https:\/\/brasilnoticias.org\/site\/medico-e-assassinado-a-facadas-dentro-do-proprio-apartamento\/#article","isPartOf":{"@id":"https:\/\/brasilnoticias.org\/site\/medico-e-assassinado-a-facadas-dentro-do-proprio-apartamento\/"},"author":{"name":"Reda\u00e7\u00e3o","@id":"https:\/\/brasilnoticias.org\/site\/#\/schema\/person\/a0e05b973ec4d15c658d51911e53507b"},"headline":"M\u00e9dico \u00e9 assassinado a facadas dentro do pr\u00f3prio apartamento","datePublished":"2023-04-24T21:20:05+00:00","mainEntityOfPage":{"@id":"https:\/\/brasilnoticias.org\/site\/medico-e-assassinado-a-facadas-dentro-do-proprio-apartamento\/"},"wordCount":305,"commentCount":0,"publisher":{"@id":"https:\/\/brasilnoticias.org\/site\/#organization"},"image":{"@id":"https:\/\/brasilnoticias.org\/site\/medico-e-assassinado-a-facadas-dentro-do-proprio-apartamento\/#primaryimage"},"thumbnailUrl":"https:\/\/brasilnoticias.org\/site\/wp-content\/uploads\/2023\/04\/ator-erico-bras_widelg-1.jpg","articleSection":["Pol\u00edcia","\u00daltimas"],"inLanguage":"pt-PT","potentialAction":[{"@type":"CommentAction","name":"Comment","target":["https:\/\/brasilnoticias.org\/site\/medico-e-assassinado-a-facadas-dentro-do-proprio-apartamento\/#respond"]}]},{"@type":"WebPage","@id":"https:\/\/brasilnoticias.org\/site\/medico-e-assassinado-a-facadas-dentro-do-proprio-apartamento\/","url":"https:\/\/brasilnoticias.org\/site\/medico-e-assassinado-a-facadas-dentro-do-proprio-apartamento\/","name":"M\u00e9dico \u00e9 assassinado a facadas dentro do pr\u00f3prio apartamento - Brasil not\u00edcias","isPartOf":{"@id":"https:\/\/brasilnoticias.org\/site\/#website"},"primaryImageOfPage":{"@id":"https:\/\/brasilnoticias.org\/site\/medico-e-assassinado-a-facadas-dentro-do-proprio-apartamento\/#primaryimage"},"image":{"@id":"https:\/\/brasilnoticias.org\/site\/medico-e-assassinado-a-facadas-dentro-do-proprio-apartamento\/#primaryimage"},"thumbnailUrl":"https:\/\/brasilnoticias.org\/site\/wp-content\/uploads\/2023\/04\/ator-erico-bras_widelg-1.jpg","datePublished":"2023-04-24T21:20:05+00:00","breadcrumb":{"@id":"https:\/\/brasilnoticias.org\/site\/medico-e-assassinado-a-facadas-dentro-do-proprio-apartamento\/#breadcrumb"},"inLanguage":"pt-PT","potentialAction":[{"@type":"ReadAction","target":["https:\/\/brasilnoticias.org\/site\/medico-e-assassinado-a-facadas-dentro-do-proprio-apartamento\/"]}]},{"@type":"ImageObject","inLanguage":"pt-PT","@id":"https:\/\/brasilnoticias.org\/site\/medico-e-assassinado-a-facadas-dentro-do-proprio-apartamento\/#primaryimage","url":"https:\/\/brasilnoticias.org\/site\/wp-content\/uploads\/2023\/04\/ator-erico-bras_widelg-1.jpg","contentUrl":"https:\/\/brasilnoticias.org\/site\/wp-content\/uploads\/2023\/04\/ator-erico-bras_widelg-1.jpg","width":563,"height":320},{"@type":"BreadcrumbList","@id":"https:\/\/brasilnoticias.org\/site\/medico-e-assassinado-a-facadas-dentro-do-proprio-apartamento\/#breadcrumb","itemListElement":[{"@type":"ListItem","position":1,"name":"In\u00edcio","item":"https:\/\/brasilnoticias.org\/site\/"},{"@type":"ListItem","position":2,"name":"M\u00e9dico \u00e9 assassinado a facadas dentro do pr\u00f3prio apartamento"}]},{"@type":"WebSite","@id":"https:\/\/brasilnoticias.org\/site\/#website","url":"https:\/\/brasilnoticias.org\/site\/","name":"Brasil not\u00edcias","description":"Brasil not\u00edcias","publisher":{"@id":"https:\/\/brasilnoticias.org\/site\/#organization"},"potentialAction":[{"@type":"SearchAction","target":{"@type":"EntryPoint","urlTemplate":"https:\/\/brasilnoticias.org\/site\/?s={search_term_string}"},"query-input":{"@type":"PropertyValueSpecification","valueRequired":true,"valueName":"search_term_string"}}],"inLanguage":"pt-PT"},{"@type":"Organization","@id":"https:\/\/brasilnoticias.org\/site\/#organization","name":"Brasil not\u00edcias","url":"https:\/\/brasilnoticias.org\/site\/","logo":{"@type":"ImageObject","inLanguage":"pt-PT","@id":"https:\/\/brasilnoticias.org\/site\/#\/schema\/logo\/image\/","url":"https:\/\/brasilnoticias.org\/site\/wp-content\/uploads\/2022\/05\/cropped-brasilnoticias-mini.jpg","contentUrl":"https:\/\/brasilnoticias.org\/site\/wp-content\/uploads\/2022\/05\/cropped-brasilnoticias-mini.jpg","width":314,"height":86,"caption":"Brasil not\u00edcias"},"image":{"@id":"https:\/\/brasilnoticias.org\/site\/#\/schema\/logo\/image\/"}},{"@type":"Person","@id":"https:\/\/brasilnoticias.org\/site\/#\/schema\/person\/a0e05b973ec4d15c658d51911e53507b","name":"Reda\u00e7\u00e3o","image":{"@type":"ImageObject","inLanguage":"pt-PT","@id":"https:\/\/brasilnoticias.org\/site\/#\/schema\/person\/image\/","url":"https:\/\/secure.gravatar.com\/avatar\/75d8b050df2de108b08ae78dfb8e374892df24a383c67db9c46a9c604f6aee9c?s=96&d=mm&r=g","contentUrl":"https:\/\/secure.gravatar.com\/avatar\/75d8b050df2de108b08ae78dfb8e374892df24a383c67db9c46a9c604f6aee9c?s=96&d=mm&r=g","caption":"Reda\u00e7\u00e3o"},"sameAs":["https:\/\/brasilnoticias.org\/site"],"url":"https:\/\/brasilnoticias.org\/site\/author\/fernandozsngmail-com\/"}]}},"_links":{"self":[{"href":"https:\/\/brasilnoticias.org\/site\/wp-json\/wp\/v2\/posts\/5674","targetHints":{"allow":["GET"]}}],"collection":[{"href":"https:\/\/brasilnoticias.org\/site\/wp-json\/wp\/v2\/posts"}],"about":[{"href":"https:\/\/brasilnoticias.org\/site\/wp-json\/wp\/v2\/types\/post"}],"author":[{"embeddable":true,"href":"https:\/\/brasilnoticias.org\/site\/wp-json\/wp\/v2\/users\/1"}],"replies":[{"embeddable":true,"href":"https:\/\/brasilnoticias.org\/site\/wp-json\/wp\/v2\/comments?post=5674"}],"version-history":[{"count":1,"href":"https:\/\/brasilnoticias.org\/site\/wp-json\/wp\/v2\/posts\/5674\/revisions"}],"predecessor-version":[{"id":5676,"href":"https:\/\/brasilnoticias.org\/site\/wp-json\/wp\/v2\/posts\/5674\/revisions\/5676"}],"wp:featuredmedia":[{"embeddable":true,"href":"https:\/\/brasilnoticias.org\/site\/wp-json\/wp\/v2\/media\/5675"}],"wp:attachment":[{"href":"https:\/\/brasilnoticias.org\/site\/wp-json\/wp\/v2\/media?parent=5674"}],"wp:term":[{"taxonomy":"category","embeddable":true,"href":"https:\/\/brasilnoticias.org\/site\/wp-json\/wp\/v2\/categories?post=5674"},{"taxonomy":"post_tag","embeddable":true,"href":"https:\/\/brasilnoticias.org\/site\/wp-json\/wp\/v2\/tags?post=5674"}],"curies":[{"name":"wp","href":"https:\/\/api.w.org\/{rel}","templated":true}]}}