{"id":5682,"date":"2023-04-26T06:25:54","date_gmt":"2023-04-26T09:25:54","guid":{"rendered":"https:\/\/brasilnoticias.org\/site\/?p=5682"},"modified":"2023-04-26T06:25:54","modified_gmt":"2023-04-26T09:25:54","slug":"casal-e-preso-por-suspeita-de-abandonar-filho-recem-nascido-em-conteiner-de-lixo-veja-video","status":"publish","type":"post","link":"https:\/\/brasilnoticias.org\/site\/casal-e-preso-por-suspeita-de-abandonar-filho-recem-nascido-em-conteiner-de-lixo-veja-video\/","title":{"rendered":"Casal \u00e9 preso por suspeita de abandonar filho rec\u00e9m-nascido em cont\u00eainer de lixo; veja v\u00eddeo"},"content":{"rendered":"<p>Um casal foi preso pela Pol\u00edcia Civil, nesta segunda-feira (24), por suspeita de abandonar o filho rec\u00e9m-nascido em um cont\u00eainer de lixo, em Taguatinga, no Distrito Federal. A crian\u00e7a morreu. Segundo a investiga\u00e7\u00e3o, o corpo foi encontrado por um catador de material recicl\u00e1vel, que acionou a Pol\u00edcia Militar. O beb\u00ea foi encontrado ainda com a placenta. As informa\u00e7\u00f5es s\u00e3o do G1.<\/p>\n<p>De acordo com a pol\u00edcia, as c\u00e2meras de seguran\u00e7a de regi\u00e3o flagraram o momento em que o casal chega em um carro e abandona o beb\u00ea dentro de um saco pl\u00e1stico no cont\u00eainer (assista acima). Ainda de acordo com a pol\u00edcia, o casal apresentou vers\u00f5es &#8220;inconsistentes&#8221;.<\/p>\n<p>Eles afirmaram que desconheciam a gravidez e que, ap\u00f3s a m\u00e3e sentir &#8220;fortes dores&#8221;, teriam ido a um apartamento desocupado para a mulher dar \u00e0 luz. Eles tamb\u00e9m relataram a crian\u00e7a j\u00e1 nasceu sem vida e, por essa raz\u00e3o, decidiram descart\u00e1-lo em uma lixeira. Segundo a Pol\u00edcia Civil, no entanto, a vers\u00e3o \u00e9 falsa e a crian\u00e7a foi morta pelos pais.<\/p>\n<p>A dupla foi autuada pelos crimes de infantic\u00eddio e oculta\u00e7\u00e3o de cad\u00e1ver. O caso \u00e9 investigado pela 12\u00aa Delegacia de Pol\u00edcia, em Taguatinga Centro.<\/p>\n<div style=\"position:relative;padding-bottom:56.25%;height:0;overflow:hidden;\"> <iframe loading=\"lazy\" style=\"width:100%;height:100%;position:absolute;left:0px;top:0px;overflow:hidden\" frameborder=\"0\" type=\"text\/html\" src=\"https:\/\/www.dailymotion.com\/embed\/video\/x8kem5i?autoplay=1\" width=\"100%\" height=\"100%\" allowfullscreen title=\"Dailymotion Video Player\" allow=\"autoplay\"> <\/iframe> <\/div>\n<p>Foto reprodu\u00e7\u00e3o<br \/>\nBNews<\/p>\n","protected":false},"excerpt":{"rendered":"<p>Um casal foi preso pela Pol\u00edcia Civil, nesta segunda-feira (24), por suspeita de abandonar o filho rec\u00e9m-nascido em um cont\u00eainer<\/p>\n","protected":false},"author":1,"featured_media":5683,"comment_status":"open","ping_status":"open","sticky":false,"template":"","format":"standard","meta":{"colormag_page_container_layout":"default_layout","colormag_page_sidebar_layout":"default_layout","_FSMCFIC_featured_image_caption":"","_FSMCFIC_featured_image_nocaption":"","_FSMCFIC_featured_image_hide":"","footnotes":""},"categories":[3,1],"tags":[],"class_list":["post-5682","post","type-post","status-publish","format-standard","has-post-thumbnail","hentry","category-policia","category-ultimas"],"yoast_head":"<!-- This site is optimized with the Yoast SEO plugin v27.1.1 - https:\/\/yoast.com\/product\/yoast-seo-wordpress\/ -->\n<title>Casal \u00e9 preso por suspeita de abandonar filho rec\u00e9m-nascido em cont\u00eainer de lixo; veja v\u00eddeo - Brasil not\u00edcias<\/title>\n<meta name=\"robots\" content=\"index, follow, max-snippet:-1, max-image-preview:large, max-video-preview:-1\" \/>\n<link rel=\"canonical\" href=\"https:\/\/brasilnoticias.org\/site\/casal-e-preso-por-suspeita-de-abandonar-filho-recem-nascido-em-conteiner-de-lixo-veja-video\/\" \/>\n<meta property=\"og:locale\" content=\"pt_PT\" \/>\n<meta property=\"og:type\" content=\"article\" \/>\n<meta property=\"og:title\" content=\"Casal \u00e9 preso por suspeita de abandonar filho rec\u00e9m-nascido em cont\u00eainer de lixo; veja v\u00eddeo - Brasil not\u00edcias\" \/>\n<meta property=\"og:description\" content=\"Um casal foi preso pela Pol\u00edcia Civil, nesta segunda-feira (24), por suspeita de abandonar o filho rec\u00e9m-nascido em um cont\u00eainer\" \/>\n<meta property=\"og:url\" content=\"https:\/\/brasilnoticias.org\/site\/casal-e-preso-por-suspeita-de-abandonar-filho-recem-nascido-em-conteiner-de-lixo-veja-video\/\" \/>\n<meta property=\"og:site_name\" content=\"Brasil not\u00edcias\" \/>\n<meta property=\"article:published_time\" content=\"2023-04-26T09:25:54+00:00\" \/>\n<meta property=\"og:image\" content=\"https:\/\/brasilnoticias.org\/site\/wp-content\/uploads\/2023\/04\/crime_abandono_bebe_df_widelg.jpg\" \/>\n\t<meta property=\"og:image:width\" content=\"800\" \/>\n\t<meta property=\"og:image:height\" content=\"450\" \/>\n\t<meta property=\"og:image:type\" content=\"image\/jpeg\" \/>\n<meta name=\"author\" content=\"Reda\u00e7\u00e3o\" \/>\n<meta name=\"twitter:card\" content=\"summary_large_image\" \/>\n<meta name=\"twitter:label1\" content=\"Escrito por\" \/>\n\t<meta name=\"twitter:data1\" content=\"Reda\u00e7\u00e3o\" \/>\n<script type=\"application\/ld+json\" class=\"yoast-schema-graph\">{\"@context\":\"https:\/\/schema.org\",\"@graph\":[{\"@type\":\"Article\",\"@id\":\"https:\/\/brasilnoticias.org\/site\/casal-e-preso-por-suspeita-de-abandonar-filho-recem-nascido-em-conteiner-de-lixo-veja-video\/#article\",\"isPartOf\":{\"@id\":\"https:\/\/brasilnoticias.org\/site\/casal-e-preso-por-suspeita-de-abandonar-filho-recem-nascido-em-conteiner-de-lixo-veja-video\/\"},\"author\":{\"name\":\"Reda\u00e7\u00e3o\",\"@id\":\"https:\/\/brasilnoticias.org\/site\/#\/schema\/person\/a0e05b973ec4d15c658d51911e53507b\"},\"headline\":\"Casal \u00e9 preso por suspeita de abandonar filho rec\u00e9m-nascido em cont\u00eainer de lixo; veja v\u00eddeo\",\"datePublished\":\"2023-04-26T09:25:54+00:00\",\"mainEntityOfPage\":{\"@id\":\"https:\/\/brasilnoticias.org\/site\/casal-e-preso-por-suspeita-de-abandonar-filho-recem-nascido-em-conteiner-de-lixo-veja-video\/\"},\"wordCount\":238,\"commentCount\":0,\"publisher\":{\"@id\":\"https:\/\/brasilnoticias.org\/site\/#organization\"},\"image\":{\"@id\":\"https:\/\/brasilnoticias.org\/site\/casal-e-preso-por-suspeita-de-abandonar-filho-recem-nascido-em-conteiner-de-lixo-veja-video\/#primaryimage\"},\"thumbnailUrl\":\"https:\/\/brasilnoticias.org\/site\/wp-content\/uploads\/2023\/04\/crime_abandono_bebe_df_widelg.jpg\",\"articleSection\":[\"Pol\u00edcia\",\"\u00daltimas\"],\"inLanguage\":\"pt-PT\",\"potentialAction\":[{\"@type\":\"CommentAction\",\"name\":\"Comment\",\"target\":[\"https:\/\/brasilnoticias.org\/site\/casal-e-preso-por-suspeita-de-abandonar-filho-recem-nascido-em-conteiner-de-lixo-veja-video\/#respond\"]}]},{\"@type\":\"WebPage\",\"@id\":\"https:\/\/brasilnoticias.org\/site\/casal-e-preso-por-suspeita-de-abandonar-filho-recem-nascido-em-conteiner-de-lixo-veja-video\/\",\"url\":\"https:\/\/brasilnoticias.org\/site\/casal-e-preso-por-suspeita-de-abandonar-filho-recem-nascido-em-conteiner-de-lixo-veja-video\/\",\"name\":\"Casal \u00e9 preso por suspeita de abandonar filho rec\u00e9m-nascido em cont\u00eainer de lixo; veja v\u00eddeo - Brasil not\u00edcias\",\"isPartOf\":{\"@id\":\"https:\/\/brasilnoticias.org\/site\/#website\"},\"primaryImageOfPage\":{\"@id\":\"https:\/\/brasilnoticias.org\/site\/casal-e-preso-por-suspeita-de-abandonar-filho-recem-nascido-em-conteiner-de-lixo-veja-video\/#primaryimage\"},\"image\":{\"@id\":\"https:\/\/brasilnoticias.org\/site\/casal-e-preso-por-suspeita-de-abandonar-filho-recem-nascido-em-conteiner-de-lixo-veja-video\/#primaryimage\"},\"thumbnailUrl\":\"https:\/\/brasilnoticias.org\/site\/wp-content\/uploads\/2023\/04\/crime_abandono_bebe_df_widelg.jpg\",\"datePublished\":\"2023-04-26T09:25:54+00:00\",\"breadcrumb\":{\"@id\":\"https:\/\/brasilnoticias.org\/site\/casal-e-preso-por-suspeita-de-abandonar-filho-recem-nascido-em-conteiner-de-lixo-veja-video\/#breadcrumb\"},\"inLanguage\":\"pt-PT\",\"potentialAction\":[{\"@type\":\"ReadAction\",\"target\":[\"https:\/\/brasilnoticias.org\/site\/casal-e-preso-por-suspeita-de-abandonar-filho-recem-nascido-em-conteiner-de-lixo-veja-video\/\"]}]},{\"@type\":\"ImageObject\",\"inLanguage\":\"pt-PT\",\"@id\":\"https:\/\/brasilnoticias.org\/site\/casal-e-preso-por-suspeita-de-abandonar-filho-recem-nascido-em-conteiner-de-lixo-veja-video\/#primaryimage\",\"url\":\"https:\/\/brasilnoticias.org\/site\/wp-content\/uploads\/2023\/04\/crime_abandono_bebe_df_widelg.jpg\",\"contentUrl\":\"https:\/\/brasilnoticias.org\/site\/wp-content\/uploads\/2023\/04\/crime_abandono_bebe_df_widelg.jpg\",\"width\":800,\"height\":450},{\"@type\":\"BreadcrumbList\",\"@id\":\"https:\/\/brasilnoticias.org\/site\/casal-e-preso-por-suspeita-de-abandonar-filho-recem-nascido-em-conteiner-de-lixo-veja-video\/#breadcrumb\",\"itemListElement\":[{\"@type\":\"ListItem\",\"position\":1,\"name\":\"In\u00edcio\",\"item\":\"https:\/\/brasilnoticias.org\/site\/\"},{\"@type\":\"ListItem\",\"position\":2,\"name\":\"Casal \u00e9 preso por suspeita de abandonar filho rec\u00e9m-nascido em cont\u00eainer de lixo; veja v\u00eddeo\"}]},{\"@type\":\"WebSite\",\"@id\":\"https:\/\/brasilnoticias.org\/site\/#website\",\"url\":\"https:\/\/brasilnoticias.org\/site\/\",\"name\":\"Brasil not\u00edcias\",\"description\":\"Brasil not\u00edcias\",\"publisher\":{\"@id\":\"https:\/\/brasilnoticias.org\/site\/#organization\"},\"potentialAction\":[{\"@type\":\"SearchAction\",\"target\":{\"@type\":\"EntryPoint\",\"urlTemplate\":\"https:\/\/brasilnoticias.org\/site\/?s={search_term_string}\"},\"query-input\":{\"@type\":\"PropertyValueSpecification\",\"valueRequired\":true,\"valueName\":\"search_term_string\"}}],\"inLanguage\":\"pt-PT\"},{\"@type\":\"Organization\",\"@id\":\"https:\/\/brasilnoticias.org\/site\/#organization\",\"name\":\"Brasil not\u00edcias\",\"url\":\"https:\/\/brasilnoticias.org\/site\/\",\"logo\":{\"@type\":\"ImageObject\",\"inLanguage\":\"pt-PT\",\"@id\":\"https:\/\/brasilnoticias.org\/site\/#\/schema\/logo\/image\/\",\"url\":\"https:\/\/brasilnoticias.org\/site\/wp-content\/uploads\/2022\/05\/cropped-brasilnoticias-mini.jpg\",\"contentUrl\":\"https:\/\/brasilnoticias.org\/site\/wp-content\/uploads\/2022\/05\/cropped-brasilnoticias-mini.jpg\",\"width\":314,\"height\":86,\"caption\":\"Brasil not\u00edcias\"},\"image\":{\"@id\":\"https:\/\/brasilnoticias.org\/site\/#\/schema\/logo\/image\/\"}},{\"@type\":\"Person\",\"@id\":\"https:\/\/brasilnoticias.org\/site\/#\/schema\/person\/a0e05b973ec4d15c658d51911e53507b\",\"name\":\"Reda\u00e7\u00e3o\",\"image\":{\"@type\":\"ImageObject\",\"inLanguage\":\"pt-PT\",\"@id\":\"https:\/\/brasilnoticias.org\/site\/#\/schema\/person\/image\/\",\"url\":\"https:\/\/secure.gravatar.com\/avatar\/75d8b050df2de108b08ae78dfb8e374892df24a383c67db9c46a9c604f6aee9c?s=96&d=mm&r=g\",\"contentUrl\":\"https:\/\/secure.gravatar.com\/avatar\/75d8b050df2de108b08ae78dfb8e374892df24a383c67db9c46a9c604f6aee9c?s=96&d=mm&r=g\",\"caption\":\"Reda\u00e7\u00e3o\"},\"sameAs\":[\"https:\/\/brasilnoticias.org\/site\"],\"url\":\"https:\/\/brasilnoticias.org\/site\/author\/fernandozsngmail-com\/\"}]}<\/script>\n<!-- \/ Yoast SEO plugin. -->","yoast_head_json":{"title":"Casal \u00e9 preso por suspeita de abandonar filho rec\u00e9m-nascido em cont\u00eainer de lixo; veja v\u00eddeo - Brasil not\u00edcias","robots":{"index":"index","follow":"follow","max-snippet":"max-snippet:-1","max-image-preview":"max-image-preview:large","max-video-preview":"max-video-preview:-1"},"canonical":"https:\/\/brasilnoticias.org\/site\/casal-e-preso-por-suspeita-de-abandonar-filho-recem-nascido-em-conteiner-de-lixo-veja-video\/","og_locale":"pt_PT","og_type":"article","og_title":"Casal \u00e9 preso por suspeita de abandonar filho rec\u00e9m-nascido em cont\u00eainer de lixo; veja v\u00eddeo - Brasil not\u00edcias","og_description":"Um casal foi preso pela Pol\u00edcia Civil, nesta segunda-feira (24), por suspeita de abandonar o filho rec\u00e9m-nascido em um cont\u00eainer","og_url":"https:\/\/brasilnoticias.org\/site\/casal-e-preso-por-suspeita-de-abandonar-filho-recem-nascido-em-conteiner-de-lixo-veja-video\/","og_site_name":"Brasil not\u00edcias","article_published_time":"2023-04-26T09:25:54+00:00","og_image":[{"width":800,"height":450,"url":"https:\/\/brasilnoticias.org\/site\/wp-content\/uploads\/2023\/04\/crime_abandono_bebe_df_widelg.jpg","type":"image\/jpeg"}],"author":"Reda\u00e7\u00e3o","twitter_card":"summary_large_image","twitter_misc":{"Escrito por":"Reda\u00e7\u00e3o"},"schema":{"@context":"https:\/\/schema.org","@graph":[{"@type":"Article","@id":"https:\/\/brasilnoticias.org\/site\/casal-e-preso-por-suspeita-de-abandonar-filho-recem-nascido-em-conteiner-de-lixo-veja-video\/#article","isPartOf":{"@id":"https:\/\/brasilnoticias.org\/site\/casal-e-preso-por-suspeita-de-abandonar-filho-recem-nascido-em-conteiner-de-lixo-veja-video\/"},"author":{"name":"Reda\u00e7\u00e3o","@id":"https:\/\/brasilnoticias.org\/site\/#\/schema\/person\/a0e05b973ec4d15c658d51911e53507b"},"headline":"Casal \u00e9 preso por suspeita de abandonar filho rec\u00e9m-nascido em cont\u00eainer de lixo; veja v\u00eddeo","datePublished":"2023-04-26T09:25:54+00:00","mainEntityOfPage":{"@id":"https:\/\/brasilnoticias.org\/site\/casal-e-preso-por-suspeita-de-abandonar-filho-recem-nascido-em-conteiner-de-lixo-veja-video\/"},"wordCount":238,"commentCount":0,"publisher":{"@id":"https:\/\/brasilnoticias.org\/site\/#organization"},"image":{"@id":"https:\/\/brasilnoticias.org\/site\/casal-e-preso-por-suspeita-de-abandonar-filho-recem-nascido-em-conteiner-de-lixo-veja-video\/#primaryimage"},"thumbnailUrl":"https:\/\/brasilnoticias.org\/site\/wp-content\/uploads\/2023\/04\/crime_abandono_bebe_df_widelg.jpg","articleSection":["Pol\u00edcia","\u00daltimas"],"inLanguage":"pt-PT","potentialAction":[{"@type":"CommentAction","name":"Comment","target":["https:\/\/brasilnoticias.org\/site\/casal-e-preso-por-suspeita-de-abandonar-filho-recem-nascido-em-conteiner-de-lixo-veja-video\/#respond"]}]},{"@type":"WebPage","@id":"https:\/\/brasilnoticias.org\/site\/casal-e-preso-por-suspeita-de-abandonar-filho-recem-nascido-em-conteiner-de-lixo-veja-video\/","url":"https:\/\/brasilnoticias.org\/site\/casal-e-preso-por-suspeita-de-abandonar-filho-recem-nascido-em-conteiner-de-lixo-veja-video\/","name":"Casal \u00e9 preso por suspeita de abandonar filho rec\u00e9m-nascido em cont\u00eainer de lixo; veja v\u00eddeo - Brasil not\u00edcias","isPartOf":{"@id":"https:\/\/brasilnoticias.org\/site\/#website"},"primaryImageOfPage":{"@id":"https:\/\/brasilnoticias.org\/site\/casal-e-preso-por-suspeita-de-abandonar-filho-recem-nascido-em-conteiner-de-lixo-veja-video\/#primaryimage"},"image":{"@id":"https:\/\/brasilnoticias.org\/site\/casal-e-preso-por-suspeita-de-abandonar-filho-recem-nascido-em-conteiner-de-lixo-veja-video\/#primaryimage"},"thumbnailUrl":"https:\/\/brasilnoticias.org\/site\/wp-content\/uploads\/2023\/04\/crime_abandono_bebe_df_widelg.jpg","datePublished":"2023-04-26T09:25:54+00:00","breadcrumb":{"@id":"https:\/\/brasilnoticias.org\/site\/casal-e-preso-por-suspeita-de-abandonar-filho-recem-nascido-em-conteiner-de-lixo-veja-video\/#breadcrumb"},"inLanguage":"pt-PT","potentialAction":[{"@type":"ReadAction","target":["https:\/\/brasilnoticias.org\/site\/casal-e-preso-por-suspeita-de-abandonar-filho-recem-nascido-em-conteiner-de-lixo-veja-video\/"]}]},{"@type":"ImageObject","inLanguage":"pt-PT","@id":"https:\/\/brasilnoticias.org\/site\/casal-e-preso-por-suspeita-de-abandonar-filho-recem-nascido-em-conteiner-de-lixo-veja-video\/#primaryimage","url":"https:\/\/brasilnoticias.org\/site\/wp-content\/uploads\/2023\/04\/crime_abandono_bebe_df_widelg.jpg","contentUrl":"https:\/\/brasilnoticias.org\/site\/wp-content\/uploads\/2023\/04\/crime_abandono_bebe_df_widelg.jpg","width":800,"height":450},{"@type":"BreadcrumbList","@id":"https:\/\/brasilnoticias.org\/site\/casal-e-preso-por-suspeita-de-abandonar-filho-recem-nascido-em-conteiner-de-lixo-veja-video\/#breadcrumb","itemListElement":[{"@type":"ListItem","position":1,"name":"In\u00edcio","item":"https:\/\/brasilnoticias.org\/site\/"},{"@type":"ListItem","position":2,"name":"Casal \u00e9 preso por suspeita de abandonar filho rec\u00e9m-nascido em cont\u00eainer de lixo; veja v\u00eddeo"}]},{"@type":"WebSite","@id":"https:\/\/brasilnoticias.org\/site\/#website","url":"https:\/\/brasilnoticias.org\/site\/","name":"Brasil not\u00edcias","description":"Brasil not\u00edcias","publisher":{"@id":"https:\/\/brasilnoticias.org\/site\/#organization"},"potentialAction":[{"@type":"SearchAction","target":{"@type":"EntryPoint","urlTemplate":"https:\/\/brasilnoticias.org\/site\/?s={search_term_string}"},"query-input":{"@type":"PropertyValueSpecification","valueRequired":true,"valueName":"search_term_string"}}],"inLanguage":"pt-PT"},{"@type":"Organization","@id":"https:\/\/brasilnoticias.org\/site\/#organization","name":"Brasil not\u00edcias","url":"https:\/\/brasilnoticias.org\/site\/","logo":{"@type":"ImageObject","inLanguage":"pt-PT","@id":"https:\/\/brasilnoticias.org\/site\/#\/schema\/logo\/image\/","url":"https:\/\/brasilnoticias.org\/site\/wp-content\/uploads\/2022\/05\/cropped-brasilnoticias-mini.jpg","contentUrl":"https:\/\/brasilnoticias.org\/site\/wp-content\/uploads\/2022\/05\/cropped-brasilnoticias-mini.jpg","width":314,"height":86,"caption":"Brasil not\u00edcias"},"image":{"@id":"https:\/\/brasilnoticias.org\/site\/#\/schema\/logo\/image\/"}},{"@type":"Person","@id":"https:\/\/brasilnoticias.org\/site\/#\/schema\/person\/a0e05b973ec4d15c658d51911e53507b","name":"Reda\u00e7\u00e3o","image":{"@type":"ImageObject","inLanguage":"pt-PT","@id":"https:\/\/brasilnoticias.org\/site\/#\/schema\/person\/image\/","url":"https:\/\/secure.gravatar.com\/avatar\/75d8b050df2de108b08ae78dfb8e374892df24a383c67db9c46a9c604f6aee9c?s=96&d=mm&r=g","contentUrl":"https:\/\/secure.gravatar.com\/avatar\/75d8b050df2de108b08ae78dfb8e374892df24a383c67db9c46a9c604f6aee9c?s=96&d=mm&r=g","caption":"Reda\u00e7\u00e3o"},"sameAs":["https:\/\/brasilnoticias.org\/site"],"url":"https:\/\/brasilnoticias.org\/site\/author\/fernandozsngmail-com\/"}]}},"_links":{"self":[{"href":"https:\/\/brasilnoticias.org\/site\/wp-json\/wp\/v2\/posts\/5682","targetHints":{"allow":["GET"]}}],"collection":[{"href":"https:\/\/brasilnoticias.org\/site\/wp-json\/wp\/v2\/posts"}],"about":[{"href":"https:\/\/brasilnoticias.org\/site\/wp-json\/wp\/v2\/types\/post"}],"author":[{"embeddable":true,"href":"https:\/\/brasilnoticias.org\/site\/wp-json\/wp\/v2\/users\/1"}],"replies":[{"embeddable":true,"href":"https:\/\/brasilnoticias.org\/site\/wp-json\/wp\/v2\/comments?post=5682"}],"version-history":[{"count":1,"href":"https:\/\/brasilnoticias.org\/site\/wp-json\/wp\/v2\/posts\/5682\/revisions"}],"predecessor-version":[{"id":5684,"href":"https:\/\/brasilnoticias.org\/site\/wp-json\/wp\/v2\/posts\/5682\/revisions\/5684"}],"wp:featuredmedia":[{"embeddable":true,"href":"https:\/\/brasilnoticias.org\/site\/wp-json\/wp\/v2\/media\/5683"}],"wp:attachment":[{"href":"https:\/\/brasilnoticias.org\/site\/wp-json\/wp\/v2\/media?parent=5682"}],"wp:term":[{"taxonomy":"category","embeddable":true,"href":"https:\/\/brasilnoticias.org\/site\/wp-json\/wp\/v2\/categories?post=5682"},{"taxonomy":"post_tag","embeddable":true,"href":"https:\/\/brasilnoticias.org\/site\/wp-json\/wp\/v2\/tags?post=5682"}],"curies":[{"name":"wp","href":"https:\/\/api.w.org\/{rel}","templated":true}]}}