{"id":5688,"date":"2023-04-26T06:34:25","date_gmt":"2023-04-26T09:34:25","guid":{"rendered":"https:\/\/brasilnoticias.org\/site\/?p=5688"},"modified":"2023-04-26T06:36:49","modified_gmt":"2023-04-26T09:36:49","slug":"uma-mulher-foi-flagrada-conduzindo-um-carro-roubado","status":"publish","type":"post","link":"https:\/\/brasilnoticias.org\/site\/uma-mulher-foi-flagrada-conduzindo-um-carro-roubado\/","title":{"rendered":"Uma mulher foi flagrada conduzindo um carro roubado"},"content":{"rendered":"<p>Uma mulher foi presa ap\u00f3s ser flagrada com sete pistolas presas ao corpo, escondidas embaixo da roupa, na Rodovi\u00e1ria de Niter\u00f3i, no munic\u00edpio da Regi\u00e3o Metropolitana do Rio de Janeiro. O caso aconteceu na madrugada desta ter\u00e7a-feira (25). As informa\u00e7\u00f5es s\u00e3o do jornal Extra.<\/p>\n<p>Com ela, agentes encontraram ainda um kit-rajada e 14 carregadores alongados. O armamento, segundo investiga\u00e7\u00e3o, tinha como destino uma comunidade em S\u00e3o Gon\u00e7alo, munic\u00edpio vizinho.<\/p>\n<p>A mulher, identificada como Cristiane Dias, chegou \u00e0 cidade de Niter\u00f3i, vinda do Paran\u00e1. Ao ser presa, ela mostrou aos agentes como o armamento estava escondido, preso ao corpo, com uma esp\u00e9cie de fita colorida, e embaixo das roupas, um vestido longo.<\/p>\n<p>De acordo com o delegado da 31\u00aa DP, Andr\u00e9s Prates, a pris\u00e3o aconteceu gra\u00e7as a um trabalho de investiga\u00e7\u00e3o.<\/p>\n<p>&#8220;Recebemos informa\u00e7\u00f5es de intelig\u00eancia policial de que uma investigada sairia do estado do Paran\u00e1 e entregaria armas de fogo para uma fac\u00e7\u00e3o criminosa que atua no Complexo do Salgueiro, na regi\u00e3o de S\u00e3o Gon\u00e7alo. Ap\u00f3s intenso levantamento de dados e cruzamento de intelig\u00eancia policial, identificamos que a investigada iria desembarcar na rodovi\u00e1ria localizada no centro de Niter\u00f3i&#8221;, afirmou.<\/p>\n<p>Ela foi presa em flagrante por tr\u00e1fico de armas e est\u00e1 a disposi\u00e7\u00e3o da Justi\u00e7a. Segundo o delegado, as investiga\u00e7\u00f5es continuam para identificar os respons\u00e1veis por fazer a remessa do armamento e quem o receberia na comunidade.<\/p>\n<p>Foto Divulga\u00e7\u00e3o\/Pol\u00edcia Civil<br \/>\nBNEWs<\/p>\n","protected":false},"excerpt":{"rendered":"<p>Uma mulher foi presa ap\u00f3s ser flagrada com sete pistolas presas ao corpo, escondidas embaixo da roupa, na Rodovi\u00e1ria de<\/p>\n","protected":false},"author":1,"featured_media":5689,"comment_status":"open","ping_status":"open","sticky":false,"template":"","format":"standard","meta":{"colormag_page_container_layout":"default_layout","colormag_page_sidebar_layout":"default_layout","_FSMCFIC_featured_image_caption":"","_FSMCFIC_featured_image_nocaption":"","_FSMCFIC_featured_image_hide":"","footnotes":""},"categories":[2,1],"tags":[],"class_list":["post-5688","post","type-post","status-publish","format-standard","has-post-thumbnail","hentry","category-noticias","category-ultimas"],"yoast_head":"<!-- This site is optimized with the Yoast SEO plugin v27.1.1 - https:\/\/yoast.com\/product\/yoast-seo-wordpress\/ -->\n<title>Uma mulher foi flagrada conduzindo um carro roubado - Brasil not\u00edcias<\/title>\n<meta name=\"robots\" content=\"index, follow, max-snippet:-1, max-image-preview:large, max-video-preview:-1\" \/>\n<link rel=\"canonical\" href=\"https:\/\/brasilnoticias.org\/site\/uma-mulher-foi-flagrada-conduzindo-um-carro-roubado\/\" \/>\n<meta property=\"og:locale\" content=\"pt_PT\" \/>\n<meta property=\"og:type\" content=\"article\" \/>\n<meta property=\"og:title\" content=\"Uma mulher foi flagrada conduzindo um carro roubado - Brasil not\u00edcias\" \/>\n<meta property=\"og:description\" content=\"Uma mulher foi presa ap\u00f3s ser flagrada com sete pistolas presas ao corpo, escondidas embaixo da roupa, na Rodovi\u00e1ria de\" \/>\n<meta property=\"og:url\" content=\"https:\/\/brasilnoticias.org\/site\/uma-mulher-foi-flagrada-conduzindo-um-carro-roubado\/\" \/>\n<meta property=\"og:site_name\" content=\"Brasil not\u00edcias\" \/>\n<meta property=\"article:published_time\" content=\"2023-04-26T09:34:25+00:00\" \/>\n<meta property=\"article:modified_time\" content=\"2023-04-26T09:36:49+00:00\" \/>\n<meta property=\"og:image\" content=\"https:\/\/brasilnoticias.org\/site\/wp-content\/uploads\/2023\/04\/whatsapp_image_2023-04-25_at_12.18.45_Qgxf3rb_widelg.jpeg\" \/>\n\t<meta property=\"og:image:width\" content=\"800\" \/>\n\t<meta property=\"og:image:height\" content=\"450\" \/>\n\t<meta property=\"og:image:type\" content=\"image\/jpeg\" \/>\n<meta name=\"author\" content=\"Reda\u00e7\u00e3o\" \/>\n<meta name=\"twitter:card\" content=\"summary_large_image\" \/>\n<meta name=\"twitter:label1\" content=\"Escrito por\" \/>\n\t<meta name=\"twitter:data1\" content=\"Reda\u00e7\u00e3o\" \/>\n\t<meta name=\"twitter:label2\" content=\"Tempo estimado de leitura\" \/>\n\t<meta name=\"twitter:data2\" content=\"2 minutos\" \/>\n<script type=\"application\/ld+json\" class=\"yoast-schema-graph\">{\"@context\":\"https:\/\/schema.org\",\"@graph\":[{\"@type\":\"Article\",\"@id\":\"https:\/\/brasilnoticias.org\/site\/uma-mulher-foi-flagrada-conduzindo-um-carro-roubado\/#article\",\"isPartOf\":{\"@id\":\"https:\/\/brasilnoticias.org\/site\/uma-mulher-foi-flagrada-conduzindo-um-carro-roubado\/\"},\"author\":{\"name\":\"Reda\u00e7\u00e3o\",\"@id\":\"https:\/\/brasilnoticias.org\/site\/#\/schema\/person\/a0e05b973ec4d15c658d51911e53507b\"},\"headline\":\"Uma mulher foi flagrada conduzindo um carro roubado\",\"datePublished\":\"2023-04-26T09:34:25+00:00\",\"dateModified\":\"2023-04-26T09:36:49+00:00\",\"mainEntityOfPage\":{\"@id\":\"https:\/\/brasilnoticias.org\/site\/uma-mulher-foi-flagrada-conduzindo-um-carro-roubado\/\"},\"wordCount\":269,\"commentCount\":0,\"publisher\":{\"@id\":\"https:\/\/brasilnoticias.org\/site\/#organization\"},\"image\":{\"@id\":\"https:\/\/brasilnoticias.org\/site\/uma-mulher-foi-flagrada-conduzindo-um-carro-roubado\/#primaryimage\"},\"thumbnailUrl\":\"https:\/\/brasilnoticias.org\/site\/wp-content\/uploads\/2023\/04\/whatsapp_image_2023-04-25_at_12.18.45_Qgxf3rb_widelg.jpeg\",\"articleSection\":[\"Not\u00edcias\",\"\u00daltimas\"],\"inLanguage\":\"pt-PT\",\"potentialAction\":[{\"@type\":\"CommentAction\",\"name\":\"Comment\",\"target\":[\"https:\/\/brasilnoticias.org\/site\/uma-mulher-foi-flagrada-conduzindo-um-carro-roubado\/#respond\"]}]},{\"@type\":\"WebPage\",\"@id\":\"https:\/\/brasilnoticias.org\/site\/uma-mulher-foi-flagrada-conduzindo-um-carro-roubado\/\",\"url\":\"https:\/\/brasilnoticias.org\/site\/uma-mulher-foi-flagrada-conduzindo-um-carro-roubado\/\",\"name\":\"Uma mulher foi flagrada conduzindo um carro roubado - Brasil not\u00edcias\",\"isPartOf\":{\"@id\":\"https:\/\/brasilnoticias.org\/site\/#website\"},\"primaryImageOfPage\":{\"@id\":\"https:\/\/brasilnoticias.org\/site\/uma-mulher-foi-flagrada-conduzindo-um-carro-roubado\/#primaryimage\"},\"image\":{\"@id\":\"https:\/\/brasilnoticias.org\/site\/uma-mulher-foi-flagrada-conduzindo-um-carro-roubado\/#primaryimage\"},\"thumbnailUrl\":\"https:\/\/brasilnoticias.org\/site\/wp-content\/uploads\/2023\/04\/whatsapp_image_2023-04-25_at_12.18.45_Qgxf3rb_widelg.jpeg\",\"datePublished\":\"2023-04-26T09:34:25+00:00\",\"dateModified\":\"2023-04-26T09:36:49+00:00\",\"breadcrumb\":{\"@id\":\"https:\/\/brasilnoticias.org\/site\/uma-mulher-foi-flagrada-conduzindo-um-carro-roubado\/#breadcrumb\"},\"inLanguage\":\"pt-PT\",\"potentialAction\":[{\"@type\":\"ReadAction\",\"target\":[\"https:\/\/brasilnoticias.org\/site\/uma-mulher-foi-flagrada-conduzindo-um-carro-roubado\/\"]}]},{\"@type\":\"ImageObject\",\"inLanguage\":\"pt-PT\",\"@id\":\"https:\/\/brasilnoticias.org\/site\/uma-mulher-foi-flagrada-conduzindo-um-carro-roubado\/#primaryimage\",\"url\":\"https:\/\/brasilnoticias.org\/site\/wp-content\/uploads\/2023\/04\/whatsapp_image_2023-04-25_at_12.18.45_Qgxf3rb_widelg.jpeg\",\"contentUrl\":\"https:\/\/brasilnoticias.org\/site\/wp-content\/uploads\/2023\/04\/whatsapp_image_2023-04-25_at_12.18.45_Qgxf3rb_widelg.jpeg\",\"width\":800,\"height\":450},{\"@type\":\"BreadcrumbList\",\"@id\":\"https:\/\/brasilnoticias.org\/site\/uma-mulher-foi-flagrada-conduzindo-um-carro-roubado\/#breadcrumb\",\"itemListElement\":[{\"@type\":\"ListItem\",\"position\":1,\"name\":\"In\u00edcio\",\"item\":\"https:\/\/brasilnoticias.org\/site\/\"},{\"@type\":\"ListItem\",\"position\":2,\"name\":\"Uma mulher foi flagrada conduzindo um carro roubado\"}]},{\"@type\":\"WebSite\",\"@id\":\"https:\/\/brasilnoticias.org\/site\/#website\",\"url\":\"https:\/\/brasilnoticias.org\/site\/\",\"name\":\"Brasil not\u00edcias\",\"description\":\"Brasil not\u00edcias\",\"publisher\":{\"@id\":\"https:\/\/brasilnoticias.org\/site\/#organization\"},\"potentialAction\":[{\"@type\":\"SearchAction\",\"target\":{\"@type\":\"EntryPoint\",\"urlTemplate\":\"https:\/\/brasilnoticias.org\/site\/?s={search_term_string}\"},\"query-input\":{\"@type\":\"PropertyValueSpecification\",\"valueRequired\":true,\"valueName\":\"search_term_string\"}}],\"inLanguage\":\"pt-PT\"},{\"@type\":\"Organization\",\"@id\":\"https:\/\/brasilnoticias.org\/site\/#organization\",\"name\":\"Brasil not\u00edcias\",\"url\":\"https:\/\/brasilnoticias.org\/site\/\",\"logo\":{\"@type\":\"ImageObject\",\"inLanguage\":\"pt-PT\",\"@id\":\"https:\/\/brasilnoticias.org\/site\/#\/schema\/logo\/image\/\",\"url\":\"https:\/\/brasilnoticias.org\/site\/wp-content\/uploads\/2022\/05\/cropped-brasilnoticias-mini.jpg\",\"contentUrl\":\"https:\/\/brasilnoticias.org\/site\/wp-content\/uploads\/2022\/05\/cropped-brasilnoticias-mini.jpg\",\"width\":314,\"height\":86,\"caption\":\"Brasil not\u00edcias\"},\"image\":{\"@id\":\"https:\/\/brasilnoticias.org\/site\/#\/schema\/logo\/image\/\"}},{\"@type\":\"Person\",\"@id\":\"https:\/\/brasilnoticias.org\/site\/#\/schema\/person\/a0e05b973ec4d15c658d51911e53507b\",\"name\":\"Reda\u00e7\u00e3o\",\"image\":{\"@type\":\"ImageObject\",\"inLanguage\":\"pt-PT\",\"@id\":\"https:\/\/brasilnoticias.org\/site\/#\/schema\/person\/image\/\",\"url\":\"https:\/\/secure.gravatar.com\/avatar\/75d8b050df2de108b08ae78dfb8e374892df24a383c67db9c46a9c604f6aee9c?s=96&d=mm&r=g\",\"contentUrl\":\"https:\/\/secure.gravatar.com\/avatar\/75d8b050df2de108b08ae78dfb8e374892df24a383c67db9c46a9c604f6aee9c?s=96&d=mm&r=g\",\"caption\":\"Reda\u00e7\u00e3o\"},\"sameAs\":[\"https:\/\/brasilnoticias.org\/site\"],\"url\":\"https:\/\/brasilnoticias.org\/site\/author\/fernandozsngmail-com\/\"}]}<\/script>\n<!-- \/ Yoast SEO plugin. -->","yoast_head_json":{"title":"Uma mulher foi flagrada conduzindo um carro roubado - Brasil not\u00edcias","robots":{"index":"index","follow":"follow","max-snippet":"max-snippet:-1","max-image-preview":"max-image-preview:large","max-video-preview":"max-video-preview:-1"},"canonical":"https:\/\/brasilnoticias.org\/site\/uma-mulher-foi-flagrada-conduzindo-um-carro-roubado\/","og_locale":"pt_PT","og_type":"article","og_title":"Uma mulher foi flagrada conduzindo um carro roubado - Brasil not\u00edcias","og_description":"Uma mulher foi presa ap\u00f3s ser flagrada com sete pistolas presas ao corpo, escondidas embaixo da roupa, na Rodovi\u00e1ria de","og_url":"https:\/\/brasilnoticias.org\/site\/uma-mulher-foi-flagrada-conduzindo-um-carro-roubado\/","og_site_name":"Brasil not\u00edcias","article_published_time":"2023-04-26T09:34:25+00:00","article_modified_time":"2023-04-26T09:36:49+00:00","og_image":[{"width":800,"height":450,"url":"https:\/\/brasilnoticias.org\/site\/wp-content\/uploads\/2023\/04\/whatsapp_image_2023-04-25_at_12.18.45_Qgxf3rb_widelg.jpeg","type":"image\/jpeg"}],"author":"Reda\u00e7\u00e3o","twitter_card":"summary_large_image","twitter_misc":{"Escrito por":"Reda\u00e7\u00e3o","Tempo estimado de leitura":"2 minutos"},"schema":{"@context":"https:\/\/schema.org","@graph":[{"@type":"Article","@id":"https:\/\/brasilnoticias.org\/site\/uma-mulher-foi-flagrada-conduzindo-um-carro-roubado\/#article","isPartOf":{"@id":"https:\/\/brasilnoticias.org\/site\/uma-mulher-foi-flagrada-conduzindo-um-carro-roubado\/"},"author":{"name":"Reda\u00e7\u00e3o","@id":"https:\/\/brasilnoticias.org\/site\/#\/schema\/person\/a0e05b973ec4d15c658d51911e53507b"},"headline":"Uma mulher foi flagrada conduzindo um carro roubado","datePublished":"2023-04-26T09:34:25+00:00","dateModified":"2023-04-26T09:36:49+00:00","mainEntityOfPage":{"@id":"https:\/\/brasilnoticias.org\/site\/uma-mulher-foi-flagrada-conduzindo-um-carro-roubado\/"},"wordCount":269,"commentCount":0,"publisher":{"@id":"https:\/\/brasilnoticias.org\/site\/#organization"},"image":{"@id":"https:\/\/brasilnoticias.org\/site\/uma-mulher-foi-flagrada-conduzindo-um-carro-roubado\/#primaryimage"},"thumbnailUrl":"https:\/\/brasilnoticias.org\/site\/wp-content\/uploads\/2023\/04\/whatsapp_image_2023-04-25_at_12.18.45_Qgxf3rb_widelg.jpeg","articleSection":["Not\u00edcias","\u00daltimas"],"inLanguage":"pt-PT","potentialAction":[{"@type":"CommentAction","name":"Comment","target":["https:\/\/brasilnoticias.org\/site\/uma-mulher-foi-flagrada-conduzindo-um-carro-roubado\/#respond"]}]},{"@type":"WebPage","@id":"https:\/\/brasilnoticias.org\/site\/uma-mulher-foi-flagrada-conduzindo-um-carro-roubado\/","url":"https:\/\/brasilnoticias.org\/site\/uma-mulher-foi-flagrada-conduzindo-um-carro-roubado\/","name":"Uma mulher foi flagrada conduzindo um carro roubado - Brasil not\u00edcias","isPartOf":{"@id":"https:\/\/brasilnoticias.org\/site\/#website"},"primaryImageOfPage":{"@id":"https:\/\/brasilnoticias.org\/site\/uma-mulher-foi-flagrada-conduzindo-um-carro-roubado\/#primaryimage"},"image":{"@id":"https:\/\/brasilnoticias.org\/site\/uma-mulher-foi-flagrada-conduzindo-um-carro-roubado\/#primaryimage"},"thumbnailUrl":"https:\/\/brasilnoticias.org\/site\/wp-content\/uploads\/2023\/04\/whatsapp_image_2023-04-25_at_12.18.45_Qgxf3rb_widelg.jpeg","datePublished":"2023-04-26T09:34:25+00:00","dateModified":"2023-04-26T09:36:49+00:00","breadcrumb":{"@id":"https:\/\/brasilnoticias.org\/site\/uma-mulher-foi-flagrada-conduzindo-um-carro-roubado\/#breadcrumb"},"inLanguage":"pt-PT","potentialAction":[{"@type":"ReadAction","target":["https:\/\/brasilnoticias.org\/site\/uma-mulher-foi-flagrada-conduzindo-um-carro-roubado\/"]}]},{"@type":"ImageObject","inLanguage":"pt-PT","@id":"https:\/\/brasilnoticias.org\/site\/uma-mulher-foi-flagrada-conduzindo-um-carro-roubado\/#primaryimage","url":"https:\/\/brasilnoticias.org\/site\/wp-content\/uploads\/2023\/04\/whatsapp_image_2023-04-25_at_12.18.45_Qgxf3rb_widelg.jpeg","contentUrl":"https:\/\/brasilnoticias.org\/site\/wp-content\/uploads\/2023\/04\/whatsapp_image_2023-04-25_at_12.18.45_Qgxf3rb_widelg.jpeg","width":800,"height":450},{"@type":"BreadcrumbList","@id":"https:\/\/brasilnoticias.org\/site\/uma-mulher-foi-flagrada-conduzindo-um-carro-roubado\/#breadcrumb","itemListElement":[{"@type":"ListItem","position":1,"name":"In\u00edcio","item":"https:\/\/brasilnoticias.org\/site\/"},{"@type":"ListItem","position":2,"name":"Uma mulher foi flagrada conduzindo um carro roubado"}]},{"@type":"WebSite","@id":"https:\/\/brasilnoticias.org\/site\/#website","url":"https:\/\/brasilnoticias.org\/site\/","name":"Brasil not\u00edcias","description":"Brasil not\u00edcias","publisher":{"@id":"https:\/\/brasilnoticias.org\/site\/#organization"},"potentialAction":[{"@type":"SearchAction","target":{"@type":"EntryPoint","urlTemplate":"https:\/\/brasilnoticias.org\/site\/?s={search_term_string}"},"query-input":{"@type":"PropertyValueSpecification","valueRequired":true,"valueName":"search_term_string"}}],"inLanguage":"pt-PT"},{"@type":"Organization","@id":"https:\/\/brasilnoticias.org\/site\/#organization","name":"Brasil not\u00edcias","url":"https:\/\/brasilnoticias.org\/site\/","logo":{"@type":"ImageObject","inLanguage":"pt-PT","@id":"https:\/\/brasilnoticias.org\/site\/#\/schema\/logo\/image\/","url":"https:\/\/brasilnoticias.org\/site\/wp-content\/uploads\/2022\/05\/cropped-brasilnoticias-mini.jpg","contentUrl":"https:\/\/brasilnoticias.org\/site\/wp-content\/uploads\/2022\/05\/cropped-brasilnoticias-mini.jpg","width":314,"height":86,"caption":"Brasil not\u00edcias"},"image":{"@id":"https:\/\/brasilnoticias.org\/site\/#\/schema\/logo\/image\/"}},{"@type":"Person","@id":"https:\/\/brasilnoticias.org\/site\/#\/schema\/person\/a0e05b973ec4d15c658d51911e53507b","name":"Reda\u00e7\u00e3o","image":{"@type":"ImageObject","inLanguage":"pt-PT","@id":"https:\/\/brasilnoticias.org\/site\/#\/schema\/person\/image\/","url":"https:\/\/secure.gravatar.com\/avatar\/75d8b050df2de108b08ae78dfb8e374892df24a383c67db9c46a9c604f6aee9c?s=96&d=mm&r=g","contentUrl":"https:\/\/secure.gravatar.com\/avatar\/75d8b050df2de108b08ae78dfb8e374892df24a383c67db9c46a9c604f6aee9c?s=96&d=mm&r=g","caption":"Reda\u00e7\u00e3o"},"sameAs":["https:\/\/brasilnoticias.org\/site"],"url":"https:\/\/brasilnoticias.org\/site\/author\/fernandozsngmail-com\/"}]}},"_links":{"self":[{"href":"https:\/\/brasilnoticias.org\/site\/wp-json\/wp\/v2\/posts\/5688","targetHints":{"allow":["GET"]}}],"collection":[{"href":"https:\/\/brasilnoticias.org\/site\/wp-json\/wp\/v2\/posts"}],"about":[{"href":"https:\/\/brasilnoticias.org\/site\/wp-json\/wp\/v2\/types\/post"}],"author":[{"embeddable":true,"href":"https:\/\/brasilnoticias.org\/site\/wp-json\/wp\/v2\/users\/1"}],"replies":[{"embeddable":true,"href":"https:\/\/brasilnoticias.org\/site\/wp-json\/wp\/v2\/comments?post=5688"}],"version-history":[{"count":2,"href":"https:\/\/brasilnoticias.org\/site\/wp-json\/wp\/v2\/posts\/5688\/revisions"}],"predecessor-version":[{"id":5694,"href":"https:\/\/brasilnoticias.org\/site\/wp-json\/wp\/v2\/posts\/5688\/revisions\/5694"}],"wp:featuredmedia":[{"embeddable":true,"href":"https:\/\/brasilnoticias.org\/site\/wp-json\/wp\/v2\/media\/5689"}],"wp:attachment":[{"href":"https:\/\/brasilnoticias.org\/site\/wp-json\/wp\/v2\/media?parent=5688"}],"wp:term":[{"taxonomy":"category","embeddable":true,"href":"https:\/\/brasilnoticias.org\/site\/wp-json\/wp\/v2\/categories?post=5688"},{"taxonomy":"post_tag","embeddable":true,"href":"https:\/\/brasilnoticias.org\/site\/wp-json\/wp\/v2\/tags?post=5688"}],"curies":[{"name":"wp","href":"https:\/\/api.w.org\/{rel}","templated":true}]}}