{"id":571,"date":"2022-05-25T19:56:24","date_gmt":"2022-05-25T22:56:24","guid":{"rendered":"https:\/\/brasilnoticias.org\/site\/?p=571"},"modified":"2022-05-25T19:56:24","modified_gmt":"2022-05-25T22:56:24","slug":"mesmo-sem-ser-anunciado-oficialmente-vinicius-foguinho-ja-treina-no-barradao","status":"publish","type":"post","link":"https:\/\/brasilnoticias.org\/site\/mesmo-sem-ser-anunciado-oficialmente-vinicius-foguinho-ja-treina-no-barradao\/","title":{"rendered":"MESMO SEM SER ANUNCIADO OFICIALMENTE, VIN\u00cdCIUS FOGUINHO J\u00c1 TREINA NO BARRAD\u00c3O"},"content":{"rendered":"<p>Antes mesmo de ser anunciado oficialmente pelo Vit\u00f3ria, o atacante Vin\u00edcius Foguinho, ex-Chapecoense, j\u00e1 treina no Centro de Treinamento Manoel Pontes Tanajura. O atleta, que teve sua\u00a0<a href=\"https:\/\/www.bnews.com.br\/noticias\/esporte\/fabio-mota-diz-que-tres-jogadores-saem-e-dois-entram-nesta-semana-no-vitoria.html\" target=\"_blank\" rel=\"noopener\">chegada confirmada pelo presidente F\u00e1bio Mota<\/a>\u00a0em entrevista a Piat\u00e3 FM, chega com contrato at\u00e9 o final do Campeonato Brasileiro da S\u00e9rie C.<\/p>\n<p>Foguinho chega para refor\u00e7ar um dos pontos fracos do time no ano, o ataque. Com 20 jogos disputados at\u00e9 ent\u00e3o, o Vit\u00f3ria s\u00f3 marcou 16 gols, sendo tr\u00eas apenas no \u00faltimo jogo, quando venceu o Confian\u00e7a, no Barrad\u00e3o, pelo placar de 3\u00d70.<\/p>\n<p>Na atual temporada, o meia-atacante j\u00e1 atuou em 10 partidas, marcando um gol e dando uma assist\u00eancia. Caso o nome de Foguinho saia no Boletim Informativo Di\u00e1rio (BID) da Confedera\u00e7\u00e3o Brasileira de Futebol (CBF) at\u00e9 a pr\u00f3xima sexta-feira (27), o atleta ter\u00e1 condi\u00e7\u00f5es de enfrentar o Campinense, no pr\u00f3ximo s\u00e1bado (28), pela oitava rodada do Campeonato Brasileiro da S\u00e9rie C.<\/p>\n<p>&nbsp;<\/p>\n<p>&nbsp;<\/p>\n<p>Bnews<\/p>\n","protected":false},"excerpt":{"rendered":"<p>Antes mesmo de ser anunciado oficialmente pelo Vit\u00f3ria, o atacante Vin\u00edcius Foguinho, ex-Chapecoense, j\u00e1 treina no Centro de Treinamento Manoel<\/p>\n","protected":false},"author":2,"featured_media":572,"comment_status":"open","ping_status":"open","sticky":false,"template":"","format":"standard","meta":{"colormag_page_container_layout":"default_layout","colormag_page_sidebar_layout":"default_layout","_FSMCFIC_featured_image_caption":"","_FSMCFIC_featured_image_nocaption":"","_FSMCFIC_featured_image_hide":"","footnotes":""},"categories":[4,1],"tags":[],"class_list":["post-571","post","type-post","status-publish","format-standard","has-post-thumbnail","hentry","category-esporte","category-ultimas"],"yoast_head":"<!-- This site is optimized with the Yoast SEO plugin v27.1.1 - https:\/\/yoast.com\/product\/yoast-seo-wordpress\/ -->\n<title>MESMO SEM SER ANUNCIADO OFICIALMENTE, VIN\u00cdCIUS FOGUINHO J\u00c1 TREINA NO BARRAD\u00c3O - Brasil not\u00edcias<\/title>\n<meta name=\"robots\" content=\"index, follow, max-snippet:-1, max-image-preview:large, max-video-preview:-1\" \/>\n<link rel=\"canonical\" href=\"https:\/\/brasilnoticias.org\/site\/mesmo-sem-ser-anunciado-oficialmente-vinicius-foguinho-ja-treina-no-barradao\/\" \/>\n<meta property=\"og:locale\" content=\"pt_PT\" \/>\n<meta property=\"og:type\" content=\"article\" \/>\n<meta property=\"og:title\" content=\"MESMO SEM SER ANUNCIADO OFICIALMENTE, VIN\u00cdCIUS FOGUINHO J\u00c1 TREINA NO BARRAD\u00c3O - Brasil not\u00edcias\" \/>\n<meta property=\"og:description\" content=\"Antes mesmo de ser anunciado oficialmente pelo Vit\u00f3ria, o atacante Vin\u00edcius Foguinho, ex-Chapecoense, j\u00e1 treina no Centro de Treinamento Manoel\" \/>\n<meta property=\"og:url\" content=\"https:\/\/brasilnoticias.org\/site\/mesmo-sem-ser-anunciado-oficialmente-vinicius-foguinho-ja-treina-no-barradao\/\" \/>\n<meta property=\"og:site_name\" content=\"Brasil not\u00edcias\" \/>\n<meta property=\"article:published_time\" content=\"2022-05-25T22:56:24+00:00\" \/>\n<meta property=\"og:image\" content=\"https:\/\/brasilnoticias.org\/site\/wp-content\/uploads\/2022\/05\/whatsapp_image_2022-05-25_at_17.32.57_widelg.jpeg\" \/>\n\t<meta property=\"og:image:width\" content=\"800\" \/>\n\t<meta property=\"og:image:height\" content=\"450\" \/>\n\t<meta property=\"og:image:type\" content=\"image\/jpeg\" \/>\n<meta name=\"author\" content=\"Reda\u00e7\u00e3o\" \/>\n<meta name=\"twitter:card\" content=\"summary_large_image\" \/>\n<meta name=\"twitter:label1\" content=\"Escrito por\" \/>\n\t<meta name=\"twitter:data1\" content=\"Reda\u00e7\u00e3o\" \/>\n\t<meta name=\"twitter:label2\" content=\"Tempo estimado de leitura\" \/>\n\t<meta name=\"twitter:data2\" content=\"1 minuto\" \/>\n<script type=\"application\/ld+json\" class=\"yoast-schema-graph\">{\"@context\":\"https:\/\/schema.org\",\"@graph\":[{\"@type\":\"Article\",\"@id\":\"https:\/\/brasilnoticias.org\/site\/mesmo-sem-ser-anunciado-oficialmente-vinicius-foguinho-ja-treina-no-barradao\/#article\",\"isPartOf\":{\"@id\":\"https:\/\/brasilnoticias.org\/site\/mesmo-sem-ser-anunciado-oficialmente-vinicius-foguinho-ja-treina-no-barradao\/\"},\"author\":{\"name\":\"Reda\u00e7\u00e3o\",\"@id\":\"https:\/\/brasilnoticias.org\/site\/#\/schema\/person\/f609fa847b5314f1c8b983342f34c798\"},\"headline\":\"MESMO SEM SER ANUNCIADO OFICIALMENTE, VIN\u00cdCIUS FOGUINHO J\u00c1 TREINA NO BARRAD\u00c3O\",\"datePublished\":\"2022-05-25T22:56:24+00:00\",\"mainEntityOfPage\":{\"@id\":\"https:\/\/brasilnoticias.org\/site\/mesmo-sem-ser-anunciado-oficialmente-vinicius-foguinho-ja-treina-no-barradao\/\"},\"wordCount\":180,\"commentCount\":0,\"publisher\":{\"@id\":\"https:\/\/brasilnoticias.org\/site\/#organization\"},\"image\":{\"@id\":\"https:\/\/brasilnoticias.org\/site\/mesmo-sem-ser-anunciado-oficialmente-vinicius-foguinho-ja-treina-no-barradao\/#primaryimage\"},\"thumbnailUrl\":\"https:\/\/brasilnoticias.org\/site\/wp-content\/uploads\/2022\/05\/whatsapp_image_2022-05-25_at_17.32.57_widelg.jpeg\",\"articleSection\":[\"Esporte\",\"\u00daltimas\"],\"inLanguage\":\"pt-PT\",\"potentialAction\":[{\"@type\":\"CommentAction\",\"name\":\"Comment\",\"target\":[\"https:\/\/brasilnoticias.org\/site\/mesmo-sem-ser-anunciado-oficialmente-vinicius-foguinho-ja-treina-no-barradao\/#respond\"]}]},{\"@type\":\"WebPage\",\"@id\":\"https:\/\/brasilnoticias.org\/site\/mesmo-sem-ser-anunciado-oficialmente-vinicius-foguinho-ja-treina-no-barradao\/\",\"url\":\"https:\/\/brasilnoticias.org\/site\/mesmo-sem-ser-anunciado-oficialmente-vinicius-foguinho-ja-treina-no-barradao\/\",\"name\":\"MESMO SEM SER ANUNCIADO OFICIALMENTE, VIN\u00cdCIUS FOGUINHO J\u00c1 TREINA NO BARRAD\u00c3O - Brasil not\u00edcias\",\"isPartOf\":{\"@id\":\"https:\/\/brasilnoticias.org\/site\/#website\"},\"primaryImageOfPage\":{\"@id\":\"https:\/\/brasilnoticias.org\/site\/mesmo-sem-ser-anunciado-oficialmente-vinicius-foguinho-ja-treina-no-barradao\/#primaryimage\"},\"image\":{\"@id\":\"https:\/\/brasilnoticias.org\/site\/mesmo-sem-ser-anunciado-oficialmente-vinicius-foguinho-ja-treina-no-barradao\/#primaryimage\"},\"thumbnailUrl\":\"https:\/\/brasilnoticias.org\/site\/wp-content\/uploads\/2022\/05\/whatsapp_image_2022-05-25_at_17.32.57_widelg.jpeg\",\"datePublished\":\"2022-05-25T22:56:24+00:00\",\"breadcrumb\":{\"@id\":\"https:\/\/brasilnoticias.org\/site\/mesmo-sem-ser-anunciado-oficialmente-vinicius-foguinho-ja-treina-no-barradao\/#breadcrumb\"},\"inLanguage\":\"pt-PT\",\"potentialAction\":[{\"@type\":\"ReadAction\",\"target\":[\"https:\/\/brasilnoticias.org\/site\/mesmo-sem-ser-anunciado-oficialmente-vinicius-foguinho-ja-treina-no-barradao\/\"]}]},{\"@type\":\"ImageObject\",\"inLanguage\":\"pt-PT\",\"@id\":\"https:\/\/brasilnoticias.org\/site\/mesmo-sem-ser-anunciado-oficialmente-vinicius-foguinho-ja-treina-no-barradao\/#primaryimage\",\"url\":\"https:\/\/brasilnoticias.org\/site\/wp-content\/uploads\/2022\/05\/whatsapp_image_2022-05-25_at_17.32.57_widelg.jpeg\",\"contentUrl\":\"https:\/\/brasilnoticias.org\/site\/wp-content\/uploads\/2022\/05\/whatsapp_image_2022-05-25_at_17.32.57_widelg.jpeg\",\"width\":800,\"height\":450},{\"@type\":\"BreadcrumbList\",\"@id\":\"https:\/\/brasilnoticias.org\/site\/mesmo-sem-ser-anunciado-oficialmente-vinicius-foguinho-ja-treina-no-barradao\/#breadcrumb\",\"itemListElement\":[{\"@type\":\"ListItem\",\"position\":1,\"name\":\"In\u00edcio\",\"item\":\"https:\/\/brasilnoticias.org\/site\/\"},{\"@type\":\"ListItem\",\"position\":2,\"name\":\"MESMO SEM SER ANUNCIADO OFICIALMENTE, VIN\u00cdCIUS FOGUINHO J\u00c1 TREINA NO BARRAD\u00c3O\"}]},{\"@type\":\"WebSite\",\"@id\":\"https:\/\/brasilnoticias.org\/site\/#website\",\"url\":\"https:\/\/brasilnoticias.org\/site\/\",\"name\":\"Brasil not\u00edcias\",\"description\":\"Brasil not\u00edcias\",\"publisher\":{\"@id\":\"https:\/\/brasilnoticias.org\/site\/#organization\"},\"potentialAction\":[{\"@type\":\"SearchAction\",\"target\":{\"@type\":\"EntryPoint\",\"urlTemplate\":\"https:\/\/brasilnoticias.org\/site\/?s={search_term_string}\"},\"query-input\":{\"@type\":\"PropertyValueSpecification\",\"valueRequired\":true,\"valueName\":\"search_term_string\"}}],\"inLanguage\":\"pt-PT\"},{\"@type\":\"Organization\",\"@id\":\"https:\/\/brasilnoticias.org\/site\/#organization\",\"name\":\"Brasil not\u00edcias\",\"url\":\"https:\/\/brasilnoticias.org\/site\/\",\"logo\":{\"@type\":\"ImageObject\",\"inLanguage\":\"pt-PT\",\"@id\":\"https:\/\/brasilnoticias.org\/site\/#\/schema\/logo\/image\/\",\"url\":\"https:\/\/brasilnoticias.org\/site\/wp-content\/uploads\/2022\/05\/cropped-brasilnoticias-mini.jpg\",\"contentUrl\":\"https:\/\/brasilnoticias.org\/site\/wp-content\/uploads\/2022\/05\/cropped-brasilnoticias-mini.jpg\",\"width\":314,\"height\":86,\"caption\":\"Brasil not\u00edcias\"},\"image\":{\"@id\":\"https:\/\/brasilnoticias.org\/site\/#\/schema\/logo\/image\/\"}},{\"@type\":\"Person\",\"@id\":\"https:\/\/brasilnoticias.org\/site\/#\/schema\/person\/f609fa847b5314f1c8b983342f34c798\",\"name\":\"Reda\u00e7\u00e3o\",\"image\":{\"@type\":\"ImageObject\",\"inLanguage\":\"pt-PT\",\"@id\":\"https:\/\/brasilnoticias.org\/site\/#\/schema\/person\/image\/\",\"url\":\"https:\/\/secure.gravatar.com\/avatar\/447284c06c1ad8b46465a36de9cd0d8326b73387a22799b8b1ffb1fbcff2ed0c?s=96&d=mm&r=g\",\"contentUrl\":\"https:\/\/secure.gravatar.com\/avatar\/447284c06c1ad8b46465a36de9cd0d8326b73387a22799b8b1ffb1fbcff2ed0c?s=96&d=mm&r=g\",\"caption\":\"Reda\u00e7\u00e3o\"},\"url\":\"https:\/\/brasilnoticias.org\/site\/author\/redacao\/\"}]}<\/script>\n<!-- \/ Yoast SEO plugin. -->","yoast_head_json":{"title":"MESMO SEM SER ANUNCIADO OFICIALMENTE, VIN\u00cdCIUS FOGUINHO J\u00c1 TREINA NO BARRAD\u00c3O - Brasil not\u00edcias","robots":{"index":"index","follow":"follow","max-snippet":"max-snippet:-1","max-image-preview":"max-image-preview:large","max-video-preview":"max-video-preview:-1"},"canonical":"https:\/\/brasilnoticias.org\/site\/mesmo-sem-ser-anunciado-oficialmente-vinicius-foguinho-ja-treina-no-barradao\/","og_locale":"pt_PT","og_type":"article","og_title":"MESMO SEM SER ANUNCIADO OFICIALMENTE, VIN\u00cdCIUS FOGUINHO J\u00c1 TREINA NO BARRAD\u00c3O - Brasil not\u00edcias","og_description":"Antes mesmo de ser anunciado oficialmente pelo Vit\u00f3ria, o atacante Vin\u00edcius Foguinho, ex-Chapecoense, j\u00e1 treina no Centro de Treinamento Manoel","og_url":"https:\/\/brasilnoticias.org\/site\/mesmo-sem-ser-anunciado-oficialmente-vinicius-foguinho-ja-treina-no-barradao\/","og_site_name":"Brasil not\u00edcias","article_published_time":"2022-05-25T22:56:24+00:00","og_image":[{"width":800,"height":450,"url":"https:\/\/brasilnoticias.org\/site\/wp-content\/uploads\/2022\/05\/whatsapp_image_2022-05-25_at_17.32.57_widelg.jpeg","type":"image\/jpeg"}],"author":"Reda\u00e7\u00e3o","twitter_card":"summary_large_image","twitter_misc":{"Escrito por":"Reda\u00e7\u00e3o","Tempo estimado de leitura":"1 minuto"},"schema":{"@context":"https:\/\/schema.org","@graph":[{"@type":"Article","@id":"https:\/\/brasilnoticias.org\/site\/mesmo-sem-ser-anunciado-oficialmente-vinicius-foguinho-ja-treina-no-barradao\/#article","isPartOf":{"@id":"https:\/\/brasilnoticias.org\/site\/mesmo-sem-ser-anunciado-oficialmente-vinicius-foguinho-ja-treina-no-barradao\/"},"author":{"name":"Reda\u00e7\u00e3o","@id":"https:\/\/brasilnoticias.org\/site\/#\/schema\/person\/f609fa847b5314f1c8b983342f34c798"},"headline":"MESMO SEM SER ANUNCIADO OFICIALMENTE, VIN\u00cdCIUS FOGUINHO J\u00c1 TREINA NO BARRAD\u00c3O","datePublished":"2022-05-25T22:56:24+00:00","mainEntityOfPage":{"@id":"https:\/\/brasilnoticias.org\/site\/mesmo-sem-ser-anunciado-oficialmente-vinicius-foguinho-ja-treina-no-barradao\/"},"wordCount":180,"commentCount":0,"publisher":{"@id":"https:\/\/brasilnoticias.org\/site\/#organization"},"image":{"@id":"https:\/\/brasilnoticias.org\/site\/mesmo-sem-ser-anunciado-oficialmente-vinicius-foguinho-ja-treina-no-barradao\/#primaryimage"},"thumbnailUrl":"https:\/\/brasilnoticias.org\/site\/wp-content\/uploads\/2022\/05\/whatsapp_image_2022-05-25_at_17.32.57_widelg.jpeg","articleSection":["Esporte","\u00daltimas"],"inLanguage":"pt-PT","potentialAction":[{"@type":"CommentAction","name":"Comment","target":["https:\/\/brasilnoticias.org\/site\/mesmo-sem-ser-anunciado-oficialmente-vinicius-foguinho-ja-treina-no-barradao\/#respond"]}]},{"@type":"WebPage","@id":"https:\/\/brasilnoticias.org\/site\/mesmo-sem-ser-anunciado-oficialmente-vinicius-foguinho-ja-treina-no-barradao\/","url":"https:\/\/brasilnoticias.org\/site\/mesmo-sem-ser-anunciado-oficialmente-vinicius-foguinho-ja-treina-no-barradao\/","name":"MESMO SEM SER ANUNCIADO OFICIALMENTE, VIN\u00cdCIUS FOGUINHO J\u00c1 TREINA NO BARRAD\u00c3O - Brasil not\u00edcias","isPartOf":{"@id":"https:\/\/brasilnoticias.org\/site\/#website"},"primaryImageOfPage":{"@id":"https:\/\/brasilnoticias.org\/site\/mesmo-sem-ser-anunciado-oficialmente-vinicius-foguinho-ja-treina-no-barradao\/#primaryimage"},"image":{"@id":"https:\/\/brasilnoticias.org\/site\/mesmo-sem-ser-anunciado-oficialmente-vinicius-foguinho-ja-treina-no-barradao\/#primaryimage"},"thumbnailUrl":"https:\/\/brasilnoticias.org\/site\/wp-content\/uploads\/2022\/05\/whatsapp_image_2022-05-25_at_17.32.57_widelg.jpeg","datePublished":"2022-05-25T22:56:24+00:00","breadcrumb":{"@id":"https:\/\/brasilnoticias.org\/site\/mesmo-sem-ser-anunciado-oficialmente-vinicius-foguinho-ja-treina-no-barradao\/#breadcrumb"},"inLanguage":"pt-PT","potentialAction":[{"@type":"ReadAction","target":["https:\/\/brasilnoticias.org\/site\/mesmo-sem-ser-anunciado-oficialmente-vinicius-foguinho-ja-treina-no-barradao\/"]}]},{"@type":"ImageObject","inLanguage":"pt-PT","@id":"https:\/\/brasilnoticias.org\/site\/mesmo-sem-ser-anunciado-oficialmente-vinicius-foguinho-ja-treina-no-barradao\/#primaryimage","url":"https:\/\/brasilnoticias.org\/site\/wp-content\/uploads\/2022\/05\/whatsapp_image_2022-05-25_at_17.32.57_widelg.jpeg","contentUrl":"https:\/\/brasilnoticias.org\/site\/wp-content\/uploads\/2022\/05\/whatsapp_image_2022-05-25_at_17.32.57_widelg.jpeg","width":800,"height":450},{"@type":"BreadcrumbList","@id":"https:\/\/brasilnoticias.org\/site\/mesmo-sem-ser-anunciado-oficialmente-vinicius-foguinho-ja-treina-no-barradao\/#breadcrumb","itemListElement":[{"@type":"ListItem","position":1,"name":"In\u00edcio","item":"https:\/\/brasilnoticias.org\/site\/"},{"@type":"ListItem","position":2,"name":"MESMO SEM SER ANUNCIADO OFICIALMENTE, VIN\u00cdCIUS FOGUINHO J\u00c1 TREINA NO BARRAD\u00c3O"}]},{"@type":"WebSite","@id":"https:\/\/brasilnoticias.org\/site\/#website","url":"https:\/\/brasilnoticias.org\/site\/","name":"Brasil not\u00edcias","description":"Brasil not\u00edcias","publisher":{"@id":"https:\/\/brasilnoticias.org\/site\/#organization"},"potentialAction":[{"@type":"SearchAction","target":{"@type":"EntryPoint","urlTemplate":"https:\/\/brasilnoticias.org\/site\/?s={search_term_string}"},"query-input":{"@type":"PropertyValueSpecification","valueRequired":true,"valueName":"search_term_string"}}],"inLanguage":"pt-PT"},{"@type":"Organization","@id":"https:\/\/brasilnoticias.org\/site\/#organization","name":"Brasil not\u00edcias","url":"https:\/\/brasilnoticias.org\/site\/","logo":{"@type":"ImageObject","inLanguage":"pt-PT","@id":"https:\/\/brasilnoticias.org\/site\/#\/schema\/logo\/image\/","url":"https:\/\/brasilnoticias.org\/site\/wp-content\/uploads\/2022\/05\/cropped-brasilnoticias-mini.jpg","contentUrl":"https:\/\/brasilnoticias.org\/site\/wp-content\/uploads\/2022\/05\/cropped-brasilnoticias-mini.jpg","width":314,"height":86,"caption":"Brasil not\u00edcias"},"image":{"@id":"https:\/\/brasilnoticias.org\/site\/#\/schema\/logo\/image\/"}},{"@type":"Person","@id":"https:\/\/brasilnoticias.org\/site\/#\/schema\/person\/f609fa847b5314f1c8b983342f34c798","name":"Reda\u00e7\u00e3o","image":{"@type":"ImageObject","inLanguage":"pt-PT","@id":"https:\/\/brasilnoticias.org\/site\/#\/schema\/person\/image\/","url":"https:\/\/secure.gravatar.com\/avatar\/447284c06c1ad8b46465a36de9cd0d8326b73387a22799b8b1ffb1fbcff2ed0c?s=96&d=mm&r=g","contentUrl":"https:\/\/secure.gravatar.com\/avatar\/447284c06c1ad8b46465a36de9cd0d8326b73387a22799b8b1ffb1fbcff2ed0c?s=96&d=mm&r=g","caption":"Reda\u00e7\u00e3o"},"url":"https:\/\/brasilnoticias.org\/site\/author\/redacao\/"}]}},"_links":{"self":[{"href":"https:\/\/brasilnoticias.org\/site\/wp-json\/wp\/v2\/posts\/571","targetHints":{"allow":["GET"]}}],"collection":[{"href":"https:\/\/brasilnoticias.org\/site\/wp-json\/wp\/v2\/posts"}],"about":[{"href":"https:\/\/brasilnoticias.org\/site\/wp-json\/wp\/v2\/types\/post"}],"author":[{"embeddable":true,"href":"https:\/\/brasilnoticias.org\/site\/wp-json\/wp\/v2\/users\/2"}],"replies":[{"embeddable":true,"href":"https:\/\/brasilnoticias.org\/site\/wp-json\/wp\/v2\/comments?post=571"}],"version-history":[{"count":1,"href":"https:\/\/brasilnoticias.org\/site\/wp-json\/wp\/v2\/posts\/571\/revisions"}],"predecessor-version":[{"id":573,"href":"https:\/\/brasilnoticias.org\/site\/wp-json\/wp\/v2\/posts\/571\/revisions\/573"}],"wp:featuredmedia":[{"embeddable":true,"href":"https:\/\/brasilnoticias.org\/site\/wp-json\/wp\/v2\/media\/572"}],"wp:attachment":[{"href":"https:\/\/brasilnoticias.org\/site\/wp-json\/wp\/v2\/media?parent=571"}],"wp:term":[{"taxonomy":"category","embeddable":true,"href":"https:\/\/brasilnoticias.org\/site\/wp-json\/wp\/v2\/categories?post=571"},{"taxonomy":"post_tag","embeddable":true,"href":"https:\/\/brasilnoticias.org\/site\/wp-json\/wp\/v2\/tags?post=571"}],"curies":[{"name":"wp","href":"https:\/\/api.w.org\/{rel}","templated":true}]}}