{"id":5752,"date":"2023-04-30T14:45:31","date_gmt":"2023-04-30T17:45:31","guid":{"rendered":"https:\/\/brasilnoticias.org\/site\/?p=5752"},"modified":"2023-04-30T14:45:31","modified_gmt":"2023-04-30T17:45:31","slug":"pt-discute-chapa-propria-ou-alianca-em-capitais-para-as-eleicoes-de-2024","status":"publish","type":"post","link":"https:\/\/brasilnoticias.org\/site\/pt-discute-chapa-propria-ou-alianca-em-capitais-para-as-eleicoes-de-2024\/","title":{"rendered":"PT discute chapa pr\u00f3pria ou alian\u00e7a em capitais para as elei\u00e7\u00f5es de 2024"},"content":{"rendered":"<p>O PT vem realizando reuni\u00f5es internas para definir a estrat\u00e9gia para a disputa das elei\u00e7\u00f5es para as prefeituras nas capitais do pa\u00eds. Em 2020, o partido n\u00e3o conseguiu eleger nenhum prefeito pela primeira vez desde a redemocratiza\u00e7\u00e3o. Para mudar esse cen\u00e1rio, al\u00e9m da volta de Lula \u00e0 presid\u00eancia, a sigla debate sobre a possibilidade de candidaturas pr\u00f3prias ou formar alian\u00e7as.<\/p>\n<p>Em S\u00e3o Paulo, a permanecia de La\u00e9rcio Ribeiro na presid\u00eancia do diret\u00f3rio fortalece a possibilidade de o PT apostar em um apoio \u00e0 candidatura do deputado federal Guilherme Boulos (PSOL). Isso porque Ribeiro \u00e9 mais pr\u00f3ximo da ala petista liderada pelo ministro do Trabalho, Luiz Marinho, que vem articulando uma alian\u00e7a entre o psolista e a presidente nacional do PT, Gleisi Hoffmann.   <\/p>\n<p>No Rio de Janeiro, o partido avalia a possibilidade de apoiar a candidatura de Eduardo Paes (PSD) \u00e0 reelei\u00e7\u00e3o. No entanto, o PT pode tomar outro caminho. O deputado carioca Lindbergh Farias defende que a sigla fa\u00e7a oposi\u00e7\u00e3o a Paes e apoie uma chapa do PSOL. J\u00e1 o tamb\u00e9m deputado Washington Quaqu\u00e1 quer que o PT fa\u00e7a acordos mais amplos fora da esquerda.<\/p>\n<p>A capital fluminense n\u00e3o \u00e9 a \u00fanica em que o PT pode apoiar um nome do PSD. Essa possibilidade tamb\u00e9m pode ocorrer em Belo Horizonte, onde Fuad Noman deve concorrer \u00e0 reelei\u00e7\u00e3o. O acordo ainda depende de um entendimento entre diferentes setores do partido e de uma aprova\u00e7\u00e3o do antecessor de Fuad, Alexandre Kalil, que renunciou \u00e0 prefeitura em 2022 para disputar o governo. Nesse processo, Kalil se aproximou de uma ala do PT que rivaliza com o ex-governador Fernando Pimentel (PT), ainda influente na capital.<\/p>\n<p>J\u00e1 para Salvador, o diret\u00f3rio do PT apresentou tr\u00eas poss\u00edveis candidatos \u00e0 prefeitura: o deputado estadual Robinson Almeida, a soci\u00f3loga Vilma Reis e a presidente da Funarte, Maria Marighella. Tamb\u00e9m existe a possibilidade de o partido apoiar uma candidatura de uma sigla da base como MDB do vice-governador Geraldo J\u00fanior.<\/p>\n<p>Por outro lado, o PT vem dando sinais que de que deve ter candidatura pr\u00f3pria em duas capitais: Fortaleza e Porto Alegre. Na capital ga\u00facha, o atual presidente da Companhia Nacional de Abastecimento (Conab), Edegar Pretto, \u00e9 o favorito para encabe\u00e7ar uma chapa com o PSOL. No entanto, outras alas da legenda defendem uma aproxima\u00e7\u00e3o siglas como o PCdoB, da ex-deputada Manuela D\u2019\u00c1vila, ou preferem o ex-governador Ol\u00edvio Dutra (PT) dispute a prefeitura.<\/p>\n<p>Em Fortaleza, ap\u00f3s o racha com PDT na \u00faltima elei\u00e7\u00e3o, o PT estuda lan\u00e7ar uma candidatura para rivalizar com o atual prefeito Sarto Nogueira (PDT). Dois nomes est\u00e3o na disputa para ser o candidato petista: a deputada federal e ex-prefeita Luizianne Lins (PT) e o l\u00edder do partido na C\u00e2mara, Jos\u00e9 Guimar\u00e3es.<\/p>\n<p>Foto Ricardo Stuckert<br \/>\nBNews<\/p>\n","protected":false},"excerpt":{"rendered":"<p>O PT vem realizando reuni\u00f5es internas para definir a estrat\u00e9gia para a disputa das elei\u00e7\u00f5es para as prefeituras nas capitais<\/p>\n","protected":false},"author":1,"featured_media":5753,"comment_status":"open","ping_status":"open","sticky":false,"template":"","format":"standard","meta":{"colormag_page_container_layout":"default_layout","colormag_page_sidebar_layout":"default_layout","_FSMCFIC_featured_image_caption":"","_FSMCFIC_featured_image_nocaption":"","_FSMCFIC_featured_image_hide":"","footnotes":""},"categories":[5,1],"tags":[],"class_list":["post-5752","post","type-post","status-publish","format-standard","has-post-thumbnail","hentry","category-politica","category-ultimas"],"yoast_head":"<!-- This site is optimized with the Yoast SEO plugin v27.1.1 - https:\/\/yoast.com\/product\/yoast-seo-wordpress\/ -->\n<title>PT discute chapa pr\u00f3pria ou alian\u00e7a em capitais para as elei\u00e7\u00f5es de 2024 - Brasil not\u00edcias<\/title>\n<meta name=\"robots\" content=\"index, follow, max-snippet:-1, max-image-preview:large, max-video-preview:-1\" \/>\n<link rel=\"canonical\" href=\"https:\/\/brasilnoticias.org\/site\/pt-discute-chapa-propria-ou-alianca-em-capitais-para-as-eleicoes-de-2024\/\" \/>\n<meta property=\"og:locale\" content=\"pt_PT\" \/>\n<meta property=\"og:type\" content=\"article\" \/>\n<meta property=\"og:title\" content=\"PT discute chapa pr\u00f3pria ou alian\u00e7a em capitais para as elei\u00e7\u00f5es de 2024 - Brasil not\u00edcias\" \/>\n<meta property=\"og:description\" content=\"O PT vem realizando reuni\u00f5es internas para definir a estrat\u00e9gia para a disputa das elei\u00e7\u00f5es para as prefeituras nas capitais\" \/>\n<meta property=\"og:url\" content=\"https:\/\/brasilnoticias.org\/site\/pt-discute-chapa-propria-ou-alianca-em-capitais-para-as-eleicoes-de-2024\/\" \/>\n<meta property=\"og:site_name\" content=\"Brasil not\u00edcias\" \/>\n<meta property=\"article:published_time\" content=\"2023-04-30T17:45:31+00:00\" \/>\n<meta property=\"og:image\" content=\"https:\/\/brasilnoticias.org\/site\/wp-content\/uploads\/2023\/04\/tik_tok_instagram_twitter_google_e_amazon_vao_sofrer_regulacao_entenda_widelg_widelg_widelg.jpeg\" \/>\n\t<meta property=\"og:image:width\" content=\"800\" \/>\n\t<meta property=\"og:image:height\" content=\"450\" \/>\n\t<meta property=\"og:image:type\" content=\"image\/jpeg\" \/>\n<meta name=\"author\" content=\"Reda\u00e7\u00e3o\" \/>\n<meta name=\"twitter:card\" content=\"summary_large_image\" \/>\n<meta name=\"twitter:label1\" content=\"Escrito por\" \/>\n\t<meta name=\"twitter:data1\" content=\"Reda\u00e7\u00e3o\" \/>\n<script type=\"application\/ld+json\" class=\"yoast-schema-graph\">{\"@context\":\"https:\/\/schema.org\",\"@graph\":[{\"@type\":\"Article\",\"@id\":\"https:\/\/brasilnoticias.org\/site\/pt-discute-chapa-propria-ou-alianca-em-capitais-para-as-eleicoes-de-2024\/#article\",\"isPartOf\":{\"@id\":\"https:\/\/brasilnoticias.org\/site\/pt-discute-chapa-propria-ou-alianca-em-capitais-para-as-eleicoes-de-2024\/\"},\"author\":{\"name\":\"Reda\u00e7\u00e3o\",\"@id\":\"https:\/\/brasilnoticias.org\/site\/#\/schema\/person\/a0e05b973ec4d15c658d51911e53507b\"},\"headline\":\"PT discute chapa pr\u00f3pria ou alian\u00e7a em capitais para as elei\u00e7\u00f5es de 2024\",\"datePublished\":\"2023-04-30T17:45:31+00:00\",\"mainEntityOfPage\":{\"@id\":\"https:\/\/brasilnoticias.org\/site\/pt-discute-chapa-propria-ou-alianca-em-capitais-para-as-eleicoes-de-2024\/\"},\"wordCount\":499,\"commentCount\":0,\"publisher\":{\"@id\":\"https:\/\/brasilnoticias.org\/site\/#organization\"},\"image\":{\"@id\":\"https:\/\/brasilnoticias.org\/site\/pt-discute-chapa-propria-ou-alianca-em-capitais-para-as-eleicoes-de-2024\/#primaryimage\"},\"thumbnailUrl\":\"https:\/\/brasilnoticias.org\/site\/wp-content\/uploads\/2023\/04\/tik_tok_instagram_twitter_google_e_amazon_vao_sofrer_regulacao_entenda_widelg_widelg_widelg.jpeg\",\"articleSection\":[\"Pol\u00edtica\",\"\u00daltimas\"],\"inLanguage\":\"pt-PT\",\"potentialAction\":[{\"@type\":\"CommentAction\",\"name\":\"Comment\",\"target\":[\"https:\/\/brasilnoticias.org\/site\/pt-discute-chapa-propria-ou-alianca-em-capitais-para-as-eleicoes-de-2024\/#respond\"]}]},{\"@type\":\"WebPage\",\"@id\":\"https:\/\/brasilnoticias.org\/site\/pt-discute-chapa-propria-ou-alianca-em-capitais-para-as-eleicoes-de-2024\/\",\"url\":\"https:\/\/brasilnoticias.org\/site\/pt-discute-chapa-propria-ou-alianca-em-capitais-para-as-eleicoes-de-2024\/\",\"name\":\"PT discute chapa pr\u00f3pria ou alian\u00e7a em capitais para as elei\u00e7\u00f5es de 2024 - Brasil not\u00edcias\",\"isPartOf\":{\"@id\":\"https:\/\/brasilnoticias.org\/site\/#website\"},\"primaryImageOfPage\":{\"@id\":\"https:\/\/brasilnoticias.org\/site\/pt-discute-chapa-propria-ou-alianca-em-capitais-para-as-eleicoes-de-2024\/#primaryimage\"},\"image\":{\"@id\":\"https:\/\/brasilnoticias.org\/site\/pt-discute-chapa-propria-ou-alianca-em-capitais-para-as-eleicoes-de-2024\/#primaryimage\"},\"thumbnailUrl\":\"https:\/\/brasilnoticias.org\/site\/wp-content\/uploads\/2023\/04\/tik_tok_instagram_twitter_google_e_amazon_vao_sofrer_regulacao_entenda_widelg_widelg_widelg.jpeg\",\"datePublished\":\"2023-04-30T17:45:31+00:00\",\"breadcrumb\":{\"@id\":\"https:\/\/brasilnoticias.org\/site\/pt-discute-chapa-propria-ou-alianca-em-capitais-para-as-eleicoes-de-2024\/#breadcrumb\"},\"inLanguage\":\"pt-PT\",\"potentialAction\":[{\"@type\":\"ReadAction\",\"target\":[\"https:\/\/brasilnoticias.org\/site\/pt-discute-chapa-propria-ou-alianca-em-capitais-para-as-eleicoes-de-2024\/\"]}]},{\"@type\":\"ImageObject\",\"inLanguage\":\"pt-PT\",\"@id\":\"https:\/\/brasilnoticias.org\/site\/pt-discute-chapa-propria-ou-alianca-em-capitais-para-as-eleicoes-de-2024\/#primaryimage\",\"url\":\"https:\/\/brasilnoticias.org\/site\/wp-content\/uploads\/2023\/04\/tik_tok_instagram_twitter_google_e_amazon_vao_sofrer_regulacao_entenda_widelg_widelg_widelg.jpeg\",\"contentUrl\":\"https:\/\/brasilnoticias.org\/site\/wp-content\/uploads\/2023\/04\/tik_tok_instagram_twitter_google_e_amazon_vao_sofrer_regulacao_entenda_widelg_widelg_widelg.jpeg\",\"width\":800,\"height\":450},{\"@type\":\"BreadcrumbList\",\"@id\":\"https:\/\/brasilnoticias.org\/site\/pt-discute-chapa-propria-ou-alianca-em-capitais-para-as-eleicoes-de-2024\/#breadcrumb\",\"itemListElement\":[{\"@type\":\"ListItem\",\"position\":1,\"name\":\"In\u00edcio\",\"item\":\"https:\/\/brasilnoticias.org\/site\/\"},{\"@type\":\"ListItem\",\"position\":2,\"name\":\"PT discute chapa pr\u00f3pria ou alian\u00e7a em capitais para as elei\u00e7\u00f5es de 2024\"}]},{\"@type\":\"WebSite\",\"@id\":\"https:\/\/brasilnoticias.org\/site\/#website\",\"url\":\"https:\/\/brasilnoticias.org\/site\/\",\"name\":\"Brasil not\u00edcias\",\"description\":\"Brasil not\u00edcias\",\"publisher\":{\"@id\":\"https:\/\/brasilnoticias.org\/site\/#organization\"},\"potentialAction\":[{\"@type\":\"SearchAction\",\"target\":{\"@type\":\"EntryPoint\",\"urlTemplate\":\"https:\/\/brasilnoticias.org\/site\/?s={search_term_string}\"},\"query-input\":{\"@type\":\"PropertyValueSpecification\",\"valueRequired\":true,\"valueName\":\"search_term_string\"}}],\"inLanguage\":\"pt-PT\"},{\"@type\":\"Organization\",\"@id\":\"https:\/\/brasilnoticias.org\/site\/#organization\",\"name\":\"Brasil not\u00edcias\",\"url\":\"https:\/\/brasilnoticias.org\/site\/\",\"logo\":{\"@type\":\"ImageObject\",\"inLanguage\":\"pt-PT\",\"@id\":\"https:\/\/brasilnoticias.org\/site\/#\/schema\/logo\/image\/\",\"url\":\"https:\/\/brasilnoticias.org\/site\/wp-content\/uploads\/2022\/05\/cropped-brasilnoticias-mini.jpg\",\"contentUrl\":\"https:\/\/brasilnoticias.org\/site\/wp-content\/uploads\/2022\/05\/cropped-brasilnoticias-mini.jpg\",\"width\":314,\"height\":86,\"caption\":\"Brasil not\u00edcias\"},\"image\":{\"@id\":\"https:\/\/brasilnoticias.org\/site\/#\/schema\/logo\/image\/\"}},{\"@type\":\"Person\",\"@id\":\"https:\/\/brasilnoticias.org\/site\/#\/schema\/person\/a0e05b973ec4d15c658d51911e53507b\",\"name\":\"Reda\u00e7\u00e3o\",\"image\":{\"@type\":\"ImageObject\",\"inLanguage\":\"pt-PT\",\"@id\":\"https:\/\/brasilnoticias.org\/site\/#\/schema\/person\/image\/\",\"url\":\"https:\/\/secure.gravatar.com\/avatar\/75d8b050df2de108b08ae78dfb8e374892df24a383c67db9c46a9c604f6aee9c?s=96&d=mm&r=g\",\"contentUrl\":\"https:\/\/secure.gravatar.com\/avatar\/75d8b050df2de108b08ae78dfb8e374892df24a383c67db9c46a9c604f6aee9c?s=96&d=mm&r=g\",\"caption\":\"Reda\u00e7\u00e3o\"},\"sameAs\":[\"https:\/\/brasilnoticias.org\/site\"],\"url\":\"https:\/\/brasilnoticias.org\/site\/author\/fernandozsngmail-com\/\"}]}<\/script>\n<!-- \/ Yoast SEO plugin. -->","yoast_head_json":{"title":"PT discute chapa pr\u00f3pria ou alian\u00e7a em capitais para as elei\u00e7\u00f5es de 2024 - Brasil not\u00edcias","robots":{"index":"index","follow":"follow","max-snippet":"max-snippet:-1","max-image-preview":"max-image-preview:large","max-video-preview":"max-video-preview:-1"},"canonical":"https:\/\/brasilnoticias.org\/site\/pt-discute-chapa-propria-ou-alianca-em-capitais-para-as-eleicoes-de-2024\/","og_locale":"pt_PT","og_type":"article","og_title":"PT discute chapa pr\u00f3pria ou alian\u00e7a em capitais para as elei\u00e7\u00f5es de 2024 - Brasil not\u00edcias","og_description":"O PT vem realizando reuni\u00f5es internas para definir a estrat\u00e9gia para a disputa das elei\u00e7\u00f5es para as prefeituras nas capitais","og_url":"https:\/\/brasilnoticias.org\/site\/pt-discute-chapa-propria-ou-alianca-em-capitais-para-as-eleicoes-de-2024\/","og_site_name":"Brasil not\u00edcias","article_published_time":"2023-04-30T17:45:31+00:00","og_image":[{"width":800,"height":450,"url":"https:\/\/brasilnoticias.org\/site\/wp-content\/uploads\/2023\/04\/tik_tok_instagram_twitter_google_e_amazon_vao_sofrer_regulacao_entenda_widelg_widelg_widelg.jpeg","type":"image\/jpeg"}],"author":"Reda\u00e7\u00e3o","twitter_card":"summary_large_image","twitter_misc":{"Escrito por":"Reda\u00e7\u00e3o"},"schema":{"@context":"https:\/\/schema.org","@graph":[{"@type":"Article","@id":"https:\/\/brasilnoticias.org\/site\/pt-discute-chapa-propria-ou-alianca-em-capitais-para-as-eleicoes-de-2024\/#article","isPartOf":{"@id":"https:\/\/brasilnoticias.org\/site\/pt-discute-chapa-propria-ou-alianca-em-capitais-para-as-eleicoes-de-2024\/"},"author":{"name":"Reda\u00e7\u00e3o","@id":"https:\/\/brasilnoticias.org\/site\/#\/schema\/person\/a0e05b973ec4d15c658d51911e53507b"},"headline":"PT discute chapa pr\u00f3pria ou alian\u00e7a em capitais para as elei\u00e7\u00f5es de 2024","datePublished":"2023-04-30T17:45:31+00:00","mainEntityOfPage":{"@id":"https:\/\/brasilnoticias.org\/site\/pt-discute-chapa-propria-ou-alianca-em-capitais-para-as-eleicoes-de-2024\/"},"wordCount":499,"commentCount":0,"publisher":{"@id":"https:\/\/brasilnoticias.org\/site\/#organization"},"image":{"@id":"https:\/\/brasilnoticias.org\/site\/pt-discute-chapa-propria-ou-alianca-em-capitais-para-as-eleicoes-de-2024\/#primaryimage"},"thumbnailUrl":"https:\/\/brasilnoticias.org\/site\/wp-content\/uploads\/2023\/04\/tik_tok_instagram_twitter_google_e_amazon_vao_sofrer_regulacao_entenda_widelg_widelg_widelg.jpeg","articleSection":["Pol\u00edtica","\u00daltimas"],"inLanguage":"pt-PT","potentialAction":[{"@type":"CommentAction","name":"Comment","target":["https:\/\/brasilnoticias.org\/site\/pt-discute-chapa-propria-ou-alianca-em-capitais-para-as-eleicoes-de-2024\/#respond"]}]},{"@type":"WebPage","@id":"https:\/\/brasilnoticias.org\/site\/pt-discute-chapa-propria-ou-alianca-em-capitais-para-as-eleicoes-de-2024\/","url":"https:\/\/brasilnoticias.org\/site\/pt-discute-chapa-propria-ou-alianca-em-capitais-para-as-eleicoes-de-2024\/","name":"PT discute chapa pr\u00f3pria ou alian\u00e7a em capitais para as elei\u00e7\u00f5es de 2024 - Brasil not\u00edcias","isPartOf":{"@id":"https:\/\/brasilnoticias.org\/site\/#website"},"primaryImageOfPage":{"@id":"https:\/\/brasilnoticias.org\/site\/pt-discute-chapa-propria-ou-alianca-em-capitais-para-as-eleicoes-de-2024\/#primaryimage"},"image":{"@id":"https:\/\/brasilnoticias.org\/site\/pt-discute-chapa-propria-ou-alianca-em-capitais-para-as-eleicoes-de-2024\/#primaryimage"},"thumbnailUrl":"https:\/\/brasilnoticias.org\/site\/wp-content\/uploads\/2023\/04\/tik_tok_instagram_twitter_google_e_amazon_vao_sofrer_regulacao_entenda_widelg_widelg_widelg.jpeg","datePublished":"2023-04-30T17:45:31+00:00","breadcrumb":{"@id":"https:\/\/brasilnoticias.org\/site\/pt-discute-chapa-propria-ou-alianca-em-capitais-para-as-eleicoes-de-2024\/#breadcrumb"},"inLanguage":"pt-PT","potentialAction":[{"@type":"ReadAction","target":["https:\/\/brasilnoticias.org\/site\/pt-discute-chapa-propria-ou-alianca-em-capitais-para-as-eleicoes-de-2024\/"]}]},{"@type":"ImageObject","inLanguage":"pt-PT","@id":"https:\/\/brasilnoticias.org\/site\/pt-discute-chapa-propria-ou-alianca-em-capitais-para-as-eleicoes-de-2024\/#primaryimage","url":"https:\/\/brasilnoticias.org\/site\/wp-content\/uploads\/2023\/04\/tik_tok_instagram_twitter_google_e_amazon_vao_sofrer_regulacao_entenda_widelg_widelg_widelg.jpeg","contentUrl":"https:\/\/brasilnoticias.org\/site\/wp-content\/uploads\/2023\/04\/tik_tok_instagram_twitter_google_e_amazon_vao_sofrer_regulacao_entenda_widelg_widelg_widelg.jpeg","width":800,"height":450},{"@type":"BreadcrumbList","@id":"https:\/\/brasilnoticias.org\/site\/pt-discute-chapa-propria-ou-alianca-em-capitais-para-as-eleicoes-de-2024\/#breadcrumb","itemListElement":[{"@type":"ListItem","position":1,"name":"In\u00edcio","item":"https:\/\/brasilnoticias.org\/site\/"},{"@type":"ListItem","position":2,"name":"PT discute chapa pr\u00f3pria ou alian\u00e7a em capitais para as elei\u00e7\u00f5es de 2024"}]},{"@type":"WebSite","@id":"https:\/\/brasilnoticias.org\/site\/#website","url":"https:\/\/brasilnoticias.org\/site\/","name":"Brasil not\u00edcias","description":"Brasil not\u00edcias","publisher":{"@id":"https:\/\/brasilnoticias.org\/site\/#organization"},"potentialAction":[{"@type":"SearchAction","target":{"@type":"EntryPoint","urlTemplate":"https:\/\/brasilnoticias.org\/site\/?s={search_term_string}"},"query-input":{"@type":"PropertyValueSpecification","valueRequired":true,"valueName":"search_term_string"}}],"inLanguage":"pt-PT"},{"@type":"Organization","@id":"https:\/\/brasilnoticias.org\/site\/#organization","name":"Brasil not\u00edcias","url":"https:\/\/brasilnoticias.org\/site\/","logo":{"@type":"ImageObject","inLanguage":"pt-PT","@id":"https:\/\/brasilnoticias.org\/site\/#\/schema\/logo\/image\/","url":"https:\/\/brasilnoticias.org\/site\/wp-content\/uploads\/2022\/05\/cropped-brasilnoticias-mini.jpg","contentUrl":"https:\/\/brasilnoticias.org\/site\/wp-content\/uploads\/2022\/05\/cropped-brasilnoticias-mini.jpg","width":314,"height":86,"caption":"Brasil not\u00edcias"},"image":{"@id":"https:\/\/brasilnoticias.org\/site\/#\/schema\/logo\/image\/"}},{"@type":"Person","@id":"https:\/\/brasilnoticias.org\/site\/#\/schema\/person\/a0e05b973ec4d15c658d51911e53507b","name":"Reda\u00e7\u00e3o","image":{"@type":"ImageObject","inLanguage":"pt-PT","@id":"https:\/\/brasilnoticias.org\/site\/#\/schema\/person\/image\/","url":"https:\/\/secure.gravatar.com\/avatar\/75d8b050df2de108b08ae78dfb8e374892df24a383c67db9c46a9c604f6aee9c?s=96&d=mm&r=g","contentUrl":"https:\/\/secure.gravatar.com\/avatar\/75d8b050df2de108b08ae78dfb8e374892df24a383c67db9c46a9c604f6aee9c?s=96&d=mm&r=g","caption":"Reda\u00e7\u00e3o"},"sameAs":["https:\/\/brasilnoticias.org\/site"],"url":"https:\/\/brasilnoticias.org\/site\/author\/fernandozsngmail-com\/"}]}},"_links":{"self":[{"href":"https:\/\/brasilnoticias.org\/site\/wp-json\/wp\/v2\/posts\/5752","targetHints":{"allow":["GET"]}}],"collection":[{"href":"https:\/\/brasilnoticias.org\/site\/wp-json\/wp\/v2\/posts"}],"about":[{"href":"https:\/\/brasilnoticias.org\/site\/wp-json\/wp\/v2\/types\/post"}],"author":[{"embeddable":true,"href":"https:\/\/brasilnoticias.org\/site\/wp-json\/wp\/v2\/users\/1"}],"replies":[{"embeddable":true,"href":"https:\/\/brasilnoticias.org\/site\/wp-json\/wp\/v2\/comments?post=5752"}],"version-history":[{"count":2,"href":"https:\/\/brasilnoticias.org\/site\/wp-json\/wp\/v2\/posts\/5752\/revisions"}],"predecessor-version":[{"id":5755,"href":"https:\/\/brasilnoticias.org\/site\/wp-json\/wp\/v2\/posts\/5752\/revisions\/5755"}],"wp:featuredmedia":[{"embeddable":true,"href":"https:\/\/brasilnoticias.org\/site\/wp-json\/wp\/v2\/media\/5753"}],"wp:attachment":[{"href":"https:\/\/brasilnoticias.org\/site\/wp-json\/wp\/v2\/media?parent=5752"}],"wp:term":[{"taxonomy":"category","embeddable":true,"href":"https:\/\/brasilnoticias.org\/site\/wp-json\/wp\/v2\/categories?post=5752"},{"taxonomy":"post_tag","embeddable":true,"href":"https:\/\/brasilnoticias.org\/site\/wp-json\/wp\/v2\/tags?post=5752"}],"curies":[{"name":"wp","href":"https:\/\/api.w.org\/{rel}","templated":true}]}}