{"id":5757,"date":"2023-05-02T06:20:52","date_gmt":"2023-05-02T09:20:52","guid":{"rendered":"https:\/\/brasilnoticias.org\/site\/?p=5757"},"modified":"2023-05-02T06:20:52","modified_gmt":"2023-05-02T09:20:52","slug":"moradores-de-patamares-sofrem-com-alagamentos-apos-fortes-chuvas-em-salvador","status":"publish","type":"post","link":"https:\/\/brasilnoticias.org\/site\/moradores-de-patamares-sofrem-com-alagamentos-apos-fortes-chuvas-em-salvador\/","title":{"rendered":"Moradores de Patamares sofrem com alagamentos ap\u00f3s fortes chuvas em Salvador"},"content":{"rendered":"<p>Os moradores do bairro de Patamares, mais uma vez, ficaram ilhados ap\u00f3s a forte chuva que atingiu a capital baiana na manh\u00e3 desta segunda-feira (1\u00ba). Uma das regi\u00f5es mais afetadas foi a localidade conhecida como Colina A. <\/p>\n<p>Pela Colina A, uma confeiteira passa por maus bocados. Ela declara que no local, onde abriga seu empreendimento e sua casa, os moradores ficam presos em suas resid\u00eancias por conta do alagamento na rua. Assim como os pedestres, carros tamb\u00e9m n\u00e3o passam por l\u00e1, e come\u00e7am a trafegar na contram\u00e3o. <\/p>\n<p>&#8220;S\u00f3 existe um bueiro pequeno que fica em frente a minha confeitaria e a prefeitura precisa fazer um sistema de drenagem. J\u00e1 tem tempo que luto por isso&#8221;, declara Ana Paula Veras, 52 anos, dona da confeitaria Veras Cake<\/p>\n<p>&#8220;A \u00e1gua entra toda na loja. Da confeitaria e pago todos meus impostos em dias inclusive o iptu daqui que \u00e9 car\u00edssimo&#8221;, comentou a moradora.<\/p>\n<p>De acordo com Ana Paula, o problema ocorre direto no bairro: &#8221; Na segunda-feira mandaram uma equipe e eles dessentupiram o bueiro que tava entupido mais n\u00e3o resolveu o problema ontem alagou de novo , foi um t\u00e9cnico da prefeitura e falou que teria q der feito uma via de drenagem para a regi\u00e3o e fazer outros bueiros que s\u00f3 aquele da frente da loja n\u00e3o d\u00e1 vaz\u00e3o a \u00e1gua. \u00c9 muita \u00e1gua e o bueiro \u00e9 pequeno&#8221;, comentou.<\/p>\n<p>&#8220;De semana santa pra c\u00e1 j\u00e1 e a terceira vez que acontece a \u00e1gua invadir a loja. S\u00f3 n\u00e3o e pior porque a gente coloca uma barreira para os carros n\u00e3o passarem. T\u00e1 muito dif\u00edcil a situa\u00e7\u00e3o da colina A. Os carros v\u00e3o todos na contram\u00e3o um tempo de ter um acidente fica um verdadeiro caos.&#8221;. lamentou a empres\u00e1ria. <\/p>\n<p>De acordo com a moradora, o bairro possui diversos idosos, que acabam sendo os mais prejudicados: &#8220;Tem uma casa que a senhora fica impossibilitada de sair e eles j\u00e1 s\u00e3o idosos. A gente tem que fechar a rua. Agora a gente tem q levantar a tampa da embasa p \u00e1gua evacuar, acredite&#8221;, se emocionou Ana Paula.<\/p>\n<p>&#8220;Um tempo de pegar uma doen\u00e7a. N\u00e3o tem condi\u00e7\u00f5es de passar carro se n\u00e3o a \u00e1gua entra toda na casas e na minha confeitaria.N domingo passado tive que fechar a confeitaria e na segunda feira tamb\u00e9m. A loja ficou alagada e tive que fechar fora os m\u00f3veis que s\u00e3o de madeira&#8221;, lamentou a moradora, que relatou o problema de sa\u00fade e financeiro que o alagamento est\u00e1 causando.<\/p>\n<p>&#8220;Tenho que colocar todos na cozinha metade em cima da mesa e a outra rezar p n\u00e3o molhar. Estou sendo muito prejudicada. Quero resolver meu problema sem prejudicar ningu\u00e9m,<br \/>\ntrabalho honestamente para sustentar minha fam\u00edlia. Tamb\u00e9m n\u00e3o quero meter o pau na prefeitura porque n\u00e3o sei se eles s\u00e3o culpados. Na segunda feira a prefeitura mandou uma equipe aqui passaram o dia todo fazendo o servi\u00e7o mais infelizmente n\u00e3o resolveu o problema&#8221;, finalizou Ana Paula Veras.<\/p>\n<blockquote class=\"twitter-tweet\">\n<p lang=\"pt\" dir=\"ltr\">Moradores de Patamares sofrem com alagamentos ap\u00f3s fortes chuvas em Salvador <a href=\"https:\/\/t.co\/OyeaEhm7ki\">pic.twitter.com\/OyeaEhm7ki<\/a><\/p>\n<p>&mdash; bnewsvideos (@bnewsvideos) <a href=\"https:\/\/twitter.com\/bnewsvideos\/status\/1653103752268619781?ref_src=twsrc%5Etfw\">May 1, 2023<\/a><\/p><\/blockquote>\n<p> <script async src=\"https:\/\/platform.twitter.com\/widgets.js\" charset=\"utf-8\"><\/script><\/p>\n<p>Foto Reprodu\u00e7\u00e3o\/Seguidor BNews<br \/>\nBnews<\/p>\n","protected":false},"excerpt":{"rendered":"<p>Os moradores do bairro de Patamares, mais uma vez, ficaram ilhados ap\u00f3s a forte chuva que atingiu a capital baiana<\/p>\n","protected":false},"author":1,"featured_media":5758,"comment_status":"open","ping_status":"open","sticky":false,"template":"","format":"standard","meta":{"colormag_page_container_layout":"default_layout","colormag_page_sidebar_layout":"default_layout","_FSMCFIC_featured_image_caption":"","_FSMCFIC_featured_image_nocaption":"","_FSMCFIC_featured_image_hide":"","footnotes":""},"categories":[2,1],"tags":[],"class_list":["post-5757","post","type-post","status-publish","format-standard","has-post-thumbnail","hentry","category-noticias","category-ultimas"],"yoast_head":"<!-- This site is optimized with the Yoast SEO plugin v27.1.1 - https:\/\/yoast.com\/product\/yoast-seo-wordpress\/ -->\n<title>Moradores de Patamares sofrem com alagamentos ap\u00f3s fortes chuvas em Salvador - Brasil not\u00edcias<\/title>\n<meta name=\"robots\" content=\"index, follow, max-snippet:-1, max-image-preview:large, max-video-preview:-1\" \/>\n<link rel=\"canonical\" href=\"https:\/\/brasilnoticias.org\/site\/moradores-de-patamares-sofrem-com-alagamentos-apos-fortes-chuvas-em-salvador\/\" \/>\n<meta property=\"og:locale\" content=\"pt_PT\" \/>\n<meta property=\"og:type\" content=\"article\" \/>\n<meta property=\"og:title\" content=\"Moradores de Patamares sofrem com alagamentos ap\u00f3s fortes chuvas em Salvador - Brasil not\u00edcias\" \/>\n<meta property=\"og:description\" content=\"Os moradores do bairro de Patamares, mais uma vez, ficaram ilhados ap\u00f3s a forte chuva que atingiu a capital baiana\" \/>\n<meta property=\"og:url\" content=\"https:\/\/brasilnoticias.org\/site\/moradores-de-patamares-sofrem-com-alagamentos-apos-fortes-chuvas-em-salvador\/\" \/>\n<meta property=\"og:site_name\" content=\"Brasil not\u00edcias\" \/>\n<meta property=\"article:published_time\" content=\"2023-05-02T09:20:52+00:00\" \/>\n<meta property=\"og:image\" content=\"https:\/\/brasilnoticias.org\/site\/wp-content\/uploads\/2023\/05\/capa_para_o_site__63_widelg.webp\" \/>\n\t<meta property=\"og:image:width\" content=\"800\" \/>\n\t<meta property=\"og:image:height\" content=\"450\" \/>\n\t<meta property=\"og:image:type\" content=\"image\/webp\" \/>\n<meta name=\"author\" content=\"Reda\u00e7\u00e3o\" \/>\n<meta name=\"twitter:card\" content=\"summary_large_image\" \/>\n<meta name=\"twitter:label1\" content=\"Escrito por\" \/>\n\t<meta name=\"twitter:data1\" content=\"Reda\u00e7\u00e3o\" \/>\n<script type=\"application\/ld+json\" class=\"yoast-schema-graph\">{\"@context\":\"https:\/\/schema.org\",\"@graph\":[{\"@type\":\"Article\",\"@id\":\"https:\/\/brasilnoticias.org\/site\/moradores-de-patamares-sofrem-com-alagamentos-apos-fortes-chuvas-em-salvador\/#article\",\"isPartOf\":{\"@id\":\"https:\/\/brasilnoticias.org\/site\/moradores-de-patamares-sofrem-com-alagamentos-apos-fortes-chuvas-em-salvador\/\"},\"author\":{\"name\":\"Reda\u00e7\u00e3o\",\"@id\":\"https:\/\/brasilnoticias.org\/site\/#\/schema\/person\/a0e05b973ec4d15c658d51911e53507b\"},\"headline\":\"Moradores de Patamares sofrem com alagamentos ap\u00f3s fortes chuvas em Salvador\",\"datePublished\":\"2023-05-02T09:20:52+00:00\",\"mainEntityOfPage\":{\"@id\":\"https:\/\/brasilnoticias.org\/site\/moradores-de-patamares-sofrem-com-alagamentos-apos-fortes-chuvas-em-salvador\/\"},\"wordCount\":559,\"commentCount\":0,\"publisher\":{\"@id\":\"https:\/\/brasilnoticias.org\/site\/#organization\"},\"image\":{\"@id\":\"https:\/\/brasilnoticias.org\/site\/moradores-de-patamares-sofrem-com-alagamentos-apos-fortes-chuvas-em-salvador\/#primaryimage\"},\"thumbnailUrl\":\"https:\/\/brasilnoticias.org\/site\/wp-content\/uploads\/2023\/05\/capa_para_o_site__63_widelg.webp\",\"articleSection\":[\"Not\u00edcias\",\"\u00daltimas\"],\"inLanguage\":\"pt-PT\",\"potentialAction\":[{\"@type\":\"CommentAction\",\"name\":\"Comment\",\"target\":[\"https:\/\/brasilnoticias.org\/site\/moradores-de-patamares-sofrem-com-alagamentos-apos-fortes-chuvas-em-salvador\/#respond\"]}]},{\"@type\":\"WebPage\",\"@id\":\"https:\/\/brasilnoticias.org\/site\/moradores-de-patamares-sofrem-com-alagamentos-apos-fortes-chuvas-em-salvador\/\",\"url\":\"https:\/\/brasilnoticias.org\/site\/moradores-de-patamares-sofrem-com-alagamentos-apos-fortes-chuvas-em-salvador\/\",\"name\":\"Moradores de Patamares sofrem com alagamentos ap\u00f3s fortes chuvas em Salvador - Brasil not\u00edcias\",\"isPartOf\":{\"@id\":\"https:\/\/brasilnoticias.org\/site\/#website\"},\"primaryImageOfPage\":{\"@id\":\"https:\/\/brasilnoticias.org\/site\/moradores-de-patamares-sofrem-com-alagamentos-apos-fortes-chuvas-em-salvador\/#primaryimage\"},\"image\":{\"@id\":\"https:\/\/brasilnoticias.org\/site\/moradores-de-patamares-sofrem-com-alagamentos-apos-fortes-chuvas-em-salvador\/#primaryimage\"},\"thumbnailUrl\":\"https:\/\/brasilnoticias.org\/site\/wp-content\/uploads\/2023\/05\/capa_para_o_site__63_widelg.webp\",\"datePublished\":\"2023-05-02T09:20:52+00:00\",\"breadcrumb\":{\"@id\":\"https:\/\/brasilnoticias.org\/site\/moradores-de-patamares-sofrem-com-alagamentos-apos-fortes-chuvas-em-salvador\/#breadcrumb\"},\"inLanguage\":\"pt-PT\",\"potentialAction\":[{\"@type\":\"ReadAction\",\"target\":[\"https:\/\/brasilnoticias.org\/site\/moradores-de-patamares-sofrem-com-alagamentos-apos-fortes-chuvas-em-salvador\/\"]}]},{\"@type\":\"ImageObject\",\"inLanguage\":\"pt-PT\",\"@id\":\"https:\/\/brasilnoticias.org\/site\/moradores-de-patamares-sofrem-com-alagamentos-apos-fortes-chuvas-em-salvador\/#primaryimage\",\"url\":\"https:\/\/brasilnoticias.org\/site\/wp-content\/uploads\/2023\/05\/capa_para_o_site__63_widelg.webp\",\"contentUrl\":\"https:\/\/brasilnoticias.org\/site\/wp-content\/uploads\/2023\/05\/capa_para_o_site__63_widelg.webp\",\"width\":800,\"height\":450},{\"@type\":\"BreadcrumbList\",\"@id\":\"https:\/\/brasilnoticias.org\/site\/moradores-de-patamares-sofrem-com-alagamentos-apos-fortes-chuvas-em-salvador\/#breadcrumb\",\"itemListElement\":[{\"@type\":\"ListItem\",\"position\":1,\"name\":\"In\u00edcio\",\"item\":\"https:\/\/brasilnoticias.org\/site\/\"},{\"@type\":\"ListItem\",\"position\":2,\"name\":\"Moradores de Patamares sofrem com alagamentos ap\u00f3s fortes chuvas em Salvador\"}]},{\"@type\":\"WebSite\",\"@id\":\"https:\/\/brasilnoticias.org\/site\/#website\",\"url\":\"https:\/\/brasilnoticias.org\/site\/\",\"name\":\"Brasil not\u00edcias\",\"description\":\"Brasil not\u00edcias\",\"publisher\":{\"@id\":\"https:\/\/brasilnoticias.org\/site\/#organization\"},\"potentialAction\":[{\"@type\":\"SearchAction\",\"target\":{\"@type\":\"EntryPoint\",\"urlTemplate\":\"https:\/\/brasilnoticias.org\/site\/?s={search_term_string}\"},\"query-input\":{\"@type\":\"PropertyValueSpecification\",\"valueRequired\":true,\"valueName\":\"search_term_string\"}}],\"inLanguage\":\"pt-PT\"},{\"@type\":\"Organization\",\"@id\":\"https:\/\/brasilnoticias.org\/site\/#organization\",\"name\":\"Brasil not\u00edcias\",\"url\":\"https:\/\/brasilnoticias.org\/site\/\",\"logo\":{\"@type\":\"ImageObject\",\"inLanguage\":\"pt-PT\",\"@id\":\"https:\/\/brasilnoticias.org\/site\/#\/schema\/logo\/image\/\",\"url\":\"https:\/\/brasilnoticias.org\/site\/wp-content\/uploads\/2022\/05\/cropped-brasilnoticias-mini.jpg\",\"contentUrl\":\"https:\/\/brasilnoticias.org\/site\/wp-content\/uploads\/2022\/05\/cropped-brasilnoticias-mini.jpg\",\"width\":314,\"height\":86,\"caption\":\"Brasil not\u00edcias\"},\"image\":{\"@id\":\"https:\/\/brasilnoticias.org\/site\/#\/schema\/logo\/image\/\"}},{\"@type\":\"Person\",\"@id\":\"https:\/\/brasilnoticias.org\/site\/#\/schema\/person\/a0e05b973ec4d15c658d51911e53507b\",\"name\":\"Reda\u00e7\u00e3o\",\"image\":{\"@type\":\"ImageObject\",\"inLanguage\":\"pt-PT\",\"@id\":\"https:\/\/brasilnoticias.org\/site\/#\/schema\/person\/image\/\",\"url\":\"https:\/\/secure.gravatar.com\/avatar\/75d8b050df2de108b08ae78dfb8e374892df24a383c67db9c46a9c604f6aee9c?s=96&d=mm&r=g\",\"contentUrl\":\"https:\/\/secure.gravatar.com\/avatar\/75d8b050df2de108b08ae78dfb8e374892df24a383c67db9c46a9c604f6aee9c?s=96&d=mm&r=g\",\"caption\":\"Reda\u00e7\u00e3o\"},\"sameAs\":[\"https:\/\/brasilnoticias.org\/site\"],\"url\":\"https:\/\/brasilnoticias.org\/site\/author\/fernandozsngmail-com\/\"}]}<\/script>\n<!-- \/ Yoast SEO plugin. -->","yoast_head_json":{"title":"Moradores de Patamares sofrem com alagamentos ap\u00f3s fortes chuvas em Salvador - Brasil not\u00edcias","robots":{"index":"index","follow":"follow","max-snippet":"max-snippet:-1","max-image-preview":"max-image-preview:large","max-video-preview":"max-video-preview:-1"},"canonical":"https:\/\/brasilnoticias.org\/site\/moradores-de-patamares-sofrem-com-alagamentos-apos-fortes-chuvas-em-salvador\/","og_locale":"pt_PT","og_type":"article","og_title":"Moradores de Patamares sofrem com alagamentos ap\u00f3s fortes chuvas em Salvador - Brasil not\u00edcias","og_description":"Os moradores do bairro de Patamares, mais uma vez, ficaram ilhados ap\u00f3s a forte chuva que atingiu a capital baiana","og_url":"https:\/\/brasilnoticias.org\/site\/moradores-de-patamares-sofrem-com-alagamentos-apos-fortes-chuvas-em-salvador\/","og_site_name":"Brasil not\u00edcias","article_published_time":"2023-05-02T09:20:52+00:00","og_image":[{"width":800,"height":450,"url":"https:\/\/brasilnoticias.org\/site\/wp-content\/uploads\/2023\/05\/capa_para_o_site__63_widelg.webp","type":"image\/webp"}],"author":"Reda\u00e7\u00e3o","twitter_card":"summary_large_image","twitter_misc":{"Escrito por":"Reda\u00e7\u00e3o"},"schema":{"@context":"https:\/\/schema.org","@graph":[{"@type":"Article","@id":"https:\/\/brasilnoticias.org\/site\/moradores-de-patamares-sofrem-com-alagamentos-apos-fortes-chuvas-em-salvador\/#article","isPartOf":{"@id":"https:\/\/brasilnoticias.org\/site\/moradores-de-patamares-sofrem-com-alagamentos-apos-fortes-chuvas-em-salvador\/"},"author":{"name":"Reda\u00e7\u00e3o","@id":"https:\/\/brasilnoticias.org\/site\/#\/schema\/person\/a0e05b973ec4d15c658d51911e53507b"},"headline":"Moradores de Patamares sofrem com alagamentos ap\u00f3s fortes chuvas em Salvador","datePublished":"2023-05-02T09:20:52+00:00","mainEntityOfPage":{"@id":"https:\/\/brasilnoticias.org\/site\/moradores-de-patamares-sofrem-com-alagamentos-apos-fortes-chuvas-em-salvador\/"},"wordCount":559,"commentCount":0,"publisher":{"@id":"https:\/\/brasilnoticias.org\/site\/#organization"},"image":{"@id":"https:\/\/brasilnoticias.org\/site\/moradores-de-patamares-sofrem-com-alagamentos-apos-fortes-chuvas-em-salvador\/#primaryimage"},"thumbnailUrl":"https:\/\/brasilnoticias.org\/site\/wp-content\/uploads\/2023\/05\/capa_para_o_site__63_widelg.webp","articleSection":["Not\u00edcias","\u00daltimas"],"inLanguage":"pt-PT","potentialAction":[{"@type":"CommentAction","name":"Comment","target":["https:\/\/brasilnoticias.org\/site\/moradores-de-patamares-sofrem-com-alagamentos-apos-fortes-chuvas-em-salvador\/#respond"]}]},{"@type":"WebPage","@id":"https:\/\/brasilnoticias.org\/site\/moradores-de-patamares-sofrem-com-alagamentos-apos-fortes-chuvas-em-salvador\/","url":"https:\/\/brasilnoticias.org\/site\/moradores-de-patamares-sofrem-com-alagamentos-apos-fortes-chuvas-em-salvador\/","name":"Moradores de Patamares sofrem com alagamentos ap\u00f3s fortes chuvas em Salvador - Brasil not\u00edcias","isPartOf":{"@id":"https:\/\/brasilnoticias.org\/site\/#website"},"primaryImageOfPage":{"@id":"https:\/\/brasilnoticias.org\/site\/moradores-de-patamares-sofrem-com-alagamentos-apos-fortes-chuvas-em-salvador\/#primaryimage"},"image":{"@id":"https:\/\/brasilnoticias.org\/site\/moradores-de-patamares-sofrem-com-alagamentos-apos-fortes-chuvas-em-salvador\/#primaryimage"},"thumbnailUrl":"https:\/\/brasilnoticias.org\/site\/wp-content\/uploads\/2023\/05\/capa_para_o_site__63_widelg.webp","datePublished":"2023-05-02T09:20:52+00:00","breadcrumb":{"@id":"https:\/\/brasilnoticias.org\/site\/moradores-de-patamares-sofrem-com-alagamentos-apos-fortes-chuvas-em-salvador\/#breadcrumb"},"inLanguage":"pt-PT","potentialAction":[{"@type":"ReadAction","target":["https:\/\/brasilnoticias.org\/site\/moradores-de-patamares-sofrem-com-alagamentos-apos-fortes-chuvas-em-salvador\/"]}]},{"@type":"ImageObject","inLanguage":"pt-PT","@id":"https:\/\/brasilnoticias.org\/site\/moradores-de-patamares-sofrem-com-alagamentos-apos-fortes-chuvas-em-salvador\/#primaryimage","url":"https:\/\/brasilnoticias.org\/site\/wp-content\/uploads\/2023\/05\/capa_para_o_site__63_widelg.webp","contentUrl":"https:\/\/brasilnoticias.org\/site\/wp-content\/uploads\/2023\/05\/capa_para_o_site__63_widelg.webp","width":800,"height":450},{"@type":"BreadcrumbList","@id":"https:\/\/brasilnoticias.org\/site\/moradores-de-patamares-sofrem-com-alagamentos-apos-fortes-chuvas-em-salvador\/#breadcrumb","itemListElement":[{"@type":"ListItem","position":1,"name":"In\u00edcio","item":"https:\/\/brasilnoticias.org\/site\/"},{"@type":"ListItem","position":2,"name":"Moradores de Patamares sofrem com alagamentos ap\u00f3s fortes chuvas em Salvador"}]},{"@type":"WebSite","@id":"https:\/\/brasilnoticias.org\/site\/#website","url":"https:\/\/brasilnoticias.org\/site\/","name":"Brasil not\u00edcias","description":"Brasil not\u00edcias","publisher":{"@id":"https:\/\/brasilnoticias.org\/site\/#organization"},"potentialAction":[{"@type":"SearchAction","target":{"@type":"EntryPoint","urlTemplate":"https:\/\/brasilnoticias.org\/site\/?s={search_term_string}"},"query-input":{"@type":"PropertyValueSpecification","valueRequired":true,"valueName":"search_term_string"}}],"inLanguage":"pt-PT"},{"@type":"Organization","@id":"https:\/\/brasilnoticias.org\/site\/#organization","name":"Brasil not\u00edcias","url":"https:\/\/brasilnoticias.org\/site\/","logo":{"@type":"ImageObject","inLanguage":"pt-PT","@id":"https:\/\/brasilnoticias.org\/site\/#\/schema\/logo\/image\/","url":"https:\/\/brasilnoticias.org\/site\/wp-content\/uploads\/2022\/05\/cropped-brasilnoticias-mini.jpg","contentUrl":"https:\/\/brasilnoticias.org\/site\/wp-content\/uploads\/2022\/05\/cropped-brasilnoticias-mini.jpg","width":314,"height":86,"caption":"Brasil not\u00edcias"},"image":{"@id":"https:\/\/brasilnoticias.org\/site\/#\/schema\/logo\/image\/"}},{"@type":"Person","@id":"https:\/\/brasilnoticias.org\/site\/#\/schema\/person\/a0e05b973ec4d15c658d51911e53507b","name":"Reda\u00e7\u00e3o","image":{"@type":"ImageObject","inLanguage":"pt-PT","@id":"https:\/\/brasilnoticias.org\/site\/#\/schema\/person\/image\/","url":"https:\/\/secure.gravatar.com\/avatar\/75d8b050df2de108b08ae78dfb8e374892df24a383c67db9c46a9c604f6aee9c?s=96&d=mm&r=g","contentUrl":"https:\/\/secure.gravatar.com\/avatar\/75d8b050df2de108b08ae78dfb8e374892df24a383c67db9c46a9c604f6aee9c?s=96&d=mm&r=g","caption":"Reda\u00e7\u00e3o"},"sameAs":["https:\/\/brasilnoticias.org\/site"],"url":"https:\/\/brasilnoticias.org\/site\/author\/fernandozsngmail-com\/"}]}},"_links":{"self":[{"href":"https:\/\/brasilnoticias.org\/site\/wp-json\/wp\/v2\/posts\/5757","targetHints":{"allow":["GET"]}}],"collection":[{"href":"https:\/\/brasilnoticias.org\/site\/wp-json\/wp\/v2\/posts"}],"about":[{"href":"https:\/\/brasilnoticias.org\/site\/wp-json\/wp\/v2\/types\/post"}],"author":[{"embeddable":true,"href":"https:\/\/brasilnoticias.org\/site\/wp-json\/wp\/v2\/users\/1"}],"replies":[{"embeddable":true,"href":"https:\/\/brasilnoticias.org\/site\/wp-json\/wp\/v2\/comments?post=5757"}],"version-history":[{"count":1,"href":"https:\/\/brasilnoticias.org\/site\/wp-json\/wp\/v2\/posts\/5757\/revisions"}],"predecessor-version":[{"id":5759,"href":"https:\/\/brasilnoticias.org\/site\/wp-json\/wp\/v2\/posts\/5757\/revisions\/5759"}],"wp:featuredmedia":[{"embeddable":true,"href":"https:\/\/brasilnoticias.org\/site\/wp-json\/wp\/v2\/media\/5758"}],"wp:attachment":[{"href":"https:\/\/brasilnoticias.org\/site\/wp-json\/wp\/v2\/media?parent=5757"}],"wp:term":[{"taxonomy":"category","embeddable":true,"href":"https:\/\/brasilnoticias.org\/site\/wp-json\/wp\/v2\/categories?post=5757"},{"taxonomy":"post_tag","embeddable":true,"href":"https:\/\/brasilnoticias.org\/site\/wp-json\/wp\/v2\/tags?post=5757"}],"curies":[{"name":"wp","href":"https:\/\/api.w.org\/{rel}","templated":true}]}}