{"id":5766,"date":"2023-05-02T18:00:22","date_gmt":"2023-05-02T21:00:22","guid":{"rendered":"https:\/\/brasilnoticias.org\/site\/?p=5766"},"modified":"2023-05-02T10:41:34","modified_gmt":"2023-05-02T13:41:34","slug":"carro-fica-ilhado-e-pistas-inundadas-durante-chuva-forte-em-alagoinhas","status":"publish","type":"post","link":"https:\/\/brasilnoticias.org\/site\/carro-fica-ilhado-e-pistas-inundadas-durante-chuva-forte-em-alagoinhas\/","title":{"rendered":"Carro fica ilhado e pistas inundadas durante chuva forte em Alagoinhas"},"content":{"rendered":"<p>Fortes chuvas marcaram o feriado do Dia dos Trabalhadores, nesta segunda-feira (1\u00ba), na cidade de Alagoinhas, a cerca de 120km de Salvador. Diversos pontos da cidade ficaram alagados.<\/p>\n<p>Em imagens registradas por moradores, \u00e9 poss\u00edvel ver um carro ilhado durante o temporal. No centro comercial da cidade as ruas ficaram inundadas, o que dificultou o fluxo de pedestres e ve\u00edculos.<\/p>\n<p>De acordo com a Defesa Civil de Alagoinhas, choveu por cerca de uma hora na cidade, mas a \u00e1gua j\u00e1 escoou na maioria dos pontos. O \u00f3rg\u00e3o informou ainda que verifica o que pode ser realizado para amenizar os danos, e n\u00e3o h\u00e1 informa\u00e7\u00f5es de feridos ou desalojados.<\/p>\n<p>De acordo com a Defesa Civil de Alagoinhas, choveu por cerca de uma hora na cidade, mas a \u00e1gua j\u00e1 escoou na maioria dos pontos. O \u00f3rg\u00e3o informou ainda que verifica o que pode ser realizado para amenizar os danos, e n\u00e3o h\u00e1 informa\u00e7\u00f5es de feridos ou desalojados.<\/p>\n<p>Chuvas na regi\u00e3o metropolitana<br \/>\nAs cidades de S\u00e3o Francisco do Conde e Candeias, ambas na Regi\u00e3o Metropolitana de Salvador, registraram alagamentos em diversas ruas no domingo (30), por causa da chuva forte.<\/p>\n<p>Em S\u00e3o Francisco do Conde, moradores informaram que al\u00e9m das ruas alagadas, casas foram invadidas pela \u00e1gua e por lama. A Defesa Civil da cidade confirmou que a chuva no munic\u00edpio, mas ainda n\u00e3o detalhou os preju\u00edzos.<\/p>\n<p>Por meio de nota divulgada nesta segunda-feira (1\u00ba), a prefeitura se solidarizou com as fam\u00edlias atingidas e informou que uma for\u00e7a tarefa com equipes da Defesa Civil, Secretarias de Infraestrutura e Meio Ambiente (SEINFMA) e Secretaria de Desenvolvimento Social (SEDES), est\u00e3o atuando para acolhimento, atendimento e apoio \u00e0 popula\u00e7\u00e3o.<\/p>\n<p>Ainda segundo a nota, 28 ocorr\u00eancias foram registradas e tr\u00eas fam\u00edlias retiradas das resid\u00eancias por identifica\u00e7\u00e3o de problemas estruturais nos im\u00f3veis. As fam\u00edlias escolheram ir para casas de parentes. Cestas b\u00e1sicas e colch\u00f5es est\u00e3o sendo distribu\u00eddos para a popula\u00e7\u00e3o.<\/p>\n<p>Em Candeias, cidade a cerca de 20 km de S\u00e3o Francisco do Conde, al\u00e9m dos alagamentos, a for\u00e7a da \u00e1gua arrastou os paralelep\u00edpedos do cal\u00e7amento de uma rua no bairro Malemb\u00e1.<\/p>\n<p>No Conjunto Santa Cruz, pr\u00f3ximo ao Complexo Esportivo do Malemb\u00e1, diversas casas foram invadidas pela enxurrada. A Defesa Civil de Candeias tamb\u00e9m n\u00e3o tem detalhes dos preju\u00edzos causados na cidade por causa da chuva.<\/p>\n<p>Foto: TV Suba\u00e9<br \/>\nG1 <\/p>\n","protected":false},"excerpt":{"rendered":"<p>Fortes chuvas marcaram o feriado do Dia dos Trabalhadores, nesta segunda-feira (1\u00ba), na cidade de Alagoinhas, a cerca de 120km<\/p>\n","protected":false},"author":1,"featured_media":5767,"comment_status":"open","ping_status":"open","sticky":false,"template":"","format":"standard","meta":{"colormag_page_container_layout":"default_layout","colormag_page_sidebar_layout":"default_layout","_FSMCFIC_featured_image_caption":"","_FSMCFIC_featured_image_nocaption":"","_FSMCFIC_featured_image_hide":"","footnotes":""},"categories":[2,1],"tags":[],"class_list":["post-5766","post","type-post","status-publish","format-standard","has-post-thumbnail","hentry","category-noticias","category-ultimas"],"yoast_head":"<!-- This site is optimized with the Yoast SEO plugin v27.1.1 - https:\/\/yoast.com\/product\/yoast-seo-wordpress\/ -->\n<title>Carro fica ilhado e pistas inundadas durante chuva forte em Alagoinhas - Brasil not\u00edcias<\/title>\n<meta name=\"robots\" content=\"index, follow, max-snippet:-1, max-image-preview:large, max-video-preview:-1\" \/>\n<link rel=\"canonical\" href=\"https:\/\/brasilnoticias.org\/site\/carro-fica-ilhado-e-pistas-inundadas-durante-chuva-forte-em-alagoinhas\/\" \/>\n<meta property=\"og:locale\" content=\"pt_PT\" \/>\n<meta property=\"og:type\" content=\"article\" \/>\n<meta property=\"og:title\" content=\"Carro fica ilhado e pistas inundadas durante chuva forte em Alagoinhas - Brasil not\u00edcias\" \/>\n<meta property=\"og:description\" content=\"Fortes chuvas marcaram o feriado do Dia dos Trabalhadores, nesta segunda-feira (1\u00ba), na cidade de Alagoinhas, a cerca de 120km\" \/>\n<meta property=\"og:url\" content=\"https:\/\/brasilnoticias.org\/site\/carro-fica-ilhado-e-pistas-inundadas-durante-chuva-forte-em-alagoinhas\/\" \/>\n<meta property=\"og:site_name\" content=\"Brasil not\u00edcias\" \/>\n<meta property=\"article:published_time\" content=\"2023-05-02T21:00:22+00:00\" \/>\n<meta property=\"og:image\" content=\"https:\/\/brasilnoticias.org\/site\/wp-content\/uploads\/2023\/05\/novo-projeto-2023-05-01t210121.227.webp\" \/>\n\t<meta property=\"og:image:width\" content=\"640\" \/>\n\t<meta property=\"og:image:height\" content=\"416\" \/>\n\t<meta property=\"og:image:type\" content=\"image\/webp\" \/>\n<meta name=\"author\" content=\"Reda\u00e7\u00e3o\" \/>\n<meta name=\"twitter:card\" content=\"summary_large_image\" \/>\n<meta name=\"twitter:label1\" content=\"Escrito por\" \/>\n\t<meta name=\"twitter:data1\" content=\"Reda\u00e7\u00e3o\" \/>\n<script type=\"application\/ld+json\" class=\"yoast-schema-graph\">{\"@context\":\"https:\/\/schema.org\",\"@graph\":[{\"@type\":\"Article\",\"@id\":\"https:\/\/brasilnoticias.org\/site\/carro-fica-ilhado-e-pistas-inundadas-durante-chuva-forte-em-alagoinhas\/#article\",\"isPartOf\":{\"@id\":\"https:\/\/brasilnoticias.org\/site\/carro-fica-ilhado-e-pistas-inundadas-durante-chuva-forte-em-alagoinhas\/\"},\"author\":{\"name\":\"Reda\u00e7\u00e3o\",\"@id\":\"https:\/\/brasilnoticias.org\/site\/#\/schema\/person\/a0e05b973ec4d15c658d51911e53507b\"},\"headline\":\"Carro fica ilhado e pistas inundadas durante chuva forte em Alagoinhas\",\"datePublished\":\"2023-05-02T21:00:22+00:00\",\"mainEntityOfPage\":{\"@id\":\"https:\/\/brasilnoticias.org\/site\/carro-fica-ilhado-e-pistas-inundadas-durante-chuva-forte-em-alagoinhas\/\"},\"wordCount\":427,\"commentCount\":0,\"publisher\":{\"@id\":\"https:\/\/brasilnoticias.org\/site\/#organization\"},\"image\":{\"@id\":\"https:\/\/brasilnoticias.org\/site\/carro-fica-ilhado-e-pistas-inundadas-durante-chuva-forte-em-alagoinhas\/#primaryimage\"},\"thumbnailUrl\":\"https:\/\/brasilnoticias.org\/site\/wp-content\/uploads\/2023\/05\/novo-projeto-2023-05-01t210121.227.webp\",\"articleSection\":[\"Not\u00edcias\",\"\u00daltimas\"],\"inLanguage\":\"pt-PT\",\"potentialAction\":[{\"@type\":\"CommentAction\",\"name\":\"Comment\",\"target\":[\"https:\/\/brasilnoticias.org\/site\/carro-fica-ilhado-e-pistas-inundadas-durante-chuva-forte-em-alagoinhas\/#respond\"]}]},{\"@type\":\"WebPage\",\"@id\":\"https:\/\/brasilnoticias.org\/site\/carro-fica-ilhado-e-pistas-inundadas-durante-chuva-forte-em-alagoinhas\/\",\"url\":\"https:\/\/brasilnoticias.org\/site\/carro-fica-ilhado-e-pistas-inundadas-durante-chuva-forte-em-alagoinhas\/\",\"name\":\"Carro fica ilhado e pistas inundadas durante chuva forte em Alagoinhas - Brasil not\u00edcias\",\"isPartOf\":{\"@id\":\"https:\/\/brasilnoticias.org\/site\/#website\"},\"primaryImageOfPage\":{\"@id\":\"https:\/\/brasilnoticias.org\/site\/carro-fica-ilhado-e-pistas-inundadas-durante-chuva-forte-em-alagoinhas\/#primaryimage\"},\"image\":{\"@id\":\"https:\/\/brasilnoticias.org\/site\/carro-fica-ilhado-e-pistas-inundadas-durante-chuva-forte-em-alagoinhas\/#primaryimage\"},\"thumbnailUrl\":\"https:\/\/brasilnoticias.org\/site\/wp-content\/uploads\/2023\/05\/novo-projeto-2023-05-01t210121.227.webp\",\"datePublished\":\"2023-05-02T21:00:22+00:00\",\"breadcrumb\":{\"@id\":\"https:\/\/brasilnoticias.org\/site\/carro-fica-ilhado-e-pistas-inundadas-durante-chuva-forte-em-alagoinhas\/#breadcrumb\"},\"inLanguage\":\"pt-PT\",\"potentialAction\":[{\"@type\":\"ReadAction\",\"target\":[\"https:\/\/brasilnoticias.org\/site\/carro-fica-ilhado-e-pistas-inundadas-durante-chuva-forte-em-alagoinhas\/\"]}]},{\"@type\":\"ImageObject\",\"inLanguage\":\"pt-PT\",\"@id\":\"https:\/\/brasilnoticias.org\/site\/carro-fica-ilhado-e-pistas-inundadas-durante-chuva-forte-em-alagoinhas\/#primaryimage\",\"url\":\"https:\/\/brasilnoticias.org\/site\/wp-content\/uploads\/2023\/05\/novo-projeto-2023-05-01t210121.227.webp\",\"contentUrl\":\"https:\/\/brasilnoticias.org\/site\/wp-content\/uploads\/2023\/05\/novo-projeto-2023-05-01t210121.227.webp\",\"width\":640,\"height\":416},{\"@type\":\"BreadcrumbList\",\"@id\":\"https:\/\/brasilnoticias.org\/site\/carro-fica-ilhado-e-pistas-inundadas-durante-chuva-forte-em-alagoinhas\/#breadcrumb\",\"itemListElement\":[{\"@type\":\"ListItem\",\"position\":1,\"name\":\"In\u00edcio\",\"item\":\"https:\/\/brasilnoticias.org\/site\/\"},{\"@type\":\"ListItem\",\"position\":2,\"name\":\"Carro fica ilhado e pistas inundadas durante chuva forte em Alagoinhas\"}]},{\"@type\":\"WebSite\",\"@id\":\"https:\/\/brasilnoticias.org\/site\/#website\",\"url\":\"https:\/\/brasilnoticias.org\/site\/\",\"name\":\"Brasil not\u00edcias\",\"description\":\"Brasil not\u00edcias\",\"publisher\":{\"@id\":\"https:\/\/brasilnoticias.org\/site\/#organization\"},\"potentialAction\":[{\"@type\":\"SearchAction\",\"target\":{\"@type\":\"EntryPoint\",\"urlTemplate\":\"https:\/\/brasilnoticias.org\/site\/?s={search_term_string}\"},\"query-input\":{\"@type\":\"PropertyValueSpecification\",\"valueRequired\":true,\"valueName\":\"search_term_string\"}}],\"inLanguage\":\"pt-PT\"},{\"@type\":\"Organization\",\"@id\":\"https:\/\/brasilnoticias.org\/site\/#organization\",\"name\":\"Brasil not\u00edcias\",\"url\":\"https:\/\/brasilnoticias.org\/site\/\",\"logo\":{\"@type\":\"ImageObject\",\"inLanguage\":\"pt-PT\",\"@id\":\"https:\/\/brasilnoticias.org\/site\/#\/schema\/logo\/image\/\",\"url\":\"https:\/\/brasilnoticias.org\/site\/wp-content\/uploads\/2022\/05\/cropped-brasilnoticias-mini.jpg\",\"contentUrl\":\"https:\/\/brasilnoticias.org\/site\/wp-content\/uploads\/2022\/05\/cropped-brasilnoticias-mini.jpg\",\"width\":314,\"height\":86,\"caption\":\"Brasil not\u00edcias\"},\"image\":{\"@id\":\"https:\/\/brasilnoticias.org\/site\/#\/schema\/logo\/image\/\"}},{\"@type\":\"Person\",\"@id\":\"https:\/\/brasilnoticias.org\/site\/#\/schema\/person\/a0e05b973ec4d15c658d51911e53507b\",\"name\":\"Reda\u00e7\u00e3o\",\"image\":{\"@type\":\"ImageObject\",\"inLanguage\":\"pt-PT\",\"@id\":\"https:\/\/brasilnoticias.org\/site\/#\/schema\/person\/image\/\",\"url\":\"https:\/\/secure.gravatar.com\/avatar\/75d8b050df2de108b08ae78dfb8e374892df24a383c67db9c46a9c604f6aee9c?s=96&d=mm&r=g\",\"contentUrl\":\"https:\/\/secure.gravatar.com\/avatar\/75d8b050df2de108b08ae78dfb8e374892df24a383c67db9c46a9c604f6aee9c?s=96&d=mm&r=g\",\"caption\":\"Reda\u00e7\u00e3o\"},\"sameAs\":[\"https:\/\/brasilnoticias.org\/site\"],\"url\":\"https:\/\/brasilnoticias.org\/site\/author\/fernandozsngmail-com\/\"}]}<\/script>\n<!-- \/ Yoast SEO plugin. -->","yoast_head_json":{"title":"Carro fica ilhado e pistas inundadas durante chuva forte em Alagoinhas - Brasil not\u00edcias","robots":{"index":"index","follow":"follow","max-snippet":"max-snippet:-1","max-image-preview":"max-image-preview:large","max-video-preview":"max-video-preview:-1"},"canonical":"https:\/\/brasilnoticias.org\/site\/carro-fica-ilhado-e-pistas-inundadas-durante-chuva-forte-em-alagoinhas\/","og_locale":"pt_PT","og_type":"article","og_title":"Carro fica ilhado e pistas inundadas durante chuva forte em Alagoinhas - Brasil not\u00edcias","og_description":"Fortes chuvas marcaram o feriado do Dia dos Trabalhadores, nesta segunda-feira (1\u00ba), na cidade de Alagoinhas, a cerca de 120km","og_url":"https:\/\/brasilnoticias.org\/site\/carro-fica-ilhado-e-pistas-inundadas-durante-chuva-forte-em-alagoinhas\/","og_site_name":"Brasil not\u00edcias","article_published_time":"2023-05-02T21:00:22+00:00","og_image":[{"width":640,"height":416,"url":"https:\/\/brasilnoticias.org\/site\/wp-content\/uploads\/2023\/05\/novo-projeto-2023-05-01t210121.227.webp","type":"image\/webp"}],"author":"Reda\u00e7\u00e3o","twitter_card":"summary_large_image","twitter_misc":{"Escrito por":"Reda\u00e7\u00e3o"},"schema":{"@context":"https:\/\/schema.org","@graph":[{"@type":"Article","@id":"https:\/\/brasilnoticias.org\/site\/carro-fica-ilhado-e-pistas-inundadas-durante-chuva-forte-em-alagoinhas\/#article","isPartOf":{"@id":"https:\/\/brasilnoticias.org\/site\/carro-fica-ilhado-e-pistas-inundadas-durante-chuva-forte-em-alagoinhas\/"},"author":{"name":"Reda\u00e7\u00e3o","@id":"https:\/\/brasilnoticias.org\/site\/#\/schema\/person\/a0e05b973ec4d15c658d51911e53507b"},"headline":"Carro fica ilhado e pistas inundadas durante chuva forte em Alagoinhas","datePublished":"2023-05-02T21:00:22+00:00","mainEntityOfPage":{"@id":"https:\/\/brasilnoticias.org\/site\/carro-fica-ilhado-e-pistas-inundadas-durante-chuva-forte-em-alagoinhas\/"},"wordCount":427,"commentCount":0,"publisher":{"@id":"https:\/\/brasilnoticias.org\/site\/#organization"},"image":{"@id":"https:\/\/brasilnoticias.org\/site\/carro-fica-ilhado-e-pistas-inundadas-durante-chuva-forte-em-alagoinhas\/#primaryimage"},"thumbnailUrl":"https:\/\/brasilnoticias.org\/site\/wp-content\/uploads\/2023\/05\/novo-projeto-2023-05-01t210121.227.webp","articleSection":["Not\u00edcias","\u00daltimas"],"inLanguage":"pt-PT","potentialAction":[{"@type":"CommentAction","name":"Comment","target":["https:\/\/brasilnoticias.org\/site\/carro-fica-ilhado-e-pistas-inundadas-durante-chuva-forte-em-alagoinhas\/#respond"]}]},{"@type":"WebPage","@id":"https:\/\/brasilnoticias.org\/site\/carro-fica-ilhado-e-pistas-inundadas-durante-chuva-forte-em-alagoinhas\/","url":"https:\/\/brasilnoticias.org\/site\/carro-fica-ilhado-e-pistas-inundadas-durante-chuva-forte-em-alagoinhas\/","name":"Carro fica ilhado e pistas inundadas durante chuva forte em Alagoinhas - Brasil not\u00edcias","isPartOf":{"@id":"https:\/\/brasilnoticias.org\/site\/#website"},"primaryImageOfPage":{"@id":"https:\/\/brasilnoticias.org\/site\/carro-fica-ilhado-e-pistas-inundadas-durante-chuva-forte-em-alagoinhas\/#primaryimage"},"image":{"@id":"https:\/\/brasilnoticias.org\/site\/carro-fica-ilhado-e-pistas-inundadas-durante-chuva-forte-em-alagoinhas\/#primaryimage"},"thumbnailUrl":"https:\/\/brasilnoticias.org\/site\/wp-content\/uploads\/2023\/05\/novo-projeto-2023-05-01t210121.227.webp","datePublished":"2023-05-02T21:00:22+00:00","breadcrumb":{"@id":"https:\/\/brasilnoticias.org\/site\/carro-fica-ilhado-e-pistas-inundadas-durante-chuva-forte-em-alagoinhas\/#breadcrumb"},"inLanguage":"pt-PT","potentialAction":[{"@type":"ReadAction","target":["https:\/\/brasilnoticias.org\/site\/carro-fica-ilhado-e-pistas-inundadas-durante-chuva-forte-em-alagoinhas\/"]}]},{"@type":"ImageObject","inLanguage":"pt-PT","@id":"https:\/\/brasilnoticias.org\/site\/carro-fica-ilhado-e-pistas-inundadas-durante-chuva-forte-em-alagoinhas\/#primaryimage","url":"https:\/\/brasilnoticias.org\/site\/wp-content\/uploads\/2023\/05\/novo-projeto-2023-05-01t210121.227.webp","contentUrl":"https:\/\/brasilnoticias.org\/site\/wp-content\/uploads\/2023\/05\/novo-projeto-2023-05-01t210121.227.webp","width":640,"height":416},{"@type":"BreadcrumbList","@id":"https:\/\/brasilnoticias.org\/site\/carro-fica-ilhado-e-pistas-inundadas-durante-chuva-forte-em-alagoinhas\/#breadcrumb","itemListElement":[{"@type":"ListItem","position":1,"name":"In\u00edcio","item":"https:\/\/brasilnoticias.org\/site\/"},{"@type":"ListItem","position":2,"name":"Carro fica ilhado e pistas inundadas durante chuva forte em Alagoinhas"}]},{"@type":"WebSite","@id":"https:\/\/brasilnoticias.org\/site\/#website","url":"https:\/\/brasilnoticias.org\/site\/","name":"Brasil not\u00edcias","description":"Brasil not\u00edcias","publisher":{"@id":"https:\/\/brasilnoticias.org\/site\/#organization"},"potentialAction":[{"@type":"SearchAction","target":{"@type":"EntryPoint","urlTemplate":"https:\/\/brasilnoticias.org\/site\/?s={search_term_string}"},"query-input":{"@type":"PropertyValueSpecification","valueRequired":true,"valueName":"search_term_string"}}],"inLanguage":"pt-PT"},{"@type":"Organization","@id":"https:\/\/brasilnoticias.org\/site\/#organization","name":"Brasil not\u00edcias","url":"https:\/\/brasilnoticias.org\/site\/","logo":{"@type":"ImageObject","inLanguage":"pt-PT","@id":"https:\/\/brasilnoticias.org\/site\/#\/schema\/logo\/image\/","url":"https:\/\/brasilnoticias.org\/site\/wp-content\/uploads\/2022\/05\/cropped-brasilnoticias-mini.jpg","contentUrl":"https:\/\/brasilnoticias.org\/site\/wp-content\/uploads\/2022\/05\/cropped-brasilnoticias-mini.jpg","width":314,"height":86,"caption":"Brasil not\u00edcias"},"image":{"@id":"https:\/\/brasilnoticias.org\/site\/#\/schema\/logo\/image\/"}},{"@type":"Person","@id":"https:\/\/brasilnoticias.org\/site\/#\/schema\/person\/a0e05b973ec4d15c658d51911e53507b","name":"Reda\u00e7\u00e3o","image":{"@type":"ImageObject","inLanguage":"pt-PT","@id":"https:\/\/brasilnoticias.org\/site\/#\/schema\/person\/image\/","url":"https:\/\/secure.gravatar.com\/avatar\/75d8b050df2de108b08ae78dfb8e374892df24a383c67db9c46a9c604f6aee9c?s=96&d=mm&r=g","contentUrl":"https:\/\/secure.gravatar.com\/avatar\/75d8b050df2de108b08ae78dfb8e374892df24a383c67db9c46a9c604f6aee9c?s=96&d=mm&r=g","caption":"Reda\u00e7\u00e3o"},"sameAs":["https:\/\/brasilnoticias.org\/site"],"url":"https:\/\/brasilnoticias.org\/site\/author\/fernandozsngmail-com\/"}]}},"_links":{"self":[{"href":"https:\/\/brasilnoticias.org\/site\/wp-json\/wp\/v2\/posts\/5766","targetHints":{"allow":["GET"]}}],"collection":[{"href":"https:\/\/brasilnoticias.org\/site\/wp-json\/wp\/v2\/posts"}],"about":[{"href":"https:\/\/brasilnoticias.org\/site\/wp-json\/wp\/v2\/types\/post"}],"author":[{"embeddable":true,"href":"https:\/\/brasilnoticias.org\/site\/wp-json\/wp\/v2\/users\/1"}],"replies":[{"embeddable":true,"href":"https:\/\/brasilnoticias.org\/site\/wp-json\/wp\/v2\/comments?post=5766"}],"version-history":[{"count":1,"href":"https:\/\/brasilnoticias.org\/site\/wp-json\/wp\/v2\/posts\/5766\/revisions"}],"predecessor-version":[{"id":5768,"href":"https:\/\/brasilnoticias.org\/site\/wp-json\/wp\/v2\/posts\/5766\/revisions\/5768"}],"wp:featuredmedia":[{"embeddable":true,"href":"https:\/\/brasilnoticias.org\/site\/wp-json\/wp\/v2\/media\/5767"}],"wp:attachment":[{"href":"https:\/\/brasilnoticias.org\/site\/wp-json\/wp\/v2\/media?parent=5766"}],"wp:term":[{"taxonomy":"category","embeddable":true,"href":"https:\/\/brasilnoticias.org\/site\/wp-json\/wp\/v2\/categories?post=5766"},{"taxonomy":"post_tag","embeddable":true,"href":"https:\/\/brasilnoticias.org\/site\/wp-json\/wp\/v2\/tags?post=5766"}],"curies":[{"name":"wp","href":"https:\/\/api.w.org\/{rel}","templated":true}]}}