{"id":5779,"date":"2023-05-02T17:32:36","date_gmt":"2023-05-02T20:32:36","guid":{"rendered":"https:\/\/brasilnoticias.org\/site\/?p=5779"},"modified":"2023-05-02T17:32:36","modified_gmt":"2023-05-02T20:32:36","slug":"violencia-nas-escolas-capitao-alden-propoe-protocolo-de-defesa-pessoal-escolar-nas-redes-de-ensino-publico-e-privada","status":"publish","type":"post","link":"https:\/\/brasilnoticias.org\/site\/violencia-nas-escolas-capitao-alden-propoe-protocolo-de-defesa-pessoal-escolar-nas-redes-de-ensino-publico-e-privada\/","title":{"rendered":"Viol\u00eancia nas escolas: Capit\u00e3o Alden prop\u00f5e protocolo de Defesa Pessoal Escolar nas redes de ensino p\u00fablico e privada"},"content":{"rendered":"<p>Com o intuito de prevenir a viol\u00eancia no ambiente escolar, o deputado federal Capit\u00e3o Alden (PL-BA) apresentou um projeto de lei \u00e0 C\u00e2mara Federal que prev\u00ea a institui\u00e7\u00e3o do protocolo de Defesa Pessoal Escolar nas redes de ensino p\u00fablico e privada. De acordo com a proposta, alunos, professores e funcion\u00e1rios das escolas p\u00fablicas e privadas seriam capacitados em t\u00e9cnicas de defesa pessoal.<\/p>\n<p>&#8220;A viol\u00eancia nas escolas tem sido uma quest\u00e3o recorrente em nosso pa\u00eds, e a implementa\u00e7\u00e3o de medidas que visem prevenir e minimizar essa problem\u00e1tica se faz extremamente necess\u00e1ria. Nesse sentido, a proposta de institui\u00e7\u00e3o do Protocolo de Defesa Pessoal Escolar vem complementar as a\u00e7\u00f5es j\u00e1 existentes, oferecendo \u00e0s pessoas que frequentam as escolas, t\u00e9cnicas de defesa pessoal, que podem ser \u00fateis em situa\u00e7\u00f5es de viol\u00eancia nas depend\u00eancias das institui\u00e7\u00f5es de ensino&#8221;, disse o deputado na justificativa do projeto. <\/p>\n<p>Segundo a proposta, a institui\u00e7\u00e3o do Protocolo de Defesa Pessoal Escolar nas redes de ensino p\u00fablico e privada dever\u00e1 prever treinamento aos membros da comunidade escolar, incluindo professores, funcion\u00e1rios com \u00eanfase no desenvolvimento de habilidades de Observa\u00e7\u00e3o, Identifica\u00e7\u00e3o, Orienta\u00e7\u00e3o, Processo de Tomada de Decis\u00e3o e A\u00e7\u00e3o em situa\u00e7\u00f5es de crises e conting\u00eancias, que possibilitem condi\u00e7\u00f5es de Evita\u00e7\u00e3o, Evas\u00e3o e em \u00faltimo caso, a Mitiga\u00e7\u00e3o dos riscos, danos e efeitos de atos de viol\u00eancia cometidos em ambiente escolar. <\/p>\n<p>&#8220;Ao incentivar a pr\u00e1tica de atividades f\u00edsicas e esportivas, o Protocolo de Defesa Pessoal Escolar contribui para o desenvolvimento integral dos estudantes, estimulando a disciplina, a autoconfian\u00e7a e a conviv\u00eancia harmoniosa&#8221;, completou Alden.<\/p>\n","protected":false},"excerpt":{"rendered":"<p>Com o intuito de prevenir a viol\u00eancia no ambiente escolar, o deputado federal Capit\u00e3o Alden (PL-BA) apresentou um projeto de<\/p>\n","protected":false},"author":1,"featured_media":5780,"comment_status":"open","ping_status":"open","sticky":false,"template":"","format":"standard","meta":{"colormag_page_container_layout":"default_layout","colormag_page_sidebar_layout":"default_layout","_FSMCFIC_featured_image_caption":"","_FSMCFIC_featured_image_nocaption":"","_FSMCFIC_featured_image_hide":"","footnotes":""},"categories":[5,1],"tags":[],"class_list":["post-5779","post","type-post","status-publish","format-standard","has-post-thumbnail","hentry","category-politica","category-ultimas"],"yoast_head":"<!-- This site is optimized with the Yoast SEO plugin v27.1.1 - https:\/\/yoast.com\/product\/yoast-seo-wordpress\/ -->\n<title>Viol\u00eancia nas escolas: Capit\u00e3o Alden prop\u00f5e protocolo de Defesa Pessoal Escolar nas redes de ensino p\u00fablico e privada - Brasil not\u00edcias<\/title>\n<meta name=\"robots\" content=\"index, follow, max-snippet:-1, max-image-preview:large, max-video-preview:-1\" \/>\n<link rel=\"canonical\" href=\"https:\/\/brasilnoticias.org\/site\/violencia-nas-escolas-capitao-alden-propoe-protocolo-de-defesa-pessoal-escolar-nas-redes-de-ensino-publico-e-privada\/\" \/>\n<meta property=\"og:locale\" content=\"pt_PT\" \/>\n<meta property=\"og:type\" content=\"article\" \/>\n<meta property=\"og:title\" content=\"Viol\u00eancia nas escolas: Capit\u00e3o Alden prop\u00f5e protocolo de Defesa Pessoal Escolar nas redes de ensino p\u00fablico e privada - Brasil not\u00edcias\" \/>\n<meta property=\"og:description\" content=\"Com o intuito de prevenir a viol\u00eancia no ambiente escolar, o deputado federal Capit\u00e3o Alden (PL-BA) apresentou um projeto de\" \/>\n<meta property=\"og:url\" content=\"https:\/\/brasilnoticias.org\/site\/violencia-nas-escolas-capitao-alden-propoe-protocolo-de-defesa-pessoal-escolar-nas-redes-de-ensino-publico-e-privada\/\" \/>\n<meta property=\"og:site_name\" content=\"Brasil not\u00edcias\" \/>\n<meta property=\"article:published_time\" content=\"2023-05-02T20:32:36+00:00\" \/>\n<meta property=\"og:image\" content=\"https:\/\/brasilnoticias.org\/site\/wp-content\/uploads\/2023\/05\/WhatsApp-Image-2023-05-02-at-12.24.57.jpeg\" \/>\n\t<meta property=\"og:image:width\" content=\"1600\" \/>\n\t<meta property=\"og:image:height\" content=\"1066\" \/>\n\t<meta property=\"og:image:type\" content=\"image\/jpeg\" \/>\n<meta name=\"author\" content=\"Reda\u00e7\u00e3o\" \/>\n<meta name=\"twitter:card\" content=\"summary_large_image\" \/>\n<meta name=\"twitter:label1\" content=\"Escrito por\" \/>\n\t<meta name=\"twitter:data1\" content=\"Reda\u00e7\u00e3o\" \/>\n<script type=\"application\/ld+json\" class=\"yoast-schema-graph\">{\"@context\":\"https:\/\/schema.org\",\"@graph\":[{\"@type\":\"Article\",\"@id\":\"https:\/\/brasilnoticias.org\/site\/violencia-nas-escolas-capitao-alden-propoe-protocolo-de-defesa-pessoal-escolar-nas-redes-de-ensino-publico-e-privada\/#article\",\"isPartOf\":{\"@id\":\"https:\/\/brasilnoticias.org\/site\/violencia-nas-escolas-capitao-alden-propoe-protocolo-de-defesa-pessoal-escolar-nas-redes-de-ensino-publico-e-privada\/\"},\"author\":{\"name\":\"Reda\u00e7\u00e3o\",\"@id\":\"https:\/\/brasilnoticias.org\/site\/#\/schema\/person\/a0e05b973ec4d15c658d51911e53507b\"},\"headline\":\"Viol\u00eancia nas escolas: Capit\u00e3o Alden prop\u00f5e protocolo de Defesa Pessoal Escolar nas redes de ensino p\u00fablico e privada\",\"datePublished\":\"2023-05-02T20:32:36+00:00\",\"mainEntityOfPage\":{\"@id\":\"https:\/\/brasilnoticias.org\/site\/violencia-nas-escolas-capitao-alden-propoe-protocolo-de-defesa-pessoal-escolar-nas-redes-de-ensino-publico-e-privada\/\"},\"wordCount\":311,\"commentCount\":0,\"publisher\":{\"@id\":\"https:\/\/brasilnoticias.org\/site\/#organization\"},\"image\":{\"@id\":\"https:\/\/brasilnoticias.org\/site\/violencia-nas-escolas-capitao-alden-propoe-protocolo-de-defesa-pessoal-escolar-nas-redes-de-ensino-publico-e-privada\/#primaryimage\"},\"thumbnailUrl\":\"https:\/\/brasilnoticias.org\/site\/wp-content\/uploads\/2023\/05\/WhatsApp-Image-2023-05-02-at-12.24.57.jpeg\",\"articleSection\":[\"Pol\u00edtica\",\"\u00daltimas\"],\"inLanguage\":\"pt-PT\",\"potentialAction\":[{\"@type\":\"CommentAction\",\"name\":\"Comment\",\"target\":[\"https:\/\/brasilnoticias.org\/site\/violencia-nas-escolas-capitao-alden-propoe-protocolo-de-defesa-pessoal-escolar-nas-redes-de-ensino-publico-e-privada\/#respond\"]}]},{\"@type\":\"WebPage\",\"@id\":\"https:\/\/brasilnoticias.org\/site\/violencia-nas-escolas-capitao-alden-propoe-protocolo-de-defesa-pessoal-escolar-nas-redes-de-ensino-publico-e-privada\/\",\"url\":\"https:\/\/brasilnoticias.org\/site\/violencia-nas-escolas-capitao-alden-propoe-protocolo-de-defesa-pessoal-escolar-nas-redes-de-ensino-publico-e-privada\/\",\"name\":\"Viol\u00eancia nas escolas: Capit\u00e3o Alden prop\u00f5e protocolo de Defesa Pessoal Escolar nas redes de ensino p\u00fablico e privada - Brasil not\u00edcias\",\"isPartOf\":{\"@id\":\"https:\/\/brasilnoticias.org\/site\/#website\"},\"primaryImageOfPage\":{\"@id\":\"https:\/\/brasilnoticias.org\/site\/violencia-nas-escolas-capitao-alden-propoe-protocolo-de-defesa-pessoal-escolar-nas-redes-de-ensino-publico-e-privada\/#primaryimage\"},\"image\":{\"@id\":\"https:\/\/brasilnoticias.org\/site\/violencia-nas-escolas-capitao-alden-propoe-protocolo-de-defesa-pessoal-escolar-nas-redes-de-ensino-publico-e-privada\/#primaryimage\"},\"thumbnailUrl\":\"https:\/\/brasilnoticias.org\/site\/wp-content\/uploads\/2023\/05\/WhatsApp-Image-2023-05-02-at-12.24.57.jpeg\",\"datePublished\":\"2023-05-02T20:32:36+00:00\",\"breadcrumb\":{\"@id\":\"https:\/\/brasilnoticias.org\/site\/violencia-nas-escolas-capitao-alden-propoe-protocolo-de-defesa-pessoal-escolar-nas-redes-de-ensino-publico-e-privada\/#breadcrumb\"},\"inLanguage\":\"pt-PT\",\"potentialAction\":[{\"@type\":\"ReadAction\",\"target\":[\"https:\/\/brasilnoticias.org\/site\/violencia-nas-escolas-capitao-alden-propoe-protocolo-de-defesa-pessoal-escolar-nas-redes-de-ensino-publico-e-privada\/\"]}]},{\"@type\":\"ImageObject\",\"inLanguage\":\"pt-PT\",\"@id\":\"https:\/\/brasilnoticias.org\/site\/violencia-nas-escolas-capitao-alden-propoe-protocolo-de-defesa-pessoal-escolar-nas-redes-de-ensino-publico-e-privada\/#primaryimage\",\"url\":\"https:\/\/brasilnoticias.org\/site\/wp-content\/uploads\/2023\/05\/WhatsApp-Image-2023-05-02-at-12.24.57.jpeg\",\"contentUrl\":\"https:\/\/brasilnoticias.org\/site\/wp-content\/uploads\/2023\/05\/WhatsApp-Image-2023-05-02-at-12.24.57.jpeg\",\"width\":1600,\"height\":1066},{\"@type\":\"BreadcrumbList\",\"@id\":\"https:\/\/brasilnoticias.org\/site\/violencia-nas-escolas-capitao-alden-propoe-protocolo-de-defesa-pessoal-escolar-nas-redes-de-ensino-publico-e-privada\/#breadcrumb\",\"itemListElement\":[{\"@type\":\"ListItem\",\"position\":1,\"name\":\"In\u00edcio\",\"item\":\"https:\/\/brasilnoticias.org\/site\/\"},{\"@type\":\"ListItem\",\"position\":2,\"name\":\"Viol\u00eancia nas escolas: Capit\u00e3o Alden prop\u00f5e protocolo de Defesa Pessoal Escolar nas redes de ensino p\u00fablico e privada\"}]},{\"@type\":\"WebSite\",\"@id\":\"https:\/\/brasilnoticias.org\/site\/#website\",\"url\":\"https:\/\/brasilnoticias.org\/site\/\",\"name\":\"Brasil not\u00edcias\",\"description\":\"Brasil not\u00edcias\",\"publisher\":{\"@id\":\"https:\/\/brasilnoticias.org\/site\/#organization\"},\"potentialAction\":[{\"@type\":\"SearchAction\",\"target\":{\"@type\":\"EntryPoint\",\"urlTemplate\":\"https:\/\/brasilnoticias.org\/site\/?s={search_term_string}\"},\"query-input\":{\"@type\":\"PropertyValueSpecification\",\"valueRequired\":true,\"valueName\":\"search_term_string\"}}],\"inLanguage\":\"pt-PT\"},{\"@type\":\"Organization\",\"@id\":\"https:\/\/brasilnoticias.org\/site\/#organization\",\"name\":\"Brasil not\u00edcias\",\"url\":\"https:\/\/brasilnoticias.org\/site\/\",\"logo\":{\"@type\":\"ImageObject\",\"inLanguage\":\"pt-PT\",\"@id\":\"https:\/\/brasilnoticias.org\/site\/#\/schema\/logo\/image\/\",\"url\":\"https:\/\/brasilnoticias.org\/site\/wp-content\/uploads\/2022\/05\/cropped-brasilnoticias-mini.jpg\",\"contentUrl\":\"https:\/\/brasilnoticias.org\/site\/wp-content\/uploads\/2022\/05\/cropped-brasilnoticias-mini.jpg\",\"width\":314,\"height\":86,\"caption\":\"Brasil not\u00edcias\"},\"image\":{\"@id\":\"https:\/\/brasilnoticias.org\/site\/#\/schema\/logo\/image\/\"}},{\"@type\":\"Person\",\"@id\":\"https:\/\/brasilnoticias.org\/site\/#\/schema\/person\/a0e05b973ec4d15c658d51911e53507b\",\"name\":\"Reda\u00e7\u00e3o\",\"image\":{\"@type\":\"ImageObject\",\"inLanguage\":\"pt-PT\",\"@id\":\"https:\/\/brasilnoticias.org\/site\/#\/schema\/person\/image\/\",\"url\":\"https:\/\/secure.gravatar.com\/avatar\/75d8b050df2de108b08ae78dfb8e374892df24a383c67db9c46a9c604f6aee9c?s=96&d=mm&r=g\",\"contentUrl\":\"https:\/\/secure.gravatar.com\/avatar\/75d8b050df2de108b08ae78dfb8e374892df24a383c67db9c46a9c604f6aee9c?s=96&d=mm&r=g\",\"caption\":\"Reda\u00e7\u00e3o\"},\"sameAs\":[\"https:\/\/brasilnoticias.org\/site\"],\"url\":\"https:\/\/brasilnoticias.org\/site\/author\/fernandozsngmail-com\/\"}]}<\/script>\n<!-- \/ Yoast SEO plugin. -->","yoast_head_json":{"title":"Viol\u00eancia nas escolas: Capit\u00e3o Alden prop\u00f5e protocolo de Defesa Pessoal Escolar nas redes de ensino p\u00fablico e privada - Brasil not\u00edcias","robots":{"index":"index","follow":"follow","max-snippet":"max-snippet:-1","max-image-preview":"max-image-preview:large","max-video-preview":"max-video-preview:-1"},"canonical":"https:\/\/brasilnoticias.org\/site\/violencia-nas-escolas-capitao-alden-propoe-protocolo-de-defesa-pessoal-escolar-nas-redes-de-ensino-publico-e-privada\/","og_locale":"pt_PT","og_type":"article","og_title":"Viol\u00eancia nas escolas: Capit\u00e3o Alden prop\u00f5e protocolo de Defesa Pessoal Escolar nas redes de ensino p\u00fablico e privada - Brasil not\u00edcias","og_description":"Com o intuito de prevenir a viol\u00eancia no ambiente escolar, o deputado federal Capit\u00e3o Alden (PL-BA) apresentou um projeto de","og_url":"https:\/\/brasilnoticias.org\/site\/violencia-nas-escolas-capitao-alden-propoe-protocolo-de-defesa-pessoal-escolar-nas-redes-de-ensino-publico-e-privada\/","og_site_name":"Brasil not\u00edcias","article_published_time":"2023-05-02T20:32:36+00:00","og_image":[{"width":1600,"height":1066,"url":"https:\/\/brasilnoticias.org\/site\/wp-content\/uploads\/2023\/05\/WhatsApp-Image-2023-05-02-at-12.24.57.jpeg","type":"image\/jpeg"}],"author":"Reda\u00e7\u00e3o","twitter_card":"summary_large_image","twitter_misc":{"Escrito por":"Reda\u00e7\u00e3o"},"schema":{"@context":"https:\/\/schema.org","@graph":[{"@type":"Article","@id":"https:\/\/brasilnoticias.org\/site\/violencia-nas-escolas-capitao-alden-propoe-protocolo-de-defesa-pessoal-escolar-nas-redes-de-ensino-publico-e-privada\/#article","isPartOf":{"@id":"https:\/\/brasilnoticias.org\/site\/violencia-nas-escolas-capitao-alden-propoe-protocolo-de-defesa-pessoal-escolar-nas-redes-de-ensino-publico-e-privada\/"},"author":{"name":"Reda\u00e7\u00e3o","@id":"https:\/\/brasilnoticias.org\/site\/#\/schema\/person\/a0e05b973ec4d15c658d51911e53507b"},"headline":"Viol\u00eancia nas escolas: Capit\u00e3o Alden prop\u00f5e protocolo de Defesa Pessoal Escolar nas redes de ensino p\u00fablico e privada","datePublished":"2023-05-02T20:32:36+00:00","mainEntityOfPage":{"@id":"https:\/\/brasilnoticias.org\/site\/violencia-nas-escolas-capitao-alden-propoe-protocolo-de-defesa-pessoal-escolar-nas-redes-de-ensino-publico-e-privada\/"},"wordCount":311,"commentCount":0,"publisher":{"@id":"https:\/\/brasilnoticias.org\/site\/#organization"},"image":{"@id":"https:\/\/brasilnoticias.org\/site\/violencia-nas-escolas-capitao-alden-propoe-protocolo-de-defesa-pessoal-escolar-nas-redes-de-ensino-publico-e-privada\/#primaryimage"},"thumbnailUrl":"https:\/\/brasilnoticias.org\/site\/wp-content\/uploads\/2023\/05\/WhatsApp-Image-2023-05-02-at-12.24.57.jpeg","articleSection":["Pol\u00edtica","\u00daltimas"],"inLanguage":"pt-PT","potentialAction":[{"@type":"CommentAction","name":"Comment","target":["https:\/\/brasilnoticias.org\/site\/violencia-nas-escolas-capitao-alden-propoe-protocolo-de-defesa-pessoal-escolar-nas-redes-de-ensino-publico-e-privada\/#respond"]}]},{"@type":"WebPage","@id":"https:\/\/brasilnoticias.org\/site\/violencia-nas-escolas-capitao-alden-propoe-protocolo-de-defesa-pessoal-escolar-nas-redes-de-ensino-publico-e-privada\/","url":"https:\/\/brasilnoticias.org\/site\/violencia-nas-escolas-capitao-alden-propoe-protocolo-de-defesa-pessoal-escolar-nas-redes-de-ensino-publico-e-privada\/","name":"Viol\u00eancia nas escolas: Capit\u00e3o Alden prop\u00f5e protocolo de Defesa Pessoal Escolar nas redes de ensino p\u00fablico e privada - Brasil not\u00edcias","isPartOf":{"@id":"https:\/\/brasilnoticias.org\/site\/#website"},"primaryImageOfPage":{"@id":"https:\/\/brasilnoticias.org\/site\/violencia-nas-escolas-capitao-alden-propoe-protocolo-de-defesa-pessoal-escolar-nas-redes-de-ensino-publico-e-privada\/#primaryimage"},"image":{"@id":"https:\/\/brasilnoticias.org\/site\/violencia-nas-escolas-capitao-alden-propoe-protocolo-de-defesa-pessoal-escolar-nas-redes-de-ensino-publico-e-privada\/#primaryimage"},"thumbnailUrl":"https:\/\/brasilnoticias.org\/site\/wp-content\/uploads\/2023\/05\/WhatsApp-Image-2023-05-02-at-12.24.57.jpeg","datePublished":"2023-05-02T20:32:36+00:00","breadcrumb":{"@id":"https:\/\/brasilnoticias.org\/site\/violencia-nas-escolas-capitao-alden-propoe-protocolo-de-defesa-pessoal-escolar-nas-redes-de-ensino-publico-e-privada\/#breadcrumb"},"inLanguage":"pt-PT","potentialAction":[{"@type":"ReadAction","target":["https:\/\/brasilnoticias.org\/site\/violencia-nas-escolas-capitao-alden-propoe-protocolo-de-defesa-pessoal-escolar-nas-redes-de-ensino-publico-e-privada\/"]}]},{"@type":"ImageObject","inLanguage":"pt-PT","@id":"https:\/\/brasilnoticias.org\/site\/violencia-nas-escolas-capitao-alden-propoe-protocolo-de-defesa-pessoal-escolar-nas-redes-de-ensino-publico-e-privada\/#primaryimage","url":"https:\/\/brasilnoticias.org\/site\/wp-content\/uploads\/2023\/05\/WhatsApp-Image-2023-05-02-at-12.24.57.jpeg","contentUrl":"https:\/\/brasilnoticias.org\/site\/wp-content\/uploads\/2023\/05\/WhatsApp-Image-2023-05-02-at-12.24.57.jpeg","width":1600,"height":1066},{"@type":"BreadcrumbList","@id":"https:\/\/brasilnoticias.org\/site\/violencia-nas-escolas-capitao-alden-propoe-protocolo-de-defesa-pessoal-escolar-nas-redes-de-ensino-publico-e-privada\/#breadcrumb","itemListElement":[{"@type":"ListItem","position":1,"name":"In\u00edcio","item":"https:\/\/brasilnoticias.org\/site\/"},{"@type":"ListItem","position":2,"name":"Viol\u00eancia nas escolas: Capit\u00e3o Alden prop\u00f5e protocolo de Defesa Pessoal Escolar nas redes de ensino p\u00fablico e privada"}]},{"@type":"WebSite","@id":"https:\/\/brasilnoticias.org\/site\/#website","url":"https:\/\/brasilnoticias.org\/site\/","name":"Brasil not\u00edcias","description":"Brasil not\u00edcias","publisher":{"@id":"https:\/\/brasilnoticias.org\/site\/#organization"},"potentialAction":[{"@type":"SearchAction","target":{"@type":"EntryPoint","urlTemplate":"https:\/\/brasilnoticias.org\/site\/?s={search_term_string}"},"query-input":{"@type":"PropertyValueSpecification","valueRequired":true,"valueName":"search_term_string"}}],"inLanguage":"pt-PT"},{"@type":"Organization","@id":"https:\/\/brasilnoticias.org\/site\/#organization","name":"Brasil not\u00edcias","url":"https:\/\/brasilnoticias.org\/site\/","logo":{"@type":"ImageObject","inLanguage":"pt-PT","@id":"https:\/\/brasilnoticias.org\/site\/#\/schema\/logo\/image\/","url":"https:\/\/brasilnoticias.org\/site\/wp-content\/uploads\/2022\/05\/cropped-brasilnoticias-mini.jpg","contentUrl":"https:\/\/brasilnoticias.org\/site\/wp-content\/uploads\/2022\/05\/cropped-brasilnoticias-mini.jpg","width":314,"height":86,"caption":"Brasil not\u00edcias"},"image":{"@id":"https:\/\/brasilnoticias.org\/site\/#\/schema\/logo\/image\/"}},{"@type":"Person","@id":"https:\/\/brasilnoticias.org\/site\/#\/schema\/person\/a0e05b973ec4d15c658d51911e53507b","name":"Reda\u00e7\u00e3o","image":{"@type":"ImageObject","inLanguage":"pt-PT","@id":"https:\/\/brasilnoticias.org\/site\/#\/schema\/person\/image\/","url":"https:\/\/secure.gravatar.com\/avatar\/75d8b050df2de108b08ae78dfb8e374892df24a383c67db9c46a9c604f6aee9c?s=96&d=mm&r=g","contentUrl":"https:\/\/secure.gravatar.com\/avatar\/75d8b050df2de108b08ae78dfb8e374892df24a383c67db9c46a9c604f6aee9c?s=96&d=mm&r=g","caption":"Reda\u00e7\u00e3o"},"sameAs":["https:\/\/brasilnoticias.org\/site"],"url":"https:\/\/brasilnoticias.org\/site\/author\/fernandozsngmail-com\/"}]}},"_links":{"self":[{"href":"https:\/\/brasilnoticias.org\/site\/wp-json\/wp\/v2\/posts\/5779","targetHints":{"allow":["GET"]}}],"collection":[{"href":"https:\/\/brasilnoticias.org\/site\/wp-json\/wp\/v2\/posts"}],"about":[{"href":"https:\/\/brasilnoticias.org\/site\/wp-json\/wp\/v2\/types\/post"}],"author":[{"embeddable":true,"href":"https:\/\/brasilnoticias.org\/site\/wp-json\/wp\/v2\/users\/1"}],"replies":[{"embeddable":true,"href":"https:\/\/brasilnoticias.org\/site\/wp-json\/wp\/v2\/comments?post=5779"}],"version-history":[{"count":1,"href":"https:\/\/brasilnoticias.org\/site\/wp-json\/wp\/v2\/posts\/5779\/revisions"}],"predecessor-version":[{"id":5781,"href":"https:\/\/brasilnoticias.org\/site\/wp-json\/wp\/v2\/posts\/5779\/revisions\/5781"}],"wp:featuredmedia":[{"embeddable":true,"href":"https:\/\/brasilnoticias.org\/site\/wp-json\/wp\/v2\/media\/5780"}],"wp:attachment":[{"href":"https:\/\/brasilnoticias.org\/site\/wp-json\/wp\/v2\/media?parent=5779"}],"wp:term":[{"taxonomy":"category","embeddable":true,"href":"https:\/\/brasilnoticias.org\/site\/wp-json\/wp\/v2\/categories?post=5779"},{"taxonomy":"post_tag","embeddable":true,"href":"https:\/\/brasilnoticias.org\/site\/wp-json\/wp\/v2\/tags?post=5779"}],"curies":[{"name":"wp","href":"https:\/\/api.w.org\/{rel}","templated":true}]}}