{"id":5782,"date":"2023-05-02T17:33:46","date_gmt":"2023-05-02T20:33:46","guid":{"rendered":"https:\/\/brasilnoticias.org\/site\/?p=5782"},"modified":"2023-05-02T17:33:46","modified_gmt":"2023-05-02T20:33:46","slug":"capitao-alden-apresenta-parecer-favoravel-para-aumento-de-idade-para-35-anos-para-policiais-e-bombeiros","status":"publish","type":"post","link":"https:\/\/brasilnoticias.org\/site\/capitao-alden-apresenta-parecer-favoravel-para-aumento-de-idade-para-35-anos-para-policiais-e-bombeiros\/","title":{"rendered":"Capit\u00e3o Alden apresenta parecer favor\u00e1vel para aumento de idade para 35 anos para Policiais e Bombeiros"},"content":{"rendered":"<p>Deputado foi relator do projeto que foi aprovado na Comiss\u00e3o de Seguran\u00e7a P\u00fablica e Combate ao Crime Organizado<\/p>\n<p>Os militares e concurseiros do Brasil tem o que comemorar, na tarde desta ter\u00e7a-feira (2), durante a realiza\u00e7\u00e3o da reuni\u00e3o da Comiss\u00e3o de Seguran\u00e7a P\u00fablica e Combate ao Crime Organizado, o deputado federal Capit\u00e3o Alden (PL-BA) foi relator do Projeto de Lei 1469\/2020, de autoria do deputado federal Capit\u00e3o Derrite (PL-SP), que disp\u00f5e sobre a altera\u00e7\u00e3o do Decreto-Lei n\u00ba 667\/1969, para regrar em \u00e2mbito nacional, a idade-limite para o ingresso nas carreiras da Pol\u00edcias Militares e Bombeiros Militares.  <\/p>\n<p>O Capit\u00e3o Alden apresentou parecer favor\u00e1vel em sua relatoria e com isso um passo importante nas carreiras militares foi dado. Ap\u00f3s a conclus\u00e3o dos tr\u00e2mites, o PL foi aprovado na Comiss\u00e3o. \u201cCom isso os 35 anos passar\u00e3o a ser a idade m\u00e1xima para ingressos nas Pol\u00edcias Militares. E 40 anos para os Quadros de Oficiais M\u00e9dicos, de Sa\u00fade e de outras especializa\u00e7\u00f5es eventualmente existentes em \u00e2mbito estadual ou distrital. Vamos lutar para que esse projeto avance e essa conquista seja legitimada em definitivo\u201d, afirma Alden. <\/p>\n<p>Durante seu mandato na Assembleia Legislativa da Bahia (Alba), o Capit\u00e3o Alden foi um dos principais defensores dessa altera\u00e7\u00e3o na  idade-limite para os ingressos nas carreiras militares. O parlamentar protocolou projetos com este objetivo e fez quest\u00e3o de levar essa luta \u00e0 C\u00e2mara dos Deputados. <\/p>\n<p>\u201cTenho certeza que estamos bem mais perto da concretiza\u00e7\u00e3o dessa vit\u00f3ria. Os concurseiros que depositaram em mim essa miss\u00e3o, nosso mandato, segue firme nessa miss\u00e3o\u201d, pontua Alden.<\/p>\n","protected":false},"excerpt":{"rendered":"<p>Deputado foi relator do projeto que foi aprovado na Comiss\u00e3o de Seguran\u00e7a P\u00fablica e Combate ao Crime Organizado Os militares<\/p>\n","protected":false},"author":1,"featured_media":5783,"comment_status":"open","ping_status":"open","sticky":false,"template":"","format":"standard","meta":{"colormag_page_container_layout":"default_layout","colormag_page_sidebar_layout":"default_layout","_FSMCFIC_featured_image_caption":"","_FSMCFIC_featured_image_nocaption":"","_FSMCFIC_featured_image_hide":"","footnotes":""},"categories":[5,1],"tags":[],"class_list":["post-5782","post","type-post","status-publish","format-standard","has-post-thumbnail","hentry","category-politica","category-ultimas"],"yoast_head":"<!-- This site is optimized with the Yoast SEO plugin v27.1.1 - https:\/\/yoast.com\/product\/yoast-seo-wordpress\/ -->\n<title>Capit\u00e3o Alden apresenta parecer favor\u00e1vel para aumento de idade para 35 anos para Policiais e Bombeiros - Brasil not\u00edcias<\/title>\n<meta name=\"robots\" content=\"index, follow, max-snippet:-1, max-image-preview:large, max-video-preview:-1\" \/>\n<link rel=\"canonical\" href=\"https:\/\/brasilnoticias.org\/site\/capitao-alden-apresenta-parecer-favoravel-para-aumento-de-idade-para-35-anos-para-policiais-e-bombeiros\/\" \/>\n<meta property=\"og:locale\" content=\"pt_PT\" \/>\n<meta property=\"og:type\" content=\"article\" \/>\n<meta property=\"og:title\" content=\"Capit\u00e3o Alden apresenta parecer favor\u00e1vel para aumento de idade para 35 anos para Policiais e Bombeiros - Brasil not\u00edcias\" \/>\n<meta property=\"og:description\" content=\"Deputado foi relator do projeto que foi aprovado na Comiss\u00e3o de Seguran\u00e7a P\u00fablica e Combate ao Crime Organizado Os militares\" \/>\n<meta property=\"og:url\" content=\"https:\/\/brasilnoticias.org\/site\/capitao-alden-apresenta-parecer-favoravel-para-aumento-de-idade-para-35-anos-para-policiais-e-bombeiros\/\" \/>\n<meta property=\"og:site_name\" content=\"Brasil not\u00edcias\" \/>\n<meta property=\"article:published_time\" content=\"2023-05-02T20:33:46+00:00\" \/>\n<meta property=\"og:image\" content=\"https:\/\/brasilnoticias.org\/site\/wp-content\/uploads\/2023\/05\/WhatsApp-Image-2023-05-02-at-17.04.37.jpeg\" \/>\n\t<meta property=\"og:image:width\" content=\"1024\" \/>\n\t<meta property=\"og:image:height\" content=\"682\" \/>\n\t<meta property=\"og:image:type\" content=\"image\/jpeg\" \/>\n<meta name=\"author\" content=\"Reda\u00e7\u00e3o\" \/>\n<meta name=\"twitter:card\" content=\"summary_large_image\" \/>\n<meta name=\"twitter:label1\" content=\"Escrito por\" \/>\n\t<meta name=\"twitter:data1\" content=\"Reda\u00e7\u00e3o\" \/>\n<script type=\"application\/ld+json\" class=\"yoast-schema-graph\">{\"@context\":\"https:\/\/schema.org\",\"@graph\":[{\"@type\":\"Article\",\"@id\":\"https:\/\/brasilnoticias.org\/site\/capitao-alden-apresenta-parecer-favoravel-para-aumento-de-idade-para-35-anos-para-policiais-e-bombeiros\/#article\",\"isPartOf\":{\"@id\":\"https:\/\/brasilnoticias.org\/site\/capitao-alden-apresenta-parecer-favoravel-para-aumento-de-idade-para-35-anos-para-policiais-e-bombeiros\/\"},\"author\":{\"name\":\"Reda\u00e7\u00e3o\",\"@id\":\"https:\/\/brasilnoticias.org\/site\/#\/schema\/person\/a0e05b973ec4d15c658d51911e53507b\"},\"headline\":\"Capit\u00e3o Alden apresenta parecer favor\u00e1vel para aumento de idade para 35 anos para Policiais e Bombeiros\",\"datePublished\":\"2023-05-02T20:33:46+00:00\",\"mainEntityOfPage\":{\"@id\":\"https:\/\/brasilnoticias.org\/site\/capitao-alden-apresenta-parecer-favoravel-para-aumento-de-idade-para-35-anos-para-policiais-e-bombeiros\/\"},\"wordCount\":298,\"commentCount\":0,\"publisher\":{\"@id\":\"https:\/\/brasilnoticias.org\/site\/#organization\"},\"image\":{\"@id\":\"https:\/\/brasilnoticias.org\/site\/capitao-alden-apresenta-parecer-favoravel-para-aumento-de-idade-para-35-anos-para-policiais-e-bombeiros\/#primaryimage\"},\"thumbnailUrl\":\"https:\/\/brasilnoticias.org\/site\/wp-content\/uploads\/2023\/05\/WhatsApp-Image-2023-05-02-at-17.04.37.jpeg\",\"articleSection\":[\"Pol\u00edtica\",\"\u00daltimas\"],\"inLanguage\":\"pt-PT\",\"potentialAction\":[{\"@type\":\"CommentAction\",\"name\":\"Comment\",\"target\":[\"https:\/\/brasilnoticias.org\/site\/capitao-alden-apresenta-parecer-favoravel-para-aumento-de-idade-para-35-anos-para-policiais-e-bombeiros\/#respond\"]}]},{\"@type\":\"WebPage\",\"@id\":\"https:\/\/brasilnoticias.org\/site\/capitao-alden-apresenta-parecer-favoravel-para-aumento-de-idade-para-35-anos-para-policiais-e-bombeiros\/\",\"url\":\"https:\/\/brasilnoticias.org\/site\/capitao-alden-apresenta-parecer-favoravel-para-aumento-de-idade-para-35-anos-para-policiais-e-bombeiros\/\",\"name\":\"Capit\u00e3o Alden apresenta parecer favor\u00e1vel para aumento de idade para 35 anos para Policiais e Bombeiros - Brasil not\u00edcias\",\"isPartOf\":{\"@id\":\"https:\/\/brasilnoticias.org\/site\/#website\"},\"primaryImageOfPage\":{\"@id\":\"https:\/\/brasilnoticias.org\/site\/capitao-alden-apresenta-parecer-favoravel-para-aumento-de-idade-para-35-anos-para-policiais-e-bombeiros\/#primaryimage\"},\"image\":{\"@id\":\"https:\/\/brasilnoticias.org\/site\/capitao-alden-apresenta-parecer-favoravel-para-aumento-de-idade-para-35-anos-para-policiais-e-bombeiros\/#primaryimage\"},\"thumbnailUrl\":\"https:\/\/brasilnoticias.org\/site\/wp-content\/uploads\/2023\/05\/WhatsApp-Image-2023-05-02-at-17.04.37.jpeg\",\"datePublished\":\"2023-05-02T20:33:46+00:00\",\"breadcrumb\":{\"@id\":\"https:\/\/brasilnoticias.org\/site\/capitao-alden-apresenta-parecer-favoravel-para-aumento-de-idade-para-35-anos-para-policiais-e-bombeiros\/#breadcrumb\"},\"inLanguage\":\"pt-PT\",\"potentialAction\":[{\"@type\":\"ReadAction\",\"target\":[\"https:\/\/brasilnoticias.org\/site\/capitao-alden-apresenta-parecer-favoravel-para-aumento-de-idade-para-35-anos-para-policiais-e-bombeiros\/\"]}]},{\"@type\":\"ImageObject\",\"inLanguage\":\"pt-PT\",\"@id\":\"https:\/\/brasilnoticias.org\/site\/capitao-alden-apresenta-parecer-favoravel-para-aumento-de-idade-para-35-anos-para-policiais-e-bombeiros\/#primaryimage\",\"url\":\"https:\/\/brasilnoticias.org\/site\/wp-content\/uploads\/2023\/05\/WhatsApp-Image-2023-05-02-at-17.04.37.jpeg\",\"contentUrl\":\"https:\/\/brasilnoticias.org\/site\/wp-content\/uploads\/2023\/05\/WhatsApp-Image-2023-05-02-at-17.04.37.jpeg\",\"width\":1024,\"height\":682},{\"@type\":\"BreadcrumbList\",\"@id\":\"https:\/\/brasilnoticias.org\/site\/capitao-alden-apresenta-parecer-favoravel-para-aumento-de-idade-para-35-anos-para-policiais-e-bombeiros\/#breadcrumb\",\"itemListElement\":[{\"@type\":\"ListItem\",\"position\":1,\"name\":\"In\u00edcio\",\"item\":\"https:\/\/brasilnoticias.org\/site\/\"},{\"@type\":\"ListItem\",\"position\":2,\"name\":\"Capit\u00e3o Alden apresenta parecer favor\u00e1vel para aumento de idade para 35 anos para Policiais e Bombeiros\"}]},{\"@type\":\"WebSite\",\"@id\":\"https:\/\/brasilnoticias.org\/site\/#website\",\"url\":\"https:\/\/brasilnoticias.org\/site\/\",\"name\":\"Brasil not\u00edcias\",\"description\":\"Brasil not\u00edcias\",\"publisher\":{\"@id\":\"https:\/\/brasilnoticias.org\/site\/#organization\"},\"potentialAction\":[{\"@type\":\"SearchAction\",\"target\":{\"@type\":\"EntryPoint\",\"urlTemplate\":\"https:\/\/brasilnoticias.org\/site\/?s={search_term_string}\"},\"query-input\":{\"@type\":\"PropertyValueSpecification\",\"valueRequired\":true,\"valueName\":\"search_term_string\"}}],\"inLanguage\":\"pt-PT\"},{\"@type\":\"Organization\",\"@id\":\"https:\/\/brasilnoticias.org\/site\/#organization\",\"name\":\"Brasil not\u00edcias\",\"url\":\"https:\/\/brasilnoticias.org\/site\/\",\"logo\":{\"@type\":\"ImageObject\",\"inLanguage\":\"pt-PT\",\"@id\":\"https:\/\/brasilnoticias.org\/site\/#\/schema\/logo\/image\/\",\"url\":\"https:\/\/brasilnoticias.org\/site\/wp-content\/uploads\/2022\/05\/cropped-brasilnoticias-mini.jpg\",\"contentUrl\":\"https:\/\/brasilnoticias.org\/site\/wp-content\/uploads\/2022\/05\/cropped-brasilnoticias-mini.jpg\",\"width\":314,\"height\":86,\"caption\":\"Brasil not\u00edcias\"},\"image\":{\"@id\":\"https:\/\/brasilnoticias.org\/site\/#\/schema\/logo\/image\/\"}},{\"@type\":\"Person\",\"@id\":\"https:\/\/brasilnoticias.org\/site\/#\/schema\/person\/a0e05b973ec4d15c658d51911e53507b\",\"name\":\"Reda\u00e7\u00e3o\",\"image\":{\"@type\":\"ImageObject\",\"inLanguage\":\"pt-PT\",\"@id\":\"https:\/\/brasilnoticias.org\/site\/#\/schema\/person\/image\/\",\"url\":\"https:\/\/secure.gravatar.com\/avatar\/75d8b050df2de108b08ae78dfb8e374892df24a383c67db9c46a9c604f6aee9c?s=96&d=mm&r=g\",\"contentUrl\":\"https:\/\/secure.gravatar.com\/avatar\/75d8b050df2de108b08ae78dfb8e374892df24a383c67db9c46a9c604f6aee9c?s=96&d=mm&r=g\",\"caption\":\"Reda\u00e7\u00e3o\"},\"sameAs\":[\"https:\/\/brasilnoticias.org\/site\"],\"url\":\"https:\/\/brasilnoticias.org\/site\/author\/fernandozsngmail-com\/\"}]}<\/script>\n<!-- \/ Yoast SEO plugin. -->","yoast_head_json":{"title":"Capit\u00e3o Alden apresenta parecer favor\u00e1vel para aumento de idade para 35 anos para Policiais e Bombeiros - Brasil not\u00edcias","robots":{"index":"index","follow":"follow","max-snippet":"max-snippet:-1","max-image-preview":"max-image-preview:large","max-video-preview":"max-video-preview:-1"},"canonical":"https:\/\/brasilnoticias.org\/site\/capitao-alden-apresenta-parecer-favoravel-para-aumento-de-idade-para-35-anos-para-policiais-e-bombeiros\/","og_locale":"pt_PT","og_type":"article","og_title":"Capit\u00e3o Alden apresenta parecer favor\u00e1vel para aumento de idade para 35 anos para Policiais e Bombeiros - Brasil not\u00edcias","og_description":"Deputado foi relator do projeto que foi aprovado na Comiss\u00e3o de Seguran\u00e7a P\u00fablica e Combate ao Crime Organizado Os militares","og_url":"https:\/\/brasilnoticias.org\/site\/capitao-alden-apresenta-parecer-favoravel-para-aumento-de-idade-para-35-anos-para-policiais-e-bombeiros\/","og_site_name":"Brasil not\u00edcias","article_published_time":"2023-05-02T20:33:46+00:00","og_image":[{"width":1024,"height":682,"url":"https:\/\/brasilnoticias.org\/site\/wp-content\/uploads\/2023\/05\/WhatsApp-Image-2023-05-02-at-17.04.37.jpeg","type":"image\/jpeg"}],"author":"Reda\u00e7\u00e3o","twitter_card":"summary_large_image","twitter_misc":{"Escrito por":"Reda\u00e7\u00e3o"},"schema":{"@context":"https:\/\/schema.org","@graph":[{"@type":"Article","@id":"https:\/\/brasilnoticias.org\/site\/capitao-alden-apresenta-parecer-favoravel-para-aumento-de-idade-para-35-anos-para-policiais-e-bombeiros\/#article","isPartOf":{"@id":"https:\/\/brasilnoticias.org\/site\/capitao-alden-apresenta-parecer-favoravel-para-aumento-de-idade-para-35-anos-para-policiais-e-bombeiros\/"},"author":{"name":"Reda\u00e7\u00e3o","@id":"https:\/\/brasilnoticias.org\/site\/#\/schema\/person\/a0e05b973ec4d15c658d51911e53507b"},"headline":"Capit\u00e3o Alden apresenta parecer favor\u00e1vel para aumento de idade para 35 anos para Policiais e Bombeiros","datePublished":"2023-05-02T20:33:46+00:00","mainEntityOfPage":{"@id":"https:\/\/brasilnoticias.org\/site\/capitao-alden-apresenta-parecer-favoravel-para-aumento-de-idade-para-35-anos-para-policiais-e-bombeiros\/"},"wordCount":298,"commentCount":0,"publisher":{"@id":"https:\/\/brasilnoticias.org\/site\/#organization"},"image":{"@id":"https:\/\/brasilnoticias.org\/site\/capitao-alden-apresenta-parecer-favoravel-para-aumento-de-idade-para-35-anos-para-policiais-e-bombeiros\/#primaryimage"},"thumbnailUrl":"https:\/\/brasilnoticias.org\/site\/wp-content\/uploads\/2023\/05\/WhatsApp-Image-2023-05-02-at-17.04.37.jpeg","articleSection":["Pol\u00edtica","\u00daltimas"],"inLanguage":"pt-PT","potentialAction":[{"@type":"CommentAction","name":"Comment","target":["https:\/\/brasilnoticias.org\/site\/capitao-alden-apresenta-parecer-favoravel-para-aumento-de-idade-para-35-anos-para-policiais-e-bombeiros\/#respond"]}]},{"@type":"WebPage","@id":"https:\/\/brasilnoticias.org\/site\/capitao-alden-apresenta-parecer-favoravel-para-aumento-de-idade-para-35-anos-para-policiais-e-bombeiros\/","url":"https:\/\/brasilnoticias.org\/site\/capitao-alden-apresenta-parecer-favoravel-para-aumento-de-idade-para-35-anos-para-policiais-e-bombeiros\/","name":"Capit\u00e3o Alden apresenta parecer favor\u00e1vel para aumento de idade para 35 anos para Policiais e Bombeiros - Brasil not\u00edcias","isPartOf":{"@id":"https:\/\/brasilnoticias.org\/site\/#website"},"primaryImageOfPage":{"@id":"https:\/\/brasilnoticias.org\/site\/capitao-alden-apresenta-parecer-favoravel-para-aumento-de-idade-para-35-anos-para-policiais-e-bombeiros\/#primaryimage"},"image":{"@id":"https:\/\/brasilnoticias.org\/site\/capitao-alden-apresenta-parecer-favoravel-para-aumento-de-idade-para-35-anos-para-policiais-e-bombeiros\/#primaryimage"},"thumbnailUrl":"https:\/\/brasilnoticias.org\/site\/wp-content\/uploads\/2023\/05\/WhatsApp-Image-2023-05-02-at-17.04.37.jpeg","datePublished":"2023-05-02T20:33:46+00:00","breadcrumb":{"@id":"https:\/\/brasilnoticias.org\/site\/capitao-alden-apresenta-parecer-favoravel-para-aumento-de-idade-para-35-anos-para-policiais-e-bombeiros\/#breadcrumb"},"inLanguage":"pt-PT","potentialAction":[{"@type":"ReadAction","target":["https:\/\/brasilnoticias.org\/site\/capitao-alden-apresenta-parecer-favoravel-para-aumento-de-idade-para-35-anos-para-policiais-e-bombeiros\/"]}]},{"@type":"ImageObject","inLanguage":"pt-PT","@id":"https:\/\/brasilnoticias.org\/site\/capitao-alden-apresenta-parecer-favoravel-para-aumento-de-idade-para-35-anos-para-policiais-e-bombeiros\/#primaryimage","url":"https:\/\/brasilnoticias.org\/site\/wp-content\/uploads\/2023\/05\/WhatsApp-Image-2023-05-02-at-17.04.37.jpeg","contentUrl":"https:\/\/brasilnoticias.org\/site\/wp-content\/uploads\/2023\/05\/WhatsApp-Image-2023-05-02-at-17.04.37.jpeg","width":1024,"height":682},{"@type":"BreadcrumbList","@id":"https:\/\/brasilnoticias.org\/site\/capitao-alden-apresenta-parecer-favoravel-para-aumento-de-idade-para-35-anos-para-policiais-e-bombeiros\/#breadcrumb","itemListElement":[{"@type":"ListItem","position":1,"name":"In\u00edcio","item":"https:\/\/brasilnoticias.org\/site\/"},{"@type":"ListItem","position":2,"name":"Capit\u00e3o Alden apresenta parecer favor\u00e1vel para aumento de idade para 35 anos para Policiais e Bombeiros"}]},{"@type":"WebSite","@id":"https:\/\/brasilnoticias.org\/site\/#website","url":"https:\/\/brasilnoticias.org\/site\/","name":"Brasil not\u00edcias","description":"Brasil not\u00edcias","publisher":{"@id":"https:\/\/brasilnoticias.org\/site\/#organization"},"potentialAction":[{"@type":"SearchAction","target":{"@type":"EntryPoint","urlTemplate":"https:\/\/brasilnoticias.org\/site\/?s={search_term_string}"},"query-input":{"@type":"PropertyValueSpecification","valueRequired":true,"valueName":"search_term_string"}}],"inLanguage":"pt-PT"},{"@type":"Organization","@id":"https:\/\/brasilnoticias.org\/site\/#organization","name":"Brasil not\u00edcias","url":"https:\/\/brasilnoticias.org\/site\/","logo":{"@type":"ImageObject","inLanguage":"pt-PT","@id":"https:\/\/brasilnoticias.org\/site\/#\/schema\/logo\/image\/","url":"https:\/\/brasilnoticias.org\/site\/wp-content\/uploads\/2022\/05\/cropped-brasilnoticias-mini.jpg","contentUrl":"https:\/\/brasilnoticias.org\/site\/wp-content\/uploads\/2022\/05\/cropped-brasilnoticias-mini.jpg","width":314,"height":86,"caption":"Brasil not\u00edcias"},"image":{"@id":"https:\/\/brasilnoticias.org\/site\/#\/schema\/logo\/image\/"}},{"@type":"Person","@id":"https:\/\/brasilnoticias.org\/site\/#\/schema\/person\/a0e05b973ec4d15c658d51911e53507b","name":"Reda\u00e7\u00e3o","image":{"@type":"ImageObject","inLanguage":"pt-PT","@id":"https:\/\/brasilnoticias.org\/site\/#\/schema\/person\/image\/","url":"https:\/\/secure.gravatar.com\/avatar\/75d8b050df2de108b08ae78dfb8e374892df24a383c67db9c46a9c604f6aee9c?s=96&d=mm&r=g","contentUrl":"https:\/\/secure.gravatar.com\/avatar\/75d8b050df2de108b08ae78dfb8e374892df24a383c67db9c46a9c604f6aee9c?s=96&d=mm&r=g","caption":"Reda\u00e7\u00e3o"},"sameAs":["https:\/\/brasilnoticias.org\/site"],"url":"https:\/\/brasilnoticias.org\/site\/author\/fernandozsngmail-com\/"}]}},"_links":{"self":[{"href":"https:\/\/brasilnoticias.org\/site\/wp-json\/wp\/v2\/posts\/5782","targetHints":{"allow":["GET"]}}],"collection":[{"href":"https:\/\/brasilnoticias.org\/site\/wp-json\/wp\/v2\/posts"}],"about":[{"href":"https:\/\/brasilnoticias.org\/site\/wp-json\/wp\/v2\/types\/post"}],"author":[{"embeddable":true,"href":"https:\/\/brasilnoticias.org\/site\/wp-json\/wp\/v2\/users\/1"}],"replies":[{"embeddable":true,"href":"https:\/\/brasilnoticias.org\/site\/wp-json\/wp\/v2\/comments?post=5782"}],"version-history":[{"count":1,"href":"https:\/\/brasilnoticias.org\/site\/wp-json\/wp\/v2\/posts\/5782\/revisions"}],"predecessor-version":[{"id":5784,"href":"https:\/\/brasilnoticias.org\/site\/wp-json\/wp\/v2\/posts\/5782\/revisions\/5784"}],"wp:featuredmedia":[{"embeddable":true,"href":"https:\/\/brasilnoticias.org\/site\/wp-json\/wp\/v2\/media\/5783"}],"wp:attachment":[{"href":"https:\/\/brasilnoticias.org\/site\/wp-json\/wp\/v2\/media?parent=5782"}],"wp:term":[{"taxonomy":"category","embeddable":true,"href":"https:\/\/brasilnoticias.org\/site\/wp-json\/wp\/v2\/categories?post=5782"},{"taxonomy":"post_tag","embeddable":true,"href":"https:\/\/brasilnoticias.org\/site\/wp-json\/wp\/v2\/tags?post=5782"}],"curies":[{"name":"wp","href":"https:\/\/api.w.org\/{rel}","templated":true}]}}