{"id":5794,"date":"2023-05-03T06:30:26","date_gmt":"2023-05-03T09:30:26","guid":{"rendered":"https:\/\/brasilnoticias.org\/site\/?p=5794"},"modified":"2023-05-03T06:30:26","modified_gmt":"2023-05-03T09:30:26","slug":"leo-conde-tera-dois-reforcos-vindo-do-dm-para-jogo-contra-o-botafogo-sp","status":"publish","type":"post","link":"https:\/\/brasilnoticias.org\/site\/leo-conde-tera-dois-reforcos-vindo-do-dm-para-jogo-contra-o-botafogo-sp\/","title":{"rendered":"L\u00e9o Cond\u00e9 ter\u00e1 dois refor\u00e7os vindo do DM para jogo contra o Botafogo-SP"},"content":{"rendered":"<p>O treinador L\u00e9o Cond\u00e9, do Vit\u00f3ria, ter\u00e1 o retorno de dois jogadores para o jogo da pr\u00f3xima rodada do Campeonato Brasileiro da S\u00e9rie B, contra o Botafogo-SP. Trata-se do meia Giovanni Augusto e do volante Diego Fuma\u00e7a, que estavam entregues ao departamento m\u00e9dico do clube e j\u00e1 est\u00e3o \u00e0 disposi\u00e7\u00e3o de Cond\u00e9.<\/p>\n<p>Giovanni e Fuma\u00e7a j\u00e1 participaram normalmente dos treinamentos nesta semana, junto com o restante do elenco rubro negro, e ser\u00e3o op\u00e7\u00f5es para a partida que acontece na pr\u00f3xima sexta-feira (5), fora de casa. <\/p>\n<p>Os dois jogadores chegaram ao Le\u00e3o no \u00faltimo pacote de contrata\u00e7\u00f5es que desembarcou na Toca do Le\u00e3o visando a reformula\u00e7\u00e3o para a disputa da S\u00e9rie B. Giovanni Augusto sentiu um desconforto muscular antes da partida contra o ABC e ficou de fora dos \u00faltimos dois jogos. J\u00e1 Fuma\u00e7a se lesionou no amistoso disputado no fim da inter-temporada do time antes da S\u00e9rie B, contra o Bahia de Feira.<\/p>\n<p>Foto: Victor Ferreira\/EC Vit\u00f3ria<br \/>\n  BNews<\/p>\n","protected":false},"excerpt":{"rendered":"<p>O treinador L\u00e9o Cond\u00e9, do Vit\u00f3ria, ter\u00e1 o retorno de dois jogadores para o jogo da pr\u00f3xima rodada do Campeonato<\/p>\n","protected":false},"author":1,"featured_media":5795,"comment_status":"open","ping_status":"open","sticky":false,"template":"","format":"standard","meta":{"colormag_page_container_layout":"default_layout","colormag_page_sidebar_layout":"default_layout","_FSMCFIC_featured_image_caption":"","_FSMCFIC_featured_image_nocaption":"","_FSMCFIC_featured_image_hide":"","footnotes":""},"categories":[4,1],"tags":[],"class_list":["post-5794","post","type-post","status-publish","format-standard","has-post-thumbnail","hentry","category-esporte","category-ultimas"],"yoast_head":"<!-- This site is optimized with the Yoast SEO plugin v27.1.1 - https:\/\/yoast.com\/product\/yoast-seo-wordpress\/ -->\n<title>L\u00e9o Cond\u00e9 ter\u00e1 dois refor\u00e7os vindo do DM para jogo contra o Botafogo-SP - Brasil not\u00edcias<\/title>\n<meta name=\"robots\" content=\"index, follow, max-snippet:-1, max-image-preview:large, max-video-preview:-1\" \/>\n<link rel=\"canonical\" href=\"https:\/\/brasilnoticias.org\/site\/leo-conde-tera-dois-reforcos-vindo-do-dm-para-jogo-contra-o-botafogo-sp\/\" \/>\n<meta property=\"og:locale\" content=\"pt_PT\" \/>\n<meta property=\"og:type\" content=\"article\" \/>\n<meta property=\"og:title\" content=\"L\u00e9o Cond\u00e9 ter\u00e1 dois refor\u00e7os vindo do DM para jogo contra o Botafogo-SP - Brasil not\u00edcias\" \/>\n<meta property=\"og:description\" content=\"O treinador L\u00e9o Cond\u00e9, do Vit\u00f3ria, ter\u00e1 o retorno de dois jogadores para o jogo da pr\u00f3xima rodada do Campeonato\" \/>\n<meta property=\"og:url\" content=\"https:\/\/brasilnoticias.org\/site\/leo-conde-tera-dois-reforcos-vindo-do-dm-para-jogo-contra-o-botafogo-sp\/\" \/>\n<meta property=\"og:site_name\" content=\"Brasil not\u00edcias\" \/>\n<meta property=\"article:published_time\" content=\"2023-05-03T09:30:26+00:00\" \/>\n<meta property=\"og:image\" content=\"https:\/\/brasilnoticias.org\/site\/wp-content\/uploads\/2023\/05\/52841271597_cd5fdf6833_k_widelg.jpg\" \/>\n\t<meta property=\"og:image:width\" content=\"800\" \/>\n\t<meta property=\"og:image:height\" content=\"450\" \/>\n\t<meta property=\"og:image:type\" content=\"image\/jpeg\" \/>\n<meta name=\"author\" content=\"Reda\u00e7\u00e3o\" \/>\n<meta name=\"twitter:card\" content=\"summary_large_image\" \/>\n<meta name=\"twitter:label1\" content=\"Escrito por\" \/>\n\t<meta name=\"twitter:data1\" content=\"Reda\u00e7\u00e3o\" \/>\n<script type=\"application\/ld+json\" class=\"yoast-schema-graph\">{\"@context\":\"https:\/\/schema.org\",\"@graph\":[{\"@type\":\"Article\",\"@id\":\"https:\/\/brasilnoticias.org\/site\/leo-conde-tera-dois-reforcos-vindo-do-dm-para-jogo-contra-o-botafogo-sp\/#article\",\"isPartOf\":{\"@id\":\"https:\/\/brasilnoticias.org\/site\/leo-conde-tera-dois-reforcos-vindo-do-dm-para-jogo-contra-o-botafogo-sp\/\"},\"author\":{\"name\":\"Reda\u00e7\u00e3o\",\"@id\":\"https:\/\/brasilnoticias.org\/site\/#\/schema\/person\/a0e05b973ec4d15c658d51911e53507b\"},\"headline\":\"L\u00e9o Cond\u00e9 ter\u00e1 dois refor\u00e7os vindo do DM para jogo contra o Botafogo-SP\",\"datePublished\":\"2023-05-03T09:30:26+00:00\",\"mainEntityOfPage\":{\"@id\":\"https:\/\/brasilnoticias.org\/site\/leo-conde-tera-dois-reforcos-vindo-do-dm-para-jogo-contra-o-botafogo-sp\/\"},\"wordCount\":192,\"commentCount\":0,\"publisher\":{\"@id\":\"https:\/\/brasilnoticias.org\/site\/#organization\"},\"image\":{\"@id\":\"https:\/\/brasilnoticias.org\/site\/leo-conde-tera-dois-reforcos-vindo-do-dm-para-jogo-contra-o-botafogo-sp\/#primaryimage\"},\"thumbnailUrl\":\"https:\/\/brasilnoticias.org\/site\/wp-content\/uploads\/2023\/05\/52841271597_cd5fdf6833_k_widelg.jpg\",\"articleSection\":[\"Esporte\",\"\u00daltimas\"],\"inLanguage\":\"pt-PT\",\"potentialAction\":[{\"@type\":\"CommentAction\",\"name\":\"Comment\",\"target\":[\"https:\/\/brasilnoticias.org\/site\/leo-conde-tera-dois-reforcos-vindo-do-dm-para-jogo-contra-o-botafogo-sp\/#respond\"]}]},{\"@type\":\"WebPage\",\"@id\":\"https:\/\/brasilnoticias.org\/site\/leo-conde-tera-dois-reforcos-vindo-do-dm-para-jogo-contra-o-botafogo-sp\/\",\"url\":\"https:\/\/brasilnoticias.org\/site\/leo-conde-tera-dois-reforcos-vindo-do-dm-para-jogo-contra-o-botafogo-sp\/\",\"name\":\"L\u00e9o Cond\u00e9 ter\u00e1 dois refor\u00e7os vindo do DM para jogo contra o Botafogo-SP - Brasil not\u00edcias\",\"isPartOf\":{\"@id\":\"https:\/\/brasilnoticias.org\/site\/#website\"},\"primaryImageOfPage\":{\"@id\":\"https:\/\/brasilnoticias.org\/site\/leo-conde-tera-dois-reforcos-vindo-do-dm-para-jogo-contra-o-botafogo-sp\/#primaryimage\"},\"image\":{\"@id\":\"https:\/\/brasilnoticias.org\/site\/leo-conde-tera-dois-reforcos-vindo-do-dm-para-jogo-contra-o-botafogo-sp\/#primaryimage\"},\"thumbnailUrl\":\"https:\/\/brasilnoticias.org\/site\/wp-content\/uploads\/2023\/05\/52841271597_cd5fdf6833_k_widelg.jpg\",\"datePublished\":\"2023-05-03T09:30:26+00:00\",\"breadcrumb\":{\"@id\":\"https:\/\/brasilnoticias.org\/site\/leo-conde-tera-dois-reforcos-vindo-do-dm-para-jogo-contra-o-botafogo-sp\/#breadcrumb\"},\"inLanguage\":\"pt-PT\",\"potentialAction\":[{\"@type\":\"ReadAction\",\"target\":[\"https:\/\/brasilnoticias.org\/site\/leo-conde-tera-dois-reforcos-vindo-do-dm-para-jogo-contra-o-botafogo-sp\/\"]}]},{\"@type\":\"ImageObject\",\"inLanguage\":\"pt-PT\",\"@id\":\"https:\/\/brasilnoticias.org\/site\/leo-conde-tera-dois-reforcos-vindo-do-dm-para-jogo-contra-o-botafogo-sp\/#primaryimage\",\"url\":\"https:\/\/brasilnoticias.org\/site\/wp-content\/uploads\/2023\/05\/52841271597_cd5fdf6833_k_widelg.jpg\",\"contentUrl\":\"https:\/\/brasilnoticias.org\/site\/wp-content\/uploads\/2023\/05\/52841271597_cd5fdf6833_k_widelg.jpg\",\"width\":800,\"height\":450},{\"@type\":\"BreadcrumbList\",\"@id\":\"https:\/\/brasilnoticias.org\/site\/leo-conde-tera-dois-reforcos-vindo-do-dm-para-jogo-contra-o-botafogo-sp\/#breadcrumb\",\"itemListElement\":[{\"@type\":\"ListItem\",\"position\":1,\"name\":\"In\u00edcio\",\"item\":\"https:\/\/brasilnoticias.org\/site\/\"},{\"@type\":\"ListItem\",\"position\":2,\"name\":\"L\u00e9o Cond\u00e9 ter\u00e1 dois refor\u00e7os vindo do DM para jogo contra o Botafogo-SP\"}]},{\"@type\":\"WebSite\",\"@id\":\"https:\/\/brasilnoticias.org\/site\/#website\",\"url\":\"https:\/\/brasilnoticias.org\/site\/\",\"name\":\"Brasil not\u00edcias\",\"description\":\"Brasil not\u00edcias\",\"publisher\":{\"@id\":\"https:\/\/brasilnoticias.org\/site\/#organization\"},\"potentialAction\":[{\"@type\":\"SearchAction\",\"target\":{\"@type\":\"EntryPoint\",\"urlTemplate\":\"https:\/\/brasilnoticias.org\/site\/?s={search_term_string}\"},\"query-input\":{\"@type\":\"PropertyValueSpecification\",\"valueRequired\":true,\"valueName\":\"search_term_string\"}}],\"inLanguage\":\"pt-PT\"},{\"@type\":\"Organization\",\"@id\":\"https:\/\/brasilnoticias.org\/site\/#organization\",\"name\":\"Brasil not\u00edcias\",\"url\":\"https:\/\/brasilnoticias.org\/site\/\",\"logo\":{\"@type\":\"ImageObject\",\"inLanguage\":\"pt-PT\",\"@id\":\"https:\/\/brasilnoticias.org\/site\/#\/schema\/logo\/image\/\",\"url\":\"https:\/\/brasilnoticias.org\/site\/wp-content\/uploads\/2022\/05\/cropped-brasilnoticias-mini.jpg\",\"contentUrl\":\"https:\/\/brasilnoticias.org\/site\/wp-content\/uploads\/2022\/05\/cropped-brasilnoticias-mini.jpg\",\"width\":314,\"height\":86,\"caption\":\"Brasil not\u00edcias\"},\"image\":{\"@id\":\"https:\/\/brasilnoticias.org\/site\/#\/schema\/logo\/image\/\"}},{\"@type\":\"Person\",\"@id\":\"https:\/\/brasilnoticias.org\/site\/#\/schema\/person\/a0e05b973ec4d15c658d51911e53507b\",\"name\":\"Reda\u00e7\u00e3o\",\"image\":{\"@type\":\"ImageObject\",\"inLanguage\":\"pt-PT\",\"@id\":\"https:\/\/brasilnoticias.org\/site\/#\/schema\/person\/image\/\",\"url\":\"https:\/\/secure.gravatar.com\/avatar\/75d8b050df2de108b08ae78dfb8e374892df24a383c67db9c46a9c604f6aee9c?s=96&d=mm&r=g\",\"contentUrl\":\"https:\/\/secure.gravatar.com\/avatar\/75d8b050df2de108b08ae78dfb8e374892df24a383c67db9c46a9c604f6aee9c?s=96&d=mm&r=g\",\"caption\":\"Reda\u00e7\u00e3o\"},\"sameAs\":[\"https:\/\/brasilnoticias.org\/site\"],\"url\":\"https:\/\/brasilnoticias.org\/site\/author\/fernandozsngmail-com\/\"}]}<\/script>\n<!-- \/ Yoast SEO plugin. -->","yoast_head_json":{"title":"L\u00e9o Cond\u00e9 ter\u00e1 dois refor\u00e7os vindo do DM para jogo contra o Botafogo-SP - Brasil not\u00edcias","robots":{"index":"index","follow":"follow","max-snippet":"max-snippet:-1","max-image-preview":"max-image-preview:large","max-video-preview":"max-video-preview:-1"},"canonical":"https:\/\/brasilnoticias.org\/site\/leo-conde-tera-dois-reforcos-vindo-do-dm-para-jogo-contra-o-botafogo-sp\/","og_locale":"pt_PT","og_type":"article","og_title":"L\u00e9o Cond\u00e9 ter\u00e1 dois refor\u00e7os vindo do DM para jogo contra o Botafogo-SP - Brasil not\u00edcias","og_description":"O treinador L\u00e9o Cond\u00e9, do Vit\u00f3ria, ter\u00e1 o retorno de dois jogadores para o jogo da pr\u00f3xima rodada do Campeonato","og_url":"https:\/\/brasilnoticias.org\/site\/leo-conde-tera-dois-reforcos-vindo-do-dm-para-jogo-contra-o-botafogo-sp\/","og_site_name":"Brasil not\u00edcias","article_published_time":"2023-05-03T09:30:26+00:00","og_image":[{"width":800,"height":450,"url":"https:\/\/brasilnoticias.org\/site\/wp-content\/uploads\/2023\/05\/52841271597_cd5fdf6833_k_widelg.jpg","type":"image\/jpeg"}],"author":"Reda\u00e7\u00e3o","twitter_card":"summary_large_image","twitter_misc":{"Escrito por":"Reda\u00e7\u00e3o"},"schema":{"@context":"https:\/\/schema.org","@graph":[{"@type":"Article","@id":"https:\/\/brasilnoticias.org\/site\/leo-conde-tera-dois-reforcos-vindo-do-dm-para-jogo-contra-o-botafogo-sp\/#article","isPartOf":{"@id":"https:\/\/brasilnoticias.org\/site\/leo-conde-tera-dois-reforcos-vindo-do-dm-para-jogo-contra-o-botafogo-sp\/"},"author":{"name":"Reda\u00e7\u00e3o","@id":"https:\/\/brasilnoticias.org\/site\/#\/schema\/person\/a0e05b973ec4d15c658d51911e53507b"},"headline":"L\u00e9o Cond\u00e9 ter\u00e1 dois refor\u00e7os vindo do DM para jogo contra o Botafogo-SP","datePublished":"2023-05-03T09:30:26+00:00","mainEntityOfPage":{"@id":"https:\/\/brasilnoticias.org\/site\/leo-conde-tera-dois-reforcos-vindo-do-dm-para-jogo-contra-o-botafogo-sp\/"},"wordCount":192,"commentCount":0,"publisher":{"@id":"https:\/\/brasilnoticias.org\/site\/#organization"},"image":{"@id":"https:\/\/brasilnoticias.org\/site\/leo-conde-tera-dois-reforcos-vindo-do-dm-para-jogo-contra-o-botafogo-sp\/#primaryimage"},"thumbnailUrl":"https:\/\/brasilnoticias.org\/site\/wp-content\/uploads\/2023\/05\/52841271597_cd5fdf6833_k_widelg.jpg","articleSection":["Esporte","\u00daltimas"],"inLanguage":"pt-PT","potentialAction":[{"@type":"CommentAction","name":"Comment","target":["https:\/\/brasilnoticias.org\/site\/leo-conde-tera-dois-reforcos-vindo-do-dm-para-jogo-contra-o-botafogo-sp\/#respond"]}]},{"@type":"WebPage","@id":"https:\/\/brasilnoticias.org\/site\/leo-conde-tera-dois-reforcos-vindo-do-dm-para-jogo-contra-o-botafogo-sp\/","url":"https:\/\/brasilnoticias.org\/site\/leo-conde-tera-dois-reforcos-vindo-do-dm-para-jogo-contra-o-botafogo-sp\/","name":"L\u00e9o Cond\u00e9 ter\u00e1 dois refor\u00e7os vindo do DM para jogo contra o Botafogo-SP - Brasil not\u00edcias","isPartOf":{"@id":"https:\/\/brasilnoticias.org\/site\/#website"},"primaryImageOfPage":{"@id":"https:\/\/brasilnoticias.org\/site\/leo-conde-tera-dois-reforcos-vindo-do-dm-para-jogo-contra-o-botafogo-sp\/#primaryimage"},"image":{"@id":"https:\/\/brasilnoticias.org\/site\/leo-conde-tera-dois-reforcos-vindo-do-dm-para-jogo-contra-o-botafogo-sp\/#primaryimage"},"thumbnailUrl":"https:\/\/brasilnoticias.org\/site\/wp-content\/uploads\/2023\/05\/52841271597_cd5fdf6833_k_widelg.jpg","datePublished":"2023-05-03T09:30:26+00:00","breadcrumb":{"@id":"https:\/\/brasilnoticias.org\/site\/leo-conde-tera-dois-reforcos-vindo-do-dm-para-jogo-contra-o-botafogo-sp\/#breadcrumb"},"inLanguage":"pt-PT","potentialAction":[{"@type":"ReadAction","target":["https:\/\/brasilnoticias.org\/site\/leo-conde-tera-dois-reforcos-vindo-do-dm-para-jogo-contra-o-botafogo-sp\/"]}]},{"@type":"ImageObject","inLanguage":"pt-PT","@id":"https:\/\/brasilnoticias.org\/site\/leo-conde-tera-dois-reforcos-vindo-do-dm-para-jogo-contra-o-botafogo-sp\/#primaryimage","url":"https:\/\/brasilnoticias.org\/site\/wp-content\/uploads\/2023\/05\/52841271597_cd5fdf6833_k_widelg.jpg","contentUrl":"https:\/\/brasilnoticias.org\/site\/wp-content\/uploads\/2023\/05\/52841271597_cd5fdf6833_k_widelg.jpg","width":800,"height":450},{"@type":"BreadcrumbList","@id":"https:\/\/brasilnoticias.org\/site\/leo-conde-tera-dois-reforcos-vindo-do-dm-para-jogo-contra-o-botafogo-sp\/#breadcrumb","itemListElement":[{"@type":"ListItem","position":1,"name":"In\u00edcio","item":"https:\/\/brasilnoticias.org\/site\/"},{"@type":"ListItem","position":2,"name":"L\u00e9o Cond\u00e9 ter\u00e1 dois refor\u00e7os vindo do DM para jogo contra o Botafogo-SP"}]},{"@type":"WebSite","@id":"https:\/\/brasilnoticias.org\/site\/#website","url":"https:\/\/brasilnoticias.org\/site\/","name":"Brasil not\u00edcias","description":"Brasil not\u00edcias","publisher":{"@id":"https:\/\/brasilnoticias.org\/site\/#organization"},"potentialAction":[{"@type":"SearchAction","target":{"@type":"EntryPoint","urlTemplate":"https:\/\/brasilnoticias.org\/site\/?s={search_term_string}"},"query-input":{"@type":"PropertyValueSpecification","valueRequired":true,"valueName":"search_term_string"}}],"inLanguage":"pt-PT"},{"@type":"Organization","@id":"https:\/\/brasilnoticias.org\/site\/#organization","name":"Brasil not\u00edcias","url":"https:\/\/brasilnoticias.org\/site\/","logo":{"@type":"ImageObject","inLanguage":"pt-PT","@id":"https:\/\/brasilnoticias.org\/site\/#\/schema\/logo\/image\/","url":"https:\/\/brasilnoticias.org\/site\/wp-content\/uploads\/2022\/05\/cropped-brasilnoticias-mini.jpg","contentUrl":"https:\/\/brasilnoticias.org\/site\/wp-content\/uploads\/2022\/05\/cropped-brasilnoticias-mini.jpg","width":314,"height":86,"caption":"Brasil not\u00edcias"},"image":{"@id":"https:\/\/brasilnoticias.org\/site\/#\/schema\/logo\/image\/"}},{"@type":"Person","@id":"https:\/\/brasilnoticias.org\/site\/#\/schema\/person\/a0e05b973ec4d15c658d51911e53507b","name":"Reda\u00e7\u00e3o","image":{"@type":"ImageObject","inLanguage":"pt-PT","@id":"https:\/\/brasilnoticias.org\/site\/#\/schema\/person\/image\/","url":"https:\/\/secure.gravatar.com\/avatar\/75d8b050df2de108b08ae78dfb8e374892df24a383c67db9c46a9c604f6aee9c?s=96&d=mm&r=g","contentUrl":"https:\/\/secure.gravatar.com\/avatar\/75d8b050df2de108b08ae78dfb8e374892df24a383c67db9c46a9c604f6aee9c?s=96&d=mm&r=g","caption":"Reda\u00e7\u00e3o"},"sameAs":["https:\/\/brasilnoticias.org\/site"],"url":"https:\/\/brasilnoticias.org\/site\/author\/fernandozsngmail-com\/"}]}},"_links":{"self":[{"href":"https:\/\/brasilnoticias.org\/site\/wp-json\/wp\/v2\/posts\/5794","targetHints":{"allow":["GET"]}}],"collection":[{"href":"https:\/\/brasilnoticias.org\/site\/wp-json\/wp\/v2\/posts"}],"about":[{"href":"https:\/\/brasilnoticias.org\/site\/wp-json\/wp\/v2\/types\/post"}],"author":[{"embeddable":true,"href":"https:\/\/brasilnoticias.org\/site\/wp-json\/wp\/v2\/users\/1"}],"replies":[{"embeddable":true,"href":"https:\/\/brasilnoticias.org\/site\/wp-json\/wp\/v2\/comments?post=5794"}],"version-history":[{"count":1,"href":"https:\/\/brasilnoticias.org\/site\/wp-json\/wp\/v2\/posts\/5794\/revisions"}],"predecessor-version":[{"id":5796,"href":"https:\/\/brasilnoticias.org\/site\/wp-json\/wp\/v2\/posts\/5794\/revisions\/5796"}],"wp:featuredmedia":[{"embeddable":true,"href":"https:\/\/brasilnoticias.org\/site\/wp-json\/wp\/v2\/media\/5795"}],"wp:attachment":[{"href":"https:\/\/brasilnoticias.org\/site\/wp-json\/wp\/v2\/media?parent=5794"}],"wp:term":[{"taxonomy":"category","embeddable":true,"href":"https:\/\/brasilnoticias.org\/site\/wp-json\/wp\/v2\/categories?post=5794"},{"taxonomy":"post_tag","embeddable":true,"href":"https:\/\/brasilnoticias.org\/site\/wp-json\/wp\/v2\/tags?post=5794"}],"curies":[{"name":"wp","href":"https:\/\/api.w.org\/{rel}","templated":true}]}}