{"id":58,"date":"2022-04-09T15:03:32","date_gmt":"2022-04-09T18:03:32","guid":{"rendered":"https:\/\/brasilnoticias.org\/site\/?p=58"},"modified":"2022-05-03T15:05:03","modified_gmt":"2022-05-03T18:05:03","slug":"transito-sera-bloqueado-na-av-tancredo-neves-para-obras-durante-o-final-de-semana","status":"publish","type":"post","link":"https:\/\/brasilnoticias.org\/site\/transito-sera-bloqueado-na-av-tancredo-neves-para-obras-durante-o-final-de-semana\/","title":{"rendered":"Tr\u00e2nsito ser\u00e1 bloqueado na Av. Tancredo Neves para obras durante o final de semana"},"content":{"rendered":"<div id=\"content\" class=\"clearfix\">\n<article id=\"post-14488\" class=\"post-14488 post type-post status-publish format-standard has-post-thumbnail hentry category-noticias category-ultimas\">\n<div class=\"article-content clearfix\">\n<div class=\"entry-content clearfix\">\n<p>Com o objetivo de dar celeridade \u00e0s interven\u00e7\u00f5es na Avenida Tancredo Neves, o tr\u00e2nsito ser\u00e1 interditado na via neste s\u00e1bado (9) e domingo (10) para requalifica\u00e7\u00e3o da via. O fluxo de carro ser\u00e1 bloqueado no trecho entre a passarela em frente ao Centro Empresarial Iguatemi e o Viaduto Mamede Paes Mendon\u00e7a (em frente ao Jornal A Tarde). O bloqueio, que durante a semana aconteceu nas madrugadas, iniciar\u00e1 na noite desta sexta-feira (8) e permanecer\u00e1 at\u00e9 \u00e0s 5h da segunda-feira (11).<\/p>\n<p>Segundo a Transalvador, como op\u00e7\u00e3o de tr\u00e1fego, os condutores que v\u00eam da Av. ACM e desejam seguir para a Avenida Tancredo Neves, para a Avenida Magalh\u00e3es Neto ou para a orla de Salvador devem utilizar a Liga\u00e7\u00e3o Iguatemi-Paralela (LIP) e a Rua Marcos Freire (em frente \u00e0 Tend Tudo). N\u00e3o haver\u00e1 altera\u00e7\u00e3o no tr\u00e1fego para os ve\u00edculos que desejam seguir em dire\u00e7\u00e3o \u00e0 Rodovi\u00e1ria.<\/p>\n<p>No local ser\u00e1 realizada o servi\u00e7o de nivelamento da pista atual e da nova ponte sobre o Rio Camarajipe (duplica\u00e7\u00e3o da LIP). Ao transitar pelo trecho onde a interven\u00e7\u00e3o ser\u00e1 realizada, os condutores devem ter cautela, j\u00e1 que passar\u00e3o pr\u00f3ximos \u00e0s obras que ocorrem no trajeto. Durante o per\u00edodo da interdi\u00e7\u00e3o, a sinaliza\u00e7\u00e3o ser\u00e1 refor\u00e7ada no local para informar os condutores.Agentes de tr\u00e2nsito e transporte tamb\u00e9m estar\u00e3o ajudando a orientar a popula\u00e7\u00e3o.<\/p>\n<p>&nbsp;<\/p>\n<p>&nbsp;<\/p>\n<p>&nbsp;<\/p>\n<p>Bnews<\/p>\n<\/div>\n<\/div>\n<\/article>\n<\/div>\n","protected":false},"excerpt":{"rendered":"<p>Com o objetivo de dar celeridade \u00e0s interven\u00e7\u00f5es na Avenida Tancredo Neves, o tr\u00e2nsito ser\u00e1 interditado na via neste s\u00e1bado<\/p>\n","protected":false},"author":1,"featured_media":59,"comment_status":"open","ping_status":"open","sticky":false,"template":"","format":"standard","meta":{"colormag_page_container_layout":"default_layout","colormag_page_sidebar_layout":"default_layout","_FSMCFIC_featured_image_caption":"","_FSMCFIC_featured_image_nocaption":"","_FSMCFIC_featured_image_hide":"","footnotes":""},"categories":[2,1],"tags":[],"class_list":["post-58","post","type-post","status-publish","format-standard","has-post-thumbnail","hentry","category-noticias","category-ultimas"],"yoast_head":"<!-- This site is optimized with the Yoast SEO plugin v27.1.1 - https:\/\/yoast.com\/product\/yoast-seo-wordpress\/ -->\n<title>Tr\u00e2nsito ser\u00e1 bloqueado na Av. Tancredo Neves para obras durante o final de semana - Brasil not\u00edcias<\/title>\n<meta name=\"robots\" content=\"index, follow, max-snippet:-1, max-image-preview:large, max-video-preview:-1\" \/>\n<link rel=\"canonical\" href=\"https:\/\/brasilnoticias.org\/site\/transito-sera-bloqueado-na-av-tancredo-neves-para-obras-durante-o-final-de-semana\/\" \/>\n<meta property=\"og:locale\" content=\"pt_PT\" \/>\n<meta property=\"og:type\" content=\"article\" \/>\n<meta property=\"og:title\" content=\"Tr\u00e2nsito ser\u00e1 bloqueado na Av. Tancredo Neves para obras durante o final de semana - Brasil not\u00edcias\" \/>\n<meta property=\"og:description\" content=\"Com o objetivo de dar celeridade \u00e0s interven\u00e7\u00f5es na Avenida Tancredo Neves, o tr\u00e2nsito ser\u00e1 interditado na via neste s\u00e1bado\" \/>\n<meta property=\"og:url\" content=\"https:\/\/brasilnoticias.org\/site\/transito-sera-bloqueado-na-av-tancredo-neves-para-obras-durante-o-final-de-semana\/\" \/>\n<meta property=\"og:site_name\" content=\"Brasil not\u00edcias\" \/>\n<meta property=\"article:published_time\" content=\"2022-04-09T18:03:32+00:00\" \/>\n<meta property=\"article:modified_time\" content=\"2022-05-03T18:05:03+00:00\" \/>\n<meta property=\"og:image\" content=\"https:\/\/brasilnoticias.org\/site\/wp-content\/uploads\/2022\/05\/6e902758-3321-49bb-baa6-dcff70784dd8_widelg-800x445-1.jpg\" \/>\n\t<meta property=\"og:image:width\" content=\"800\" \/>\n\t<meta property=\"og:image:height\" content=\"445\" \/>\n\t<meta property=\"og:image:type\" content=\"image\/jpeg\" \/>\n<meta name=\"author\" content=\"Reda\u00e7\u00e3o\" \/>\n<meta name=\"twitter:card\" content=\"summary_large_image\" \/>\n<meta name=\"twitter:label1\" content=\"Escrito por\" \/>\n\t<meta name=\"twitter:data1\" content=\"Reda\u00e7\u00e3o\" \/>\n\t<meta name=\"twitter:label2\" content=\"Tempo estimado de leitura\" \/>\n\t<meta name=\"twitter:data2\" content=\"1 minuto\" \/>\n<script type=\"application\/ld+json\" class=\"yoast-schema-graph\">{\"@context\":\"https:\/\/schema.org\",\"@graph\":[{\"@type\":\"Article\",\"@id\":\"https:\/\/brasilnoticias.org\/site\/transito-sera-bloqueado-na-av-tancredo-neves-para-obras-durante-o-final-de-semana\/#article\",\"isPartOf\":{\"@id\":\"https:\/\/brasilnoticias.org\/site\/transito-sera-bloqueado-na-av-tancredo-neves-para-obras-durante-o-final-de-semana\/\"},\"author\":{\"name\":\"Reda\u00e7\u00e3o\",\"@id\":\"https:\/\/brasilnoticias.org\/site\/#\/schema\/person\/a0e05b973ec4d15c658d51911e53507b\"},\"headline\":\"Tr\u00e2nsito ser\u00e1 bloqueado na Av. Tancredo Neves para obras durante o final de semana\",\"datePublished\":\"2022-04-09T18:03:32+00:00\",\"dateModified\":\"2022-05-03T18:05:03+00:00\",\"mainEntityOfPage\":{\"@id\":\"https:\/\/brasilnoticias.org\/site\/transito-sera-bloqueado-na-av-tancredo-neves-para-obras-durante-o-final-de-semana\/\"},\"wordCount\":259,\"commentCount\":0,\"publisher\":{\"@id\":\"https:\/\/brasilnoticias.org\/site\/#organization\"},\"image\":{\"@id\":\"https:\/\/brasilnoticias.org\/site\/transito-sera-bloqueado-na-av-tancredo-neves-para-obras-durante-o-final-de-semana\/#primaryimage\"},\"thumbnailUrl\":\"https:\/\/brasilnoticias.org\/site\/wp-content\/uploads\/2022\/05\/6e902758-3321-49bb-baa6-dcff70784dd8_widelg-800x445-1.jpg\",\"articleSection\":[\"Not\u00edcias\",\"\u00daltimas\"],\"inLanguage\":\"pt-PT\",\"potentialAction\":[{\"@type\":\"CommentAction\",\"name\":\"Comment\",\"target\":[\"https:\/\/brasilnoticias.org\/site\/transito-sera-bloqueado-na-av-tancredo-neves-para-obras-durante-o-final-de-semana\/#respond\"]}]},{\"@type\":\"WebPage\",\"@id\":\"https:\/\/brasilnoticias.org\/site\/transito-sera-bloqueado-na-av-tancredo-neves-para-obras-durante-o-final-de-semana\/\",\"url\":\"https:\/\/brasilnoticias.org\/site\/transito-sera-bloqueado-na-av-tancredo-neves-para-obras-durante-o-final-de-semana\/\",\"name\":\"Tr\u00e2nsito ser\u00e1 bloqueado na Av. Tancredo Neves para obras durante o final de semana - Brasil not\u00edcias\",\"isPartOf\":{\"@id\":\"https:\/\/brasilnoticias.org\/site\/#website\"},\"primaryImageOfPage\":{\"@id\":\"https:\/\/brasilnoticias.org\/site\/transito-sera-bloqueado-na-av-tancredo-neves-para-obras-durante-o-final-de-semana\/#primaryimage\"},\"image\":{\"@id\":\"https:\/\/brasilnoticias.org\/site\/transito-sera-bloqueado-na-av-tancredo-neves-para-obras-durante-o-final-de-semana\/#primaryimage\"},\"thumbnailUrl\":\"https:\/\/brasilnoticias.org\/site\/wp-content\/uploads\/2022\/05\/6e902758-3321-49bb-baa6-dcff70784dd8_widelg-800x445-1.jpg\",\"datePublished\":\"2022-04-09T18:03:32+00:00\",\"dateModified\":\"2022-05-03T18:05:03+00:00\",\"breadcrumb\":{\"@id\":\"https:\/\/brasilnoticias.org\/site\/transito-sera-bloqueado-na-av-tancredo-neves-para-obras-durante-o-final-de-semana\/#breadcrumb\"},\"inLanguage\":\"pt-PT\",\"potentialAction\":[{\"@type\":\"ReadAction\",\"target\":[\"https:\/\/brasilnoticias.org\/site\/transito-sera-bloqueado-na-av-tancredo-neves-para-obras-durante-o-final-de-semana\/\"]}]},{\"@type\":\"ImageObject\",\"inLanguage\":\"pt-PT\",\"@id\":\"https:\/\/brasilnoticias.org\/site\/transito-sera-bloqueado-na-av-tancredo-neves-para-obras-durante-o-final-de-semana\/#primaryimage\",\"url\":\"https:\/\/brasilnoticias.org\/site\/wp-content\/uploads\/2022\/05\/6e902758-3321-49bb-baa6-dcff70784dd8_widelg-800x445-1.jpg\",\"contentUrl\":\"https:\/\/brasilnoticias.org\/site\/wp-content\/uploads\/2022\/05\/6e902758-3321-49bb-baa6-dcff70784dd8_widelg-800x445-1.jpg\",\"width\":800,\"height\":445},{\"@type\":\"BreadcrumbList\",\"@id\":\"https:\/\/brasilnoticias.org\/site\/transito-sera-bloqueado-na-av-tancredo-neves-para-obras-durante-o-final-de-semana\/#breadcrumb\",\"itemListElement\":[{\"@type\":\"ListItem\",\"position\":1,\"name\":\"In\u00edcio\",\"item\":\"https:\/\/brasilnoticias.org\/site\/\"},{\"@type\":\"ListItem\",\"position\":2,\"name\":\"Tr\u00e2nsito ser\u00e1 bloqueado na Av. Tancredo Neves para obras durante o final de semana\"}]},{\"@type\":\"WebSite\",\"@id\":\"https:\/\/brasilnoticias.org\/site\/#website\",\"url\":\"https:\/\/brasilnoticias.org\/site\/\",\"name\":\"Brasil not\u00edcias\",\"description\":\"Brasil not\u00edcias\",\"publisher\":{\"@id\":\"https:\/\/brasilnoticias.org\/site\/#organization\"},\"potentialAction\":[{\"@type\":\"SearchAction\",\"target\":{\"@type\":\"EntryPoint\",\"urlTemplate\":\"https:\/\/brasilnoticias.org\/site\/?s={search_term_string}\"},\"query-input\":{\"@type\":\"PropertyValueSpecification\",\"valueRequired\":true,\"valueName\":\"search_term_string\"}}],\"inLanguage\":\"pt-PT\"},{\"@type\":\"Organization\",\"@id\":\"https:\/\/brasilnoticias.org\/site\/#organization\",\"name\":\"Brasil not\u00edcias\",\"url\":\"https:\/\/brasilnoticias.org\/site\/\",\"logo\":{\"@type\":\"ImageObject\",\"inLanguage\":\"pt-PT\",\"@id\":\"https:\/\/brasilnoticias.org\/site\/#\/schema\/logo\/image\/\",\"url\":\"https:\/\/brasilnoticias.org\/site\/wp-content\/uploads\/2022\/05\/cropped-brasilnoticias-mini.jpg\",\"contentUrl\":\"https:\/\/brasilnoticias.org\/site\/wp-content\/uploads\/2022\/05\/cropped-brasilnoticias-mini.jpg\",\"width\":314,\"height\":86,\"caption\":\"Brasil not\u00edcias\"},\"image\":{\"@id\":\"https:\/\/brasilnoticias.org\/site\/#\/schema\/logo\/image\/\"}},{\"@type\":\"Person\",\"@id\":\"https:\/\/brasilnoticias.org\/site\/#\/schema\/person\/a0e05b973ec4d15c658d51911e53507b\",\"name\":\"Reda\u00e7\u00e3o\",\"image\":{\"@type\":\"ImageObject\",\"inLanguage\":\"pt-PT\",\"@id\":\"https:\/\/brasilnoticias.org\/site\/#\/schema\/person\/image\/\",\"url\":\"https:\/\/secure.gravatar.com\/avatar\/75d8b050df2de108b08ae78dfb8e374892df24a383c67db9c46a9c604f6aee9c?s=96&d=mm&r=g\",\"contentUrl\":\"https:\/\/secure.gravatar.com\/avatar\/75d8b050df2de108b08ae78dfb8e374892df24a383c67db9c46a9c604f6aee9c?s=96&d=mm&r=g\",\"caption\":\"Reda\u00e7\u00e3o\"},\"sameAs\":[\"https:\/\/brasilnoticias.org\/site\"],\"url\":\"https:\/\/brasilnoticias.org\/site\/author\/fernandozsngmail-com\/\"}]}<\/script>\n<!-- \/ Yoast SEO plugin. -->","yoast_head_json":{"title":"Tr\u00e2nsito ser\u00e1 bloqueado na Av. Tancredo Neves para obras durante o final de semana - Brasil not\u00edcias","robots":{"index":"index","follow":"follow","max-snippet":"max-snippet:-1","max-image-preview":"max-image-preview:large","max-video-preview":"max-video-preview:-1"},"canonical":"https:\/\/brasilnoticias.org\/site\/transito-sera-bloqueado-na-av-tancredo-neves-para-obras-durante-o-final-de-semana\/","og_locale":"pt_PT","og_type":"article","og_title":"Tr\u00e2nsito ser\u00e1 bloqueado na Av. Tancredo Neves para obras durante o final de semana - Brasil not\u00edcias","og_description":"Com o objetivo de dar celeridade \u00e0s interven\u00e7\u00f5es na Avenida Tancredo Neves, o tr\u00e2nsito ser\u00e1 interditado na via neste s\u00e1bado","og_url":"https:\/\/brasilnoticias.org\/site\/transito-sera-bloqueado-na-av-tancredo-neves-para-obras-durante-o-final-de-semana\/","og_site_name":"Brasil not\u00edcias","article_published_time":"2022-04-09T18:03:32+00:00","article_modified_time":"2022-05-03T18:05:03+00:00","og_image":[{"width":800,"height":445,"url":"https:\/\/brasilnoticias.org\/site\/wp-content\/uploads\/2022\/05\/6e902758-3321-49bb-baa6-dcff70784dd8_widelg-800x445-1.jpg","type":"image\/jpeg"}],"author":"Reda\u00e7\u00e3o","twitter_card":"summary_large_image","twitter_misc":{"Escrito por":"Reda\u00e7\u00e3o","Tempo estimado de leitura":"1 minuto"},"schema":{"@context":"https:\/\/schema.org","@graph":[{"@type":"Article","@id":"https:\/\/brasilnoticias.org\/site\/transito-sera-bloqueado-na-av-tancredo-neves-para-obras-durante-o-final-de-semana\/#article","isPartOf":{"@id":"https:\/\/brasilnoticias.org\/site\/transito-sera-bloqueado-na-av-tancredo-neves-para-obras-durante-o-final-de-semana\/"},"author":{"name":"Reda\u00e7\u00e3o","@id":"https:\/\/brasilnoticias.org\/site\/#\/schema\/person\/a0e05b973ec4d15c658d51911e53507b"},"headline":"Tr\u00e2nsito ser\u00e1 bloqueado na Av. Tancredo Neves para obras durante o final de semana","datePublished":"2022-04-09T18:03:32+00:00","dateModified":"2022-05-03T18:05:03+00:00","mainEntityOfPage":{"@id":"https:\/\/brasilnoticias.org\/site\/transito-sera-bloqueado-na-av-tancredo-neves-para-obras-durante-o-final-de-semana\/"},"wordCount":259,"commentCount":0,"publisher":{"@id":"https:\/\/brasilnoticias.org\/site\/#organization"},"image":{"@id":"https:\/\/brasilnoticias.org\/site\/transito-sera-bloqueado-na-av-tancredo-neves-para-obras-durante-o-final-de-semana\/#primaryimage"},"thumbnailUrl":"https:\/\/brasilnoticias.org\/site\/wp-content\/uploads\/2022\/05\/6e902758-3321-49bb-baa6-dcff70784dd8_widelg-800x445-1.jpg","articleSection":["Not\u00edcias","\u00daltimas"],"inLanguage":"pt-PT","potentialAction":[{"@type":"CommentAction","name":"Comment","target":["https:\/\/brasilnoticias.org\/site\/transito-sera-bloqueado-na-av-tancredo-neves-para-obras-durante-o-final-de-semana\/#respond"]}]},{"@type":"WebPage","@id":"https:\/\/brasilnoticias.org\/site\/transito-sera-bloqueado-na-av-tancredo-neves-para-obras-durante-o-final-de-semana\/","url":"https:\/\/brasilnoticias.org\/site\/transito-sera-bloqueado-na-av-tancredo-neves-para-obras-durante-o-final-de-semana\/","name":"Tr\u00e2nsito ser\u00e1 bloqueado na Av. Tancredo Neves para obras durante o final de semana - Brasil not\u00edcias","isPartOf":{"@id":"https:\/\/brasilnoticias.org\/site\/#website"},"primaryImageOfPage":{"@id":"https:\/\/brasilnoticias.org\/site\/transito-sera-bloqueado-na-av-tancredo-neves-para-obras-durante-o-final-de-semana\/#primaryimage"},"image":{"@id":"https:\/\/brasilnoticias.org\/site\/transito-sera-bloqueado-na-av-tancredo-neves-para-obras-durante-o-final-de-semana\/#primaryimage"},"thumbnailUrl":"https:\/\/brasilnoticias.org\/site\/wp-content\/uploads\/2022\/05\/6e902758-3321-49bb-baa6-dcff70784dd8_widelg-800x445-1.jpg","datePublished":"2022-04-09T18:03:32+00:00","dateModified":"2022-05-03T18:05:03+00:00","breadcrumb":{"@id":"https:\/\/brasilnoticias.org\/site\/transito-sera-bloqueado-na-av-tancredo-neves-para-obras-durante-o-final-de-semana\/#breadcrumb"},"inLanguage":"pt-PT","potentialAction":[{"@type":"ReadAction","target":["https:\/\/brasilnoticias.org\/site\/transito-sera-bloqueado-na-av-tancredo-neves-para-obras-durante-o-final-de-semana\/"]}]},{"@type":"ImageObject","inLanguage":"pt-PT","@id":"https:\/\/brasilnoticias.org\/site\/transito-sera-bloqueado-na-av-tancredo-neves-para-obras-durante-o-final-de-semana\/#primaryimage","url":"https:\/\/brasilnoticias.org\/site\/wp-content\/uploads\/2022\/05\/6e902758-3321-49bb-baa6-dcff70784dd8_widelg-800x445-1.jpg","contentUrl":"https:\/\/brasilnoticias.org\/site\/wp-content\/uploads\/2022\/05\/6e902758-3321-49bb-baa6-dcff70784dd8_widelg-800x445-1.jpg","width":800,"height":445},{"@type":"BreadcrumbList","@id":"https:\/\/brasilnoticias.org\/site\/transito-sera-bloqueado-na-av-tancredo-neves-para-obras-durante-o-final-de-semana\/#breadcrumb","itemListElement":[{"@type":"ListItem","position":1,"name":"In\u00edcio","item":"https:\/\/brasilnoticias.org\/site\/"},{"@type":"ListItem","position":2,"name":"Tr\u00e2nsito ser\u00e1 bloqueado na Av. Tancredo Neves para obras durante o final de semana"}]},{"@type":"WebSite","@id":"https:\/\/brasilnoticias.org\/site\/#website","url":"https:\/\/brasilnoticias.org\/site\/","name":"Brasil not\u00edcias","description":"Brasil not\u00edcias","publisher":{"@id":"https:\/\/brasilnoticias.org\/site\/#organization"},"potentialAction":[{"@type":"SearchAction","target":{"@type":"EntryPoint","urlTemplate":"https:\/\/brasilnoticias.org\/site\/?s={search_term_string}"},"query-input":{"@type":"PropertyValueSpecification","valueRequired":true,"valueName":"search_term_string"}}],"inLanguage":"pt-PT"},{"@type":"Organization","@id":"https:\/\/brasilnoticias.org\/site\/#organization","name":"Brasil not\u00edcias","url":"https:\/\/brasilnoticias.org\/site\/","logo":{"@type":"ImageObject","inLanguage":"pt-PT","@id":"https:\/\/brasilnoticias.org\/site\/#\/schema\/logo\/image\/","url":"https:\/\/brasilnoticias.org\/site\/wp-content\/uploads\/2022\/05\/cropped-brasilnoticias-mini.jpg","contentUrl":"https:\/\/brasilnoticias.org\/site\/wp-content\/uploads\/2022\/05\/cropped-brasilnoticias-mini.jpg","width":314,"height":86,"caption":"Brasil not\u00edcias"},"image":{"@id":"https:\/\/brasilnoticias.org\/site\/#\/schema\/logo\/image\/"}},{"@type":"Person","@id":"https:\/\/brasilnoticias.org\/site\/#\/schema\/person\/a0e05b973ec4d15c658d51911e53507b","name":"Reda\u00e7\u00e3o","image":{"@type":"ImageObject","inLanguage":"pt-PT","@id":"https:\/\/brasilnoticias.org\/site\/#\/schema\/person\/image\/","url":"https:\/\/secure.gravatar.com\/avatar\/75d8b050df2de108b08ae78dfb8e374892df24a383c67db9c46a9c604f6aee9c?s=96&d=mm&r=g","contentUrl":"https:\/\/secure.gravatar.com\/avatar\/75d8b050df2de108b08ae78dfb8e374892df24a383c67db9c46a9c604f6aee9c?s=96&d=mm&r=g","caption":"Reda\u00e7\u00e3o"},"sameAs":["https:\/\/brasilnoticias.org\/site"],"url":"https:\/\/brasilnoticias.org\/site\/author\/fernandozsngmail-com\/"}]}},"_links":{"self":[{"href":"https:\/\/brasilnoticias.org\/site\/wp-json\/wp\/v2\/posts\/58","targetHints":{"allow":["GET"]}}],"collection":[{"href":"https:\/\/brasilnoticias.org\/site\/wp-json\/wp\/v2\/posts"}],"about":[{"href":"https:\/\/brasilnoticias.org\/site\/wp-json\/wp\/v2\/types\/post"}],"author":[{"embeddable":true,"href":"https:\/\/brasilnoticias.org\/site\/wp-json\/wp\/v2\/users\/1"}],"replies":[{"embeddable":true,"href":"https:\/\/brasilnoticias.org\/site\/wp-json\/wp\/v2\/comments?post=58"}],"version-history":[{"count":1,"href":"https:\/\/brasilnoticias.org\/site\/wp-json\/wp\/v2\/posts\/58\/revisions"}],"predecessor-version":[{"id":60,"href":"https:\/\/brasilnoticias.org\/site\/wp-json\/wp\/v2\/posts\/58\/revisions\/60"}],"wp:featuredmedia":[{"embeddable":true,"href":"https:\/\/brasilnoticias.org\/site\/wp-json\/wp\/v2\/media\/59"}],"wp:attachment":[{"href":"https:\/\/brasilnoticias.org\/site\/wp-json\/wp\/v2\/media?parent=58"}],"wp:term":[{"taxonomy":"category","embeddable":true,"href":"https:\/\/brasilnoticias.org\/site\/wp-json\/wp\/v2\/categories?post=58"},{"taxonomy":"post_tag","embeddable":true,"href":"https:\/\/brasilnoticias.org\/site\/wp-json\/wp\/v2\/tags?post=58"}],"curies":[{"name":"wp","href":"https:\/\/api.w.org\/{rel}","templated":true}]}}