{"id":5830,"date":"2023-05-04T13:12:34","date_gmt":"2023-05-04T16:12:34","guid":{"rendered":"https:\/\/brasilnoticias.org\/site\/?p=5830"},"modified":"2023-05-04T13:12:34","modified_gmt":"2023-05-04T16:12:34","slug":"capitao-alden-sob-o-tom-contra-a-tentativa-do-governo-federal-em-criminalizar-cacs-somos-conservadores-patriotas-e-cumpridores-da-lei","status":"publish","type":"post","link":"https:\/\/brasilnoticias.org\/site\/capitao-alden-sob-o-tom-contra-a-tentativa-do-governo-federal-em-criminalizar-cacs-somos-conservadores-patriotas-e-cumpridores-da-lei\/","title":{"rendered":"Capit\u00e3o Alden sob o tom contra a tentativa do Governo Federal em criminalizar CACs: &#8220;Somos conservadores, patriotas e cumpridores da Lei&#8221;"},"content":{"rendered":"<p>Usando da palavra na tribuna da C\u00e2mara Federal nesta quinta-feira (4), o deputado federal Capit\u00e3o Alden (PL-BA), que \u00e9 defensor da pol\u00edtica armamentista e voz que representa os Colecionadores, Atiradores e Ca\u00e7adores (CACs) da Bahia em Bras\u00edlia, questionou o discurso da esquerda que segue, de acordo com o parlamentar, tentando criminalizar os CACs. <\/p>\n<p>Alden revelou que, segundo dados do Governo Federal, 99% das armas pertencentes aos CACs foram recadastradas. No Sistema Nacional de Armas (Sinarm), at\u00e9 a quarta-feira 3, mais de 942 mil armas foram cadastradas no banco de dados do \u00f3rg\u00e3o.<\/p>\n<p>&#8220;Durante muito tempo os CACs foram apontados como os culpados pela viol\u00eancia em muitos estados, culpados inclusive por aquilo que nem mesmo eles sabiam do que estavam sendo acusados. A esquerda gosta de apontar que a categoria est\u00e1 pegando essas armas e entregando para as mil\u00edcias, para traficantes, mas 99% das armas foram recadastradas. A\u00ed eu pergunto: onde est\u00e3o essas armas que eles dizem estar na m\u00e3o da mil\u00edcia? Somos conservadores, patriotas e cumpridores da Lei, n\u00e3o somos fora da Lei&#8221;, disse o deputado. <\/p>\n<p>Comentando sobre a opera\u00e7\u00e3o da Pol\u00edcia Federal destinada a prender pessoas que n\u00e3o fizeram o recadastramento de armas de fogo dentro do prazo estabelecido pelo governo federal, Capit\u00e3o Alden afirmou que as pris\u00f5es anunciadas n\u00e3o s\u00e3o de CACs que n\u00e3o fizeram recadastramento, mas sim &#8220;daqueles que est\u00e3o com mandado de pris\u00e3o em aberto, que respondem criminalmente, e que por coincid\u00eancia do destino s\u00e3o Colecionadores, Atiradores ou Ca\u00e7adores&#8221;. <\/p>\n<p>&#8220;A esquerda tenta criminalizar, colocar a sua narrativa. N\u00e3o podemos cair no engodo deste desgoverno, em especial do Minist\u00e9rio da Justi\u00e7a, chefiado pelo senhor Fl\u00e1vio Dino&#8221;, completou.<\/p>\n","protected":false},"excerpt":{"rendered":"<p>Usando da palavra na tribuna da C\u00e2mara Federal nesta quinta-feira (4), o deputado federal Capit\u00e3o Alden (PL-BA), que \u00e9 defensor<\/p>\n","protected":false},"author":1,"featured_media":5831,"comment_status":"open","ping_status":"open","sticky":false,"template":"","format":"standard","meta":{"colormag_page_container_layout":"default_layout","colormag_page_sidebar_layout":"default_layout","_FSMCFIC_featured_image_caption":"","_FSMCFIC_featured_image_nocaption":"","_FSMCFIC_featured_image_hide":"","footnotes":""},"categories":[5,1],"tags":[],"class_list":["post-5830","post","type-post","status-publish","format-standard","has-post-thumbnail","hentry","category-politica","category-ultimas"],"yoast_head":"<!-- This site is optimized with the Yoast SEO plugin v27.1.1 - https:\/\/yoast.com\/product\/yoast-seo-wordpress\/ -->\n<title>Capit\u00e3o Alden sob o tom contra a tentativa do Governo Federal em criminalizar CACs: &quot;Somos conservadores, patriotas e cumpridores da Lei&quot; - Brasil not\u00edcias<\/title>\n<meta name=\"robots\" content=\"index, follow, max-snippet:-1, max-image-preview:large, max-video-preview:-1\" \/>\n<link rel=\"canonical\" href=\"https:\/\/brasilnoticias.org\/site\/capitao-alden-sob-o-tom-contra-a-tentativa-do-governo-federal-em-criminalizar-cacs-somos-conservadores-patriotas-e-cumpridores-da-lei\/\" \/>\n<meta property=\"og:locale\" content=\"pt_PT\" \/>\n<meta property=\"og:type\" content=\"article\" \/>\n<meta property=\"og:title\" content=\"Capit\u00e3o Alden sob o tom contra a tentativa do Governo Federal em criminalizar CACs: &quot;Somos conservadores, patriotas e cumpridores da Lei&quot; - Brasil not\u00edcias\" \/>\n<meta property=\"og:description\" content=\"Usando da palavra na tribuna da C\u00e2mara Federal nesta quinta-feira (4), o deputado federal Capit\u00e3o Alden (PL-BA), que \u00e9 defensor\" \/>\n<meta property=\"og:url\" content=\"https:\/\/brasilnoticias.org\/site\/capitao-alden-sob-o-tom-contra-a-tentativa-do-governo-federal-em-criminalizar-cacs-somos-conservadores-patriotas-e-cumpridores-da-lei\/\" \/>\n<meta property=\"og:site_name\" content=\"Brasil not\u00edcias\" \/>\n<meta property=\"article:published_time\" content=\"2023-05-04T16:12:34+00:00\" \/>\n<meta property=\"og:image\" content=\"https:\/\/brasilnoticias.org\/site\/wp-content\/uploads\/2023\/05\/WhatsApp-Image-2023-05-04-at-13.05.33.jpeg\" \/>\n\t<meta property=\"og:image:width\" content=\"1024\" \/>\n\t<meta property=\"og:image:height\" content=\"683\" \/>\n\t<meta property=\"og:image:type\" content=\"image\/jpeg\" \/>\n<meta name=\"author\" content=\"Reda\u00e7\u00e3o\" \/>\n<meta name=\"twitter:card\" content=\"summary_large_image\" \/>\n<meta name=\"twitter:label1\" content=\"Escrito por\" \/>\n\t<meta name=\"twitter:data1\" content=\"Reda\u00e7\u00e3o\" \/>\n<script type=\"application\/ld+json\" class=\"yoast-schema-graph\">{\"@context\":\"https:\/\/schema.org\",\"@graph\":[{\"@type\":\"Article\",\"@id\":\"https:\/\/brasilnoticias.org\/site\/capitao-alden-sob-o-tom-contra-a-tentativa-do-governo-federal-em-criminalizar-cacs-somos-conservadores-patriotas-e-cumpridores-da-lei\/#article\",\"isPartOf\":{\"@id\":\"https:\/\/brasilnoticias.org\/site\/capitao-alden-sob-o-tom-contra-a-tentativa-do-governo-federal-em-criminalizar-cacs-somos-conservadores-patriotas-e-cumpridores-da-lei\/\"},\"author\":{\"name\":\"Reda\u00e7\u00e3o\",\"@id\":\"https:\/\/brasilnoticias.org\/site\/#\/schema\/person\/a0e05b973ec4d15c658d51911e53507b\"},\"headline\":\"Capit\u00e3o Alden sob o tom contra a tentativa do Governo Federal em criminalizar CACs: &#8220;Somos conservadores, patriotas e cumpridores da Lei&#8221;\",\"datePublished\":\"2023-05-04T16:12:34+00:00\",\"mainEntityOfPage\":{\"@id\":\"https:\/\/brasilnoticias.org\/site\/capitao-alden-sob-o-tom-contra-a-tentativa-do-governo-federal-em-criminalizar-cacs-somos-conservadores-patriotas-e-cumpridores-da-lei\/\"},\"wordCount\":315,\"commentCount\":0,\"publisher\":{\"@id\":\"https:\/\/brasilnoticias.org\/site\/#organization\"},\"image\":{\"@id\":\"https:\/\/brasilnoticias.org\/site\/capitao-alden-sob-o-tom-contra-a-tentativa-do-governo-federal-em-criminalizar-cacs-somos-conservadores-patriotas-e-cumpridores-da-lei\/#primaryimage\"},\"thumbnailUrl\":\"https:\/\/brasilnoticias.org\/site\/wp-content\/uploads\/2023\/05\/WhatsApp-Image-2023-05-04-at-13.05.33.jpeg\",\"articleSection\":[\"Pol\u00edtica\",\"\u00daltimas\"],\"inLanguage\":\"pt-PT\",\"potentialAction\":[{\"@type\":\"CommentAction\",\"name\":\"Comment\",\"target\":[\"https:\/\/brasilnoticias.org\/site\/capitao-alden-sob-o-tom-contra-a-tentativa-do-governo-federal-em-criminalizar-cacs-somos-conservadores-patriotas-e-cumpridores-da-lei\/#respond\"]}]},{\"@type\":\"WebPage\",\"@id\":\"https:\/\/brasilnoticias.org\/site\/capitao-alden-sob-o-tom-contra-a-tentativa-do-governo-federal-em-criminalizar-cacs-somos-conservadores-patriotas-e-cumpridores-da-lei\/\",\"url\":\"https:\/\/brasilnoticias.org\/site\/capitao-alden-sob-o-tom-contra-a-tentativa-do-governo-federal-em-criminalizar-cacs-somos-conservadores-patriotas-e-cumpridores-da-lei\/\",\"name\":\"Capit\u00e3o Alden sob o tom contra a tentativa do Governo Federal em criminalizar CACs: \\\"Somos conservadores, patriotas e cumpridores da Lei\\\" - Brasil not\u00edcias\",\"isPartOf\":{\"@id\":\"https:\/\/brasilnoticias.org\/site\/#website\"},\"primaryImageOfPage\":{\"@id\":\"https:\/\/brasilnoticias.org\/site\/capitao-alden-sob-o-tom-contra-a-tentativa-do-governo-federal-em-criminalizar-cacs-somos-conservadores-patriotas-e-cumpridores-da-lei\/#primaryimage\"},\"image\":{\"@id\":\"https:\/\/brasilnoticias.org\/site\/capitao-alden-sob-o-tom-contra-a-tentativa-do-governo-federal-em-criminalizar-cacs-somos-conservadores-patriotas-e-cumpridores-da-lei\/#primaryimage\"},\"thumbnailUrl\":\"https:\/\/brasilnoticias.org\/site\/wp-content\/uploads\/2023\/05\/WhatsApp-Image-2023-05-04-at-13.05.33.jpeg\",\"datePublished\":\"2023-05-04T16:12:34+00:00\",\"breadcrumb\":{\"@id\":\"https:\/\/brasilnoticias.org\/site\/capitao-alden-sob-o-tom-contra-a-tentativa-do-governo-federal-em-criminalizar-cacs-somos-conservadores-patriotas-e-cumpridores-da-lei\/#breadcrumb\"},\"inLanguage\":\"pt-PT\",\"potentialAction\":[{\"@type\":\"ReadAction\",\"target\":[\"https:\/\/brasilnoticias.org\/site\/capitao-alden-sob-o-tom-contra-a-tentativa-do-governo-federal-em-criminalizar-cacs-somos-conservadores-patriotas-e-cumpridores-da-lei\/\"]}]},{\"@type\":\"ImageObject\",\"inLanguage\":\"pt-PT\",\"@id\":\"https:\/\/brasilnoticias.org\/site\/capitao-alden-sob-o-tom-contra-a-tentativa-do-governo-federal-em-criminalizar-cacs-somos-conservadores-patriotas-e-cumpridores-da-lei\/#primaryimage\",\"url\":\"https:\/\/brasilnoticias.org\/site\/wp-content\/uploads\/2023\/05\/WhatsApp-Image-2023-05-04-at-13.05.33.jpeg\",\"contentUrl\":\"https:\/\/brasilnoticias.org\/site\/wp-content\/uploads\/2023\/05\/WhatsApp-Image-2023-05-04-at-13.05.33.jpeg\",\"width\":1024,\"height\":683},{\"@type\":\"BreadcrumbList\",\"@id\":\"https:\/\/brasilnoticias.org\/site\/capitao-alden-sob-o-tom-contra-a-tentativa-do-governo-federal-em-criminalizar-cacs-somos-conservadores-patriotas-e-cumpridores-da-lei\/#breadcrumb\",\"itemListElement\":[{\"@type\":\"ListItem\",\"position\":1,\"name\":\"In\u00edcio\",\"item\":\"https:\/\/brasilnoticias.org\/site\/\"},{\"@type\":\"ListItem\",\"position\":2,\"name\":\"Capit\u00e3o Alden sob o tom contra a tentativa do Governo Federal em criminalizar CACs: &#8220;Somos conservadores, patriotas e cumpridores da Lei&#8221;\"}]},{\"@type\":\"WebSite\",\"@id\":\"https:\/\/brasilnoticias.org\/site\/#website\",\"url\":\"https:\/\/brasilnoticias.org\/site\/\",\"name\":\"Brasil not\u00edcias\",\"description\":\"Brasil not\u00edcias\",\"publisher\":{\"@id\":\"https:\/\/brasilnoticias.org\/site\/#organization\"},\"potentialAction\":[{\"@type\":\"SearchAction\",\"target\":{\"@type\":\"EntryPoint\",\"urlTemplate\":\"https:\/\/brasilnoticias.org\/site\/?s={search_term_string}\"},\"query-input\":{\"@type\":\"PropertyValueSpecification\",\"valueRequired\":true,\"valueName\":\"search_term_string\"}}],\"inLanguage\":\"pt-PT\"},{\"@type\":\"Organization\",\"@id\":\"https:\/\/brasilnoticias.org\/site\/#organization\",\"name\":\"Brasil not\u00edcias\",\"url\":\"https:\/\/brasilnoticias.org\/site\/\",\"logo\":{\"@type\":\"ImageObject\",\"inLanguage\":\"pt-PT\",\"@id\":\"https:\/\/brasilnoticias.org\/site\/#\/schema\/logo\/image\/\",\"url\":\"https:\/\/brasilnoticias.org\/site\/wp-content\/uploads\/2022\/05\/cropped-brasilnoticias-mini.jpg\",\"contentUrl\":\"https:\/\/brasilnoticias.org\/site\/wp-content\/uploads\/2022\/05\/cropped-brasilnoticias-mini.jpg\",\"width\":314,\"height\":86,\"caption\":\"Brasil not\u00edcias\"},\"image\":{\"@id\":\"https:\/\/brasilnoticias.org\/site\/#\/schema\/logo\/image\/\"}},{\"@type\":\"Person\",\"@id\":\"https:\/\/brasilnoticias.org\/site\/#\/schema\/person\/a0e05b973ec4d15c658d51911e53507b\",\"name\":\"Reda\u00e7\u00e3o\",\"image\":{\"@type\":\"ImageObject\",\"inLanguage\":\"pt-PT\",\"@id\":\"https:\/\/brasilnoticias.org\/site\/#\/schema\/person\/image\/\",\"url\":\"https:\/\/secure.gravatar.com\/avatar\/75d8b050df2de108b08ae78dfb8e374892df24a383c67db9c46a9c604f6aee9c?s=96&d=mm&r=g\",\"contentUrl\":\"https:\/\/secure.gravatar.com\/avatar\/75d8b050df2de108b08ae78dfb8e374892df24a383c67db9c46a9c604f6aee9c?s=96&d=mm&r=g\",\"caption\":\"Reda\u00e7\u00e3o\"},\"sameAs\":[\"https:\/\/brasilnoticias.org\/site\"],\"url\":\"https:\/\/brasilnoticias.org\/site\/author\/fernandozsngmail-com\/\"}]}<\/script>\n<!-- \/ Yoast SEO plugin. -->","yoast_head_json":{"title":"Capit\u00e3o Alden sob o tom contra a tentativa do Governo Federal em criminalizar CACs: \"Somos conservadores, patriotas e cumpridores da Lei\" - Brasil not\u00edcias","robots":{"index":"index","follow":"follow","max-snippet":"max-snippet:-1","max-image-preview":"max-image-preview:large","max-video-preview":"max-video-preview:-1"},"canonical":"https:\/\/brasilnoticias.org\/site\/capitao-alden-sob-o-tom-contra-a-tentativa-do-governo-federal-em-criminalizar-cacs-somos-conservadores-patriotas-e-cumpridores-da-lei\/","og_locale":"pt_PT","og_type":"article","og_title":"Capit\u00e3o Alden sob o tom contra a tentativa do Governo Federal em criminalizar CACs: \"Somos conservadores, patriotas e cumpridores da Lei\" - Brasil not\u00edcias","og_description":"Usando da palavra na tribuna da C\u00e2mara Federal nesta quinta-feira (4), o deputado federal Capit\u00e3o Alden (PL-BA), que \u00e9 defensor","og_url":"https:\/\/brasilnoticias.org\/site\/capitao-alden-sob-o-tom-contra-a-tentativa-do-governo-federal-em-criminalizar-cacs-somos-conservadores-patriotas-e-cumpridores-da-lei\/","og_site_name":"Brasil not\u00edcias","article_published_time":"2023-05-04T16:12:34+00:00","og_image":[{"width":1024,"height":683,"url":"https:\/\/brasilnoticias.org\/site\/wp-content\/uploads\/2023\/05\/WhatsApp-Image-2023-05-04-at-13.05.33.jpeg","type":"image\/jpeg"}],"author":"Reda\u00e7\u00e3o","twitter_card":"summary_large_image","twitter_misc":{"Escrito por":"Reda\u00e7\u00e3o"},"schema":{"@context":"https:\/\/schema.org","@graph":[{"@type":"Article","@id":"https:\/\/brasilnoticias.org\/site\/capitao-alden-sob-o-tom-contra-a-tentativa-do-governo-federal-em-criminalizar-cacs-somos-conservadores-patriotas-e-cumpridores-da-lei\/#article","isPartOf":{"@id":"https:\/\/brasilnoticias.org\/site\/capitao-alden-sob-o-tom-contra-a-tentativa-do-governo-federal-em-criminalizar-cacs-somos-conservadores-patriotas-e-cumpridores-da-lei\/"},"author":{"name":"Reda\u00e7\u00e3o","@id":"https:\/\/brasilnoticias.org\/site\/#\/schema\/person\/a0e05b973ec4d15c658d51911e53507b"},"headline":"Capit\u00e3o Alden sob o tom contra a tentativa do Governo Federal em criminalizar CACs: &#8220;Somos conservadores, patriotas e cumpridores da Lei&#8221;","datePublished":"2023-05-04T16:12:34+00:00","mainEntityOfPage":{"@id":"https:\/\/brasilnoticias.org\/site\/capitao-alden-sob-o-tom-contra-a-tentativa-do-governo-federal-em-criminalizar-cacs-somos-conservadores-patriotas-e-cumpridores-da-lei\/"},"wordCount":315,"commentCount":0,"publisher":{"@id":"https:\/\/brasilnoticias.org\/site\/#organization"},"image":{"@id":"https:\/\/brasilnoticias.org\/site\/capitao-alden-sob-o-tom-contra-a-tentativa-do-governo-federal-em-criminalizar-cacs-somos-conservadores-patriotas-e-cumpridores-da-lei\/#primaryimage"},"thumbnailUrl":"https:\/\/brasilnoticias.org\/site\/wp-content\/uploads\/2023\/05\/WhatsApp-Image-2023-05-04-at-13.05.33.jpeg","articleSection":["Pol\u00edtica","\u00daltimas"],"inLanguage":"pt-PT","potentialAction":[{"@type":"CommentAction","name":"Comment","target":["https:\/\/brasilnoticias.org\/site\/capitao-alden-sob-o-tom-contra-a-tentativa-do-governo-federal-em-criminalizar-cacs-somos-conservadores-patriotas-e-cumpridores-da-lei\/#respond"]}]},{"@type":"WebPage","@id":"https:\/\/brasilnoticias.org\/site\/capitao-alden-sob-o-tom-contra-a-tentativa-do-governo-federal-em-criminalizar-cacs-somos-conservadores-patriotas-e-cumpridores-da-lei\/","url":"https:\/\/brasilnoticias.org\/site\/capitao-alden-sob-o-tom-contra-a-tentativa-do-governo-federal-em-criminalizar-cacs-somos-conservadores-patriotas-e-cumpridores-da-lei\/","name":"Capit\u00e3o Alden sob o tom contra a tentativa do Governo Federal em criminalizar CACs: \"Somos conservadores, patriotas e cumpridores da Lei\" - Brasil not\u00edcias","isPartOf":{"@id":"https:\/\/brasilnoticias.org\/site\/#website"},"primaryImageOfPage":{"@id":"https:\/\/brasilnoticias.org\/site\/capitao-alden-sob-o-tom-contra-a-tentativa-do-governo-federal-em-criminalizar-cacs-somos-conservadores-patriotas-e-cumpridores-da-lei\/#primaryimage"},"image":{"@id":"https:\/\/brasilnoticias.org\/site\/capitao-alden-sob-o-tom-contra-a-tentativa-do-governo-federal-em-criminalizar-cacs-somos-conservadores-patriotas-e-cumpridores-da-lei\/#primaryimage"},"thumbnailUrl":"https:\/\/brasilnoticias.org\/site\/wp-content\/uploads\/2023\/05\/WhatsApp-Image-2023-05-04-at-13.05.33.jpeg","datePublished":"2023-05-04T16:12:34+00:00","breadcrumb":{"@id":"https:\/\/brasilnoticias.org\/site\/capitao-alden-sob-o-tom-contra-a-tentativa-do-governo-federal-em-criminalizar-cacs-somos-conservadores-patriotas-e-cumpridores-da-lei\/#breadcrumb"},"inLanguage":"pt-PT","potentialAction":[{"@type":"ReadAction","target":["https:\/\/brasilnoticias.org\/site\/capitao-alden-sob-o-tom-contra-a-tentativa-do-governo-federal-em-criminalizar-cacs-somos-conservadores-patriotas-e-cumpridores-da-lei\/"]}]},{"@type":"ImageObject","inLanguage":"pt-PT","@id":"https:\/\/brasilnoticias.org\/site\/capitao-alden-sob-o-tom-contra-a-tentativa-do-governo-federal-em-criminalizar-cacs-somos-conservadores-patriotas-e-cumpridores-da-lei\/#primaryimage","url":"https:\/\/brasilnoticias.org\/site\/wp-content\/uploads\/2023\/05\/WhatsApp-Image-2023-05-04-at-13.05.33.jpeg","contentUrl":"https:\/\/brasilnoticias.org\/site\/wp-content\/uploads\/2023\/05\/WhatsApp-Image-2023-05-04-at-13.05.33.jpeg","width":1024,"height":683},{"@type":"BreadcrumbList","@id":"https:\/\/brasilnoticias.org\/site\/capitao-alden-sob-o-tom-contra-a-tentativa-do-governo-federal-em-criminalizar-cacs-somos-conservadores-patriotas-e-cumpridores-da-lei\/#breadcrumb","itemListElement":[{"@type":"ListItem","position":1,"name":"In\u00edcio","item":"https:\/\/brasilnoticias.org\/site\/"},{"@type":"ListItem","position":2,"name":"Capit\u00e3o Alden sob o tom contra a tentativa do Governo Federal em criminalizar CACs: &#8220;Somos conservadores, patriotas e cumpridores da Lei&#8221;"}]},{"@type":"WebSite","@id":"https:\/\/brasilnoticias.org\/site\/#website","url":"https:\/\/brasilnoticias.org\/site\/","name":"Brasil not\u00edcias","description":"Brasil not\u00edcias","publisher":{"@id":"https:\/\/brasilnoticias.org\/site\/#organization"},"potentialAction":[{"@type":"SearchAction","target":{"@type":"EntryPoint","urlTemplate":"https:\/\/brasilnoticias.org\/site\/?s={search_term_string}"},"query-input":{"@type":"PropertyValueSpecification","valueRequired":true,"valueName":"search_term_string"}}],"inLanguage":"pt-PT"},{"@type":"Organization","@id":"https:\/\/brasilnoticias.org\/site\/#organization","name":"Brasil not\u00edcias","url":"https:\/\/brasilnoticias.org\/site\/","logo":{"@type":"ImageObject","inLanguage":"pt-PT","@id":"https:\/\/brasilnoticias.org\/site\/#\/schema\/logo\/image\/","url":"https:\/\/brasilnoticias.org\/site\/wp-content\/uploads\/2022\/05\/cropped-brasilnoticias-mini.jpg","contentUrl":"https:\/\/brasilnoticias.org\/site\/wp-content\/uploads\/2022\/05\/cropped-brasilnoticias-mini.jpg","width":314,"height":86,"caption":"Brasil not\u00edcias"},"image":{"@id":"https:\/\/brasilnoticias.org\/site\/#\/schema\/logo\/image\/"}},{"@type":"Person","@id":"https:\/\/brasilnoticias.org\/site\/#\/schema\/person\/a0e05b973ec4d15c658d51911e53507b","name":"Reda\u00e7\u00e3o","image":{"@type":"ImageObject","inLanguage":"pt-PT","@id":"https:\/\/brasilnoticias.org\/site\/#\/schema\/person\/image\/","url":"https:\/\/secure.gravatar.com\/avatar\/75d8b050df2de108b08ae78dfb8e374892df24a383c67db9c46a9c604f6aee9c?s=96&d=mm&r=g","contentUrl":"https:\/\/secure.gravatar.com\/avatar\/75d8b050df2de108b08ae78dfb8e374892df24a383c67db9c46a9c604f6aee9c?s=96&d=mm&r=g","caption":"Reda\u00e7\u00e3o"},"sameAs":["https:\/\/brasilnoticias.org\/site"],"url":"https:\/\/brasilnoticias.org\/site\/author\/fernandozsngmail-com\/"}]}},"_links":{"self":[{"href":"https:\/\/brasilnoticias.org\/site\/wp-json\/wp\/v2\/posts\/5830","targetHints":{"allow":["GET"]}}],"collection":[{"href":"https:\/\/brasilnoticias.org\/site\/wp-json\/wp\/v2\/posts"}],"about":[{"href":"https:\/\/brasilnoticias.org\/site\/wp-json\/wp\/v2\/types\/post"}],"author":[{"embeddable":true,"href":"https:\/\/brasilnoticias.org\/site\/wp-json\/wp\/v2\/users\/1"}],"replies":[{"embeddable":true,"href":"https:\/\/brasilnoticias.org\/site\/wp-json\/wp\/v2\/comments?post=5830"}],"version-history":[{"count":1,"href":"https:\/\/brasilnoticias.org\/site\/wp-json\/wp\/v2\/posts\/5830\/revisions"}],"predecessor-version":[{"id":5832,"href":"https:\/\/brasilnoticias.org\/site\/wp-json\/wp\/v2\/posts\/5830\/revisions\/5832"}],"wp:featuredmedia":[{"embeddable":true,"href":"https:\/\/brasilnoticias.org\/site\/wp-json\/wp\/v2\/media\/5831"}],"wp:attachment":[{"href":"https:\/\/brasilnoticias.org\/site\/wp-json\/wp\/v2\/media?parent=5830"}],"wp:term":[{"taxonomy":"category","embeddable":true,"href":"https:\/\/brasilnoticias.org\/site\/wp-json\/wp\/v2\/categories?post=5830"},{"taxonomy":"post_tag","embeddable":true,"href":"https:\/\/brasilnoticias.org\/site\/wp-json\/wp\/v2\/tags?post=5830"}],"curies":[{"name":"wp","href":"https:\/\/api.w.org\/{rel}","templated":true}]}}