{"id":5833,"date":"2023-05-04T18:00:08","date_gmt":"2023-05-04T21:00:08","guid":{"rendered":"https:\/\/brasilnoticias.org\/site\/?p=5833"},"modified":"2023-05-04T13:18:48","modified_gmt":"2023-05-04T16:18:48","slug":"moradores-de-condominio-do-minha-casa-minha-vida-vivem-ha-10-anos-em-apartamentos-sem-laje","status":"publish","type":"post","link":"https:\/\/brasilnoticias.org\/site\/moradores-de-condominio-do-minha-casa-minha-vida-vivem-ha-10-anos-em-apartamentos-sem-laje\/","title":{"rendered":"Moradores de condom\u00ednio do Minha Casa Minha Vida vivem h\u00e1 10 anos em apartamentos sem laje"},"content":{"rendered":"<p>Moradores do primeiro condom\u00ednio do Minha Casa Minha Vida inaugurado em Teresina h\u00e1 10 anos sofrem com problemas graves de estrutura. Um deles atinge principalmente quem mora no \u00faltimo andar, pois os pr\u00e9dios n\u00e3o t\u00eam laje.<\/p>\n<p>Demominado Bem Viver I, o condom\u00ednio foi inaugurado no dia 18 de janeiro de 2013, conta com 25 blocos de tr\u00eas pavimentos, com quatro apartamentos em cada, e abriga 400 fam\u00edlias.<\/p>\n<p>Meses depois da inaugura\u00e7\u00e3o, por\u00e9m, seus moradores reclamavam da falta de seguran\u00e7a e ilumina\u00e7\u00e3o p\u00fablica, de problemas estruturais e tamb\u00e9m ee dificuldades para conseguir transporte do condom\u00ednio para outras regi\u00f5es da capital piauiense.<\/p>\n<p>Um processo sobre a situa\u00e7\u00e3o come\u00e7ou a tramitar ainda em 2015 pelo Programa Estadual de Prote\u00e7\u00e3o e Defesa do Consumidor a partir das reclama\u00e7\u00f5es. Em seguida, foi firmado um acordo para que a construtora respons\u00e1vel sanasse os problemas. Anos depois, por\u00e9m, os moradores procuraram o Minist\u00e9rio P\u00fablico Estadual porque os reparos n\u00e3o tinham sido feitos.<\/p>\n<p>A Caixa afirmou quese manifesta nos autos do processo, estando prevista audi\u00eancia de concilia\u00e7\u00e3o para o m\u00eas de agosto.<\/p>\n<p>Foto Reprodu\u00e7\u00e3o\/Arquivo Pessoal<br \/>\n BNews<\/p>\n","protected":false},"excerpt":{"rendered":"<p>Moradores do primeiro condom\u00ednio do Minha Casa Minha Vida inaugurado em Teresina h\u00e1 10 anos sofrem com problemas graves de<\/p>\n","protected":false},"author":1,"featured_media":5835,"comment_status":"open","ping_status":"open","sticky":false,"template":"","format":"standard","meta":{"colormag_page_container_layout":"default_layout","colormag_page_sidebar_layout":"default_layout","_FSMCFIC_featured_image_caption":"","_FSMCFIC_featured_image_nocaption":"","_FSMCFIC_featured_image_hide":"","footnotes":""},"categories":[2,1],"tags":[],"class_list":["post-5833","post","type-post","status-publish","format-standard","has-post-thumbnail","hentry","category-noticias","category-ultimas"],"yoast_head":"<!-- This site is optimized with the Yoast SEO plugin v27.1.1 - https:\/\/yoast.com\/product\/yoast-seo-wordpress\/ -->\n<title>Moradores de condom\u00ednio do Minha Casa Minha Vida vivem h\u00e1 10 anos em apartamentos sem laje - Brasil not\u00edcias<\/title>\n<meta name=\"robots\" content=\"index, follow, max-snippet:-1, max-image-preview:large, max-video-preview:-1\" \/>\n<link rel=\"canonical\" href=\"https:\/\/brasilnoticias.org\/site\/moradores-de-condominio-do-minha-casa-minha-vida-vivem-ha-10-anos-em-apartamentos-sem-laje\/\" \/>\n<meta property=\"og:locale\" content=\"pt_PT\" \/>\n<meta property=\"og:type\" content=\"article\" \/>\n<meta property=\"og:title\" content=\"Moradores de condom\u00ednio do Minha Casa Minha Vida vivem h\u00e1 10 anos em apartamentos sem laje - Brasil not\u00edcias\" \/>\n<meta property=\"og:description\" content=\"Moradores do primeiro condom\u00ednio do Minha Casa Minha Vida inaugurado em Teresina h\u00e1 10 anos sofrem com problemas graves de\" \/>\n<meta property=\"og:url\" content=\"https:\/\/brasilnoticias.org\/site\/moradores-de-condominio-do-minha-casa-minha-vida-vivem-ha-10-anos-em-apartamentos-sem-laje\/\" \/>\n<meta property=\"og:site_name\" content=\"Brasil not\u00edcias\" \/>\n<meta property=\"article:published_time\" content=\"2023-05-04T21:00:08+00:00\" \/>\n<meta property=\"og:image\" content=\"https:\/\/brasilnoticias.org\/site\/wp-content\/uploads\/2023\/05\/moradores-de-condominio-do-minha-casa-minha-vida-vivem-ha-10-anos-em-apartamentos-sem-laje_widelg.jpg\" \/>\n\t<meta property=\"og:image:width\" content=\"800\" \/>\n\t<meta property=\"og:image:height\" content=\"450\" \/>\n\t<meta property=\"og:image:type\" content=\"image\/jpeg\" \/>\n<meta name=\"author\" content=\"Reda\u00e7\u00e3o\" \/>\n<meta name=\"twitter:card\" content=\"summary_large_image\" \/>\n<meta name=\"twitter:label1\" content=\"Escrito por\" \/>\n\t<meta name=\"twitter:data1\" content=\"Reda\u00e7\u00e3o\" \/>\n\t<meta name=\"twitter:label2\" content=\"Tempo estimado de leitura\" \/>\n\t<meta name=\"twitter:data2\" content=\"1 minuto\" \/>\n<script type=\"application\/ld+json\" class=\"yoast-schema-graph\">{\"@context\":\"https:\/\/schema.org\",\"@graph\":[{\"@type\":\"Article\",\"@id\":\"https:\/\/brasilnoticias.org\/site\/moradores-de-condominio-do-minha-casa-minha-vida-vivem-ha-10-anos-em-apartamentos-sem-laje\/#article\",\"isPartOf\":{\"@id\":\"https:\/\/brasilnoticias.org\/site\/moradores-de-condominio-do-minha-casa-minha-vida-vivem-ha-10-anos-em-apartamentos-sem-laje\/\"},\"author\":{\"name\":\"Reda\u00e7\u00e3o\",\"@id\":\"https:\/\/brasilnoticias.org\/site\/#\/schema\/person\/a0e05b973ec4d15c658d51911e53507b\"},\"headline\":\"Moradores de condom\u00ednio do Minha Casa Minha Vida vivem h\u00e1 10 anos em apartamentos sem laje\",\"datePublished\":\"2023-05-04T21:00:08+00:00\",\"mainEntityOfPage\":{\"@id\":\"https:\/\/brasilnoticias.org\/site\/moradores-de-condominio-do-minha-casa-minha-vida-vivem-ha-10-anos-em-apartamentos-sem-laje\/\"},\"wordCount\":217,\"commentCount\":0,\"publisher\":{\"@id\":\"https:\/\/brasilnoticias.org\/site\/#organization\"},\"image\":{\"@id\":\"https:\/\/brasilnoticias.org\/site\/moradores-de-condominio-do-minha-casa-minha-vida-vivem-ha-10-anos-em-apartamentos-sem-laje\/#primaryimage\"},\"thumbnailUrl\":\"https:\/\/brasilnoticias.org\/site\/wp-content\/uploads\/2023\/05\/moradores-de-condominio-do-minha-casa-minha-vida-vivem-ha-10-anos-em-apartamentos-sem-laje_widelg.jpg\",\"articleSection\":[\"Not\u00edcias\",\"\u00daltimas\"],\"inLanguage\":\"pt-PT\",\"potentialAction\":[{\"@type\":\"CommentAction\",\"name\":\"Comment\",\"target\":[\"https:\/\/brasilnoticias.org\/site\/moradores-de-condominio-do-minha-casa-minha-vida-vivem-ha-10-anos-em-apartamentos-sem-laje\/#respond\"]}]},{\"@type\":\"WebPage\",\"@id\":\"https:\/\/brasilnoticias.org\/site\/moradores-de-condominio-do-minha-casa-minha-vida-vivem-ha-10-anos-em-apartamentos-sem-laje\/\",\"url\":\"https:\/\/brasilnoticias.org\/site\/moradores-de-condominio-do-minha-casa-minha-vida-vivem-ha-10-anos-em-apartamentos-sem-laje\/\",\"name\":\"Moradores de condom\u00ednio do Minha Casa Minha Vida vivem h\u00e1 10 anos em apartamentos sem laje - Brasil not\u00edcias\",\"isPartOf\":{\"@id\":\"https:\/\/brasilnoticias.org\/site\/#website\"},\"primaryImageOfPage\":{\"@id\":\"https:\/\/brasilnoticias.org\/site\/moradores-de-condominio-do-minha-casa-minha-vida-vivem-ha-10-anos-em-apartamentos-sem-laje\/#primaryimage\"},\"image\":{\"@id\":\"https:\/\/brasilnoticias.org\/site\/moradores-de-condominio-do-minha-casa-minha-vida-vivem-ha-10-anos-em-apartamentos-sem-laje\/#primaryimage\"},\"thumbnailUrl\":\"https:\/\/brasilnoticias.org\/site\/wp-content\/uploads\/2023\/05\/moradores-de-condominio-do-minha-casa-minha-vida-vivem-ha-10-anos-em-apartamentos-sem-laje_widelg.jpg\",\"datePublished\":\"2023-05-04T21:00:08+00:00\",\"breadcrumb\":{\"@id\":\"https:\/\/brasilnoticias.org\/site\/moradores-de-condominio-do-minha-casa-minha-vida-vivem-ha-10-anos-em-apartamentos-sem-laje\/#breadcrumb\"},\"inLanguage\":\"pt-PT\",\"potentialAction\":[{\"@type\":\"ReadAction\",\"target\":[\"https:\/\/brasilnoticias.org\/site\/moradores-de-condominio-do-minha-casa-minha-vida-vivem-ha-10-anos-em-apartamentos-sem-laje\/\"]}]},{\"@type\":\"ImageObject\",\"inLanguage\":\"pt-PT\",\"@id\":\"https:\/\/brasilnoticias.org\/site\/moradores-de-condominio-do-minha-casa-minha-vida-vivem-ha-10-anos-em-apartamentos-sem-laje\/#primaryimage\",\"url\":\"https:\/\/brasilnoticias.org\/site\/wp-content\/uploads\/2023\/05\/moradores-de-condominio-do-minha-casa-minha-vida-vivem-ha-10-anos-em-apartamentos-sem-laje_widelg.jpg\",\"contentUrl\":\"https:\/\/brasilnoticias.org\/site\/wp-content\/uploads\/2023\/05\/moradores-de-condominio-do-minha-casa-minha-vida-vivem-ha-10-anos-em-apartamentos-sem-laje_widelg.jpg\",\"width\":800,\"height\":450},{\"@type\":\"BreadcrumbList\",\"@id\":\"https:\/\/brasilnoticias.org\/site\/moradores-de-condominio-do-minha-casa-minha-vida-vivem-ha-10-anos-em-apartamentos-sem-laje\/#breadcrumb\",\"itemListElement\":[{\"@type\":\"ListItem\",\"position\":1,\"name\":\"In\u00edcio\",\"item\":\"https:\/\/brasilnoticias.org\/site\/\"},{\"@type\":\"ListItem\",\"position\":2,\"name\":\"Moradores de condom\u00ednio do Minha Casa Minha Vida vivem h\u00e1 10 anos em apartamentos sem laje\"}]},{\"@type\":\"WebSite\",\"@id\":\"https:\/\/brasilnoticias.org\/site\/#website\",\"url\":\"https:\/\/brasilnoticias.org\/site\/\",\"name\":\"Brasil not\u00edcias\",\"description\":\"Brasil not\u00edcias\",\"publisher\":{\"@id\":\"https:\/\/brasilnoticias.org\/site\/#organization\"},\"potentialAction\":[{\"@type\":\"SearchAction\",\"target\":{\"@type\":\"EntryPoint\",\"urlTemplate\":\"https:\/\/brasilnoticias.org\/site\/?s={search_term_string}\"},\"query-input\":{\"@type\":\"PropertyValueSpecification\",\"valueRequired\":true,\"valueName\":\"search_term_string\"}}],\"inLanguage\":\"pt-PT\"},{\"@type\":\"Organization\",\"@id\":\"https:\/\/brasilnoticias.org\/site\/#organization\",\"name\":\"Brasil not\u00edcias\",\"url\":\"https:\/\/brasilnoticias.org\/site\/\",\"logo\":{\"@type\":\"ImageObject\",\"inLanguage\":\"pt-PT\",\"@id\":\"https:\/\/brasilnoticias.org\/site\/#\/schema\/logo\/image\/\",\"url\":\"https:\/\/brasilnoticias.org\/site\/wp-content\/uploads\/2022\/05\/cropped-brasilnoticias-mini.jpg\",\"contentUrl\":\"https:\/\/brasilnoticias.org\/site\/wp-content\/uploads\/2022\/05\/cropped-brasilnoticias-mini.jpg\",\"width\":314,\"height\":86,\"caption\":\"Brasil not\u00edcias\"},\"image\":{\"@id\":\"https:\/\/brasilnoticias.org\/site\/#\/schema\/logo\/image\/\"}},{\"@type\":\"Person\",\"@id\":\"https:\/\/brasilnoticias.org\/site\/#\/schema\/person\/a0e05b973ec4d15c658d51911e53507b\",\"name\":\"Reda\u00e7\u00e3o\",\"image\":{\"@type\":\"ImageObject\",\"inLanguage\":\"pt-PT\",\"@id\":\"https:\/\/brasilnoticias.org\/site\/#\/schema\/person\/image\/\",\"url\":\"https:\/\/secure.gravatar.com\/avatar\/75d8b050df2de108b08ae78dfb8e374892df24a383c67db9c46a9c604f6aee9c?s=96&d=mm&r=g\",\"contentUrl\":\"https:\/\/secure.gravatar.com\/avatar\/75d8b050df2de108b08ae78dfb8e374892df24a383c67db9c46a9c604f6aee9c?s=96&d=mm&r=g\",\"caption\":\"Reda\u00e7\u00e3o\"},\"sameAs\":[\"https:\/\/brasilnoticias.org\/site\"],\"url\":\"https:\/\/brasilnoticias.org\/site\/author\/fernandozsngmail-com\/\"}]}<\/script>\n<!-- \/ Yoast SEO plugin. -->","yoast_head_json":{"title":"Moradores de condom\u00ednio do Minha Casa Minha Vida vivem h\u00e1 10 anos em apartamentos sem laje - Brasil not\u00edcias","robots":{"index":"index","follow":"follow","max-snippet":"max-snippet:-1","max-image-preview":"max-image-preview:large","max-video-preview":"max-video-preview:-1"},"canonical":"https:\/\/brasilnoticias.org\/site\/moradores-de-condominio-do-minha-casa-minha-vida-vivem-ha-10-anos-em-apartamentos-sem-laje\/","og_locale":"pt_PT","og_type":"article","og_title":"Moradores de condom\u00ednio do Minha Casa Minha Vida vivem h\u00e1 10 anos em apartamentos sem laje - Brasil not\u00edcias","og_description":"Moradores do primeiro condom\u00ednio do Minha Casa Minha Vida inaugurado em Teresina h\u00e1 10 anos sofrem com problemas graves de","og_url":"https:\/\/brasilnoticias.org\/site\/moradores-de-condominio-do-minha-casa-minha-vida-vivem-ha-10-anos-em-apartamentos-sem-laje\/","og_site_name":"Brasil not\u00edcias","article_published_time":"2023-05-04T21:00:08+00:00","og_image":[{"width":800,"height":450,"url":"https:\/\/brasilnoticias.org\/site\/wp-content\/uploads\/2023\/05\/moradores-de-condominio-do-minha-casa-minha-vida-vivem-ha-10-anos-em-apartamentos-sem-laje_widelg.jpg","type":"image\/jpeg"}],"author":"Reda\u00e7\u00e3o","twitter_card":"summary_large_image","twitter_misc":{"Escrito por":"Reda\u00e7\u00e3o","Tempo estimado de leitura":"1 minuto"},"schema":{"@context":"https:\/\/schema.org","@graph":[{"@type":"Article","@id":"https:\/\/brasilnoticias.org\/site\/moradores-de-condominio-do-minha-casa-minha-vida-vivem-ha-10-anos-em-apartamentos-sem-laje\/#article","isPartOf":{"@id":"https:\/\/brasilnoticias.org\/site\/moradores-de-condominio-do-minha-casa-minha-vida-vivem-ha-10-anos-em-apartamentos-sem-laje\/"},"author":{"name":"Reda\u00e7\u00e3o","@id":"https:\/\/brasilnoticias.org\/site\/#\/schema\/person\/a0e05b973ec4d15c658d51911e53507b"},"headline":"Moradores de condom\u00ednio do Minha Casa Minha Vida vivem h\u00e1 10 anos em apartamentos sem laje","datePublished":"2023-05-04T21:00:08+00:00","mainEntityOfPage":{"@id":"https:\/\/brasilnoticias.org\/site\/moradores-de-condominio-do-minha-casa-minha-vida-vivem-ha-10-anos-em-apartamentos-sem-laje\/"},"wordCount":217,"commentCount":0,"publisher":{"@id":"https:\/\/brasilnoticias.org\/site\/#organization"},"image":{"@id":"https:\/\/brasilnoticias.org\/site\/moradores-de-condominio-do-minha-casa-minha-vida-vivem-ha-10-anos-em-apartamentos-sem-laje\/#primaryimage"},"thumbnailUrl":"https:\/\/brasilnoticias.org\/site\/wp-content\/uploads\/2023\/05\/moradores-de-condominio-do-minha-casa-minha-vida-vivem-ha-10-anos-em-apartamentos-sem-laje_widelg.jpg","articleSection":["Not\u00edcias","\u00daltimas"],"inLanguage":"pt-PT","potentialAction":[{"@type":"CommentAction","name":"Comment","target":["https:\/\/brasilnoticias.org\/site\/moradores-de-condominio-do-minha-casa-minha-vida-vivem-ha-10-anos-em-apartamentos-sem-laje\/#respond"]}]},{"@type":"WebPage","@id":"https:\/\/brasilnoticias.org\/site\/moradores-de-condominio-do-minha-casa-minha-vida-vivem-ha-10-anos-em-apartamentos-sem-laje\/","url":"https:\/\/brasilnoticias.org\/site\/moradores-de-condominio-do-minha-casa-minha-vida-vivem-ha-10-anos-em-apartamentos-sem-laje\/","name":"Moradores de condom\u00ednio do Minha Casa Minha Vida vivem h\u00e1 10 anos em apartamentos sem laje - Brasil not\u00edcias","isPartOf":{"@id":"https:\/\/brasilnoticias.org\/site\/#website"},"primaryImageOfPage":{"@id":"https:\/\/brasilnoticias.org\/site\/moradores-de-condominio-do-minha-casa-minha-vida-vivem-ha-10-anos-em-apartamentos-sem-laje\/#primaryimage"},"image":{"@id":"https:\/\/brasilnoticias.org\/site\/moradores-de-condominio-do-minha-casa-minha-vida-vivem-ha-10-anos-em-apartamentos-sem-laje\/#primaryimage"},"thumbnailUrl":"https:\/\/brasilnoticias.org\/site\/wp-content\/uploads\/2023\/05\/moradores-de-condominio-do-minha-casa-minha-vida-vivem-ha-10-anos-em-apartamentos-sem-laje_widelg.jpg","datePublished":"2023-05-04T21:00:08+00:00","breadcrumb":{"@id":"https:\/\/brasilnoticias.org\/site\/moradores-de-condominio-do-minha-casa-minha-vida-vivem-ha-10-anos-em-apartamentos-sem-laje\/#breadcrumb"},"inLanguage":"pt-PT","potentialAction":[{"@type":"ReadAction","target":["https:\/\/brasilnoticias.org\/site\/moradores-de-condominio-do-minha-casa-minha-vida-vivem-ha-10-anos-em-apartamentos-sem-laje\/"]}]},{"@type":"ImageObject","inLanguage":"pt-PT","@id":"https:\/\/brasilnoticias.org\/site\/moradores-de-condominio-do-minha-casa-minha-vida-vivem-ha-10-anos-em-apartamentos-sem-laje\/#primaryimage","url":"https:\/\/brasilnoticias.org\/site\/wp-content\/uploads\/2023\/05\/moradores-de-condominio-do-minha-casa-minha-vida-vivem-ha-10-anos-em-apartamentos-sem-laje_widelg.jpg","contentUrl":"https:\/\/brasilnoticias.org\/site\/wp-content\/uploads\/2023\/05\/moradores-de-condominio-do-minha-casa-minha-vida-vivem-ha-10-anos-em-apartamentos-sem-laje_widelg.jpg","width":800,"height":450},{"@type":"BreadcrumbList","@id":"https:\/\/brasilnoticias.org\/site\/moradores-de-condominio-do-minha-casa-minha-vida-vivem-ha-10-anos-em-apartamentos-sem-laje\/#breadcrumb","itemListElement":[{"@type":"ListItem","position":1,"name":"In\u00edcio","item":"https:\/\/brasilnoticias.org\/site\/"},{"@type":"ListItem","position":2,"name":"Moradores de condom\u00ednio do Minha Casa Minha Vida vivem h\u00e1 10 anos em apartamentos sem laje"}]},{"@type":"WebSite","@id":"https:\/\/brasilnoticias.org\/site\/#website","url":"https:\/\/brasilnoticias.org\/site\/","name":"Brasil not\u00edcias","description":"Brasil not\u00edcias","publisher":{"@id":"https:\/\/brasilnoticias.org\/site\/#organization"},"potentialAction":[{"@type":"SearchAction","target":{"@type":"EntryPoint","urlTemplate":"https:\/\/brasilnoticias.org\/site\/?s={search_term_string}"},"query-input":{"@type":"PropertyValueSpecification","valueRequired":true,"valueName":"search_term_string"}}],"inLanguage":"pt-PT"},{"@type":"Organization","@id":"https:\/\/brasilnoticias.org\/site\/#organization","name":"Brasil not\u00edcias","url":"https:\/\/brasilnoticias.org\/site\/","logo":{"@type":"ImageObject","inLanguage":"pt-PT","@id":"https:\/\/brasilnoticias.org\/site\/#\/schema\/logo\/image\/","url":"https:\/\/brasilnoticias.org\/site\/wp-content\/uploads\/2022\/05\/cropped-brasilnoticias-mini.jpg","contentUrl":"https:\/\/brasilnoticias.org\/site\/wp-content\/uploads\/2022\/05\/cropped-brasilnoticias-mini.jpg","width":314,"height":86,"caption":"Brasil not\u00edcias"},"image":{"@id":"https:\/\/brasilnoticias.org\/site\/#\/schema\/logo\/image\/"}},{"@type":"Person","@id":"https:\/\/brasilnoticias.org\/site\/#\/schema\/person\/a0e05b973ec4d15c658d51911e53507b","name":"Reda\u00e7\u00e3o","image":{"@type":"ImageObject","inLanguage":"pt-PT","@id":"https:\/\/brasilnoticias.org\/site\/#\/schema\/person\/image\/","url":"https:\/\/secure.gravatar.com\/avatar\/75d8b050df2de108b08ae78dfb8e374892df24a383c67db9c46a9c604f6aee9c?s=96&d=mm&r=g","contentUrl":"https:\/\/secure.gravatar.com\/avatar\/75d8b050df2de108b08ae78dfb8e374892df24a383c67db9c46a9c604f6aee9c?s=96&d=mm&r=g","caption":"Reda\u00e7\u00e3o"},"sameAs":["https:\/\/brasilnoticias.org\/site"],"url":"https:\/\/brasilnoticias.org\/site\/author\/fernandozsngmail-com\/"}]}},"_links":{"self":[{"href":"https:\/\/brasilnoticias.org\/site\/wp-json\/wp\/v2\/posts\/5833","targetHints":{"allow":["GET"]}}],"collection":[{"href":"https:\/\/brasilnoticias.org\/site\/wp-json\/wp\/v2\/posts"}],"about":[{"href":"https:\/\/brasilnoticias.org\/site\/wp-json\/wp\/v2\/types\/post"}],"author":[{"embeddable":true,"href":"https:\/\/brasilnoticias.org\/site\/wp-json\/wp\/v2\/users\/1"}],"replies":[{"embeddable":true,"href":"https:\/\/brasilnoticias.org\/site\/wp-json\/wp\/v2\/comments?post=5833"}],"version-history":[{"count":1,"href":"https:\/\/brasilnoticias.org\/site\/wp-json\/wp\/v2\/posts\/5833\/revisions"}],"predecessor-version":[{"id":5834,"href":"https:\/\/brasilnoticias.org\/site\/wp-json\/wp\/v2\/posts\/5833\/revisions\/5834"}],"wp:featuredmedia":[{"embeddable":true,"href":"https:\/\/brasilnoticias.org\/site\/wp-json\/wp\/v2\/media\/5835"}],"wp:attachment":[{"href":"https:\/\/brasilnoticias.org\/site\/wp-json\/wp\/v2\/media?parent=5833"}],"wp:term":[{"taxonomy":"category","embeddable":true,"href":"https:\/\/brasilnoticias.org\/site\/wp-json\/wp\/v2\/categories?post=5833"},{"taxonomy":"post_tag","embeddable":true,"href":"https:\/\/brasilnoticias.org\/site\/wp-json\/wp\/v2\/tags?post=5833"}],"curies":[{"name":"wp","href":"https:\/\/api.w.org\/{rel}","templated":true}]}}