{"id":5836,"date":"2023-05-04T18:00:52","date_gmt":"2023-05-04T21:00:52","guid":{"rendered":"https:\/\/brasilnoticias.org\/site\/?p=5836"},"modified":"2023-05-04T13:20:40","modified_gmt":"2023-05-04T16:20:40","slug":"ceo-do-grupo-city-avalia-possibilidade-de-comprar-fonte-nova-saiba-mais","status":"publish","type":"post","link":"https:\/\/brasilnoticias.org\/site\/ceo-do-grupo-city-avalia-possibilidade-de-comprar-fonte-nova-saiba-mais\/","title":{"rendered":"CEO do Grupo City avalia possibilidade de comprar Fonte Nova; saiba mais"},"content":{"rendered":"<p>Durante o evento de oficilializa\u00e7\u00e3o da aquisica\u00e7\u00e3o de 90% da Sociedade An\u00f4nima do Futebol (SAF) do Bahia por parte do City Football Group (CFG), ou Grupo City, que aconteceu na Arena Fonte Nova, na manh\u00e3 desta quinta-feira (4), o CEO Ferran Soriano falou sobre a possibilidade de outra compra, a do pr\u00f3prio est\u00e1dio da Fonte Nova.<\/p>\n<p>&#8220;Pensamos em tudo. As possibilidades est\u00e3o abertas, mas precisamos entender mais, conversar com as pessoas envolvidas. Temos trabalhado junto com Guilherme (Bellintani) e seu time, mas s\u00f3 hoje a caneta assinou o documento, s\u00f3 hoje tenho a legitimidade de falar com as pessoas certas e entender as possibilidades para a Arena Fonte Nova&#8221;, disse Ferran Soriano.<\/p>\n<p>O CEO ainda falou sobre a beleza do est\u00e1dio e elogiou sua estrutura. &#8220;\u00c9 um est\u00e1dio fant\u00e1stico, muito bom. Tem coisas para melhorar, claro, mas \u00e9 muito bom, e estamos felizes de estar aqui&#8221;, comentou.<\/p>\n<p>O CFG segue investindo pesado no Bahia, mesmo com a assinatura da aquisi\u00e7\u00e3o da SAF s\u00f3 acontecer nesta quinta. O \u00faltimo refor\u00e7o do clube foi o atacante Ademir, fazendo com que o valor gasto em todas as contrata\u00e7\u00f5es ultrapasse R$80 milh\u00f5es na compra e empr\u00e9stimos de jogadores para o time.<\/p>\n<p>Todos os setores do clube foram refor\u00e7ados e a promessa \u00e9 de mais investimento para disputa da S\u00e9rie A. A negocia\u00e7\u00e3o envolvendo Ademir custar\u00e1 aos cofres do clubes R$13 milh\u00f5es, que ser\u00e3o pagos de forma parcelada.<\/p>\n<p>Foto Felipe Oliveira\/EC Bahia<br \/>\nBNews<\/p>\n","protected":false},"excerpt":{"rendered":"<p>Durante o evento de oficilializa\u00e7\u00e3o da aquisica\u00e7\u00e3o de 90% da Sociedade An\u00f4nima do Futebol (SAF) do Bahia por parte do<\/p>\n","protected":false},"author":1,"featured_media":5837,"comment_status":"open","ping_status":"open","sticky":false,"template":"","format":"standard","meta":{"colormag_page_container_layout":"default_layout","colormag_page_sidebar_layout":"default_layout","_FSMCFIC_featured_image_caption":"","_FSMCFIC_featured_image_nocaption":"","_FSMCFIC_featured_image_hide":"","footnotes":""},"categories":[4,1],"tags":[],"class_list":["post-5836","post","type-post","status-publish","format-standard","has-post-thumbnail","hentry","category-esporte","category-ultimas"],"yoast_head":"<!-- This site is optimized with the Yoast SEO plugin v27.1.1 - https:\/\/yoast.com\/product\/yoast-seo-wordpress\/ -->\n<title>CEO do Grupo City avalia possibilidade de comprar Fonte Nova; saiba mais - Brasil not\u00edcias<\/title>\n<meta name=\"robots\" content=\"index, follow, max-snippet:-1, max-image-preview:large, max-video-preview:-1\" \/>\n<link rel=\"canonical\" href=\"https:\/\/brasilnoticias.org\/site\/ceo-do-grupo-city-avalia-possibilidade-de-comprar-fonte-nova-saiba-mais\/\" \/>\n<meta property=\"og:locale\" content=\"pt_PT\" \/>\n<meta property=\"og:type\" content=\"article\" \/>\n<meta property=\"og:title\" content=\"CEO do Grupo City avalia possibilidade de comprar Fonte Nova; saiba mais - Brasil not\u00edcias\" \/>\n<meta property=\"og:description\" content=\"Durante o evento de oficilializa\u00e7\u00e3o da aquisica\u00e7\u00e3o de 90% da Sociedade An\u00f4nima do Futebol (SAF) do Bahia por parte do\" \/>\n<meta property=\"og:url\" content=\"https:\/\/brasilnoticias.org\/site\/ceo-do-grupo-city-avalia-possibilidade-de-comprar-fonte-nova-saiba-mais\/\" \/>\n<meta property=\"og:site_name\" content=\"Brasil not\u00edcias\" \/>\n<meta property=\"article:published_time\" content=\"2023-05-04T21:00:52+00:00\" \/>\n<meta property=\"og:image\" content=\"https:\/\/brasilnoticias.org\/site\/wp-content\/uploads\/2023\/05\/design_sem_nome_zJnBvK1_widelg.jpg\" \/>\n\t<meta property=\"og:image:width\" content=\"800\" \/>\n\t<meta property=\"og:image:height\" content=\"450\" \/>\n\t<meta property=\"og:image:type\" content=\"image\/jpeg\" \/>\n<meta name=\"author\" content=\"Reda\u00e7\u00e3o\" \/>\n<meta name=\"twitter:card\" content=\"summary_large_image\" \/>\n<meta name=\"twitter:label1\" content=\"Escrito por\" \/>\n\t<meta name=\"twitter:data1\" content=\"Reda\u00e7\u00e3o\" \/>\n<script type=\"application\/ld+json\" class=\"yoast-schema-graph\">{\"@context\":\"https:\/\/schema.org\",\"@graph\":[{\"@type\":\"Article\",\"@id\":\"https:\/\/brasilnoticias.org\/site\/ceo-do-grupo-city-avalia-possibilidade-de-comprar-fonte-nova-saiba-mais\/#article\",\"isPartOf\":{\"@id\":\"https:\/\/brasilnoticias.org\/site\/ceo-do-grupo-city-avalia-possibilidade-de-comprar-fonte-nova-saiba-mais\/\"},\"author\":{\"name\":\"Reda\u00e7\u00e3o\",\"@id\":\"https:\/\/brasilnoticias.org\/site\/#\/schema\/person\/a0e05b973ec4d15c658d51911e53507b\"},\"headline\":\"CEO do Grupo City avalia possibilidade de comprar Fonte Nova; saiba mais\",\"datePublished\":\"2023-05-04T21:00:52+00:00\",\"mainEntityOfPage\":{\"@id\":\"https:\/\/brasilnoticias.org\/site\/ceo-do-grupo-city-avalia-possibilidade-de-comprar-fonte-nova-saiba-mais\/\"},\"wordCount\":265,\"commentCount\":0,\"publisher\":{\"@id\":\"https:\/\/brasilnoticias.org\/site\/#organization\"},\"image\":{\"@id\":\"https:\/\/brasilnoticias.org\/site\/ceo-do-grupo-city-avalia-possibilidade-de-comprar-fonte-nova-saiba-mais\/#primaryimage\"},\"thumbnailUrl\":\"https:\/\/brasilnoticias.org\/site\/wp-content\/uploads\/2023\/05\/design_sem_nome_zJnBvK1_widelg.jpg\",\"articleSection\":[\"Esporte\",\"\u00daltimas\"],\"inLanguage\":\"pt-PT\",\"potentialAction\":[{\"@type\":\"CommentAction\",\"name\":\"Comment\",\"target\":[\"https:\/\/brasilnoticias.org\/site\/ceo-do-grupo-city-avalia-possibilidade-de-comprar-fonte-nova-saiba-mais\/#respond\"]}]},{\"@type\":\"WebPage\",\"@id\":\"https:\/\/brasilnoticias.org\/site\/ceo-do-grupo-city-avalia-possibilidade-de-comprar-fonte-nova-saiba-mais\/\",\"url\":\"https:\/\/brasilnoticias.org\/site\/ceo-do-grupo-city-avalia-possibilidade-de-comprar-fonte-nova-saiba-mais\/\",\"name\":\"CEO do Grupo City avalia possibilidade de comprar Fonte Nova; saiba mais - Brasil not\u00edcias\",\"isPartOf\":{\"@id\":\"https:\/\/brasilnoticias.org\/site\/#website\"},\"primaryImageOfPage\":{\"@id\":\"https:\/\/brasilnoticias.org\/site\/ceo-do-grupo-city-avalia-possibilidade-de-comprar-fonte-nova-saiba-mais\/#primaryimage\"},\"image\":{\"@id\":\"https:\/\/brasilnoticias.org\/site\/ceo-do-grupo-city-avalia-possibilidade-de-comprar-fonte-nova-saiba-mais\/#primaryimage\"},\"thumbnailUrl\":\"https:\/\/brasilnoticias.org\/site\/wp-content\/uploads\/2023\/05\/design_sem_nome_zJnBvK1_widelg.jpg\",\"datePublished\":\"2023-05-04T21:00:52+00:00\",\"breadcrumb\":{\"@id\":\"https:\/\/brasilnoticias.org\/site\/ceo-do-grupo-city-avalia-possibilidade-de-comprar-fonte-nova-saiba-mais\/#breadcrumb\"},\"inLanguage\":\"pt-PT\",\"potentialAction\":[{\"@type\":\"ReadAction\",\"target\":[\"https:\/\/brasilnoticias.org\/site\/ceo-do-grupo-city-avalia-possibilidade-de-comprar-fonte-nova-saiba-mais\/\"]}]},{\"@type\":\"ImageObject\",\"inLanguage\":\"pt-PT\",\"@id\":\"https:\/\/brasilnoticias.org\/site\/ceo-do-grupo-city-avalia-possibilidade-de-comprar-fonte-nova-saiba-mais\/#primaryimage\",\"url\":\"https:\/\/brasilnoticias.org\/site\/wp-content\/uploads\/2023\/05\/design_sem_nome_zJnBvK1_widelg.jpg\",\"contentUrl\":\"https:\/\/brasilnoticias.org\/site\/wp-content\/uploads\/2023\/05\/design_sem_nome_zJnBvK1_widelg.jpg\",\"width\":800,\"height\":450},{\"@type\":\"BreadcrumbList\",\"@id\":\"https:\/\/brasilnoticias.org\/site\/ceo-do-grupo-city-avalia-possibilidade-de-comprar-fonte-nova-saiba-mais\/#breadcrumb\",\"itemListElement\":[{\"@type\":\"ListItem\",\"position\":1,\"name\":\"In\u00edcio\",\"item\":\"https:\/\/brasilnoticias.org\/site\/\"},{\"@type\":\"ListItem\",\"position\":2,\"name\":\"CEO do Grupo City avalia possibilidade de comprar Fonte Nova; saiba mais\"}]},{\"@type\":\"WebSite\",\"@id\":\"https:\/\/brasilnoticias.org\/site\/#website\",\"url\":\"https:\/\/brasilnoticias.org\/site\/\",\"name\":\"Brasil not\u00edcias\",\"description\":\"Brasil not\u00edcias\",\"publisher\":{\"@id\":\"https:\/\/brasilnoticias.org\/site\/#organization\"},\"potentialAction\":[{\"@type\":\"SearchAction\",\"target\":{\"@type\":\"EntryPoint\",\"urlTemplate\":\"https:\/\/brasilnoticias.org\/site\/?s={search_term_string}\"},\"query-input\":{\"@type\":\"PropertyValueSpecification\",\"valueRequired\":true,\"valueName\":\"search_term_string\"}}],\"inLanguage\":\"pt-PT\"},{\"@type\":\"Organization\",\"@id\":\"https:\/\/brasilnoticias.org\/site\/#organization\",\"name\":\"Brasil not\u00edcias\",\"url\":\"https:\/\/brasilnoticias.org\/site\/\",\"logo\":{\"@type\":\"ImageObject\",\"inLanguage\":\"pt-PT\",\"@id\":\"https:\/\/brasilnoticias.org\/site\/#\/schema\/logo\/image\/\",\"url\":\"https:\/\/brasilnoticias.org\/site\/wp-content\/uploads\/2022\/05\/cropped-brasilnoticias-mini.jpg\",\"contentUrl\":\"https:\/\/brasilnoticias.org\/site\/wp-content\/uploads\/2022\/05\/cropped-brasilnoticias-mini.jpg\",\"width\":314,\"height\":86,\"caption\":\"Brasil not\u00edcias\"},\"image\":{\"@id\":\"https:\/\/brasilnoticias.org\/site\/#\/schema\/logo\/image\/\"}},{\"@type\":\"Person\",\"@id\":\"https:\/\/brasilnoticias.org\/site\/#\/schema\/person\/a0e05b973ec4d15c658d51911e53507b\",\"name\":\"Reda\u00e7\u00e3o\",\"image\":{\"@type\":\"ImageObject\",\"inLanguage\":\"pt-PT\",\"@id\":\"https:\/\/brasilnoticias.org\/site\/#\/schema\/person\/image\/\",\"url\":\"https:\/\/secure.gravatar.com\/avatar\/75d8b050df2de108b08ae78dfb8e374892df24a383c67db9c46a9c604f6aee9c?s=96&d=mm&r=g\",\"contentUrl\":\"https:\/\/secure.gravatar.com\/avatar\/75d8b050df2de108b08ae78dfb8e374892df24a383c67db9c46a9c604f6aee9c?s=96&d=mm&r=g\",\"caption\":\"Reda\u00e7\u00e3o\"},\"sameAs\":[\"https:\/\/brasilnoticias.org\/site\"],\"url\":\"https:\/\/brasilnoticias.org\/site\/author\/fernandozsngmail-com\/\"}]}<\/script>\n<!-- \/ Yoast SEO plugin. -->","yoast_head_json":{"title":"CEO do Grupo City avalia possibilidade de comprar Fonte Nova; saiba mais - Brasil not\u00edcias","robots":{"index":"index","follow":"follow","max-snippet":"max-snippet:-1","max-image-preview":"max-image-preview:large","max-video-preview":"max-video-preview:-1"},"canonical":"https:\/\/brasilnoticias.org\/site\/ceo-do-grupo-city-avalia-possibilidade-de-comprar-fonte-nova-saiba-mais\/","og_locale":"pt_PT","og_type":"article","og_title":"CEO do Grupo City avalia possibilidade de comprar Fonte Nova; saiba mais - Brasil not\u00edcias","og_description":"Durante o evento de oficilializa\u00e7\u00e3o da aquisica\u00e7\u00e3o de 90% da Sociedade An\u00f4nima do Futebol (SAF) do Bahia por parte do","og_url":"https:\/\/brasilnoticias.org\/site\/ceo-do-grupo-city-avalia-possibilidade-de-comprar-fonte-nova-saiba-mais\/","og_site_name":"Brasil not\u00edcias","article_published_time":"2023-05-04T21:00:52+00:00","og_image":[{"width":800,"height":450,"url":"https:\/\/brasilnoticias.org\/site\/wp-content\/uploads\/2023\/05\/design_sem_nome_zJnBvK1_widelg.jpg","type":"image\/jpeg"}],"author":"Reda\u00e7\u00e3o","twitter_card":"summary_large_image","twitter_misc":{"Escrito por":"Reda\u00e7\u00e3o"},"schema":{"@context":"https:\/\/schema.org","@graph":[{"@type":"Article","@id":"https:\/\/brasilnoticias.org\/site\/ceo-do-grupo-city-avalia-possibilidade-de-comprar-fonte-nova-saiba-mais\/#article","isPartOf":{"@id":"https:\/\/brasilnoticias.org\/site\/ceo-do-grupo-city-avalia-possibilidade-de-comprar-fonte-nova-saiba-mais\/"},"author":{"name":"Reda\u00e7\u00e3o","@id":"https:\/\/brasilnoticias.org\/site\/#\/schema\/person\/a0e05b973ec4d15c658d51911e53507b"},"headline":"CEO do Grupo City avalia possibilidade de comprar Fonte Nova; saiba mais","datePublished":"2023-05-04T21:00:52+00:00","mainEntityOfPage":{"@id":"https:\/\/brasilnoticias.org\/site\/ceo-do-grupo-city-avalia-possibilidade-de-comprar-fonte-nova-saiba-mais\/"},"wordCount":265,"commentCount":0,"publisher":{"@id":"https:\/\/brasilnoticias.org\/site\/#organization"},"image":{"@id":"https:\/\/brasilnoticias.org\/site\/ceo-do-grupo-city-avalia-possibilidade-de-comprar-fonte-nova-saiba-mais\/#primaryimage"},"thumbnailUrl":"https:\/\/brasilnoticias.org\/site\/wp-content\/uploads\/2023\/05\/design_sem_nome_zJnBvK1_widelg.jpg","articleSection":["Esporte","\u00daltimas"],"inLanguage":"pt-PT","potentialAction":[{"@type":"CommentAction","name":"Comment","target":["https:\/\/brasilnoticias.org\/site\/ceo-do-grupo-city-avalia-possibilidade-de-comprar-fonte-nova-saiba-mais\/#respond"]}]},{"@type":"WebPage","@id":"https:\/\/brasilnoticias.org\/site\/ceo-do-grupo-city-avalia-possibilidade-de-comprar-fonte-nova-saiba-mais\/","url":"https:\/\/brasilnoticias.org\/site\/ceo-do-grupo-city-avalia-possibilidade-de-comprar-fonte-nova-saiba-mais\/","name":"CEO do Grupo City avalia possibilidade de comprar Fonte Nova; saiba mais - Brasil not\u00edcias","isPartOf":{"@id":"https:\/\/brasilnoticias.org\/site\/#website"},"primaryImageOfPage":{"@id":"https:\/\/brasilnoticias.org\/site\/ceo-do-grupo-city-avalia-possibilidade-de-comprar-fonte-nova-saiba-mais\/#primaryimage"},"image":{"@id":"https:\/\/brasilnoticias.org\/site\/ceo-do-grupo-city-avalia-possibilidade-de-comprar-fonte-nova-saiba-mais\/#primaryimage"},"thumbnailUrl":"https:\/\/brasilnoticias.org\/site\/wp-content\/uploads\/2023\/05\/design_sem_nome_zJnBvK1_widelg.jpg","datePublished":"2023-05-04T21:00:52+00:00","breadcrumb":{"@id":"https:\/\/brasilnoticias.org\/site\/ceo-do-grupo-city-avalia-possibilidade-de-comprar-fonte-nova-saiba-mais\/#breadcrumb"},"inLanguage":"pt-PT","potentialAction":[{"@type":"ReadAction","target":["https:\/\/brasilnoticias.org\/site\/ceo-do-grupo-city-avalia-possibilidade-de-comprar-fonte-nova-saiba-mais\/"]}]},{"@type":"ImageObject","inLanguage":"pt-PT","@id":"https:\/\/brasilnoticias.org\/site\/ceo-do-grupo-city-avalia-possibilidade-de-comprar-fonte-nova-saiba-mais\/#primaryimage","url":"https:\/\/brasilnoticias.org\/site\/wp-content\/uploads\/2023\/05\/design_sem_nome_zJnBvK1_widelg.jpg","contentUrl":"https:\/\/brasilnoticias.org\/site\/wp-content\/uploads\/2023\/05\/design_sem_nome_zJnBvK1_widelg.jpg","width":800,"height":450},{"@type":"BreadcrumbList","@id":"https:\/\/brasilnoticias.org\/site\/ceo-do-grupo-city-avalia-possibilidade-de-comprar-fonte-nova-saiba-mais\/#breadcrumb","itemListElement":[{"@type":"ListItem","position":1,"name":"In\u00edcio","item":"https:\/\/brasilnoticias.org\/site\/"},{"@type":"ListItem","position":2,"name":"CEO do Grupo City avalia possibilidade de comprar Fonte Nova; saiba mais"}]},{"@type":"WebSite","@id":"https:\/\/brasilnoticias.org\/site\/#website","url":"https:\/\/brasilnoticias.org\/site\/","name":"Brasil not\u00edcias","description":"Brasil not\u00edcias","publisher":{"@id":"https:\/\/brasilnoticias.org\/site\/#organization"},"potentialAction":[{"@type":"SearchAction","target":{"@type":"EntryPoint","urlTemplate":"https:\/\/brasilnoticias.org\/site\/?s={search_term_string}"},"query-input":{"@type":"PropertyValueSpecification","valueRequired":true,"valueName":"search_term_string"}}],"inLanguage":"pt-PT"},{"@type":"Organization","@id":"https:\/\/brasilnoticias.org\/site\/#organization","name":"Brasil not\u00edcias","url":"https:\/\/brasilnoticias.org\/site\/","logo":{"@type":"ImageObject","inLanguage":"pt-PT","@id":"https:\/\/brasilnoticias.org\/site\/#\/schema\/logo\/image\/","url":"https:\/\/brasilnoticias.org\/site\/wp-content\/uploads\/2022\/05\/cropped-brasilnoticias-mini.jpg","contentUrl":"https:\/\/brasilnoticias.org\/site\/wp-content\/uploads\/2022\/05\/cropped-brasilnoticias-mini.jpg","width":314,"height":86,"caption":"Brasil not\u00edcias"},"image":{"@id":"https:\/\/brasilnoticias.org\/site\/#\/schema\/logo\/image\/"}},{"@type":"Person","@id":"https:\/\/brasilnoticias.org\/site\/#\/schema\/person\/a0e05b973ec4d15c658d51911e53507b","name":"Reda\u00e7\u00e3o","image":{"@type":"ImageObject","inLanguage":"pt-PT","@id":"https:\/\/brasilnoticias.org\/site\/#\/schema\/person\/image\/","url":"https:\/\/secure.gravatar.com\/avatar\/75d8b050df2de108b08ae78dfb8e374892df24a383c67db9c46a9c604f6aee9c?s=96&d=mm&r=g","contentUrl":"https:\/\/secure.gravatar.com\/avatar\/75d8b050df2de108b08ae78dfb8e374892df24a383c67db9c46a9c604f6aee9c?s=96&d=mm&r=g","caption":"Reda\u00e7\u00e3o"},"sameAs":["https:\/\/brasilnoticias.org\/site"],"url":"https:\/\/brasilnoticias.org\/site\/author\/fernandozsngmail-com\/"}]}},"_links":{"self":[{"href":"https:\/\/brasilnoticias.org\/site\/wp-json\/wp\/v2\/posts\/5836","targetHints":{"allow":["GET"]}}],"collection":[{"href":"https:\/\/brasilnoticias.org\/site\/wp-json\/wp\/v2\/posts"}],"about":[{"href":"https:\/\/brasilnoticias.org\/site\/wp-json\/wp\/v2\/types\/post"}],"author":[{"embeddable":true,"href":"https:\/\/brasilnoticias.org\/site\/wp-json\/wp\/v2\/users\/1"}],"replies":[{"embeddable":true,"href":"https:\/\/brasilnoticias.org\/site\/wp-json\/wp\/v2\/comments?post=5836"}],"version-history":[{"count":1,"href":"https:\/\/brasilnoticias.org\/site\/wp-json\/wp\/v2\/posts\/5836\/revisions"}],"predecessor-version":[{"id":5838,"href":"https:\/\/brasilnoticias.org\/site\/wp-json\/wp\/v2\/posts\/5836\/revisions\/5838"}],"wp:featuredmedia":[{"embeddable":true,"href":"https:\/\/brasilnoticias.org\/site\/wp-json\/wp\/v2\/media\/5837"}],"wp:attachment":[{"href":"https:\/\/brasilnoticias.org\/site\/wp-json\/wp\/v2\/media?parent=5836"}],"wp:term":[{"taxonomy":"category","embeddable":true,"href":"https:\/\/brasilnoticias.org\/site\/wp-json\/wp\/v2\/categories?post=5836"},{"taxonomy":"post_tag","embeddable":true,"href":"https:\/\/brasilnoticias.org\/site\/wp-json\/wp\/v2\/tags?post=5836"}],"curies":[{"name":"wp","href":"https:\/\/api.w.org\/{rel}","templated":true}]}}