{"id":5851,"date":"2023-05-06T06:25:39","date_gmt":"2023-05-06T09:25:39","guid":{"rendered":"https:\/\/brasilnoticias.org\/site\/?p=5851"},"modified":"2023-05-06T06:25:39","modified_gmt":"2023-05-06T09:25:39","slug":"projeto-pioneiro-da-oab-subsecao-paulo-afonso-tem-reconhecimento-institucional-do-tjba","status":"publish","type":"post","link":"https:\/\/brasilnoticias.org\/site\/projeto-pioneiro-da-oab-subsecao-paulo-afonso-tem-reconhecimento-institucional-do-tjba\/","title":{"rendered":"Projeto pioneiro da OAB Subse\u00e7\u00e3o Paulo Afonso tem reconhecimento institucional do TJBA"},"content":{"rendered":"<p>O Coordenador dos Juizados Especiais, Des. Paulo Alberto Nunes Chenaud e o Magistrado Reginaldo Coelho Cavalcante, da 1\u00aa Vara do Sistema dos Juizados Especiais de Paulo Afonso, receberam os membros da OAB da Subse\u00e7\u00e3o, nesta quinta-feira (04), para tratar da parceria entre a Institui\u00e7\u00e3o e as Varas do Sistema dos Juizados Especiais da Comarca, acerca da entrega das carteiras da ordem aos novos advogados.<\/p>\n<p>O projeto vem sendo desenvolvido durante essa gest\u00e3o da OAB Paulo Afonso e faz parte de uma pol\u00edtica de acolhimento em favor dos jovens advogados e advogadas no in\u00edcio de sua carreira.<\/p>\n<p>Uma vez no m\u00eas, os servidores dos Juizados de Paulo Afonso, Mauro Emilio Viana da Silva Moreira e Wilma Norma Silva de Souza, participam da solenidade de entrega das carteiras da OAB, na sede da institui\u00e7\u00e3o da Subse\u00e7\u00e3o, oportunidade em que os novos patronos s\u00e3o cadastrados no sistema Projudi, estando, assim, aptos a iniciar suas atividades. Em seguida, os mencionados servidores j\u00e1 realizam breve explana\u00e7\u00e3o das funcionalidades do referido sistema judicial.<\/p>\n<p>Esta iniciativa foi parabenizada pela Coordena\u00e7\u00e3o dos Juizados, sendo ratificada a import\u00e2ncia da coopera\u00e7\u00e3o entre as institui\u00e7\u00f5es, ressaltando-se a necessidade de compartilhamento do projeto com as demais unidades e subse\u00e7\u00f5es.<\/p>\n<p>Estiveram presentes no encontro o Presidente da Subse\u00e7\u00e3o da OAB de Paulo Afonso, Dr. Rodrigo Coppieters, a Tesoureira, Dra. Jailma Ferreira, a Secret\u00e1ria-Geral Adjunta, Dra. Simone Lunguinho, a Presidente do Conselho da Jovem Advocacia, Dra. Cleane Kilvia, o Membro do Tribunal de \u00c9tica e Disciplina, Dr. Marcus Magalh\u00e3es e o Diretor de Planejamento da Jovem Advocacia, Dr. Dennes Silva.<\/p>\n<p>Ouvido pela nossa reportagem, o Presidente da Subse\u00e7\u00e3o, Dr Rodrigo Coppieters, enalteceu a participa\u00e7\u00e3o de todos que comp\u00f5em a gest\u00e3o: \u201cEsse projeto foi idealizado e executado a v\u00e1rias m\u00e3os; o sucesso do projeto tem a contribui\u00e7\u00e3o de muitos envolvidos seja do Conselho da Jovem Advocacia da nossa diretoria; agrade\u00e7o imensamente a eles por todo apoio e dedica\u00e7\u00e3o; e especialmente aos magistrados Dr Martinho e Dr Reginaldo que n\u00f3s cederam os servidores Mauro e Norma para possibilitar a realiza\u00e7\u00e3o dos cadastros; mas devemos tamb\u00e9m acrescer a participa\u00e7\u00e3o do Servidor Daniel Malta que tem contribu\u00eddo com treinamento aos novos colegas no manejo do outro sistema PJE. Estamos muito felizes com o resultado do projeto e vamos intensificar ainda mais novos projetos em favor da advocacia em nossa Subse\u00e7\u00e3o.\u201d<\/p>\n","protected":false},"excerpt":{"rendered":"<p>O Coordenador dos Juizados Especiais, Des. Paulo Alberto Nunes Chenaud e o Magistrado Reginaldo Coelho Cavalcante, da 1\u00aa Vara do<\/p>\n","protected":false},"author":1,"featured_media":5852,"comment_status":"open","ping_status":"open","sticky":false,"template":"","format":"standard","meta":{"colormag_page_container_layout":"default_layout","colormag_page_sidebar_layout":"default_layout","_FSMCFIC_featured_image_caption":"","_FSMCFIC_featured_image_nocaption":"","_FSMCFIC_featured_image_hide":"","footnotes":""},"categories":[5,1],"tags":[],"class_list":["post-5851","post","type-post","status-publish","format-standard","has-post-thumbnail","hentry","category-politica","category-ultimas"],"yoast_head":"<!-- This site is optimized with the Yoast SEO plugin v27.1.1 - https:\/\/yoast.com\/product\/yoast-seo-wordpress\/ -->\n<title>Projeto pioneiro da OAB Subse\u00e7\u00e3o Paulo Afonso tem reconhecimento institucional do TJBA - Brasil not\u00edcias<\/title>\n<meta name=\"robots\" content=\"index, follow, max-snippet:-1, max-image-preview:large, max-video-preview:-1\" \/>\n<link rel=\"canonical\" href=\"https:\/\/brasilnoticias.org\/site\/projeto-pioneiro-da-oab-subsecao-paulo-afonso-tem-reconhecimento-institucional-do-tjba\/\" \/>\n<meta property=\"og:locale\" content=\"pt_PT\" \/>\n<meta property=\"og:type\" content=\"article\" \/>\n<meta property=\"og:title\" content=\"Projeto pioneiro da OAB Subse\u00e7\u00e3o Paulo Afonso tem reconhecimento institucional do TJBA - Brasil not\u00edcias\" \/>\n<meta property=\"og:description\" content=\"O Coordenador dos Juizados Especiais, Des. Paulo Alberto Nunes Chenaud e o Magistrado Reginaldo Coelho Cavalcante, da 1\u00aa Vara do\" \/>\n<meta property=\"og:url\" content=\"https:\/\/brasilnoticias.org\/site\/projeto-pioneiro-da-oab-subsecao-paulo-afonso-tem-reconhecimento-institucional-do-tjba\/\" \/>\n<meta property=\"og:site_name\" content=\"Brasil not\u00edcias\" \/>\n<meta property=\"article:published_time\" content=\"2023-05-06T09:25:39+00:00\" \/>\n<meta property=\"og:image\" content=\"https:\/\/brasilnoticias.org\/site\/wp-content\/uploads\/2023\/05\/WhatsApp-Image-2023-05-05-at-20.28.34.jpeg\" \/>\n\t<meta property=\"og:image:width\" content=\"1024\" \/>\n\t<meta property=\"og:image:height\" content=\"661\" \/>\n\t<meta property=\"og:image:type\" content=\"image\/jpeg\" \/>\n<meta name=\"author\" content=\"Reda\u00e7\u00e3o\" \/>\n<meta name=\"twitter:card\" content=\"summary_large_image\" \/>\n<meta name=\"twitter:label1\" content=\"Escrito por\" \/>\n\t<meta name=\"twitter:data1\" content=\"Reda\u00e7\u00e3o\" \/>\n<script type=\"application\/ld+json\" class=\"yoast-schema-graph\">{\"@context\":\"https:\/\/schema.org\",\"@graph\":[{\"@type\":\"Article\",\"@id\":\"https:\/\/brasilnoticias.org\/site\/projeto-pioneiro-da-oab-subsecao-paulo-afonso-tem-reconhecimento-institucional-do-tjba\/#article\",\"isPartOf\":{\"@id\":\"https:\/\/brasilnoticias.org\/site\/projeto-pioneiro-da-oab-subsecao-paulo-afonso-tem-reconhecimento-institucional-do-tjba\/\"},\"author\":{\"name\":\"Reda\u00e7\u00e3o\",\"@id\":\"https:\/\/brasilnoticias.org\/site\/#\/schema\/person\/a0e05b973ec4d15c658d51911e53507b\"},\"headline\":\"Projeto pioneiro da OAB Subse\u00e7\u00e3o Paulo Afonso tem reconhecimento institucional do TJBA\",\"datePublished\":\"2023-05-06T09:25:39+00:00\",\"mainEntityOfPage\":{\"@id\":\"https:\/\/brasilnoticias.org\/site\/projeto-pioneiro-da-oab-subsecao-paulo-afonso-tem-reconhecimento-institucional-do-tjba\/\"},\"wordCount\":426,\"commentCount\":0,\"publisher\":{\"@id\":\"https:\/\/brasilnoticias.org\/site\/#organization\"},\"image\":{\"@id\":\"https:\/\/brasilnoticias.org\/site\/projeto-pioneiro-da-oab-subsecao-paulo-afonso-tem-reconhecimento-institucional-do-tjba\/#primaryimage\"},\"thumbnailUrl\":\"https:\/\/brasilnoticias.org\/site\/wp-content\/uploads\/2023\/05\/WhatsApp-Image-2023-05-05-at-20.28.34.jpeg\",\"articleSection\":[\"Pol\u00edtica\",\"\u00daltimas\"],\"inLanguage\":\"pt-PT\",\"potentialAction\":[{\"@type\":\"CommentAction\",\"name\":\"Comment\",\"target\":[\"https:\/\/brasilnoticias.org\/site\/projeto-pioneiro-da-oab-subsecao-paulo-afonso-tem-reconhecimento-institucional-do-tjba\/#respond\"]}]},{\"@type\":\"WebPage\",\"@id\":\"https:\/\/brasilnoticias.org\/site\/projeto-pioneiro-da-oab-subsecao-paulo-afonso-tem-reconhecimento-institucional-do-tjba\/\",\"url\":\"https:\/\/brasilnoticias.org\/site\/projeto-pioneiro-da-oab-subsecao-paulo-afonso-tem-reconhecimento-institucional-do-tjba\/\",\"name\":\"Projeto pioneiro da OAB Subse\u00e7\u00e3o Paulo Afonso tem reconhecimento institucional do TJBA - Brasil not\u00edcias\",\"isPartOf\":{\"@id\":\"https:\/\/brasilnoticias.org\/site\/#website\"},\"primaryImageOfPage\":{\"@id\":\"https:\/\/brasilnoticias.org\/site\/projeto-pioneiro-da-oab-subsecao-paulo-afonso-tem-reconhecimento-institucional-do-tjba\/#primaryimage\"},\"image\":{\"@id\":\"https:\/\/brasilnoticias.org\/site\/projeto-pioneiro-da-oab-subsecao-paulo-afonso-tem-reconhecimento-institucional-do-tjba\/#primaryimage\"},\"thumbnailUrl\":\"https:\/\/brasilnoticias.org\/site\/wp-content\/uploads\/2023\/05\/WhatsApp-Image-2023-05-05-at-20.28.34.jpeg\",\"datePublished\":\"2023-05-06T09:25:39+00:00\",\"breadcrumb\":{\"@id\":\"https:\/\/brasilnoticias.org\/site\/projeto-pioneiro-da-oab-subsecao-paulo-afonso-tem-reconhecimento-institucional-do-tjba\/#breadcrumb\"},\"inLanguage\":\"pt-PT\",\"potentialAction\":[{\"@type\":\"ReadAction\",\"target\":[\"https:\/\/brasilnoticias.org\/site\/projeto-pioneiro-da-oab-subsecao-paulo-afonso-tem-reconhecimento-institucional-do-tjba\/\"]}]},{\"@type\":\"ImageObject\",\"inLanguage\":\"pt-PT\",\"@id\":\"https:\/\/brasilnoticias.org\/site\/projeto-pioneiro-da-oab-subsecao-paulo-afonso-tem-reconhecimento-institucional-do-tjba\/#primaryimage\",\"url\":\"https:\/\/brasilnoticias.org\/site\/wp-content\/uploads\/2023\/05\/WhatsApp-Image-2023-05-05-at-20.28.34.jpeg\",\"contentUrl\":\"https:\/\/brasilnoticias.org\/site\/wp-content\/uploads\/2023\/05\/WhatsApp-Image-2023-05-05-at-20.28.34.jpeg\",\"width\":1024,\"height\":661},{\"@type\":\"BreadcrumbList\",\"@id\":\"https:\/\/brasilnoticias.org\/site\/projeto-pioneiro-da-oab-subsecao-paulo-afonso-tem-reconhecimento-institucional-do-tjba\/#breadcrumb\",\"itemListElement\":[{\"@type\":\"ListItem\",\"position\":1,\"name\":\"In\u00edcio\",\"item\":\"https:\/\/brasilnoticias.org\/site\/\"},{\"@type\":\"ListItem\",\"position\":2,\"name\":\"Projeto pioneiro da OAB Subse\u00e7\u00e3o Paulo Afonso tem reconhecimento institucional do TJBA\"}]},{\"@type\":\"WebSite\",\"@id\":\"https:\/\/brasilnoticias.org\/site\/#website\",\"url\":\"https:\/\/brasilnoticias.org\/site\/\",\"name\":\"Brasil not\u00edcias\",\"description\":\"Brasil not\u00edcias\",\"publisher\":{\"@id\":\"https:\/\/brasilnoticias.org\/site\/#organization\"},\"potentialAction\":[{\"@type\":\"SearchAction\",\"target\":{\"@type\":\"EntryPoint\",\"urlTemplate\":\"https:\/\/brasilnoticias.org\/site\/?s={search_term_string}\"},\"query-input\":{\"@type\":\"PropertyValueSpecification\",\"valueRequired\":true,\"valueName\":\"search_term_string\"}}],\"inLanguage\":\"pt-PT\"},{\"@type\":\"Organization\",\"@id\":\"https:\/\/brasilnoticias.org\/site\/#organization\",\"name\":\"Brasil not\u00edcias\",\"url\":\"https:\/\/brasilnoticias.org\/site\/\",\"logo\":{\"@type\":\"ImageObject\",\"inLanguage\":\"pt-PT\",\"@id\":\"https:\/\/brasilnoticias.org\/site\/#\/schema\/logo\/image\/\",\"url\":\"https:\/\/brasilnoticias.org\/site\/wp-content\/uploads\/2022\/05\/cropped-brasilnoticias-mini.jpg\",\"contentUrl\":\"https:\/\/brasilnoticias.org\/site\/wp-content\/uploads\/2022\/05\/cropped-brasilnoticias-mini.jpg\",\"width\":314,\"height\":86,\"caption\":\"Brasil not\u00edcias\"},\"image\":{\"@id\":\"https:\/\/brasilnoticias.org\/site\/#\/schema\/logo\/image\/\"}},{\"@type\":\"Person\",\"@id\":\"https:\/\/brasilnoticias.org\/site\/#\/schema\/person\/a0e05b973ec4d15c658d51911e53507b\",\"name\":\"Reda\u00e7\u00e3o\",\"image\":{\"@type\":\"ImageObject\",\"inLanguage\":\"pt-PT\",\"@id\":\"https:\/\/brasilnoticias.org\/site\/#\/schema\/person\/image\/\",\"url\":\"https:\/\/secure.gravatar.com\/avatar\/75d8b050df2de108b08ae78dfb8e374892df24a383c67db9c46a9c604f6aee9c?s=96&d=mm&r=g\",\"contentUrl\":\"https:\/\/secure.gravatar.com\/avatar\/75d8b050df2de108b08ae78dfb8e374892df24a383c67db9c46a9c604f6aee9c?s=96&d=mm&r=g\",\"caption\":\"Reda\u00e7\u00e3o\"},\"sameAs\":[\"https:\/\/brasilnoticias.org\/site\"],\"url\":\"https:\/\/brasilnoticias.org\/site\/author\/fernandozsngmail-com\/\"}]}<\/script>\n<!-- \/ Yoast SEO plugin. -->","yoast_head_json":{"title":"Projeto pioneiro da OAB Subse\u00e7\u00e3o Paulo Afonso tem reconhecimento institucional do TJBA - Brasil not\u00edcias","robots":{"index":"index","follow":"follow","max-snippet":"max-snippet:-1","max-image-preview":"max-image-preview:large","max-video-preview":"max-video-preview:-1"},"canonical":"https:\/\/brasilnoticias.org\/site\/projeto-pioneiro-da-oab-subsecao-paulo-afonso-tem-reconhecimento-institucional-do-tjba\/","og_locale":"pt_PT","og_type":"article","og_title":"Projeto pioneiro da OAB Subse\u00e7\u00e3o Paulo Afonso tem reconhecimento institucional do TJBA - Brasil not\u00edcias","og_description":"O Coordenador dos Juizados Especiais, Des. Paulo Alberto Nunes Chenaud e o Magistrado Reginaldo Coelho Cavalcante, da 1\u00aa Vara do","og_url":"https:\/\/brasilnoticias.org\/site\/projeto-pioneiro-da-oab-subsecao-paulo-afonso-tem-reconhecimento-institucional-do-tjba\/","og_site_name":"Brasil not\u00edcias","article_published_time":"2023-05-06T09:25:39+00:00","og_image":[{"width":1024,"height":661,"url":"https:\/\/brasilnoticias.org\/site\/wp-content\/uploads\/2023\/05\/WhatsApp-Image-2023-05-05-at-20.28.34.jpeg","type":"image\/jpeg"}],"author":"Reda\u00e7\u00e3o","twitter_card":"summary_large_image","twitter_misc":{"Escrito por":"Reda\u00e7\u00e3o"},"schema":{"@context":"https:\/\/schema.org","@graph":[{"@type":"Article","@id":"https:\/\/brasilnoticias.org\/site\/projeto-pioneiro-da-oab-subsecao-paulo-afonso-tem-reconhecimento-institucional-do-tjba\/#article","isPartOf":{"@id":"https:\/\/brasilnoticias.org\/site\/projeto-pioneiro-da-oab-subsecao-paulo-afonso-tem-reconhecimento-institucional-do-tjba\/"},"author":{"name":"Reda\u00e7\u00e3o","@id":"https:\/\/brasilnoticias.org\/site\/#\/schema\/person\/a0e05b973ec4d15c658d51911e53507b"},"headline":"Projeto pioneiro da OAB Subse\u00e7\u00e3o Paulo Afonso tem reconhecimento institucional do TJBA","datePublished":"2023-05-06T09:25:39+00:00","mainEntityOfPage":{"@id":"https:\/\/brasilnoticias.org\/site\/projeto-pioneiro-da-oab-subsecao-paulo-afonso-tem-reconhecimento-institucional-do-tjba\/"},"wordCount":426,"commentCount":0,"publisher":{"@id":"https:\/\/brasilnoticias.org\/site\/#organization"},"image":{"@id":"https:\/\/brasilnoticias.org\/site\/projeto-pioneiro-da-oab-subsecao-paulo-afonso-tem-reconhecimento-institucional-do-tjba\/#primaryimage"},"thumbnailUrl":"https:\/\/brasilnoticias.org\/site\/wp-content\/uploads\/2023\/05\/WhatsApp-Image-2023-05-05-at-20.28.34.jpeg","articleSection":["Pol\u00edtica","\u00daltimas"],"inLanguage":"pt-PT","potentialAction":[{"@type":"CommentAction","name":"Comment","target":["https:\/\/brasilnoticias.org\/site\/projeto-pioneiro-da-oab-subsecao-paulo-afonso-tem-reconhecimento-institucional-do-tjba\/#respond"]}]},{"@type":"WebPage","@id":"https:\/\/brasilnoticias.org\/site\/projeto-pioneiro-da-oab-subsecao-paulo-afonso-tem-reconhecimento-institucional-do-tjba\/","url":"https:\/\/brasilnoticias.org\/site\/projeto-pioneiro-da-oab-subsecao-paulo-afonso-tem-reconhecimento-institucional-do-tjba\/","name":"Projeto pioneiro da OAB Subse\u00e7\u00e3o Paulo Afonso tem reconhecimento institucional do TJBA - Brasil not\u00edcias","isPartOf":{"@id":"https:\/\/brasilnoticias.org\/site\/#website"},"primaryImageOfPage":{"@id":"https:\/\/brasilnoticias.org\/site\/projeto-pioneiro-da-oab-subsecao-paulo-afonso-tem-reconhecimento-institucional-do-tjba\/#primaryimage"},"image":{"@id":"https:\/\/brasilnoticias.org\/site\/projeto-pioneiro-da-oab-subsecao-paulo-afonso-tem-reconhecimento-institucional-do-tjba\/#primaryimage"},"thumbnailUrl":"https:\/\/brasilnoticias.org\/site\/wp-content\/uploads\/2023\/05\/WhatsApp-Image-2023-05-05-at-20.28.34.jpeg","datePublished":"2023-05-06T09:25:39+00:00","breadcrumb":{"@id":"https:\/\/brasilnoticias.org\/site\/projeto-pioneiro-da-oab-subsecao-paulo-afonso-tem-reconhecimento-institucional-do-tjba\/#breadcrumb"},"inLanguage":"pt-PT","potentialAction":[{"@type":"ReadAction","target":["https:\/\/brasilnoticias.org\/site\/projeto-pioneiro-da-oab-subsecao-paulo-afonso-tem-reconhecimento-institucional-do-tjba\/"]}]},{"@type":"ImageObject","inLanguage":"pt-PT","@id":"https:\/\/brasilnoticias.org\/site\/projeto-pioneiro-da-oab-subsecao-paulo-afonso-tem-reconhecimento-institucional-do-tjba\/#primaryimage","url":"https:\/\/brasilnoticias.org\/site\/wp-content\/uploads\/2023\/05\/WhatsApp-Image-2023-05-05-at-20.28.34.jpeg","contentUrl":"https:\/\/brasilnoticias.org\/site\/wp-content\/uploads\/2023\/05\/WhatsApp-Image-2023-05-05-at-20.28.34.jpeg","width":1024,"height":661},{"@type":"BreadcrumbList","@id":"https:\/\/brasilnoticias.org\/site\/projeto-pioneiro-da-oab-subsecao-paulo-afonso-tem-reconhecimento-institucional-do-tjba\/#breadcrumb","itemListElement":[{"@type":"ListItem","position":1,"name":"In\u00edcio","item":"https:\/\/brasilnoticias.org\/site\/"},{"@type":"ListItem","position":2,"name":"Projeto pioneiro da OAB Subse\u00e7\u00e3o Paulo Afonso tem reconhecimento institucional do TJBA"}]},{"@type":"WebSite","@id":"https:\/\/brasilnoticias.org\/site\/#website","url":"https:\/\/brasilnoticias.org\/site\/","name":"Brasil not\u00edcias","description":"Brasil not\u00edcias","publisher":{"@id":"https:\/\/brasilnoticias.org\/site\/#organization"},"potentialAction":[{"@type":"SearchAction","target":{"@type":"EntryPoint","urlTemplate":"https:\/\/brasilnoticias.org\/site\/?s={search_term_string}"},"query-input":{"@type":"PropertyValueSpecification","valueRequired":true,"valueName":"search_term_string"}}],"inLanguage":"pt-PT"},{"@type":"Organization","@id":"https:\/\/brasilnoticias.org\/site\/#organization","name":"Brasil not\u00edcias","url":"https:\/\/brasilnoticias.org\/site\/","logo":{"@type":"ImageObject","inLanguage":"pt-PT","@id":"https:\/\/brasilnoticias.org\/site\/#\/schema\/logo\/image\/","url":"https:\/\/brasilnoticias.org\/site\/wp-content\/uploads\/2022\/05\/cropped-brasilnoticias-mini.jpg","contentUrl":"https:\/\/brasilnoticias.org\/site\/wp-content\/uploads\/2022\/05\/cropped-brasilnoticias-mini.jpg","width":314,"height":86,"caption":"Brasil not\u00edcias"},"image":{"@id":"https:\/\/brasilnoticias.org\/site\/#\/schema\/logo\/image\/"}},{"@type":"Person","@id":"https:\/\/brasilnoticias.org\/site\/#\/schema\/person\/a0e05b973ec4d15c658d51911e53507b","name":"Reda\u00e7\u00e3o","image":{"@type":"ImageObject","inLanguage":"pt-PT","@id":"https:\/\/brasilnoticias.org\/site\/#\/schema\/person\/image\/","url":"https:\/\/secure.gravatar.com\/avatar\/75d8b050df2de108b08ae78dfb8e374892df24a383c67db9c46a9c604f6aee9c?s=96&d=mm&r=g","contentUrl":"https:\/\/secure.gravatar.com\/avatar\/75d8b050df2de108b08ae78dfb8e374892df24a383c67db9c46a9c604f6aee9c?s=96&d=mm&r=g","caption":"Reda\u00e7\u00e3o"},"sameAs":["https:\/\/brasilnoticias.org\/site"],"url":"https:\/\/brasilnoticias.org\/site\/author\/fernandozsngmail-com\/"}]}},"_links":{"self":[{"href":"https:\/\/brasilnoticias.org\/site\/wp-json\/wp\/v2\/posts\/5851","targetHints":{"allow":["GET"]}}],"collection":[{"href":"https:\/\/brasilnoticias.org\/site\/wp-json\/wp\/v2\/posts"}],"about":[{"href":"https:\/\/brasilnoticias.org\/site\/wp-json\/wp\/v2\/types\/post"}],"author":[{"embeddable":true,"href":"https:\/\/brasilnoticias.org\/site\/wp-json\/wp\/v2\/users\/1"}],"replies":[{"embeddable":true,"href":"https:\/\/brasilnoticias.org\/site\/wp-json\/wp\/v2\/comments?post=5851"}],"version-history":[{"count":1,"href":"https:\/\/brasilnoticias.org\/site\/wp-json\/wp\/v2\/posts\/5851\/revisions"}],"predecessor-version":[{"id":5853,"href":"https:\/\/brasilnoticias.org\/site\/wp-json\/wp\/v2\/posts\/5851\/revisions\/5853"}],"wp:featuredmedia":[{"embeddable":true,"href":"https:\/\/brasilnoticias.org\/site\/wp-json\/wp\/v2\/media\/5852"}],"wp:attachment":[{"href":"https:\/\/brasilnoticias.org\/site\/wp-json\/wp\/v2\/media?parent=5851"}],"wp:term":[{"taxonomy":"category","embeddable":true,"href":"https:\/\/brasilnoticias.org\/site\/wp-json\/wp\/v2\/categories?post=5851"},{"taxonomy":"post_tag","embeddable":true,"href":"https:\/\/brasilnoticias.org\/site\/wp-json\/wp\/v2\/tags?post=5851"}],"curies":[{"name":"wp","href":"https:\/\/api.w.org\/{rel}","templated":true}]}}