{"id":5876,"date":"2023-05-07T07:10:54","date_gmt":"2023-05-07T10:10:54","guid":{"rendered":"https:\/\/brasilnoticias.org\/site\/?p=5876"},"modified":"2023-05-06T22:52:03","modified_gmt":"2023-05-07T01:52:03","slug":"salvador-lidera-lista-de-presos-por-reconhecimento-facial","status":"publish","type":"post","link":"https:\/\/brasilnoticias.org\/site\/salvador-lidera-lista-de-presos-por-reconhecimento-facial\/","title":{"rendered":"Salvador lidera lista de presos por Reconhecimento Facial"},"content":{"rendered":"<p>Salvador lidera o ranking de cidades baianas com o maior n\u00famero de pris\u00f5es pelo sistema de Reconhecimento Facial (RF) da Secretaria da Seguran\u00e7a P\u00fablica, no ano de 2023. Dados divulgados pela pasta apontam que, das 227 capturas realizadas em todo o estado, 162 aconteceram na capital.<\/p>\n<p>Desde a sua implanta\u00e7\u00e3o, em novembro de 2018, o RF alcan\u00e7ou 800 criminosos que possu\u00edam mandados de pris\u00e3o. Em Salvador foram 553 pris\u00f5es.<\/p>\n<p>Feira de Santana e Sim\u00f5es Filho, respectivamente, completam a lista dos tr\u00eas primeiros. As cidades computaram 13 e 10 pris\u00f5es entre 1\u00ba de janeiro e 3 de maio.<\/p>\n<p>Os munic\u00edpios de Amargosa, Cama\u00e7ari, Eun\u00e1polis, Ibotirama, Itaberaba, Itaparica, Jequi\u00e9, Juazeiro, Lauro de Freitas, Mucug\u00ea, Pojuca, Porto Seguro, Santo Estev\u00e3o, Seabra, Vera Cruz e Vit\u00f3ria da Conquista tamb\u00e9m figuram na lista de capturas com a ajuda da ferramenta.<\/p>\n<p>Analisando por ano, 348 pessoas foram presas em 2022, 26 em 2021, 90 em 2020 e 110 no ano de 2019, em todo o estado.<\/p>\n<p>Analisando por ano, 348 pessoas foram presas em 2022, 26 em 2021, 90 em 2020 e 110 no ano de 2019, em todo o estado.<\/p>\n<blockquote class=\"twitter-tweet\">\n<p lang=\"pt\" dir=\"ltr\">\ud83d\udc51 Presidente Lula cumprimenta o presidente franc\u00eas Emmanuel Macron antes do in\u00edcio da cerim\u00f4nia da Coroa\u00e7\u00e3o do Rei Charles III. <a href=\"https:\/\/t.co\/kX3vL77Zik\">pic.twitter.com\/kX3vL77Zik<\/a><\/p>\n<p>&mdash; Eixo Pol\u00edtico (@eixopolitico) <a href=\"https:\/\/twitter.com\/eixopolitico\/status\/1654780570327556099?ref_src=twsrc%5Etfw\">May 6, 2023<\/a><\/p><\/blockquote>\n<p> <script async src=\"https:\/\/platform.twitter.com\/widgets.js\" charset=\"utf-8\"><\/script><\/p>\n<p>Foto Salvador lidera lista de presos por Reconhecimento Facial<br \/>\nBnews<\/p>\n","protected":false},"excerpt":{"rendered":"<p>Salvador lidera o ranking de cidades baianas com o maior n\u00famero de pris\u00f5es pelo sistema de Reconhecimento Facial (RF) da<\/p>\n","protected":false},"author":1,"featured_media":5877,"comment_status":"open","ping_status":"open","sticky":false,"template":"","format":"standard","meta":{"colormag_page_container_layout":"default_layout","colormag_page_sidebar_layout":"default_layout","_FSMCFIC_featured_image_caption":"","_FSMCFIC_featured_image_nocaption":"","_FSMCFIC_featured_image_hide":"","footnotes":""},"categories":[3,1],"tags":[],"class_list":["post-5876","post","type-post","status-publish","format-standard","has-post-thumbnail","hentry","category-policia","category-ultimas"],"yoast_head":"<!-- This site is optimized with the Yoast SEO plugin v27.1.1 - https:\/\/yoast.com\/product\/yoast-seo-wordpress\/ -->\n<title>Salvador lidera lista de presos por Reconhecimento Facial - Brasil not\u00edcias<\/title>\n<meta name=\"robots\" content=\"index, follow, max-snippet:-1, max-image-preview:large, max-video-preview:-1\" \/>\n<link rel=\"canonical\" href=\"https:\/\/brasilnoticias.org\/site\/salvador-lidera-lista-de-presos-por-reconhecimento-facial\/\" \/>\n<meta property=\"og:locale\" content=\"pt_PT\" \/>\n<meta property=\"og:type\" content=\"article\" \/>\n<meta property=\"og:title\" content=\"Salvador lidera lista de presos por Reconhecimento Facial - Brasil not\u00edcias\" \/>\n<meta property=\"og:description\" content=\"Salvador lidera o ranking de cidades baianas com o maior n\u00famero de pris\u00f5es pelo sistema de Reconhecimento Facial (RF) da\" \/>\n<meta property=\"og:url\" content=\"https:\/\/brasilnoticias.org\/site\/salvador-lidera-lista-de-presos-por-reconhecimento-facial\/\" \/>\n<meta property=\"og:site_name\" content=\"Brasil not\u00edcias\" \/>\n<meta property=\"article:published_time\" content=\"2023-05-07T10:10:54+00:00\" \/>\n<meta property=\"og:image\" content=\"https:\/\/brasilnoticias.org\/site\/wp-content\/uploads\/2023\/05\/reconhecimento_facial_auxiliou_na_prisao_de_162_pessoas_em_202_widelg.jpeg\" \/>\n\t<meta property=\"og:image:width\" content=\"800\" \/>\n\t<meta property=\"og:image:height\" content=\"450\" \/>\n\t<meta property=\"og:image:type\" content=\"image\/jpeg\" \/>\n<meta name=\"author\" content=\"Reda\u00e7\u00e3o\" \/>\n<meta name=\"twitter:card\" content=\"summary_large_image\" \/>\n<meta name=\"twitter:label1\" content=\"Escrito por\" \/>\n\t<meta name=\"twitter:data1\" content=\"Reda\u00e7\u00e3o\" \/>\n<script type=\"application\/ld+json\" class=\"yoast-schema-graph\">{\"@context\":\"https:\/\/schema.org\",\"@graph\":[{\"@type\":\"Article\",\"@id\":\"https:\/\/brasilnoticias.org\/site\/salvador-lidera-lista-de-presos-por-reconhecimento-facial\/#article\",\"isPartOf\":{\"@id\":\"https:\/\/brasilnoticias.org\/site\/salvador-lidera-lista-de-presos-por-reconhecimento-facial\/\"},\"author\":{\"name\":\"Reda\u00e7\u00e3o\",\"@id\":\"https:\/\/brasilnoticias.org\/site\/#\/schema\/person\/a0e05b973ec4d15c658d51911e53507b\"},\"headline\":\"Salvador lidera lista de presos por Reconhecimento Facial\",\"datePublished\":\"2023-05-07T10:10:54+00:00\",\"mainEntityOfPage\":{\"@id\":\"https:\/\/brasilnoticias.org\/site\/salvador-lidera-lista-de-presos-por-reconhecimento-facial\/\"},\"wordCount\":230,\"commentCount\":0,\"publisher\":{\"@id\":\"https:\/\/brasilnoticias.org\/site\/#organization\"},\"image\":{\"@id\":\"https:\/\/brasilnoticias.org\/site\/salvador-lidera-lista-de-presos-por-reconhecimento-facial\/#primaryimage\"},\"thumbnailUrl\":\"https:\/\/brasilnoticias.org\/site\/wp-content\/uploads\/2023\/05\/reconhecimento_facial_auxiliou_na_prisao_de_162_pessoas_em_202_widelg.jpeg\",\"articleSection\":[\"Pol\u00edcia\",\"\u00daltimas\"],\"inLanguage\":\"pt-PT\",\"potentialAction\":[{\"@type\":\"CommentAction\",\"name\":\"Comment\",\"target\":[\"https:\/\/brasilnoticias.org\/site\/salvador-lidera-lista-de-presos-por-reconhecimento-facial\/#respond\"]}]},{\"@type\":\"WebPage\",\"@id\":\"https:\/\/brasilnoticias.org\/site\/salvador-lidera-lista-de-presos-por-reconhecimento-facial\/\",\"url\":\"https:\/\/brasilnoticias.org\/site\/salvador-lidera-lista-de-presos-por-reconhecimento-facial\/\",\"name\":\"Salvador lidera lista de presos por Reconhecimento Facial - Brasil not\u00edcias\",\"isPartOf\":{\"@id\":\"https:\/\/brasilnoticias.org\/site\/#website\"},\"primaryImageOfPage\":{\"@id\":\"https:\/\/brasilnoticias.org\/site\/salvador-lidera-lista-de-presos-por-reconhecimento-facial\/#primaryimage\"},\"image\":{\"@id\":\"https:\/\/brasilnoticias.org\/site\/salvador-lidera-lista-de-presos-por-reconhecimento-facial\/#primaryimage\"},\"thumbnailUrl\":\"https:\/\/brasilnoticias.org\/site\/wp-content\/uploads\/2023\/05\/reconhecimento_facial_auxiliou_na_prisao_de_162_pessoas_em_202_widelg.jpeg\",\"datePublished\":\"2023-05-07T10:10:54+00:00\",\"breadcrumb\":{\"@id\":\"https:\/\/brasilnoticias.org\/site\/salvador-lidera-lista-de-presos-por-reconhecimento-facial\/#breadcrumb\"},\"inLanguage\":\"pt-PT\",\"potentialAction\":[{\"@type\":\"ReadAction\",\"target\":[\"https:\/\/brasilnoticias.org\/site\/salvador-lidera-lista-de-presos-por-reconhecimento-facial\/\"]}]},{\"@type\":\"ImageObject\",\"inLanguage\":\"pt-PT\",\"@id\":\"https:\/\/brasilnoticias.org\/site\/salvador-lidera-lista-de-presos-por-reconhecimento-facial\/#primaryimage\",\"url\":\"https:\/\/brasilnoticias.org\/site\/wp-content\/uploads\/2023\/05\/reconhecimento_facial_auxiliou_na_prisao_de_162_pessoas_em_202_widelg.jpeg\",\"contentUrl\":\"https:\/\/brasilnoticias.org\/site\/wp-content\/uploads\/2023\/05\/reconhecimento_facial_auxiliou_na_prisao_de_162_pessoas_em_202_widelg.jpeg\",\"width\":800,\"height\":450},{\"@type\":\"BreadcrumbList\",\"@id\":\"https:\/\/brasilnoticias.org\/site\/salvador-lidera-lista-de-presos-por-reconhecimento-facial\/#breadcrumb\",\"itemListElement\":[{\"@type\":\"ListItem\",\"position\":1,\"name\":\"In\u00edcio\",\"item\":\"https:\/\/brasilnoticias.org\/site\/\"},{\"@type\":\"ListItem\",\"position\":2,\"name\":\"Salvador lidera lista de presos por Reconhecimento Facial\"}]},{\"@type\":\"WebSite\",\"@id\":\"https:\/\/brasilnoticias.org\/site\/#website\",\"url\":\"https:\/\/brasilnoticias.org\/site\/\",\"name\":\"Brasil not\u00edcias\",\"description\":\"Brasil not\u00edcias\",\"publisher\":{\"@id\":\"https:\/\/brasilnoticias.org\/site\/#organization\"},\"potentialAction\":[{\"@type\":\"SearchAction\",\"target\":{\"@type\":\"EntryPoint\",\"urlTemplate\":\"https:\/\/brasilnoticias.org\/site\/?s={search_term_string}\"},\"query-input\":{\"@type\":\"PropertyValueSpecification\",\"valueRequired\":true,\"valueName\":\"search_term_string\"}}],\"inLanguage\":\"pt-PT\"},{\"@type\":\"Organization\",\"@id\":\"https:\/\/brasilnoticias.org\/site\/#organization\",\"name\":\"Brasil not\u00edcias\",\"url\":\"https:\/\/brasilnoticias.org\/site\/\",\"logo\":{\"@type\":\"ImageObject\",\"inLanguage\":\"pt-PT\",\"@id\":\"https:\/\/brasilnoticias.org\/site\/#\/schema\/logo\/image\/\",\"url\":\"https:\/\/brasilnoticias.org\/site\/wp-content\/uploads\/2022\/05\/cropped-brasilnoticias-mini.jpg\",\"contentUrl\":\"https:\/\/brasilnoticias.org\/site\/wp-content\/uploads\/2022\/05\/cropped-brasilnoticias-mini.jpg\",\"width\":314,\"height\":86,\"caption\":\"Brasil not\u00edcias\"},\"image\":{\"@id\":\"https:\/\/brasilnoticias.org\/site\/#\/schema\/logo\/image\/\"}},{\"@type\":\"Person\",\"@id\":\"https:\/\/brasilnoticias.org\/site\/#\/schema\/person\/a0e05b973ec4d15c658d51911e53507b\",\"name\":\"Reda\u00e7\u00e3o\",\"image\":{\"@type\":\"ImageObject\",\"inLanguage\":\"pt-PT\",\"@id\":\"https:\/\/brasilnoticias.org\/site\/#\/schema\/person\/image\/\",\"url\":\"https:\/\/secure.gravatar.com\/avatar\/75d8b050df2de108b08ae78dfb8e374892df24a383c67db9c46a9c604f6aee9c?s=96&d=mm&r=g\",\"contentUrl\":\"https:\/\/secure.gravatar.com\/avatar\/75d8b050df2de108b08ae78dfb8e374892df24a383c67db9c46a9c604f6aee9c?s=96&d=mm&r=g\",\"caption\":\"Reda\u00e7\u00e3o\"},\"sameAs\":[\"https:\/\/brasilnoticias.org\/site\"],\"url\":\"https:\/\/brasilnoticias.org\/site\/author\/fernandozsngmail-com\/\"}]}<\/script>\n<!-- \/ Yoast SEO plugin. -->","yoast_head_json":{"title":"Salvador lidera lista de presos por Reconhecimento Facial - Brasil not\u00edcias","robots":{"index":"index","follow":"follow","max-snippet":"max-snippet:-1","max-image-preview":"max-image-preview:large","max-video-preview":"max-video-preview:-1"},"canonical":"https:\/\/brasilnoticias.org\/site\/salvador-lidera-lista-de-presos-por-reconhecimento-facial\/","og_locale":"pt_PT","og_type":"article","og_title":"Salvador lidera lista de presos por Reconhecimento Facial - Brasil not\u00edcias","og_description":"Salvador lidera o ranking de cidades baianas com o maior n\u00famero de pris\u00f5es pelo sistema de Reconhecimento Facial (RF) da","og_url":"https:\/\/brasilnoticias.org\/site\/salvador-lidera-lista-de-presos-por-reconhecimento-facial\/","og_site_name":"Brasil not\u00edcias","article_published_time":"2023-05-07T10:10:54+00:00","og_image":[{"width":800,"height":450,"url":"https:\/\/brasilnoticias.org\/site\/wp-content\/uploads\/2023\/05\/reconhecimento_facial_auxiliou_na_prisao_de_162_pessoas_em_202_widelg.jpeg","type":"image\/jpeg"}],"author":"Reda\u00e7\u00e3o","twitter_card":"summary_large_image","twitter_misc":{"Escrito por":"Reda\u00e7\u00e3o"},"schema":{"@context":"https:\/\/schema.org","@graph":[{"@type":"Article","@id":"https:\/\/brasilnoticias.org\/site\/salvador-lidera-lista-de-presos-por-reconhecimento-facial\/#article","isPartOf":{"@id":"https:\/\/brasilnoticias.org\/site\/salvador-lidera-lista-de-presos-por-reconhecimento-facial\/"},"author":{"name":"Reda\u00e7\u00e3o","@id":"https:\/\/brasilnoticias.org\/site\/#\/schema\/person\/a0e05b973ec4d15c658d51911e53507b"},"headline":"Salvador lidera lista de presos por Reconhecimento Facial","datePublished":"2023-05-07T10:10:54+00:00","mainEntityOfPage":{"@id":"https:\/\/brasilnoticias.org\/site\/salvador-lidera-lista-de-presos-por-reconhecimento-facial\/"},"wordCount":230,"commentCount":0,"publisher":{"@id":"https:\/\/brasilnoticias.org\/site\/#organization"},"image":{"@id":"https:\/\/brasilnoticias.org\/site\/salvador-lidera-lista-de-presos-por-reconhecimento-facial\/#primaryimage"},"thumbnailUrl":"https:\/\/brasilnoticias.org\/site\/wp-content\/uploads\/2023\/05\/reconhecimento_facial_auxiliou_na_prisao_de_162_pessoas_em_202_widelg.jpeg","articleSection":["Pol\u00edcia","\u00daltimas"],"inLanguage":"pt-PT","potentialAction":[{"@type":"CommentAction","name":"Comment","target":["https:\/\/brasilnoticias.org\/site\/salvador-lidera-lista-de-presos-por-reconhecimento-facial\/#respond"]}]},{"@type":"WebPage","@id":"https:\/\/brasilnoticias.org\/site\/salvador-lidera-lista-de-presos-por-reconhecimento-facial\/","url":"https:\/\/brasilnoticias.org\/site\/salvador-lidera-lista-de-presos-por-reconhecimento-facial\/","name":"Salvador lidera lista de presos por Reconhecimento Facial - Brasil not\u00edcias","isPartOf":{"@id":"https:\/\/brasilnoticias.org\/site\/#website"},"primaryImageOfPage":{"@id":"https:\/\/brasilnoticias.org\/site\/salvador-lidera-lista-de-presos-por-reconhecimento-facial\/#primaryimage"},"image":{"@id":"https:\/\/brasilnoticias.org\/site\/salvador-lidera-lista-de-presos-por-reconhecimento-facial\/#primaryimage"},"thumbnailUrl":"https:\/\/brasilnoticias.org\/site\/wp-content\/uploads\/2023\/05\/reconhecimento_facial_auxiliou_na_prisao_de_162_pessoas_em_202_widelg.jpeg","datePublished":"2023-05-07T10:10:54+00:00","breadcrumb":{"@id":"https:\/\/brasilnoticias.org\/site\/salvador-lidera-lista-de-presos-por-reconhecimento-facial\/#breadcrumb"},"inLanguage":"pt-PT","potentialAction":[{"@type":"ReadAction","target":["https:\/\/brasilnoticias.org\/site\/salvador-lidera-lista-de-presos-por-reconhecimento-facial\/"]}]},{"@type":"ImageObject","inLanguage":"pt-PT","@id":"https:\/\/brasilnoticias.org\/site\/salvador-lidera-lista-de-presos-por-reconhecimento-facial\/#primaryimage","url":"https:\/\/brasilnoticias.org\/site\/wp-content\/uploads\/2023\/05\/reconhecimento_facial_auxiliou_na_prisao_de_162_pessoas_em_202_widelg.jpeg","contentUrl":"https:\/\/brasilnoticias.org\/site\/wp-content\/uploads\/2023\/05\/reconhecimento_facial_auxiliou_na_prisao_de_162_pessoas_em_202_widelg.jpeg","width":800,"height":450},{"@type":"BreadcrumbList","@id":"https:\/\/brasilnoticias.org\/site\/salvador-lidera-lista-de-presos-por-reconhecimento-facial\/#breadcrumb","itemListElement":[{"@type":"ListItem","position":1,"name":"In\u00edcio","item":"https:\/\/brasilnoticias.org\/site\/"},{"@type":"ListItem","position":2,"name":"Salvador lidera lista de presos por Reconhecimento Facial"}]},{"@type":"WebSite","@id":"https:\/\/brasilnoticias.org\/site\/#website","url":"https:\/\/brasilnoticias.org\/site\/","name":"Brasil not\u00edcias","description":"Brasil not\u00edcias","publisher":{"@id":"https:\/\/brasilnoticias.org\/site\/#organization"},"potentialAction":[{"@type":"SearchAction","target":{"@type":"EntryPoint","urlTemplate":"https:\/\/brasilnoticias.org\/site\/?s={search_term_string}"},"query-input":{"@type":"PropertyValueSpecification","valueRequired":true,"valueName":"search_term_string"}}],"inLanguage":"pt-PT"},{"@type":"Organization","@id":"https:\/\/brasilnoticias.org\/site\/#organization","name":"Brasil not\u00edcias","url":"https:\/\/brasilnoticias.org\/site\/","logo":{"@type":"ImageObject","inLanguage":"pt-PT","@id":"https:\/\/brasilnoticias.org\/site\/#\/schema\/logo\/image\/","url":"https:\/\/brasilnoticias.org\/site\/wp-content\/uploads\/2022\/05\/cropped-brasilnoticias-mini.jpg","contentUrl":"https:\/\/brasilnoticias.org\/site\/wp-content\/uploads\/2022\/05\/cropped-brasilnoticias-mini.jpg","width":314,"height":86,"caption":"Brasil not\u00edcias"},"image":{"@id":"https:\/\/brasilnoticias.org\/site\/#\/schema\/logo\/image\/"}},{"@type":"Person","@id":"https:\/\/brasilnoticias.org\/site\/#\/schema\/person\/a0e05b973ec4d15c658d51911e53507b","name":"Reda\u00e7\u00e3o","image":{"@type":"ImageObject","inLanguage":"pt-PT","@id":"https:\/\/brasilnoticias.org\/site\/#\/schema\/person\/image\/","url":"https:\/\/secure.gravatar.com\/avatar\/75d8b050df2de108b08ae78dfb8e374892df24a383c67db9c46a9c604f6aee9c?s=96&d=mm&r=g","contentUrl":"https:\/\/secure.gravatar.com\/avatar\/75d8b050df2de108b08ae78dfb8e374892df24a383c67db9c46a9c604f6aee9c?s=96&d=mm&r=g","caption":"Reda\u00e7\u00e3o"},"sameAs":["https:\/\/brasilnoticias.org\/site"],"url":"https:\/\/brasilnoticias.org\/site\/author\/fernandozsngmail-com\/"}]}},"_links":{"self":[{"href":"https:\/\/brasilnoticias.org\/site\/wp-json\/wp\/v2\/posts\/5876","targetHints":{"allow":["GET"]}}],"collection":[{"href":"https:\/\/brasilnoticias.org\/site\/wp-json\/wp\/v2\/posts"}],"about":[{"href":"https:\/\/brasilnoticias.org\/site\/wp-json\/wp\/v2\/types\/post"}],"author":[{"embeddable":true,"href":"https:\/\/brasilnoticias.org\/site\/wp-json\/wp\/v2\/users\/1"}],"replies":[{"embeddable":true,"href":"https:\/\/brasilnoticias.org\/site\/wp-json\/wp\/v2\/comments?post=5876"}],"version-history":[{"count":1,"href":"https:\/\/brasilnoticias.org\/site\/wp-json\/wp\/v2\/posts\/5876\/revisions"}],"predecessor-version":[{"id":5878,"href":"https:\/\/brasilnoticias.org\/site\/wp-json\/wp\/v2\/posts\/5876\/revisions\/5878"}],"wp:featuredmedia":[{"embeddable":true,"href":"https:\/\/brasilnoticias.org\/site\/wp-json\/wp\/v2\/media\/5877"}],"wp:attachment":[{"href":"https:\/\/brasilnoticias.org\/site\/wp-json\/wp\/v2\/media?parent=5876"}],"wp:term":[{"taxonomy":"category","embeddable":true,"href":"https:\/\/brasilnoticias.org\/site\/wp-json\/wp\/v2\/categories?post=5876"},{"taxonomy":"post_tag","embeddable":true,"href":"https:\/\/brasilnoticias.org\/site\/wp-json\/wp\/v2\/tags?post=5876"}],"curies":[{"name":"wp","href":"https:\/\/api.w.org\/{rel}","templated":true}]}}