{"id":5882,"date":"2023-05-08T06:44:25","date_gmt":"2023-05-08T09:44:25","guid":{"rendered":"https:\/\/brasilnoticias.org\/site\/?p=5882"},"modified":"2023-05-08T06:44:25","modified_gmt":"2023-05-08T09:44:25","slug":"covid-19-nao-acabou-e-vacinacao-segue-fundamental-alerta-ministra","status":"publish","type":"post","link":"https:\/\/brasilnoticias.org\/site\/covid-19-nao-acabou-e-vacinacao-segue-fundamental-alerta-ministra\/","title":{"rendered":"Covid-19 n\u00e3o acabou e vacina\u00e7\u00e3o segue fundamental, alerta ministra"},"content":{"rendered":"<p>A ministra da Sa\u00fade, N\u00edsia Trindade, far\u00e1 um pronunciamento, em cadeia nacional de r\u00e1dio e televis\u00e3o, na noite deste domingo (7). A mensagem, que deve ir ao ar por volta das 20h, vai destacar a declara\u00e7\u00e3o da Organiza\u00e7\u00e3o Mundial de Sa\u00fade (OMS), que decretou o fim da Emerg\u00eancia de Sa\u00fade P\u00fablica de Import\u00e2ncia Internacional em rela\u00e7\u00e3o \u00e0 covid-19.<\/p>\n<p>Segundo a assessoria da ministra, a ideia \u00e9 que ela ressalte que a covid-19 ainda n\u00e3o acabou e que a vacina\u00e7\u00e3o continua fundamental.<\/p>\n<p>Ap\u00f3s mais de tr\u00eas anos, a OMS declarou na \u00faltima sexta-feira (5) que a covid-19 n\u00e3o configura mais emerg\u00eancia em sa\u00fade p\u00fablica de import\u00e2ncia internacional. De acordo com a entidade, o v\u00edrus se classifica agora como um \u201cproblema de sa\u00fade estabelecido e cont\u00ednuo\u201d.<\/p>\n<p>&#8220;\u00c9 uma grande vit\u00f3ria para a sociedade, poss\u00edvel gra\u00e7as \u00e0 ci\u00eancia e \u00e0 vacina\u00e7\u00e3o, orientadas para o acesso \u00e0 sa\u00fade. Ao mesmo tempo, o an\u00fancio n\u00e3o significa o fim da circula\u00e7\u00e3o do v\u00edrus, mas uma mudan\u00e7a de abordagem. Ainda temos que ter cuidados, inclusive nos vacinando contra a covid-19, o que em muitos pa\u00edses passou a compor o calend\u00e1rio anual, a exemplo da vacina\u00e7\u00e3o contra a influenza&#8221;, escreveu a ministra, nas redes sociais.<\/p>\n<p>Em todo o mundo, a pandemia levou \u00e0 morte mais de 7 milh\u00f5es de pessoas, n\u00famero que pode estar subestimado. Somente no Brasil, o n\u00famero de vidas perdidas ultrapassou as 700 mil pessoas.<\/p>\n<p>Foto Marcelo Camargo\/Ag\u00eancia Brasil<br \/>\nBNews<\/p>\n","protected":false},"excerpt":{"rendered":"<p>A ministra da Sa\u00fade, N\u00edsia Trindade, far\u00e1 um pronunciamento, em cadeia nacional de r\u00e1dio e televis\u00e3o, na noite deste domingo<\/p>\n","protected":false},"author":1,"featured_media":5883,"comment_status":"open","ping_status":"open","sticky":false,"template":"","format":"standard","meta":{"colormag_page_container_layout":"default_layout","colormag_page_sidebar_layout":"default_layout","_FSMCFIC_featured_image_caption":"","_FSMCFIC_featured_image_nocaption":"","_FSMCFIC_featured_image_hide":"","footnotes":""},"categories":[2,1],"tags":[],"class_list":["post-5882","post","type-post","status-publish","format-standard","has-post-thumbnail","hentry","category-noticias","category-ultimas"],"yoast_head":"<!-- This site is optimized with the Yoast SEO plugin v27.1.1 - https:\/\/yoast.com\/product\/yoast-seo-wordpress\/ -->\n<title>Covid-19 n\u00e3o acabou e vacina\u00e7\u00e3o segue fundamental, alerta ministra - Brasil not\u00edcias<\/title>\n<meta name=\"robots\" content=\"index, follow, max-snippet:-1, max-image-preview:large, max-video-preview:-1\" \/>\n<link rel=\"canonical\" href=\"https:\/\/brasilnoticias.org\/site\/covid-19-nao-acabou-e-vacinacao-segue-fundamental-alerta-ministra\/\" \/>\n<meta property=\"og:locale\" content=\"pt_PT\" \/>\n<meta property=\"og:type\" content=\"article\" \/>\n<meta property=\"og:title\" content=\"Covid-19 n\u00e3o acabou e vacina\u00e7\u00e3o segue fundamental, alerta ministra - Brasil not\u00edcias\" \/>\n<meta property=\"og:description\" content=\"A ministra da Sa\u00fade, N\u00edsia Trindade, far\u00e1 um pronunciamento, em cadeia nacional de r\u00e1dio e televis\u00e3o, na noite deste domingo\" \/>\n<meta property=\"og:url\" content=\"https:\/\/brasilnoticias.org\/site\/covid-19-nao-acabou-e-vacinacao-segue-fundamental-alerta-ministra\/\" \/>\n<meta property=\"og:site_name\" content=\"Brasil not\u00edcias\" \/>\n<meta property=\"article:published_time\" content=\"2023-05-08T09:44:25+00:00\" \/>\n<meta property=\"og:image\" content=\"https:\/\/brasilnoticias.org\/site\/wp-content\/uploads\/2023\/05\/design_sem_nome_jUeKy3L_widelg.jpg\" \/>\n\t<meta property=\"og:image:width\" content=\"800\" \/>\n\t<meta property=\"og:image:height\" content=\"450\" \/>\n\t<meta property=\"og:image:type\" content=\"image\/jpeg\" \/>\n<meta name=\"author\" content=\"Reda\u00e7\u00e3o\" \/>\n<meta name=\"twitter:card\" content=\"summary_large_image\" \/>\n<meta name=\"twitter:label1\" content=\"Escrito por\" \/>\n\t<meta name=\"twitter:data1\" content=\"Reda\u00e7\u00e3o\" \/>\n<script type=\"application\/ld+json\" class=\"yoast-schema-graph\">{\"@context\":\"https:\/\/schema.org\",\"@graph\":[{\"@type\":\"Article\",\"@id\":\"https:\/\/brasilnoticias.org\/site\/covid-19-nao-acabou-e-vacinacao-segue-fundamental-alerta-ministra\/#article\",\"isPartOf\":{\"@id\":\"https:\/\/brasilnoticias.org\/site\/covid-19-nao-acabou-e-vacinacao-segue-fundamental-alerta-ministra\/\"},\"author\":{\"name\":\"Reda\u00e7\u00e3o\",\"@id\":\"https:\/\/brasilnoticias.org\/site\/#\/schema\/person\/a0e05b973ec4d15c658d51911e53507b\"},\"headline\":\"Covid-19 n\u00e3o acabou e vacina\u00e7\u00e3o segue fundamental, alerta ministra\",\"datePublished\":\"2023-05-08T09:44:25+00:00\",\"mainEntityOfPage\":{\"@id\":\"https:\/\/brasilnoticias.org\/site\/covid-19-nao-acabou-e-vacinacao-segue-fundamental-alerta-ministra\/\"},\"wordCount\":278,\"commentCount\":0,\"publisher\":{\"@id\":\"https:\/\/brasilnoticias.org\/site\/#organization\"},\"image\":{\"@id\":\"https:\/\/brasilnoticias.org\/site\/covid-19-nao-acabou-e-vacinacao-segue-fundamental-alerta-ministra\/#primaryimage\"},\"thumbnailUrl\":\"https:\/\/brasilnoticias.org\/site\/wp-content\/uploads\/2023\/05\/design_sem_nome_jUeKy3L_widelg.jpg\",\"articleSection\":[\"Not\u00edcias\",\"\u00daltimas\"],\"inLanguage\":\"pt-PT\",\"potentialAction\":[{\"@type\":\"CommentAction\",\"name\":\"Comment\",\"target\":[\"https:\/\/brasilnoticias.org\/site\/covid-19-nao-acabou-e-vacinacao-segue-fundamental-alerta-ministra\/#respond\"]}]},{\"@type\":\"WebPage\",\"@id\":\"https:\/\/brasilnoticias.org\/site\/covid-19-nao-acabou-e-vacinacao-segue-fundamental-alerta-ministra\/\",\"url\":\"https:\/\/brasilnoticias.org\/site\/covid-19-nao-acabou-e-vacinacao-segue-fundamental-alerta-ministra\/\",\"name\":\"Covid-19 n\u00e3o acabou e vacina\u00e7\u00e3o segue fundamental, alerta ministra - Brasil not\u00edcias\",\"isPartOf\":{\"@id\":\"https:\/\/brasilnoticias.org\/site\/#website\"},\"primaryImageOfPage\":{\"@id\":\"https:\/\/brasilnoticias.org\/site\/covid-19-nao-acabou-e-vacinacao-segue-fundamental-alerta-ministra\/#primaryimage\"},\"image\":{\"@id\":\"https:\/\/brasilnoticias.org\/site\/covid-19-nao-acabou-e-vacinacao-segue-fundamental-alerta-ministra\/#primaryimage\"},\"thumbnailUrl\":\"https:\/\/brasilnoticias.org\/site\/wp-content\/uploads\/2023\/05\/design_sem_nome_jUeKy3L_widelg.jpg\",\"datePublished\":\"2023-05-08T09:44:25+00:00\",\"breadcrumb\":{\"@id\":\"https:\/\/brasilnoticias.org\/site\/covid-19-nao-acabou-e-vacinacao-segue-fundamental-alerta-ministra\/#breadcrumb\"},\"inLanguage\":\"pt-PT\",\"potentialAction\":[{\"@type\":\"ReadAction\",\"target\":[\"https:\/\/brasilnoticias.org\/site\/covid-19-nao-acabou-e-vacinacao-segue-fundamental-alerta-ministra\/\"]}]},{\"@type\":\"ImageObject\",\"inLanguage\":\"pt-PT\",\"@id\":\"https:\/\/brasilnoticias.org\/site\/covid-19-nao-acabou-e-vacinacao-segue-fundamental-alerta-ministra\/#primaryimage\",\"url\":\"https:\/\/brasilnoticias.org\/site\/wp-content\/uploads\/2023\/05\/design_sem_nome_jUeKy3L_widelg.jpg\",\"contentUrl\":\"https:\/\/brasilnoticias.org\/site\/wp-content\/uploads\/2023\/05\/design_sem_nome_jUeKy3L_widelg.jpg\",\"width\":800,\"height\":450},{\"@type\":\"BreadcrumbList\",\"@id\":\"https:\/\/brasilnoticias.org\/site\/covid-19-nao-acabou-e-vacinacao-segue-fundamental-alerta-ministra\/#breadcrumb\",\"itemListElement\":[{\"@type\":\"ListItem\",\"position\":1,\"name\":\"In\u00edcio\",\"item\":\"https:\/\/brasilnoticias.org\/site\/\"},{\"@type\":\"ListItem\",\"position\":2,\"name\":\"Covid-19 n\u00e3o acabou e vacina\u00e7\u00e3o segue fundamental, alerta ministra\"}]},{\"@type\":\"WebSite\",\"@id\":\"https:\/\/brasilnoticias.org\/site\/#website\",\"url\":\"https:\/\/brasilnoticias.org\/site\/\",\"name\":\"Brasil not\u00edcias\",\"description\":\"Brasil not\u00edcias\",\"publisher\":{\"@id\":\"https:\/\/brasilnoticias.org\/site\/#organization\"},\"potentialAction\":[{\"@type\":\"SearchAction\",\"target\":{\"@type\":\"EntryPoint\",\"urlTemplate\":\"https:\/\/brasilnoticias.org\/site\/?s={search_term_string}\"},\"query-input\":{\"@type\":\"PropertyValueSpecification\",\"valueRequired\":true,\"valueName\":\"search_term_string\"}}],\"inLanguage\":\"pt-PT\"},{\"@type\":\"Organization\",\"@id\":\"https:\/\/brasilnoticias.org\/site\/#organization\",\"name\":\"Brasil not\u00edcias\",\"url\":\"https:\/\/brasilnoticias.org\/site\/\",\"logo\":{\"@type\":\"ImageObject\",\"inLanguage\":\"pt-PT\",\"@id\":\"https:\/\/brasilnoticias.org\/site\/#\/schema\/logo\/image\/\",\"url\":\"https:\/\/brasilnoticias.org\/site\/wp-content\/uploads\/2022\/05\/cropped-brasilnoticias-mini.jpg\",\"contentUrl\":\"https:\/\/brasilnoticias.org\/site\/wp-content\/uploads\/2022\/05\/cropped-brasilnoticias-mini.jpg\",\"width\":314,\"height\":86,\"caption\":\"Brasil not\u00edcias\"},\"image\":{\"@id\":\"https:\/\/brasilnoticias.org\/site\/#\/schema\/logo\/image\/\"}},{\"@type\":\"Person\",\"@id\":\"https:\/\/brasilnoticias.org\/site\/#\/schema\/person\/a0e05b973ec4d15c658d51911e53507b\",\"name\":\"Reda\u00e7\u00e3o\",\"image\":{\"@type\":\"ImageObject\",\"inLanguage\":\"pt-PT\",\"@id\":\"https:\/\/brasilnoticias.org\/site\/#\/schema\/person\/image\/\",\"url\":\"https:\/\/secure.gravatar.com\/avatar\/75d8b050df2de108b08ae78dfb8e374892df24a383c67db9c46a9c604f6aee9c?s=96&d=mm&r=g\",\"contentUrl\":\"https:\/\/secure.gravatar.com\/avatar\/75d8b050df2de108b08ae78dfb8e374892df24a383c67db9c46a9c604f6aee9c?s=96&d=mm&r=g\",\"caption\":\"Reda\u00e7\u00e3o\"},\"sameAs\":[\"https:\/\/brasilnoticias.org\/site\"],\"url\":\"https:\/\/brasilnoticias.org\/site\/author\/fernandozsngmail-com\/\"}]}<\/script>\n<!-- \/ Yoast SEO plugin. -->","yoast_head_json":{"title":"Covid-19 n\u00e3o acabou e vacina\u00e7\u00e3o segue fundamental, alerta ministra - Brasil not\u00edcias","robots":{"index":"index","follow":"follow","max-snippet":"max-snippet:-1","max-image-preview":"max-image-preview:large","max-video-preview":"max-video-preview:-1"},"canonical":"https:\/\/brasilnoticias.org\/site\/covid-19-nao-acabou-e-vacinacao-segue-fundamental-alerta-ministra\/","og_locale":"pt_PT","og_type":"article","og_title":"Covid-19 n\u00e3o acabou e vacina\u00e7\u00e3o segue fundamental, alerta ministra - Brasil not\u00edcias","og_description":"A ministra da Sa\u00fade, N\u00edsia Trindade, far\u00e1 um pronunciamento, em cadeia nacional de r\u00e1dio e televis\u00e3o, na noite deste domingo","og_url":"https:\/\/brasilnoticias.org\/site\/covid-19-nao-acabou-e-vacinacao-segue-fundamental-alerta-ministra\/","og_site_name":"Brasil not\u00edcias","article_published_time":"2023-05-08T09:44:25+00:00","og_image":[{"width":800,"height":450,"url":"https:\/\/brasilnoticias.org\/site\/wp-content\/uploads\/2023\/05\/design_sem_nome_jUeKy3L_widelg.jpg","type":"image\/jpeg"}],"author":"Reda\u00e7\u00e3o","twitter_card":"summary_large_image","twitter_misc":{"Escrito por":"Reda\u00e7\u00e3o"},"schema":{"@context":"https:\/\/schema.org","@graph":[{"@type":"Article","@id":"https:\/\/brasilnoticias.org\/site\/covid-19-nao-acabou-e-vacinacao-segue-fundamental-alerta-ministra\/#article","isPartOf":{"@id":"https:\/\/brasilnoticias.org\/site\/covid-19-nao-acabou-e-vacinacao-segue-fundamental-alerta-ministra\/"},"author":{"name":"Reda\u00e7\u00e3o","@id":"https:\/\/brasilnoticias.org\/site\/#\/schema\/person\/a0e05b973ec4d15c658d51911e53507b"},"headline":"Covid-19 n\u00e3o acabou e vacina\u00e7\u00e3o segue fundamental, alerta ministra","datePublished":"2023-05-08T09:44:25+00:00","mainEntityOfPage":{"@id":"https:\/\/brasilnoticias.org\/site\/covid-19-nao-acabou-e-vacinacao-segue-fundamental-alerta-ministra\/"},"wordCount":278,"commentCount":0,"publisher":{"@id":"https:\/\/brasilnoticias.org\/site\/#organization"},"image":{"@id":"https:\/\/brasilnoticias.org\/site\/covid-19-nao-acabou-e-vacinacao-segue-fundamental-alerta-ministra\/#primaryimage"},"thumbnailUrl":"https:\/\/brasilnoticias.org\/site\/wp-content\/uploads\/2023\/05\/design_sem_nome_jUeKy3L_widelg.jpg","articleSection":["Not\u00edcias","\u00daltimas"],"inLanguage":"pt-PT","potentialAction":[{"@type":"CommentAction","name":"Comment","target":["https:\/\/brasilnoticias.org\/site\/covid-19-nao-acabou-e-vacinacao-segue-fundamental-alerta-ministra\/#respond"]}]},{"@type":"WebPage","@id":"https:\/\/brasilnoticias.org\/site\/covid-19-nao-acabou-e-vacinacao-segue-fundamental-alerta-ministra\/","url":"https:\/\/brasilnoticias.org\/site\/covid-19-nao-acabou-e-vacinacao-segue-fundamental-alerta-ministra\/","name":"Covid-19 n\u00e3o acabou e vacina\u00e7\u00e3o segue fundamental, alerta ministra - Brasil not\u00edcias","isPartOf":{"@id":"https:\/\/brasilnoticias.org\/site\/#website"},"primaryImageOfPage":{"@id":"https:\/\/brasilnoticias.org\/site\/covid-19-nao-acabou-e-vacinacao-segue-fundamental-alerta-ministra\/#primaryimage"},"image":{"@id":"https:\/\/brasilnoticias.org\/site\/covid-19-nao-acabou-e-vacinacao-segue-fundamental-alerta-ministra\/#primaryimage"},"thumbnailUrl":"https:\/\/brasilnoticias.org\/site\/wp-content\/uploads\/2023\/05\/design_sem_nome_jUeKy3L_widelg.jpg","datePublished":"2023-05-08T09:44:25+00:00","breadcrumb":{"@id":"https:\/\/brasilnoticias.org\/site\/covid-19-nao-acabou-e-vacinacao-segue-fundamental-alerta-ministra\/#breadcrumb"},"inLanguage":"pt-PT","potentialAction":[{"@type":"ReadAction","target":["https:\/\/brasilnoticias.org\/site\/covid-19-nao-acabou-e-vacinacao-segue-fundamental-alerta-ministra\/"]}]},{"@type":"ImageObject","inLanguage":"pt-PT","@id":"https:\/\/brasilnoticias.org\/site\/covid-19-nao-acabou-e-vacinacao-segue-fundamental-alerta-ministra\/#primaryimage","url":"https:\/\/brasilnoticias.org\/site\/wp-content\/uploads\/2023\/05\/design_sem_nome_jUeKy3L_widelg.jpg","contentUrl":"https:\/\/brasilnoticias.org\/site\/wp-content\/uploads\/2023\/05\/design_sem_nome_jUeKy3L_widelg.jpg","width":800,"height":450},{"@type":"BreadcrumbList","@id":"https:\/\/brasilnoticias.org\/site\/covid-19-nao-acabou-e-vacinacao-segue-fundamental-alerta-ministra\/#breadcrumb","itemListElement":[{"@type":"ListItem","position":1,"name":"In\u00edcio","item":"https:\/\/brasilnoticias.org\/site\/"},{"@type":"ListItem","position":2,"name":"Covid-19 n\u00e3o acabou e vacina\u00e7\u00e3o segue fundamental, alerta ministra"}]},{"@type":"WebSite","@id":"https:\/\/brasilnoticias.org\/site\/#website","url":"https:\/\/brasilnoticias.org\/site\/","name":"Brasil not\u00edcias","description":"Brasil not\u00edcias","publisher":{"@id":"https:\/\/brasilnoticias.org\/site\/#organization"},"potentialAction":[{"@type":"SearchAction","target":{"@type":"EntryPoint","urlTemplate":"https:\/\/brasilnoticias.org\/site\/?s={search_term_string}"},"query-input":{"@type":"PropertyValueSpecification","valueRequired":true,"valueName":"search_term_string"}}],"inLanguage":"pt-PT"},{"@type":"Organization","@id":"https:\/\/brasilnoticias.org\/site\/#organization","name":"Brasil not\u00edcias","url":"https:\/\/brasilnoticias.org\/site\/","logo":{"@type":"ImageObject","inLanguage":"pt-PT","@id":"https:\/\/brasilnoticias.org\/site\/#\/schema\/logo\/image\/","url":"https:\/\/brasilnoticias.org\/site\/wp-content\/uploads\/2022\/05\/cropped-brasilnoticias-mini.jpg","contentUrl":"https:\/\/brasilnoticias.org\/site\/wp-content\/uploads\/2022\/05\/cropped-brasilnoticias-mini.jpg","width":314,"height":86,"caption":"Brasil not\u00edcias"},"image":{"@id":"https:\/\/brasilnoticias.org\/site\/#\/schema\/logo\/image\/"}},{"@type":"Person","@id":"https:\/\/brasilnoticias.org\/site\/#\/schema\/person\/a0e05b973ec4d15c658d51911e53507b","name":"Reda\u00e7\u00e3o","image":{"@type":"ImageObject","inLanguage":"pt-PT","@id":"https:\/\/brasilnoticias.org\/site\/#\/schema\/person\/image\/","url":"https:\/\/secure.gravatar.com\/avatar\/75d8b050df2de108b08ae78dfb8e374892df24a383c67db9c46a9c604f6aee9c?s=96&d=mm&r=g","contentUrl":"https:\/\/secure.gravatar.com\/avatar\/75d8b050df2de108b08ae78dfb8e374892df24a383c67db9c46a9c604f6aee9c?s=96&d=mm&r=g","caption":"Reda\u00e7\u00e3o"},"sameAs":["https:\/\/brasilnoticias.org\/site"],"url":"https:\/\/brasilnoticias.org\/site\/author\/fernandozsngmail-com\/"}]}},"_links":{"self":[{"href":"https:\/\/brasilnoticias.org\/site\/wp-json\/wp\/v2\/posts\/5882","targetHints":{"allow":["GET"]}}],"collection":[{"href":"https:\/\/brasilnoticias.org\/site\/wp-json\/wp\/v2\/posts"}],"about":[{"href":"https:\/\/brasilnoticias.org\/site\/wp-json\/wp\/v2\/types\/post"}],"author":[{"embeddable":true,"href":"https:\/\/brasilnoticias.org\/site\/wp-json\/wp\/v2\/users\/1"}],"replies":[{"embeddable":true,"href":"https:\/\/brasilnoticias.org\/site\/wp-json\/wp\/v2\/comments?post=5882"}],"version-history":[{"count":1,"href":"https:\/\/brasilnoticias.org\/site\/wp-json\/wp\/v2\/posts\/5882\/revisions"}],"predecessor-version":[{"id":5884,"href":"https:\/\/brasilnoticias.org\/site\/wp-json\/wp\/v2\/posts\/5882\/revisions\/5884"}],"wp:featuredmedia":[{"embeddable":true,"href":"https:\/\/brasilnoticias.org\/site\/wp-json\/wp\/v2\/media\/5883"}],"wp:attachment":[{"href":"https:\/\/brasilnoticias.org\/site\/wp-json\/wp\/v2\/media?parent=5882"}],"wp:term":[{"taxonomy":"category","embeddable":true,"href":"https:\/\/brasilnoticias.org\/site\/wp-json\/wp\/v2\/categories?post=5882"},{"taxonomy":"post_tag","embeddable":true,"href":"https:\/\/brasilnoticias.org\/site\/wp-json\/wp\/v2\/tags?post=5882"}],"curies":[{"name":"wp","href":"https:\/\/api.w.org\/{rel}","templated":true}]}}