{"id":5904,"date":"2023-05-08T17:33:33","date_gmt":"2023-05-08T20:33:33","guid":{"rendered":"https:\/\/brasilnoticias.org\/site\/?p=5904"},"modified":"2023-05-08T17:33:33","modified_gmt":"2023-05-08T20:33:33","slug":"acusados-do-assassinato-de-medico-baiano-vao-a-juri-popular","status":"publish","type":"post","link":"https:\/\/brasilnoticias.org\/site\/acusados-do-assassinato-de-medico-baiano-vao-a-juri-popular\/","title":{"rendered":"Acusados do assassinato de m\u00e9dico baiano v\u00e3o a j\u00fari popular"},"content":{"rendered":"<p>Os cinco r\u00e9us acusados de envolvimento no assassinato do pediatra J\u00falio C\u00e9sar de Queiroz Teixeira, morto a tiros dentro de uma cl\u00ednica na cidade de Barra, no oeste da Bahia, v\u00e3o a j\u00fari popular. A data do julgamento ainda n\u00e3o foi marcada e a decis\u00e3o cabe recurso.<\/p>\n<p>Acredita-se que o pediatra foi morto ap\u00f3s descobrir o abuso de uma crian\u00e7a e sugerido um exame para a confirma\u00e7\u00e3o da viol\u00eancia, al\u00e9m do encaminhamento da paciente a uma psic\u00f3loga. Diego Santos Silva, conhecido como &#8220;Cigano&#8221;, \u00e9 acusado de ser o mandante do crime e suspeito de abusar da pr\u00f3pria filha.<\/p>\n<p>Tamb\u00e9m s\u00e3o r\u00e9us Jefferson Ferreira Gomes da Silva, acusado de atirar contra o m\u00e9dico; Ranieri Magalh\u00e3es Bonfim Borges, acusado de levar Jefferson de moto at\u00e9 \u00e0 cl\u00ednica; al\u00e9m de Adeilton de Souza Borges e Fernanda Lima da Silva, acusados de serem os olheiros que vigiaram o m\u00e9dico antes do assassinato.<\/p>\n<p>Al\u00e9m da descoberta do abuso contra a crian\u00e7a, h\u00e1 a suspeita de que o crime tenha motiva\u00e7\u00e3o financeira, j\u00e1 que a v\u00edtima planejava abrir o pr\u00f3prio neg\u00f3cio onde foi morto. Mas de acordo com a den\u00fancia do Minist\u00e9rio P\u00fablico da Bahia (MP-BA), as investiga\u00e7\u00f5es apontam que Diego encomendou a morte do m\u00e9dico ap\u00f3s supor que o profissional teria assediado sua companheira. J\u00falio C\u00e9sar foi atingido por quatro tiros, um deles na cabe\u00e7a. <\/p>\n<p>Foto Reprodu\u00e7\u00e3o\/Redes sociais<br \/>\nBNews<\/p>\n","protected":false},"excerpt":{"rendered":"<p>Os cinco r\u00e9us acusados de envolvimento no assassinato do pediatra J\u00falio C\u00e9sar de Queiroz Teixeira, morto a tiros dentro de<\/p>\n","protected":false},"author":1,"featured_media":5905,"comment_status":"open","ping_status":"open","sticky":false,"template":"","format":"standard","meta":{"colormag_page_container_layout":"default_layout","colormag_page_sidebar_layout":"default_layout","_FSMCFIC_featured_image_caption":"","_FSMCFIC_featured_image_nocaption":"","_FSMCFIC_featured_image_hide":"","footnotes":""},"categories":[7,1],"tags":[],"class_list":["post-5904","post","type-post","status-publish","format-standard","has-post-thumbnail","hentry","category-justica","category-ultimas"],"yoast_head":"<!-- This site is optimized with the Yoast SEO plugin v27.1.1 - https:\/\/yoast.com\/product\/yoast-seo-wordpress\/ -->\n<title>Acusados do assassinato de m\u00e9dico baiano v\u00e3o a j\u00fari popular - Brasil not\u00edcias<\/title>\n<meta name=\"robots\" content=\"index, follow, max-snippet:-1, max-image-preview:large, max-video-preview:-1\" \/>\n<link rel=\"canonical\" href=\"https:\/\/brasilnoticias.org\/site\/acusados-do-assassinato-de-medico-baiano-vao-a-juri-popular\/\" \/>\n<meta property=\"og:locale\" content=\"pt_PT\" \/>\n<meta property=\"og:type\" content=\"article\" \/>\n<meta property=\"og:title\" content=\"Acusados do assassinato de m\u00e9dico baiano v\u00e3o a j\u00fari popular - Brasil not\u00edcias\" \/>\n<meta property=\"og:description\" content=\"Os cinco r\u00e9us acusados de envolvimento no assassinato do pediatra J\u00falio C\u00e9sar de Queiroz Teixeira, morto a tiros dentro de\" \/>\n<meta property=\"og:url\" content=\"https:\/\/brasilnoticias.org\/site\/acusados-do-assassinato-de-medico-baiano-vao-a-juri-popular\/\" \/>\n<meta property=\"og:site_name\" content=\"Brasil not\u00edcias\" \/>\n<meta property=\"article:published_time\" content=\"2023-05-08T20:33:33+00:00\" \/>\n<meta property=\"og:image\" content=\"https:\/\/brasilnoticias.org\/site\/wp-content\/uploads\/2023\/05\/medico_morto_barra_reus_vao_juri_widelg.jpg\" \/>\n\t<meta property=\"og:image:width\" content=\"800\" \/>\n\t<meta property=\"og:image:height\" content=\"450\" \/>\n\t<meta property=\"og:image:type\" content=\"image\/jpeg\" \/>\n<meta name=\"author\" content=\"Reda\u00e7\u00e3o\" \/>\n<meta name=\"twitter:card\" content=\"summary_large_image\" \/>\n<meta name=\"twitter:label1\" content=\"Escrito por\" \/>\n\t<meta name=\"twitter:data1\" content=\"Reda\u00e7\u00e3o\" \/>\n<script type=\"application\/ld+json\" class=\"yoast-schema-graph\">{\"@context\":\"https:\/\/schema.org\",\"@graph\":[{\"@type\":\"Article\",\"@id\":\"https:\/\/brasilnoticias.org\/site\/acusados-do-assassinato-de-medico-baiano-vao-a-juri-popular\/#article\",\"isPartOf\":{\"@id\":\"https:\/\/brasilnoticias.org\/site\/acusados-do-assassinato-de-medico-baiano-vao-a-juri-popular\/\"},\"author\":{\"name\":\"Reda\u00e7\u00e3o\",\"@id\":\"https:\/\/brasilnoticias.org\/site\/#\/schema\/person\/a0e05b973ec4d15c658d51911e53507b\"},\"headline\":\"Acusados do assassinato de m\u00e9dico baiano v\u00e3o a j\u00fari popular\",\"datePublished\":\"2023-05-08T20:33:33+00:00\",\"mainEntityOfPage\":{\"@id\":\"https:\/\/brasilnoticias.org\/site\/acusados-do-assassinato-de-medico-baiano-vao-a-juri-popular\/\"},\"wordCount\":275,\"commentCount\":0,\"publisher\":{\"@id\":\"https:\/\/brasilnoticias.org\/site\/#organization\"},\"image\":{\"@id\":\"https:\/\/brasilnoticias.org\/site\/acusados-do-assassinato-de-medico-baiano-vao-a-juri-popular\/#primaryimage\"},\"thumbnailUrl\":\"https:\/\/brasilnoticias.org\/site\/wp-content\/uploads\/2023\/05\/medico_morto_barra_reus_vao_juri_widelg.jpg\",\"articleSection\":[\"Justi\u00e7a\",\"\u00daltimas\"],\"inLanguage\":\"pt-PT\",\"potentialAction\":[{\"@type\":\"CommentAction\",\"name\":\"Comment\",\"target\":[\"https:\/\/brasilnoticias.org\/site\/acusados-do-assassinato-de-medico-baiano-vao-a-juri-popular\/#respond\"]}]},{\"@type\":\"WebPage\",\"@id\":\"https:\/\/brasilnoticias.org\/site\/acusados-do-assassinato-de-medico-baiano-vao-a-juri-popular\/\",\"url\":\"https:\/\/brasilnoticias.org\/site\/acusados-do-assassinato-de-medico-baiano-vao-a-juri-popular\/\",\"name\":\"Acusados do assassinato de m\u00e9dico baiano v\u00e3o a j\u00fari popular - Brasil not\u00edcias\",\"isPartOf\":{\"@id\":\"https:\/\/brasilnoticias.org\/site\/#website\"},\"primaryImageOfPage\":{\"@id\":\"https:\/\/brasilnoticias.org\/site\/acusados-do-assassinato-de-medico-baiano-vao-a-juri-popular\/#primaryimage\"},\"image\":{\"@id\":\"https:\/\/brasilnoticias.org\/site\/acusados-do-assassinato-de-medico-baiano-vao-a-juri-popular\/#primaryimage\"},\"thumbnailUrl\":\"https:\/\/brasilnoticias.org\/site\/wp-content\/uploads\/2023\/05\/medico_morto_barra_reus_vao_juri_widelg.jpg\",\"datePublished\":\"2023-05-08T20:33:33+00:00\",\"breadcrumb\":{\"@id\":\"https:\/\/brasilnoticias.org\/site\/acusados-do-assassinato-de-medico-baiano-vao-a-juri-popular\/#breadcrumb\"},\"inLanguage\":\"pt-PT\",\"potentialAction\":[{\"@type\":\"ReadAction\",\"target\":[\"https:\/\/brasilnoticias.org\/site\/acusados-do-assassinato-de-medico-baiano-vao-a-juri-popular\/\"]}]},{\"@type\":\"ImageObject\",\"inLanguage\":\"pt-PT\",\"@id\":\"https:\/\/brasilnoticias.org\/site\/acusados-do-assassinato-de-medico-baiano-vao-a-juri-popular\/#primaryimage\",\"url\":\"https:\/\/brasilnoticias.org\/site\/wp-content\/uploads\/2023\/05\/medico_morto_barra_reus_vao_juri_widelg.jpg\",\"contentUrl\":\"https:\/\/brasilnoticias.org\/site\/wp-content\/uploads\/2023\/05\/medico_morto_barra_reus_vao_juri_widelg.jpg\",\"width\":800,\"height\":450},{\"@type\":\"BreadcrumbList\",\"@id\":\"https:\/\/brasilnoticias.org\/site\/acusados-do-assassinato-de-medico-baiano-vao-a-juri-popular\/#breadcrumb\",\"itemListElement\":[{\"@type\":\"ListItem\",\"position\":1,\"name\":\"In\u00edcio\",\"item\":\"https:\/\/brasilnoticias.org\/site\/\"},{\"@type\":\"ListItem\",\"position\":2,\"name\":\"Acusados do assassinato de m\u00e9dico baiano v\u00e3o a j\u00fari popular\"}]},{\"@type\":\"WebSite\",\"@id\":\"https:\/\/brasilnoticias.org\/site\/#website\",\"url\":\"https:\/\/brasilnoticias.org\/site\/\",\"name\":\"Brasil not\u00edcias\",\"description\":\"Brasil not\u00edcias\",\"publisher\":{\"@id\":\"https:\/\/brasilnoticias.org\/site\/#organization\"},\"potentialAction\":[{\"@type\":\"SearchAction\",\"target\":{\"@type\":\"EntryPoint\",\"urlTemplate\":\"https:\/\/brasilnoticias.org\/site\/?s={search_term_string}\"},\"query-input\":{\"@type\":\"PropertyValueSpecification\",\"valueRequired\":true,\"valueName\":\"search_term_string\"}}],\"inLanguage\":\"pt-PT\"},{\"@type\":\"Organization\",\"@id\":\"https:\/\/brasilnoticias.org\/site\/#organization\",\"name\":\"Brasil not\u00edcias\",\"url\":\"https:\/\/brasilnoticias.org\/site\/\",\"logo\":{\"@type\":\"ImageObject\",\"inLanguage\":\"pt-PT\",\"@id\":\"https:\/\/brasilnoticias.org\/site\/#\/schema\/logo\/image\/\",\"url\":\"https:\/\/brasilnoticias.org\/site\/wp-content\/uploads\/2022\/05\/cropped-brasilnoticias-mini.jpg\",\"contentUrl\":\"https:\/\/brasilnoticias.org\/site\/wp-content\/uploads\/2022\/05\/cropped-brasilnoticias-mini.jpg\",\"width\":314,\"height\":86,\"caption\":\"Brasil not\u00edcias\"},\"image\":{\"@id\":\"https:\/\/brasilnoticias.org\/site\/#\/schema\/logo\/image\/\"}},{\"@type\":\"Person\",\"@id\":\"https:\/\/brasilnoticias.org\/site\/#\/schema\/person\/a0e05b973ec4d15c658d51911e53507b\",\"name\":\"Reda\u00e7\u00e3o\",\"image\":{\"@type\":\"ImageObject\",\"inLanguage\":\"pt-PT\",\"@id\":\"https:\/\/brasilnoticias.org\/site\/#\/schema\/person\/image\/\",\"url\":\"https:\/\/secure.gravatar.com\/avatar\/75d8b050df2de108b08ae78dfb8e374892df24a383c67db9c46a9c604f6aee9c?s=96&d=mm&r=g\",\"contentUrl\":\"https:\/\/secure.gravatar.com\/avatar\/75d8b050df2de108b08ae78dfb8e374892df24a383c67db9c46a9c604f6aee9c?s=96&d=mm&r=g\",\"caption\":\"Reda\u00e7\u00e3o\"},\"sameAs\":[\"https:\/\/brasilnoticias.org\/site\"],\"url\":\"https:\/\/brasilnoticias.org\/site\/author\/fernandozsngmail-com\/\"}]}<\/script>\n<!-- \/ Yoast SEO plugin. -->","yoast_head_json":{"title":"Acusados do assassinato de m\u00e9dico baiano v\u00e3o a j\u00fari popular - Brasil not\u00edcias","robots":{"index":"index","follow":"follow","max-snippet":"max-snippet:-1","max-image-preview":"max-image-preview:large","max-video-preview":"max-video-preview:-1"},"canonical":"https:\/\/brasilnoticias.org\/site\/acusados-do-assassinato-de-medico-baiano-vao-a-juri-popular\/","og_locale":"pt_PT","og_type":"article","og_title":"Acusados do assassinato de m\u00e9dico baiano v\u00e3o a j\u00fari popular - Brasil not\u00edcias","og_description":"Os cinco r\u00e9us acusados de envolvimento no assassinato do pediatra J\u00falio C\u00e9sar de Queiroz Teixeira, morto a tiros dentro de","og_url":"https:\/\/brasilnoticias.org\/site\/acusados-do-assassinato-de-medico-baiano-vao-a-juri-popular\/","og_site_name":"Brasil not\u00edcias","article_published_time":"2023-05-08T20:33:33+00:00","og_image":[{"width":800,"height":450,"url":"https:\/\/brasilnoticias.org\/site\/wp-content\/uploads\/2023\/05\/medico_morto_barra_reus_vao_juri_widelg.jpg","type":"image\/jpeg"}],"author":"Reda\u00e7\u00e3o","twitter_card":"summary_large_image","twitter_misc":{"Escrito por":"Reda\u00e7\u00e3o"},"schema":{"@context":"https:\/\/schema.org","@graph":[{"@type":"Article","@id":"https:\/\/brasilnoticias.org\/site\/acusados-do-assassinato-de-medico-baiano-vao-a-juri-popular\/#article","isPartOf":{"@id":"https:\/\/brasilnoticias.org\/site\/acusados-do-assassinato-de-medico-baiano-vao-a-juri-popular\/"},"author":{"name":"Reda\u00e7\u00e3o","@id":"https:\/\/brasilnoticias.org\/site\/#\/schema\/person\/a0e05b973ec4d15c658d51911e53507b"},"headline":"Acusados do assassinato de m\u00e9dico baiano v\u00e3o a j\u00fari popular","datePublished":"2023-05-08T20:33:33+00:00","mainEntityOfPage":{"@id":"https:\/\/brasilnoticias.org\/site\/acusados-do-assassinato-de-medico-baiano-vao-a-juri-popular\/"},"wordCount":275,"commentCount":0,"publisher":{"@id":"https:\/\/brasilnoticias.org\/site\/#organization"},"image":{"@id":"https:\/\/brasilnoticias.org\/site\/acusados-do-assassinato-de-medico-baiano-vao-a-juri-popular\/#primaryimage"},"thumbnailUrl":"https:\/\/brasilnoticias.org\/site\/wp-content\/uploads\/2023\/05\/medico_morto_barra_reus_vao_juri_widelg.jpg","articleSection":["Justi\u00e7a","\u00daltimas"],"inLanguage":"pt-PT","potentialAction":[{"@type":"CommentAction","name":"Comment","target":["https:\/\/brasilnoticias.org\/site\/acusados-do-assassinato-de-medico-baiano-vao-a-juri-popular\/#respond"]}]},{"@type":"WebPage","@id":"https:\/\/brasilnoticias.org\/site\/acusados-do-assassinato-de-medico-baiano-vao-a-juri-popular\/","url":"https:\/\/brasilnoticias.org\/site\/acusados-do-assassinato-de-medico-baiano-vao-a-juri-popular\/","name":"Acusados do assassinato de m\u00e9dico baiano v\u00e3o a j\u00fari popular - Brasil not\u00edcias","isPartOf":{"@id":"https:\/\/brasilnoticias.org\/site\/#website"},"primaryImageOfPage":{"@id":"https:\/\/brasilnoticias.org\/site\/acusados-do-assassinato-de-medico-baiano-vao-a-juri-popular\/#primaryimage"},"image":{"@id":"https:\/\/brasilnoticias.org\/site\/acusados-do-assassinato-de-medico-baiano-vao-a-juri-popular\/#primaryimage"},"thumbnailUrl":"https:\/\/brasilnoticias.org\/site\/wp-content\/uploads\/2023\/05\/medico_morto_barra_reus_vao_juri_widelg.jpg","datePublished":"2023-05-08T20:33:33+00:00","breadcrumb":{"@id":"https:\/\/brasilnoticias.org\/site\/acusados-do-assassinato-de-medico-baiano-vao-a-juri-popular\/#breadcrumb"},"inLanguage":"pt-PT","potentialAction":[{"@type":"ReadAction","target":["https:\/\/brasilnoticias.org\/site\/acusados-do-assassinato-de-medico-baiano-vao-a-juri-popular\/"]}]},{"@type":"ImageObject","inLanguage":"pt-PT","@id":"https:\/\/brasilnoticias.org\/site\/acusados-do-assassinato-de-medico-baiano-vao-a-juri-popular\/#primaryimage","url":"https:\/\/brasilnoticias.org\/site\/wp-content\/uploads\/2023\/05\/medico_morto_barra_reus_vao_juri_widelg.jpg","contentUrl":"https:\/\/brasilnoticias.org\/site\/wp-content\/uploads\/2023\/05\/medico_morto_barra_reus_vao_juri_widelg.jpg","width":800,"height":450},{"@type":"BreadcrumbList","@id":"https:\/\/brasilnoticias.org\/site\/acusados-do-assassinato-de-medico-baiano-vao-a-juri-popular\/#breadcrumb","itemListElement":[{"@type":"ListItem","position":1,"name":"In\u00edcio","item":"https:\/\/brasilnoticias.org\/site\/"},{"@type":"ListItem","position":2,"name":"Acusados do assassinato de m\u00e9dico baiano v\u00e3o a j\u00fari popular"}]},{"@type":"WebSite","@id":"https:\/\/brasilnoticias.org\/site\/#website","url":"https:\/\/brasilnoticias.org\/site\/","name":"Brasil not\u00edcias","description":"Brasil not\u00edcias","publisher":{"@id":"https:\/\/brasilnoticias.org\/site\/#organization"},"potentialAction":[{"@type":"SearchAction","target":{"@type":"EntryPoint","urlTemplate":"https:\/\/brasilnoticias.org\/site\/?s={search_term_string}"},"query-input":{"@type":"PropertyValueSpecification","valueRequired":true,"valueName":"search_term_string"}}],"inLanguage":"pt-PT"},{"@type":"Organization","@id":"https:\/\/brasilnoticias.org\/site\/#organization","name":"Brasil not\u00edcias","url":"https:\/\/brasilnoticias.org\/site\/","logo":{"@type":"ImageObject","inLanguage":"pt-PT","@id":"https:\/\/brasilnoticias.org\/site\/#\/schema\/logo\/image\/","url":"https:\/\/brasilnoticias.org\/site\/wp-content\/uploads\/2022\/05\/cropped-brasilnoticias-mini.jpg","contentUrl":"https:\/\/brasilnoticias.org\/site\/wp-content\/uploads\/2022\/05\/cropped-brasilnoticias-mini.jpg","width":314,"height":86,"caption":"Brasil not\u00edcias"},"image":{"@id":"https:\/\/brasilnoticias.org\/site\/#\/schema\/logo\/image\/"}},{"@type":"Person","@id":"https:\/\/brasilnoticias.org\/site\/#\/schema\/person\/a0e05b973ec4d15c658d51911e53507b","name":"Reda\u00e7\u00e3o","image":{"@type":"ImageObject","inLanguage":"pt-PT","@id":"https:\/\/brasilnoticias.org\/site\/#\/schema\/person\/image\/","url":"https:\/\/secure.gravatar.com\/avatar\/75d8b050df2de108b08ae78dfb8e374892df24a383c67db9c46a9c604f6aee9c?s=96&d=mm&r=g","contentUrl":"https:\/\/secure.gravatar.com\/avatar\/75d8b050df2de108b08ae78dfb8e374892df24a383c67db9c46a9c604f6aee9c?s=96&d=mm&r=g","caption":"Reda\u00e7\u00e3o"},"sameAs":["https:\/\/brasilnoticias.org\/site"],"url":"https:\/\/brasilnoticias.org\/site\/author\/fernandozsngmail-com\/"}]}},"_links":{"self":[{"href":"https:\/\/brasilnoticias.org\/site\/wp-json\/wp\/v2\/posts\/5904","targetHints":{"allow":["GET"]}}],"collection":[{"href":"https:\/\/brasilnoticias.org\/site\/wp-json\/wp\/v2\/posts"}],"about":[{"href":"https:\/\/brasilnoticias.org\/site\/wp-json\/wp\/v2\/types\/post"}],"author":[{"embeddable":true,"href":"https:\/\/brasilnoticias.org\/site\/wp-json\/wp\/v2\/users\/1"}],"replies":[{"embeddable":true,"href":"https:\/\/brasilnoticias.org\/site\/wp-json\/wp\/v2\/comments?post=5904"}],"version-history":[{"count":1,"href":"https:\/\/brasilnoticias.org\/site\/wp-json\/wp\/v2\/posts\/5904\/revisions"}],"predecessor-version":[{"id":5906,"href":"https:\/\/brasilnoticias.org\/site\/wp-json\/wp\/v2\/posts\/5904\/revisions\/5906"}],"wp:featuredmedia":[{"embeddable":true,"href":"https:\/\/brasilnoticias.org\/site\/wp-json\/wp\/v2\/media\/5905"}],"wp:attachment":[{"href":"https:\/\/brasilnoticias.org\/site\/wp-json\/wp\/v2\/media?parent=5904"}],"wp:term":[{"taxonomy":"category","embeddable":true,"href":"https:\/\/brasilnoticias.org\/site\/wp-json\/wp\/v2\/categories?post=5904"},{"taxonomy":"post_tag","embeddable":true,"href":"https:\/\/brasilnoticias.org\/site\/wp-json\/wp\/v2\/tags?post=5904"}],"curies":[{"name":"wp","href":"https:\/\/api.w.org\/{rel}","templated":true}]}}