{"id":5959,"date":"2023-05-10T17:23:23","date_gmt":"2023-05-10T20:23:23","guid":{"rendered":"https:\/\/brasilnoticias.org\/site\/?p=5959"},"modified":"2023-05-10T17:23:23","modified_gmt":"2023-05-10T20:23:23","slug":"nao-havera-nenhum-tipo-de-paralisacao-do-transporte-nesta-quinta-feira-afirma-secretario","status":"publish","type":"post","link":"https:\/\/brasilnoticias.org\/site\/nao-havera-nenhum-tipo-de-paralisacao-do-transporte-nesta-quinta-feira-afirma-secretario\/","title":{"rendered":"&#8220;N\u00e3o haver\u00e1 nenhum tipo de paralisa\u00e7\u00e3o do transporte nesta quinta-feira\u201d, afirma secret\u00e1rio"},"content":{"rendered":"<p>A Secretaria de Mobilidade (Semob) informa que n\u00e3o haver\u00e1 interfer\u00eancias na opera\u00e7\u00e3o de transporte em Salvador, mesmo com o an\u00fancio de mais uma assembleia dos rodovi\u00e1rios que acontece nesta quinta-feira (11), na Esta\u00e7\u00e3o da Lapa. As assembleias est\u00e3o previstas para acontecer \u00e0s 9h e \u00e0s 15h na esta\u00e7\u00e3o, entretanto os \u00f4nibus permanecer\u00e3o circulando normalmente na cidade durante todo o dia.<\/p>\n<p>\u201cOs rodovi\u00e1rios v\u00e3o se reunir na esta\u00e7\u00e3o da Lapa para uma nova assembleia, por\u00e9m estamos acompanhando de perto a movimenta\u00e7\u00e3o e n\u00e3o haver\u00e1 nenhum tipo de paralisa\u00e7\u00e3o do transporte nesta quinta-feira\u201d, afirmou o secret\u00e1rio de mobilidade, Fabrizzio Muller.<\/p>\n<p>Os rodovi\u00e1rios est\u00e3o em campanha salarial e t\u00eam buscado entendimento junto aos empres\u00e1rios. Para o secret\u00e1rio de mobilidade, Fabrizzio Muller, o momento \u00e9 de sensibilidade. \u201cUma nova paralisa\u00e7\u00e3o apenas atrapalharia a din\u00e2mica de deslocamento dos usu\u00e1rios que precisam do transporte p\u00fablico para resolver seus compromissos. A Prefeitura tem acompanhado as negocia\u00e7\u00f5es, e acreditamos que em breve teremos uma defini\u00e7\u00e3o que atenda ambas as partes\u201d, destacou Muller.<\/p>\n<p>Foto Divulga\u00e7\u00e3o\/SEMOB<br \/>\nBNews<\/p>\n","protected":false},"excerpt":{"rendered":"<p>A Secretaria de Mobilidade (Semob) informa que n\u00e3o haver\u00e1 interfer\u00eancias na opera\u00e7\u00e3o de transporte em Salvador, mesmo com o an\u00fancio<\/p>\n","protected":false},"author":1,"featured_media":5960,"comment_status":"open","ping_status":"open","sticky":false,"template":"","format":"standard","meta":{"colormag_page_container_layout":"default_layout","colormag_page_sidebar_layout":"default_layout","_FSMCFIC_featured_image_caption":"","_FSMCFIC_featured_image_nocaption":"","_FSMCFIC_featured_image_hide":"","footnotes":""},"categories":[2,1],"tags":[],"class_list":["post-5959","post","type-post","status-publish","format-standard","has-post-thumbnail","hentry","category-noticias","category-ultimas"],"yoast_head":"<!-- This site is optimized with the Yoast SEO plugin v27.1.1 - https:\/\/yoast.com\/product\/yoast-seo-wordpress\/ -->\n<title>&quot;N\u00e3o haver\u00e1 nenhum tipo de paralisa\u00e7\u00e3o do transporte nesta quinta-feira\u201d, afirma secret\u00e1rio - Brasil not\u00edcias<\/title>\n<meta name=\"robots\" content=\"index, follow, max-snippet:-1, max-image-preview:large, max-video-preview:-1\" \/>\n<link rel=\"canonical\" href=\"https:\/\/brasilnoticias.org\/site\/nao-havera-nenhum-tipo-de-paralisacao-do-transporte-nesta-quinta-feira-afirma-secretario\/\" \/>\n<meta property=\"og:locale\" content=\"pt_PT\" \/>\n<meta property=\"og:type\" content=\"article\" \/>\n<meta property=\"og:title\" content=\"&quot;N\u00e3o haver\u00e1 nenhum tipo de paralisa\u00e7\u00e3o do transporte nesta quinta-feira\u201d, afirma secret\u00e1rio - Brasil not\u00edcias\" \/>\n<meta property=\"og:description\" content=\"A Secretaria de Mobilidade (Semob) informa que n\u00e3o haver\u00e1 interfer\u00eancias na opera\u00e7\u00e3o de transporte em Salvador, mesmo com o an\u00fancio\" \/>\n<meta property=\"og:url\" content=\"https:\/\/brasilnoticias.org\/site\/nao-havera-nenhum-tipo-de-paralisacao-do-transporte-nesta-quinta-feira-afirma-secretario\/\" \/>\n<meta property=\"og:site_name\" content=\"Brasil not\u00edcias\" \/>\n<meta property=\"article:published_time\" content=\"2023-05-10T20:23:23+00:00\" \/>\n<meta property=\"og:image\" content=\"https:\/\/brasilnoticias.org\/site\/wp-content\/uploads\/2023\/05\/onibusgreve_widelg.webp\" \/>\n\t<meta property=\"og:image:width\" content=\"800\" \/>\n\t<meta property=\"og:image:height\" content=\"450\" \/>\n\t<meta property=\"og:image:type\" content=\"image\/webp\" \/>\n<meta name=\"author\" content=\"Reda\u00e7\u00e3o\" \/>\n<meta name=\"twitter:card\" content=\"summary_large_image\" \/>\n<meta name=\"twitter:label1\" content=\"Escrito por\" \/>\n\t<meta name=\"twitter:data1\" content=\"Reda\u00e7\u00e3o\" \/>\n<script type=\"application\/ld+json\" class=\"yoast-schema-graph\">{\"@context\":\"https:\/\/schema.org\",\"@graph\":[{\"@type\":\"Article\",\"@id\":\"https:\/\/brasilnoticias.org\/site\/nao-havera-nenhum-tipo-de-paralisacao-do-transporte-nesta-quinta-feira-afirma-secretario\/#article\",\"isPartOf\":{\"@id\":\"https:\/\/brasilnoticias.org\/site\/nao-havera-nenhum-tipo-de-paralisacao-do-transporte-nesta-quinta-feira-afirma-secretario\/\"},\"author\":{\"name\":\"Reda\u00e7\u00e3o\",\"@id\":\"https:\/\/brasilnoticias.org\/site\/#\/schema\/person\/a0e05b973ec4d15c658d51911e53507b\"},\"headline\":\"&#8220;N\u00e3o haver\u00e1 nenhum tipo de paralisa\u00e7\u00e3o do transporte nesta quinta-feira\u201d, afirma secret\u00e1rio\",\"datePublished\":\"2023-05-10T20:23:23+00:00\",\"mainEntityOfPage\":{\"@id\":\"https:\/\/brasilnoticias.org\/site\/nao-havera-nenhum-tipo-de-paralisacao-do-transporte-nesta-quinta-feira-afirma-secretario\/\"},\"wordCount\":210,\"commentCount\":0,\"publisher\":{\"@id\":\"https:\/\/brasilnoticias.org\/site\/#organization\"},\"image\":{\"@id\":\"https:\/\/brasilnoticias.org\/site\/nao-havera-nenhum-tipo-de-paralisacao-do-transporte-nesta-quinta-feira-afirma-secretario\/#primaryimage\"},\"thumbnailUrl\":\"https:\/\/brasilnoticias.org\/site\/wp-content\/uploads\/2023\/05\/onibusgreve_widelg.webp\",\"articleSection\":[\"Not\u00edcias\",\"\u00daltimas\"],\"inLanguage\":\"pt-PT\",\"potentialAction\":[{\"@type\":\"CommentAction\",\"name\":\"Comment\",\"target\":[\"https:\/\/brasilnoticias.org\/site\/nao-havera-nenhum-tipo-de-paralisacao-do-transporte-nesta-quinta-feira-afirma-secretario\/#respond\"]}]},{\"@type\":\"WebPage\",\"@id\":\"https:\/\/brasilnoticias.org\/site\/nao-havera-nenhum-tipo-de-paralisacao-do-transporte-nesta-quinta-feira-afirma-secretario\/\",\"url\":\"https:\/\/brasilnoticias.org\/site\/nao-havera-nenhum-tipo-de-paralisacao-do-transporte-nesta-quinta-feira-afirma-secretario\/\",\"name\":\"\\\"N\u00e3o haver\u00e1 nenhum tipo de paralisa\u00e7\u00e3o do transporte nesta quinta-feira\u201d, afirma secret\u00e1rio - Brasil not\u00edcias\",\"isPartOf\":{\"@id\":\"https:\/\/brasilnoticias.org\/site\/#website\"},\"primaryImageOfPage\":{\"@id\":\"https:\/\/brasilnoticias.org\/site\/nao-havera-nenhum-tipo-de-paralisacao-do-transporte-nesta-quinta-feira-afirma-secretario\/#primaryimage\"},\"image\":{\"@id\":\"https:\/\/brasilnoticias.org\/site\/nao-havera-nenhum-tipo-de-paralisacao-do-transporte-nesta-quinta-feira-afirma-secretario\/#primaryimage\"},\"thumbnailUrl\":\"https:\/\/brasilnoticias.org\/site\/wp-content\/uploads\/2023\/05\/onibusgreve_widelg.webp\",\"datePublished\":\"2023-05-10T20:23:23+00:00\",\"breadcrumb\":{\"@id\":\"https:\/\/brasilnoticias.org\/site\/nao-havera-nenhum-tipo-de-paralisacao-do-transporte-nesta-quinta-feira-afirma-secretario\/#breadcrumb\"},\"inLanguage\":\"pt-PT\",\"potentialAction\":[{\"@type\":\"ReadAction\",\"target\":[\"https:\/\/brasilnoticias.org\/site\/nao-havera-nenhum-tipo-de-paralisacao-do-transporte-nesta-quinta-feira-afirma-secretario\/\"]}]},{\"@type\":\"ImageObject\",\"inLanguage\":\"pt-PT\",\"@id\":\"https:\/\/brasilnoticias.org\/site\/nao-havera-nenhum-tipo-de-paralisacao-do-transporte-nesta-quinta-feira-afirma-secretario\/#primaryimage\",\"url\":\"https:\/\/brasilnoticias.org\/site\/wp-content\/uploads\/2023\/05\/onibusgreve_widelg.webp\",\"contentUrl\":\"https:\/\/brasilnoticias.org\/site\/wp-content\/uploads\/2023\/05\/onibusgreve_widelg.webp\",\"width\":800,\"height\":450},{\"@type\":\"BreadcrumbList\",\"@id\":\"https:\/\/brasilnoticias.org\/site\/nao-havera-nenhum-tipo-de-paralisacao-do-transporte-nesta-quinta-feira-afirma-secretario\/#breadcrumb\",\"itemListElement\":[{\"@type\":\"ListItem\",\"position\":1,\"name\":\"In\u00edcio\",\"item\":\"https:\/\/brasilnoticias.org\/site\/\"},{\"@type\":\"ListItem\",\"position\":2,\"name\":\"&#8220;N\u00e3o haver\u00e1 nenhum tipo de paralisa\u00e7\u00e3o do transporte nesta quinta-feira\u201d, afirma secret\u00e1rio\"}]},{\"@type\":\"WebSite\",\"@id\":\"https:\/\/brasilnoticias.org\/site\/#website\",\"url\":\"https:\/\/brasilnoticias.org\/site\/\",\"name\":\"Brasil not\u00edcias\",\"description\":\"Brasil not\u00edcias\",\"publisher\":{\"@id\":\"https:\/\/brasilnoticias.org\/site\/#organization\"},\"potentialAction\":[{\"@type\":\"SearchAction\",\"target\":{\"@type\":\"EntryPoint\",\"urlTemplate\":\"https:\/\/brasilnoticias.org\/site\/?s={search_term_string}\"},\"query-input\":{\"@type\":\"PropertyValueSpecification\",\"valueRequired\":true,\"valueName\":\"search_term_string\"}}],\"inLanguage\":\"pt-PT\"},{\"@type\":\"Organization\",\"@id\":\"https:\/\/brasilnoticias.org\/site\/#organization\",\"name\":\"Brasil not\u00edcias\",\"url\":\"https:\/\/brasilnoticias.org\/site\/\",\"logo\":{\"@type\":\"ImageObject\",\"inLanguage\":\"pt-PT\",\"@id\":\"https:\/\/brasilnoticias.org\/site\/#\/schema\/logo\/image\/\",\"url\":\"https:\/\/brasilnoticias.org\/site\/wp-content\/uploads\/2022\/05\/cropped-brasilnoticias-mini.jpg\",\"contentUrl\":\"https:\/\/brasilnoticias.org\/site\/wp-content\/uploads\/2022\/05\/cropped-brasilnoticias-mini.jpg\",\"width\":314,\"height\":86,\"caption\":\"Brasil not\u00edcias\"},\"image\":{\"@id\":\"https:\/\/brasilnoticias.org\/site\/#\/schema\/logo\/image\/\"}},{\"@type\":\"Person\",\"@id\":\"https:\/\/brasilnoticias.org\/site\/#\/schema\/person\/a0e05b973ec4d15c658d51911e53507b\",\"name\":\"Reda\u00e7\u00e3o\",\"image\":{\"@type\":\"ImageObject\",\"inLanguage\":\"pt-PT\",\"@id\":\"https:\/\/brasilnoticias.org\/site\/#\/schema\/person\/image\/\",\"url\":\"https:\/\/secure.gravatar.com\/avatar\/75d8b050df2de108b08ae78dfb8e374892df24a383c67db9c46a9c604f6aee9c?s=96&d=mm&r=g\",\"contentUrl\":\"https:\/\/secure.gravatar.com\/avatar\/75d8b050df2de108b08ae78dfb8e374892df24a383c67db9c46a9c604f6aee9c?s=96&d=mm&r=g\",\"caption\":\"Reda\u00e7\u00e3o\"},\"sameAs\":[\"https:\/\/brasilnoticias.org\/site\"],\"url\":\"https:\/\/brasilnoticias.org\/site\/author\/fernandozsngmail-com\/\"}]}<\/script>\n<!-- \/ Yoast SEO plugin. -->","yoast_head_json":{"title":"\"N\u00e3o haver\u00e1 nenhum tipo de paralisa\u00e7\u00e3o do transporte nesta quinta-feira\u201d, afirma secret\u00e1rio - Brasil not\u00edcias","robots":{"index":"index","follow":"follow","max-snippet":"max-snippet:-1","max-image-preview":"max-image-preview:large","max-video-preview":"max-video-preview:-1"},"canonical":"https:\/\/brasilnoticias.org\/site\/nao-havera-nenhum-tipo-de-paralisacao-do-transporte-nesta-quinta-feira-afirma-secretario\/","og_locale":"pt_PT","og_type":"article","og_title":"\"N\u00e3o haver\u00e1 nenhum tipo de paralisa\u00e7\u00e3o do transporte nesta quinta-feira\u201d, afirma secret\u00e1rio - Brasil not\u00edcias","og_description":"A Secretaria de Mobilidade (Semob) informa que n\u00e3o haver\u00e1 interfer\u00eancias na opera\u00e7\u00e3o de transporte em Salvador, mesmo com o an\u00fancio","og_url":"https:\/\/brasilnoticias.org\/site\/nao-havera-nenhum-tipo-de-paralisacao-do-transporte-nesta-quinta-feira-afirma-secretario\/","og_site_name":"Brasil not\u00edcias","article_published_time":"2023-05-10T20:23:23+00:00","og_image":[{"width":800,"height":450,"url":"https:\/\/brasilnoticias.org\/site\/wp-content\/uploads\/2023\/05\/onibusgreve_widelg.webp","type":"image\/webp"}],"author":"Reda\u00e7\u00e3o","twitter_card":"summary_large_image","twitter_misc":{"Escrito por":"Reda\u00e7\u00e3o"},"schema":{"@context":"https:\/\/schema.org","@graph":[{"@type":"Article","@id":"https:\/\/brasilnoticias.org\/site\/nao-havera-nenhum-tipo-de-paralisacao-do-transporte-nesta-quinta-feira-afirma-secretario\/#article","isPartOf":{"@id":"https:\/\/brasilnoticias.org\/site\/nao-havera-nenhum-tipo-de-paralisacao-do-transporte-nesta-quinta-feira-afirma-secretario\/"},"author":{"name":"Reda\u00e7\u00e3o","@id":"https:\/\/brasilnoticias.org\/site\/#\/schema\/person\/a0e05b973ec4d15c658d51911e53507b"},"headline":"&#8220;N\u00e3o haver\u00e1 nenhum tipo de paralisa\u00e7\u00e3o do transporte nesta quinta-feira\u201d, afirma secret\u00e1rio","datePublished":"2023-05-10T20:23:23+00:00","mainEntityOfPage":{"@id":"https:\/\/brasilnoticias.org\/site\/nao-havera-nenhum-tipo-de-paralisacao-do-transporte-nesta-quinta-feira-afirma-secretario\/"},"wordCount":210,"commentCount":0,"publisher":{"@id":"https:\/\/brasilnoticias.org\/site\/#organization"},"image":{"@id":"https:\/\/brasilnoticias.org\/site\/nao-havera-nenhum-tipo-de-paralisacao-do-transporte-nesta-quinta-feira-afirma-secretario\/#primaryimage"},"thumbnailUrl":"https:\/\/brasilnoticias.org\/site\/wp-content\/uploads\/2023\/05\/onibusgreve_widelg.webp","articleSection":["Not\u00edcias","\u00daltimas"],"inLanguage":"pt-PT","potentialAction":[{"@type":"CommentAction","name":"Comment","target":["https:\/\/brasilnoticias.org\/site\/nao-havera-nenhum-tipo-de-paralisacao-do-transporte-nesta-quinta-feira-afirma-secretario\/#respond"]}]},{"@type":"WebPage","@id":"https:\/\/brasilnoticias.org\/site\/nao-havera-nenhum-tipo-de-paralisacao-do-transporte-nesta-quinta-feira-afirma-secretario\/","url":"https:\/\/brasilnoticias.org\/site\/nao-havera-nenhum-tipo-de-paralisacao-do-transporte-nesta-quinta-feira-afirma-secretario\/","name":"\"N\u00e3o haver\u00e1 nenhum tipo de paralisa\u00e7\u00e3o do transporte nesta quinta-feira\u201d, afirma secret\u00e1rio - Brasil not\u00edcias","isPartOf":{"@id":"https:\/\/brasilnoticias.org\/site\/#website"},"primaryImageOfPage":{"@id":"https:\/\/brasilnoticias.org\/site\/nao-havera-nenhum-tipo-de-paralisacao-do-transporte-nesta-quinta-feira-afirma-secretario\/#primaryimage"},"image":{"@id":"https:\/\/brasilnoticias.org\/site\/nao-havera-nenhum-tipo-de-paralisacao-do-transporte-nesta-quinta-feira-afirma-secretario\/#primaryimage"},"thumbnailUrl":"https:\/\/brasilnoticias.org\/site\/wp-content\/uploads\/2023\/05\/onibusgreve_widelg.webp","datePublished":"2023-05-10T20:23:23+00:00","breadcrumb":{"@id":"https:\/\/brasilnoticias.org\/site\/nao-havera-nenhum-tipo-de-paralisacao-do-transporte-nesta-quinta-feira-afirma-secretario\/#breadcrumb"},"inLanguage":"pt-PT","potentialAction":[{"@type":"ReadAction","target":["https:\/\/brasilnoticias.org\/site\/nao-havera-nenhum-tipo-de-paralisacao-do-transporte-nesta-quinta-feira-afirma-secretario\/"]}]},{"@type":"ImageObject","inLanguage":"pt-PT","@id":"https:\/\/brasilnoticias.org\/site\/nao-havera-nenhum-tipo-de-paralisacao-do-transporte-nesta-quinta-feira-afirma-secretario\/#primaryimage","url":"https:\/\/brasilnoticias.org\/site\/wp-content\/uploads\/2023\/05\/onibusgreve_widelg.webp","contentUrl":"https:\/\/brasilnoticias.org\/site\/wp-content\/uploads\/2023\/05\/onibusgreve_widelg.webp","width":800,"height":450},{"@type":"BreadcrumbList","@id":"https:\/\/brasilnoticias.org\/site\/nao-havera-nenhum-tipo-de-paralisacao-do-transporte-nesta-quinta-feira-afirma-secretario\/#breadcrumb","itemListElement":[{"@type":"ListItem","position":1,"name":"In\u00edcio","item":"https:\/\/brasilnoticias.org\/site\/"},{"@type":"ListItem","position":2,"name":"&#8220;N\u00e3o haver\u00e1 nenhum tipo de paralisa\u00e7\u00e3o do transporte nesta quinta-feira\u201d, afirma secret\u00e1rio"}]},{"@type":"WebSite","@id":"https:\/\/brasilnoticias.org\/site\/#website","url":"https:\/\/brasilnoticias.org\/site\/","name":"Brasil not\u00edcias","description":"Brasil not\u00edcias","publisher":{"@id":"https:\/\/brasilnoticias.org\/site\/#organization"},"potentialAction":[{"@type":"SearchAction","target":{"@type":"EntryPoint","urlTemplate":"https:\/\/brasilnoticias.org\/site\/?s={search_term_string}"},"query-input":{"@type":"PropertyValueSpecification","valueRequired":true,"valueName":"search_term_string"}}],"inLanguage":"pt-PT"},{"@type":"Organization","@id":"https:\/\/brasilnoticias.org\/site\/#organization","name":"Brasil not\u00edcias","url":"https:\/\/brasilnoticias.org\/site\/","logo":{"@type":"ImageObject","inLanguage":"pt-PT","@id":"https:\/\/brasilnoticias.org\/site\/#\/schema\/logo\/image\/","url":"https:\/\/brasilnoticias.org\/site\/wp-content\/uploads\/2022\/05\/cropped-brasilnoticias-mini.jpg","contentUrl":"https:\/\/brasilnoticias.org\/site\/wp-content\/uploads\/2022\/05\/cropped-brasilnoticias-mini.jpg","width":314,"height":86,"caption":"Brasil not\u00edcias"},"image":{"@id":"https:\/\/brasilnoticias.org\/site\/#\/schema\/logo\/image\/"}},{"@type":"Person","@id":"https:\/\/brasilnoticias.org\/site\/#\/schema\/person\/a0e05b973ec4d15c658d51911e53507b","name":"Reda\u00e7\u00e3o","image":{"@type":"ImageObject","inLanguage":"pt-PT","@id":"https:\/\/brasilnoticias.org\/site\/#\/schema\/person\/image\/","url":"https:\/\/secure.gravatar.com\/avatar\/75d8b050df2de108b08ae78dfb8e374892df24a383c67db9c46a9c604f6aee9c?s=96&d=mm&r=g","contentUrl":"https:\/\/secure.gravatar.com\/avatar\/75d8b050df2de108b08ae78dfb8e374892df24a383c67db9c46a9c604f6aee9c?s=96&d=mm&r=g","caption":"Reda\u00e7\u00e3o"},"sameAs":["https:\/\/brasilnoticias.org\/site"],"url":"https:\/\/brasilnoticias.org\/site\/author\/fernandozsngmail-com\/"}]}},"_links":{"self":[{"href":"https:\/\/brasilnoticias.org\/site\/wp-json\/wp\/v2\/posts\/5959","targetHints":{"allow":["GET"]}}],"collection":[{"href":"https:\/\/brasilnoticias.org\/site\/wp-json\/wp\/v2\/posts"}],"about":[{"href":"https:\/\/brasilnoticias.org\/site\/wp-json\/wp\/v2\/types\/post"}],"author":[{"embeddable":true,"href":"https:\/\/brasilnoticias.org\/site\/wp-json\/wp\/v2\/users\/1"}],"replies":[{"embeddable":true,"href":"https:\/\/brasilnoticias.org\/site\/wp-json\/wp\/v2\/comments?post=5959"}],"version-history":[{"count":1,"href":"https:\/\/brasilnoticias.org\/site\/wp-json\/wp\/v2\/posts\/5959\/revisions"}],"predecessor-version":[{"id":5961,"href":"https:\/\/brasilnoticias.org\/site\/wp-json\/wp\/v2\/posts\/5959\/revisions\/5961"}],"wp:featuredmedia":[{"embeddable":true,"href":"https:\/\/brasilnoticias.org\/site\/wp-json\/wp\/v2\/media\/5960"}],"wp:attachment":[{"href":"https:\/\/brasilnoticias.org\/site\/wp-json\/wp\/v2\/media?parent=5959"}],"wp:term":[{"taxonomy":"category","embeddable":true,"href":"https:\/\/brasilnoticias.org\/site\/wp-json\/wp\/v2\/categories?post=5959"},{"taxonomy":"post_tag","embeddable":true,"href":"https:\/\/brasilnoticias.org\/site\/wp-json\/wp\/v2\/tags?post=5959"}],"curies":[{"name":"wp","href":"https:\/\/api.w.org\/{rel}","templated":true}]}}