{"id":5968,"date":"2023-05-11T07:06:36","date_gmt":"2023-05-11T10:06:36","guid":{"rendered":"https:\/\/brasilnoticias.org\/site\/?p=5968"},"modified":"2023-05-11T07:06:36","modified_gmt":"2023-05-11T10:06:36","slug":"vitoria-mantem-campanha-perfeita-vence-o-ceara-e-retoma-lideranca-na-serie-b","status":"publish","type":"post","link":"https:\/\/brasilnoticias.org\/site\/vitoria-mantem-campanha-perfeita-vence-o-ceara-e-retoma-lideranca-na-serie-b\/","title":{"rendered":"Vit\u00f3ria mant\u00e9m campanha perfeita, vence o Cear\u00e1 e retoma lideran\u00e7a na S\u00e9rie B"},"content":{"rendered":"<p>O Vit\u00f3ria manteve sua campanha perfeita na S\u00e9rie B na noite desta quarta-feira (10), quando venceu o Cear\u00e1, fora de casa, pelo placar de 2&#215;0, em jogo atrasado da quarta rodada do Campeonato Brasileiro da S\u00e9rie B. Ap\u00f3s um primeiro tempo equilibrado, o time comandado pelo treinador L\u00e9o Cond\u00e9 conseguiu dois gols em menos de 20 minutos no segundo tempo e saiu de campo vitorioso e com a lideran\u00e7a da competi\u00e7\u00e3o.<\/p>\n<p>O jogo come\u00e7ou equilibrado com ambas as equipes se estudando, mas com o maior dom\u00ednio da posse de bola do Cear\u00e1. Aos 10\u2019 a primeira boa chance do Cear\u00e1, com Richardson limpando a zaga na entrada da \u00e1rea e finalizando, mas o chute foi desviado pela zaga. O Vit\u00f3ria s\u00f3 chegou aos 21\u2019, em cobran\u00e7a de falta de Osvaldo que L\u00e9o Gomes desviou, quase um repeteco do gol contra o Botafogo-SP.<\/p>\n<p>O jogo ficou morno, com os dois times n\u00e3o conseguindo criar boas chances ofensivas. Aos 45\u2019 o Le\u00e3o ainda chegou uma \u00faltima vez na primeira etapa, em arrancada de Giovanni Augusto que cruzou para a entrada da \u00e1rea, a bola ficou com Z\u00e9 Hugo que finalizou de fora, mas fraco e no meio do gol, Richard fez uma defesa tranquila.<\/p>\n<p>SEGUNDO TEMPO<\/p>\n<p>A segunda etapa come\u00e7ou com o Vit\u00f3ria em cima e logo no primeiro minuto Osvaldo foi acionado por Giovanni Augusto, o camisa 11 chutou forte para uma boa defesa de Richard. Em seguida, aos 3\u2019, saiu o gol do rubro negro com Z\u00e9 Hugo, que roubou a bola na sa\u00edda de bola do Cear\u00e1 e chutou de fora, o chute saiu fraco, mas Richard aceitou. N\u00e3o demorou muito para o Le\u00e3o ampliar. Aos 16\u2019 Osvaldo cobrou falta fechada na \u00e1rea e Wagner Leonardo completou de cabe\u00e7a para o fundo do gol.<\/p>\n<p>O primeiro do Cear\u00e1 quase vem aos 25\u2019, com Chay completando cruzamento perigoso de Ca\u00edque. Aos 28&#8242; mais uma boa chance do Cear\u00e1, dessa vez Vitor Gabriel ganhou no alto e ajeitou para Jean Carlos, que chutou forte da entrada da \u00e1rea, mas a bola passou ao lado do gol defendido por Lucas Arcanjo. O Le\u00e3o chegou novamente aos 33, com chute de fora da \u00e1rea de Diego Fuma\u00e7a que obrigou Richard a fazer uma boa defesa. O time da casa voltou a assustar aos 41&#8242;, com Tiago cabeceando cobrna\u00e7a de falta e obrigando Arcanjo a fazer uma defesa \u00e0 queima roupa.<\/p>\n<p>Com o resultado, o Le\u00e3o assumiu a ponta da tabela de classifica\u00e7\u00e3o da S\u00e9rie B de maneira isolada, dois pontos \u00e0 frente do segundo colocado, o Crici\u00fama. O pr\u00f3ximo jogo do rubro negro acontece no pr\u00f3ximo domingo (14), contra o Atl\u00e9tico-GO, no Barrad\u00e3o.<\/p>\n<blockquote class=\"twitter-tweet\">\n<p lang=\"pt\" dir=\"ltr\">2T | 16min &#8211; Goooooooool!!! Wagner Leonardo, com mais uma assist\u00eancia de Osvaldo. <a href=\"https:\/\/twitter.com\/hashtag\/CEAxVIT?src=hash&amp;ref_src=twsrc%5Etfw\">#CEAxVIT<\/a> | 0\ufe0f\u20e3x2\ufe0f\u20e3 | <a href=\"https:\/\/twitter.com\/hashtag\/PegaLeao?src=hash&amp;ref_src=twsrc%5Etfw\">#PegaLeao<\/a> <a href=\"https:\/\/t.co\/nJvhIr7y6p\">pic.twitter.com\/nJvhIr7y6p<\/a><\/p>\n<p>&mdash; EC Vit\u00f3ria (@ECVitoria) <a href=\"https:\/\/twitter.com\/ECVitoria\/status\/1656439637542305793?ref_src=twsrc%5Etfw\">May 10, 2023<\/a><\/p><\/blockquote>\n<p> <script async src=\"https:\/\/platform.twitter.com\/widgets.js\" charset=\"utf-8\"><\/script><\/p>\n<p>Foto: Victor Ferreira\/EC Vit\u00f3ria<br \/>\nBNews<\/p>\n","protected":false},"excerpt":{"rendered":"<p>O Vit\u00f3ria manteve sua campanha perfeita na S\u00e9rie B na noite desta quarta-feira (10), quando venceu o Cear\u00e1, fora de<\/p>\n","protected":false},"author":1,"featured_media":5969,"comment_status":"open","ping_status":"open","sticky":false,"template":"","format":"standard","meta":{"colormag_page_container_layout":"default_layout","colormag_page_sidebar_layout":"default_layout","_FSMCFIC_featured_image_caption":"","_FSMCFIC_featured_image_nocaption":"","_FSMCFIC_featured_image_hide":"","footnotes":""},"categories":[4,1],"tags":[],"class_list":["post-5968","post","type-post","status-publish","format-standard","has-post-thumbnail","hentry","category-esporte","category-ultimas"],"yoast_head":"<!-- This site is optimized with the Yoast SEO plugin v27.1.1 - https:\/\/yoast.com\/product\/yoast-seo-wordpress\/ -->\n<title>Vit\u00f3ria mant\u00e9m campanha perfeita, vence o Cear\u00e1 e retoma lideran\u00e7a na S\u00e9rie B - Brasil not\u00edcias<\/title>\n<meta name=\"robots\" content=\"index, follow, max-snippet:-1, max-image-preview:large, max-video-preview:-1\" \/>\n<link rel=\"canonical\" href=\"https:\/\/brasilnoticias.org\/site\/vitoria-mantem-campanha-perfeita-vence-o-ceara-e-retoma-lideranca-na-serie-b\/\" \/>\n<meta property=\"og:locale\" content=\"pt_PT\" \/>\n<meta property=\"og:type\" content=\"article\" \/>\n<meta property=\"og:title\" content=\"Vit\u00f3ria mant\u00e9m campanha perfeita, vence o Cear\u00e1 e retoma lideran\u00e7a na S\u00e9rie B - Brasil not\u00edcias\" \/>\n<meta property=\"og:description\" content=\"O Vit\u00f3ria manteve sua campanha perfeita na S\u00e9rie B na noite desta quarta-feira (10), quando venceu o Cear\u00e1, fora de\" \/>\n<meta property=\"og:url\" content=\"https:\/\/brasilnoticias.org\/site\/vitoria-mantem-campanha-perfeita-vence-o-ceara-e-retoma-lideranca-na-serie-b\/\" \/>\n<meta property=\"og:site_name\" content=\"Brasil not\u00edcias\" \/>\n<meta property=\"article:published_time\" content=\"2023-05-11T10:06:36+00:00\" \/>\n<meta property=\"og:image\" content=\"https:\/\/brasilnoticias.org\/site\/wp-content\/uploads\/2023\/05\/whatsapp_image_2023-05-10_at_20.34.08_widelg.jpeg\" \/>\n\t<meta property=\"og:image:width\" content=\"800\" \/>\n\t<meta property=\"og:image:height\" content=\"450\" \/>\n\t<meta property=\"og:image:type\" content=\"image\/jpeg\" \/>\n<meta name=\"author\" content=\"Reda\u00e7\u00e3o\" \/>\n<meta name=\"twitter:card\" content=\"summary_large_image\" \/>\n<meta name=\"twitter:label1\" content=\"Escrito por\" \/>\n\t<meta name=\"twitter:data1\" content=\"Reda\u00e7\u00e3o\" \/>\n<script type=\"application\/ld+json\" class=\"yoast-schema-graph\">{\"@context\":\"https:\/\/schema.org\",\"@graph\":[{\"@type\":\"Article\",\"@id\":\"https:\/\/brasilnoticias.org\/site\/vitoria-mantem-campanha-perfeita-vence-o-ceara-e-retoma-lideranca-na-serie-b\/#article\",\"isPartOf\":{\"@id\":\"https:\/\/brasilnoticias.org\/site\/vitoria-mantem-campanha-perfeita-vence-o-ceara-e-retoma-lideranca-na-serie-b\/\"},\"author\":{\"name\":\"Reda\u00e7\u00e3o\",\"@id\":\"https:\/\/brasilnoticias.org\/site\/#\/schema\/person\/a0e05b973ec4d15c658d51911e53507b\"},\"headline\":\"Vit\u00f3ria mant\u00e9m campanha perfeita, vence o Cear\u00e1 e retoma lideran\u00e7a na S\u00e9rie B\",\"datePublished\":\"2023-05-11T10:06:36+00:00\",\"mainEntityOfPage\":{\"@id\":\"https:\/\/brasilnoticias.org\/site\/vitoria-mantem-campanha-perfeita-vence-o-ceara-e-retoma-lideranca-na-serie-b\/\"},\"wordCount\":511,\"commentCount\":0,\"publisher\":{\"@id\":\"https:\/\/brasilnoticias.org\/site\/#organization\"},\"image\":{\"@id\":\"https:\/\/brasilnoticias.org\/site\/vitoria-mantem-campanha-perfeita-vence-o-ceara-e-retoma-lideranca-na-serie-b\/#primaryimage\"},\"thumbnailUrl\":\"https:\/\/brasilnoticias.org\/site\/wp-content\/uploads\/2023\/05\/whatsapp_image_2023-05-10_at_20.34.08_widelg.jpeg\",\"articleSection\":[\"Esporte\",\"\u00daltimas\"],\"inLanguage\":\"pt-PT\",\"potentialAction\":[{\"@type\":\"CommentAction\",\"name\":\"Comment\",\"target\":[\"https:\/\/brasilnoticias.org\/site\/vitoria-mantem-campanha-perfeita-vence-o-ceara-e-retoma-lideranca-na-serie-b\/#respond\"]}]},{\"@type\":\"WebPage\",\"@id\":\"https:\/\/brasilnoticias.org\/site\/vitoria-mantem-campanha-perfeita-vence-o-ceara-e-retoma-lideranca-na-serie-b\/\",\"url\":\"https:\/\/brasilnoticias.org\/site\/vitoria-mantem-campanha-perfeita-vence-o-ceara-e-retoma-lideranca-na-serie-b\/\",\"name\":\"Vit\u00f3ria mant\u00e9m campanha perfeita, vence o Cear\u00e1 e retoma lideran\u00e7a na S\u00e9rie B - Brasil not\u00edcias\",\"isPartOf\":{\"@id\":\"https:\/\/brasilnoticias.org\/site\/#website\"},\"primaryImageOfPage\":{\"@id\":\"https:\/\/brasilnoticias.org\/site\/vitoria-mantem-campanha-perfeita-vence-o-ceara-e-retoma-lideranca-na-serie-b\/#primaryimage\"},\"image\":{\"@id\":\"https:\/\/brasilnoticias.org\/site\/vitoria-mantem-campanha-perfeita-vence-o-ceara-e-retoma-lideranca-na-serie-b\/#primaryimage\"},\"thumbnailUrl\":\"https:\/\/brasilnoticias.org\/site\/wp-content\/uploads\/2023\/05\/whatsapp_image_2023-05-10_at_20.34.08_widelg.jpeg\",\"datePublished\":\"2023-05-11T10:06:36+00:00\",\"breadcrumb\":{\"@id\":\"https:\/\/brasilnoticias.org\/site\/vitoria-mantem-campanha-perfeita-vence-o-ceara-e-retoma-lideranca-na-serie-b\/#breadcrumb\"},\"inLanguage\":\"pt-PT\",\"potentialAction\":[{\"@type\":\"ReadAction\",\"target\":[\"https:\/\/brasilnoticias.org\/site\/vitoria-mantem-campanha-perfeita-vence-o-ceara-e-retoma-lideranca-na-serie-b\/\"]}]},{\"@type\":\"ImageObject\",\"inLanguage\":\"pt-PT\",\"@id\":\"https:\/\/brasilnoticias.org\/site\/vitoria-mantem-campanha-perfeita-vence-o-ceara-e-retoma-lideranca-na-serie-b\/#primaryimage\",\"url\":\"https:\/\/brasilnoticias.org\/site\/wp-content\/uploads\/2023\/05\/whatsapp_image_2023-05-10_at_20.34.08_widelg.jpeg\",\"contentUrl\":\"https:\/\/brasilnoticias.org\/site\/wp-content\/uploads\/2023\/05\/whatsapp_image_2023-05-10_at_20.34.08_widelg.jpeg\",\"width\":800,\"height\":450},{\"@type\":\"BreadcrumbList\",\"@id\":\"https:\/\/brasilnoticias.org\/site\/vitoria-mantem-campanha-perfeita-vence-o-ceara-e-retoma-lideranca-na-serie-b\/#breadcrumb\",\"itemListElement\":[{\"@type\":\"ListItem\",\"position\":1,\"name\":\"In\u00edcio\",\"item\":\"https:\/\/brasilnoticias.org\/site\/\"},{\"@type\":\"ListItem\",\"position\":2,\"name\":\"Vit\u00f3ria mant\u00e9m campanha perfeita, vence o Cear\u00e1 e retoma lideran\u00e7a na S\u00e9rie B\"}]},{\"@type\":\"WebSite\",\"@id\":\"https:\/\/brasilnoticias.org\/site\/#website\",\"url\":\"https:\/\/brasilnoticias.org\/site\/\",\"name\":\"Brasil not\u00edcias\",\"description\":\"Brasil not\u00edcias\",\"publisher\":{\"@id\":\"https:\/\/brasilnoticias.org\/site\/#organization\"},\"potentialAction\":[{\"@type\":\"SearchAction\",\"target\":{\"@type\":\"EntryPoint\",\"urlTemplate\":\"https:\/\/brasilnoticias.org\/site\/?s={search_term_string}\"},\"query-input\":{\"@type\":\"PropertyValueSpecification\",\"valueRequired\":true,\"valueName\":\"search_term_string\"}}],\"inLanguage\":\"pt-PT\"},{\"@type\":\"Organization\",\"@id\":\"https:\/\/brasilnoticias.org\/site\/#organization\",\"name\":\"Brasil not\u00edcias\",\"url\":\"https:\/\/brasilnoticias.org\/site\/\",\"logo\":{\"@type\":\"ImageObject\",\"inLanguage\":\"pt-PT\",\"@id\":\"https:\/\/brasilnoticias.org\/site\/#\/schema\/logo\/image\/\",\"url\":\"https:\/\/brasilnoticias.org\/site\/wp-content\/uploads\/2022\/05\/cropped-brasilnoticias-mini.jpg\",\"contentUrl\":\"https:\/\/brasilnoticias.org\/site\/wp-content\/uploads\/2022\/05\/cropped-brasilnoticias-mini.jpg\",\"width\":314,\"height\":86,\"caption\":\"Brasil not\u00edcias\"},\"image\":{\"@id\":\"https:\/\/brasilnoticias.org\/site\/#\/schema\/logo\/image\/\"}},{\"@type\":\"Person\",\"@id\":\"https:\/\/brasilnoticias.org\/site\/#\/schema\/person\/a0e05b973ec4d15c658d51911e53507b\",\"name\":\"Reda\u00e7\u00e3o\",\"image\":{\"@type\":\"ImageObject\",\"inLanguage\":\"pt-PT\",\"@id\":\"https:\/\/brasilnoticias.org\/site\/#\/schema\/person\/image\/\",\"url\":\"https:\/\/secure.gravatar.com\/avatar\/75d8b050df2de108b08ae78dfb8e374892df24a383c67db9c46a9c604f6aee9c?s=96&d=mm&r=g\",\"contentUrl\":\"https:\/\/secure.gravatar.com\/avatar\/75d8b050df2de108b08ae78dfb8e374892df24a383c67db9c46a9c604f6aee9c?s=96&d=mm&r=g\",\"caption\":\"Reda\u00e7\u00e3o\"},\"sameAs\":[\"https:\/\/brasilnoticias.org\/site\"],\"url\":\"https:\/\/brasilnoticias.org\/site\/author\/fernandozsngmail-com\/\"}]}<\/script>\n<!-- \/ Yoast SEO plugin. -->","yoast_head_json":{"title":"Vit\u00f3ria mant\u00e9m campanha perfeita, vence o Cear\u00e1 e retoma lideran\u00e7a na S\u00e9rie B - Brasil not\u00edcias","robots":{"index":"index","follow":"follow","max-snippet":"max-snippet:-1","max-image-preview":"max-image-preview:large","max-video-preview":"max-video-preview:-1"},"canonical":"https:\/\/brasilnoticias.org\/site\/vitoria-mantem-campanha-perfeita-vence-o-ceara-e-retoma-lideranca-na-serie-b\/","og_locale":"pt_PT","og_type":"article","og_title":"Vit\u00f3ria mant\u00e9m campanha perfeita, vence o Cear\u00e1 e retoma lideran\u00e7a na S\u00e9rie B - Brasil not\u00edcias","og_description":"O Vit\u00f3ria manteve sua campanha perfeita na S\u00e9rie B na noite desta quarta-feira (10), quando venceu o Cear\u00e1, fora de","og_url":"https:\/\/brasilnoticias.org\/site\/vitoria-mantem-campanha-perfeita-vence-o-ceara-e-retoma-lideranca-na-serie-b\/","og_site_name":"Brasil not\u00edcias","article_published_time":"2023-05-11T10:06:36+00:00","og_image":[{"width":800,"height":450,"url":"https:\/\/brasilnoticias.org\/site\/wp-content\/uploads\/2023\/05\/whatsapp_image_2023-05-10_at_20.34.08_widelg.jpeg","type":"image\/jpeg"}],"author":"Reda\u00e7\u00e3o","twitter_card":"summary_large_image","twitter_misc":{"Escrito por":"Reda\u00e7\u00e3o"},"schema":{"@context":"https:\/\/schema.org","@graph":[{"@type":"Article","@id":"https:\/\/brasilnoticias.org\/site\/vitoria-mantem-campanha-perfeita-vence-o-ceara-e-retoma-lideranca-na-serie-b\/#article","isPartOf":{"@id":"https:\/\/brasilnoticias.org\/site\/vitoria-mantem-campanha-perfeita-vence-o-ceara-e-retoma-lideranca-na-serie-b\/"},"author":{"name":"Reda\u00e7\u00e3o","@id":"https:\/\/brasilnoticias.org\/site\/#\/schema\/person\/a0e05b973ec4d15c658d51911e53507b"},"headline":"Vit\u00f3ria mant\u00e9m campanha perfeita, vence o Cear\u00e1 e retoma lideran\u00e7a na S\u00e9rie B","datePublished":"2023-05-11T10:06:36+00:00","mainEntityOfPage":{"@id":"https:\/\/brasilnoticias.org\/site\/vitoria-mantem-campanha-perfeita-vence-o-ceara-e-retoma-lideranca-na-serie-b\/"},"wordCount":511,"commentCount":0,"publisher":{"@id":"https:\/\/brasilnoticias.org\/site\/#organization"},"image":{"@id":"https:\/\/brasilnoticias.org\/site\/vitoria-mantem-campanha-perfeita-vence-o-ceara-e-retoma-lideranca-na-serie-b\/#primaryimage"},"thumbnailUrl":"https:\/\/brasilnoticias.org\/site\/wp-content\/uploads\/2023\/05\/whatsapp_image_2023-05-10_at_20.34.08_widelg.jpeg","articleSection":["Esporte","\u00daltimas"],"inLanguage":"pt-PT","potentialAction":[{"@type":"CommentAction","name":"Comment","target":["https:\/\/brasilnoticias.org\/site\/vitoria-mantem-campanha-perfeita-vence-o-ceara-e-retoma-lideranca-na-serie-b\/#respond"]}]},{"@type":"WebPage","@id":"https:\/\/brasilnoticias.org\/site\/vitoria-mantem-campanha-perfeita-vence-o-ceara-e-retoma-lideranca-na-serie-b\/","url":"https:\/\/brasilnoticias.org\/site\/vitoria-mantem-campanha-perfeita-vence-o-ceara-e-retoma-lideranca-na-serie-b\/","name":"Vit\u00f3ria mant\u00e9m campanha perfeita, vence o Cear\u00e1 e retoma lideran\u00e7a na S\u00e9rie B - Brasil not\u00edcias","isPartOf":{"@id":"https:\/\/brasilnoticias.org\/site\/#website"},"primaryImageOfPage":{"@id":"https:\/\/brasilnoticias.org\/site\/vitoria-mantem-campanha-perfeita-vence-o-ceara-e-retoma-lideranca-na-serie-b\/#primaryimage"},"image":{"@id":"https:\/\/brasilnoticias.org\/site\/vitoria-mantem-campanha-perfeita-vence-o-ceara-e-retoma-lideranca-na-serie-b\/#primaryimage"},"thumbnailUrl":"https:\/\/brasilnoticias.org\/site\/wp-content\/uploads\/2023\/05\/whatsapp_image_2023-05-10_at_20.34.08_widelg.jpeg","datePublished":"2023-05-11T10:06:36+00:00","breadcrumb":{"@id":"https:\/\/brasilnoticias.org\/site\/vitoria-mantem-campanha-perfeita-vence-o-ceara-e-retoma-lideranca-na-serie-b\/#breadcrumb"},"inLanguage":"pt-PT","potentialAction":[{"@type":"ReadAction","target":["https:\/\/brasilnoticias.org\/site\/vitoria-mantem-campanha-perfeita-vence-o-ceara-e-retoma-lideranca-na-serie-b\/"]}]},{"@type":"ImageObject","inLanguage":"pt-PT","@id":"https:\/\/brasilnoticias.org\/site\/vitoria-mantem-campanha-perfeita-vence-o-ceara-e-retoma-lideranca-na-serie-b\/#primaryimage","url":"https:\/\/brasilnoticias.org\/site\/wp-content\/uploads\/2023\/05\/whatsapp_image_2023-05-10_at_20.34.08_widelg.jpeg","contentUrl":"https:\/\/brasilnoticias.org\/site\/wp-content\/uploads\/2023\/05\/whatsapp_image_2023-05-10_at_20.34.08_widelg.jpeg","width":800,"height":450},{"@type":"BreadcrumbList","@id":"https:\/\/brasilnoticias.org\/site\/vitoria-mantem-campanha-perfeita-vence-o-ceara-e-retoma-lideranca-na-serie-b\/#breadcrumb","itemListElement":[{"@type":"ListItem","position":1,"name":"In\u00edcio","item":"https:\/\/brasilnoticias.org\/site\/"},{"@type":"ListItem","position":2,"name":"Vit\u00f3ria mant\u00e9m campanha perfeita, vence o Cear\u00e1 e retoma lideran\u00e7a na S\u00e9rie B"}]},{"@type":"WebSite","@id":"https:\/\/brasilnoticias.org\/site\/#website","url":"https:\/\/brasilnoticias.org\/site\/","name":"Brasil not\u00edcias","description":"Brasil not\u00edcias","publisher":{"@id":"https:\/\/brasilnoticias.org\/site\/#organization"},"potentialAction":[{"@type":"SearchAction","target":{"@type":"EntryPoint","urlTemplate":"https:\/\/brasilnoticias.org\/site\/?s={search_term_string}"},"query-input":{"@type":"PropertyValueSpecification","valueRequired":true,"valueName":"search_term_string"}}],"inLanguage":"pt-PT"},{"@type":"Organization","@id":"https:\/\/brasilnoticias.org\/site\/#organization","name":"Brasil not\u00edcias","url":"https:\/\/brasilnoticias.org\/site\/","logo":{"@type":"ImageObject","inLanguage":"pt-PT","@id":"https:\/\/brasilnoticias.org\/site\/#\/schema\/logo\/image\/","url":"https:\/\/brasilnoticias.org\/site\/wp-content\/uploads\/2022\/05\/cropped-brasilnoticias-mini.jpg","contentUrl":"https:\/\/brasilnoticias.org\/site\/wp-content\/uploads\/2022\/05\/cropped-brasilnoticias-mini.jpg","width":314,"height":86,"caption":"Brasil not\u00edcias"},"image":{"@id":"https:\/\/brasilnoticias.org\/site\/#\/schema\/logo\/image\/"}},{"@type":"Person","@id":"https:\/\/brasilnoticias.org\/site\/#\/schema\/person\/a0e05b973ec4d15c658d51911e53507b","name":"Reda\u00e7\u00e3o","image":{"@type":"ImageObject","inLanguage":"pt-PT","@id":"https:\/\/brasilnoticias.org\/site\/#\/schema\/person\/image\/","url":"https:\/\/secure.gravatar.com\/avatar\/75d8b050df2de108b08ae78dfb8e374892df24a383c67db9c46a9c604f6aee9c?s=96&d=mm&r=g","contentUrl":"https:\/\/secure.gravatar.com\/avatar\/75d8b050df2de108b08ae78dfb8e374892df24a383c67db9c46a9c604f6aee9c?s=96&d=mm&r=g","caption":"Reda\u00e7\u00e3o"},"sameAs":["https:\/\/brasilnoticias.org\/site"],"url":"https:\/\/brasilnoticias.org\/site\/author\/fernandozsngmail-com\/"}]}},"_links":{"self":[{"href":"https:\/\/brasilnoticias.org\/site\/wp-json\/wp\/v2\/posts\/5968","targetHints":{"allow":["GET"]}}],"collection":[{"href":"https:\/\/brasilnoticias.org\/site\/wp-json\/wp\/v2\/posts"}],"about":[{"href":"https:\/\/brasilnoticias.org\/site\/wp-json\/wp\/v2\/types\/post"}],"author":[{"embeddable":true,"href":"https:\/\/brasilnoticias.org\/site\/wp-json\/wp\/v2\/users\/1"}],"replies":[{"embeddable":true,"href":"https:\/\/brasilnoticias.org\/site\/wp-json\/wp\/v2\/comments?post=5968"}],"version-history":[{"count":1,"href":"https:\/\/brasilnoticias.org\/site\/wp-json\/wp\/v2\/posts\/5968\/revisions"}],"predecessor-version":[{"id":5970,"href":"https:\/\/brasilnoticias.org\/site\/wp-json\/wp\/v2\/posts\/5968\/revisions\/5970"}],"wp:featuredmedia":[{"embeddable":true,"href":"https:\/\/brasilnoticias.org\/site\/wp-json\/wp\/v2\/media\/5969"}],"wp:attachment":[{"href":"https:\/\/brasilnoticias.org\/site\/wp-json\/wp\/v2\/media?parent=5968"}],"wp:term":[{"taxonomy":"category","embeddable":true,"href":"https:\/\/brasilnoticias.org\/site\/wp-json\/wp\/v2\/categories?post=5968"},{"taxonomy":"post_tag","embeddable":true,"href":"https:\/\/brasilnoticias.org\/site\/wp-json\/wp\/v2\/tags?post=5968"}],"curies":[{"name":"wp","href":"https:\/\/api.w.org\/{rel}","templated":true}]}}